{"id":10040,"date":"2019-02-04T09:30:46","date_gmt":"2019-02-04T08:30:46","guid":{"rendered":"https:\/\/www.chg.at\/?p=10040"},"modified":"2019-02-04T12:26:55","modified_gmt":"2019-02-04T11:26:55","slug":"20190204-juve-ranking-bundeslaender","status":"publish","type":"post","link":"https:\/\/www.chg.at\/en\/20190204-juve-ranking-bundeslaender\/","title":{"rendered":"CHG Top im JUVE-Ranking der Bundesl\u00e4nder"},"content":{"rendered":"<style type=\"text\/css\"> \n#cmsmasters_row_69f19e978688d5_41365511 .cmsmasters_row_outer_parent { \n\tpadding-top: 0px; \n} \n\n#cmsmasters_row_69f19e978688d5_41365511 .cmsmasters_row_outer_parent { \n\tpadding-bottom: 0px; \n} \n\n<\/style><div id=\"cmsmasters_row_69f19e978688d5_41365511\" class=\"cmsmasters_row cmsmasters_color_scheme_default cmsmasters_row_top_default cmsmasters_row_bot_default cmsmasters_row_boxed\">\n<div class=\"cmsmasters_row_outer_parent\">\n<div class=\"cmsmasters_row_outer\">\n<div class=\"cmsmasters_row_inner\">\n<div class=\"cmsmasters_row_margin\">\n<div class=\"cmsmasters_column one_first\">\n<div class=\"cmsmasters_text\">\n<h1>JUVE-Ranking der Bundesl\u00e4nder<\/h1>\n<h3><span style=\"color: #d43555;\">CHG Czernich Rechtsanw\u00e4lte z\u00e4hlt zu den Besten in Tirol und Vorarlberg<br \/>\n<\/span><\/h3>\n<p>Das JUVE Magazin f\u00fcr Wirtschaftsjuristen in \u00d6sterreich hat in seiner Ausgabe vom J\u00e4nner 2019 den Anwaltsmarkt in den Bundesl\u00e4ndern beleuchtet. CHG erreicht eine TOP-Platzierung.<\/p>\n<p><strong>\u00dcber CHG hei\u00dft es:<\/strong><br \/>\n&#8220;Die Kanzlei f\u00e4hrt mit ihrem breiten Beratungsspektrum und ihrem gro\u00dfen Team einen klaren Wachstumskurs und blickt \u00fcber den Talkessel Innsbrucks weit hinaus&#8230; Beratungsschwerpunkte setzt Gr\u00fcndungspartner Dietmar Czernich im Gesellschafts- und Schiedsrecht sowie Dr. G\u00fcnther Gast im Vergabgerecht, etwa in Verwaltungsverfahren um die Vergabe von Schienenverkehrsdienstleistungen, die bis zum VwGH gingen. Im Gesellschaftsrecht stach zuletzt der 365 Millionen schwere Verkauf der italienischen Tochter von Goldbet Sportwetten heraus.&#8221;<\/p>\n<p>Au\u00dferdem wird Dr. Dietmar Czernich als &#8220;F\u00fchrender Name in Tirol und Vorarlberg&#8221; im Bereich Gesellschaftsrecht erw\u00e4hnt.<\/p>\n<p>&#8220;Wir freuen uns \u00fcber die neuerliche Top-Platzierung, die eine Best\u00e4tigung f\u00fcr die hervorragende Arbeit des ganzen CHG-Teams ist&#8221;, sagt Kanzleigr\u00fcnder Dr. Dietmar Czernich.<\/p>\n<p><a href=\"https:\/\/www.juve.de\/juve-magazin\/juve-magazin-ausgaben-2019\">JUVE Magazin f\u00fcr Wirtschaftsjuristen in \u00d6sterreich<\/a>, Ausgabe J\u00e4nner\/Februar 2019, S. 54 ff.<\/p>\n<\/div>\n<\/div>\n<\/div>\n<\/div>\n<\/div>\n<\/div>\n<\/div>\n\n","protected":false},"excerpt":{"rendered":"<p>CHG Czernich Rechtsanw\u00e4lte z\u00e4hlt zu den besten in Tirol und Vorarlberg<\/p>\n","protected":false},"author":3,"featured_media":10045,"comment_status":"closed","ping_status":"open","sticky":false,"template":"","format":"image","meta":{"inline_featured_image":false},"categories":[8,9],"tags":[],"yoast_head":"<!-- This site is optimized with the Yoast SEO plugin v19.8 - https:\/\/yoast.com\/wordpress\/plugins\/seo\/ -->\n<title>JUVE Ranking Bundesl\u00e4nder CHG Top-Kanzlei in Tirol und Vorarlberg<\/title>\n<meta name=\"description\" content=\"CHG Czernich Rechtsanw\u00e4lte, JUVE Ranking Bundesl\u00e4nder, CHG erreicht TOP Platzierung in Tirol und Vorarlberg, Dietmar Czernich f\u00fchrend im Gesellschaftsrecht\" \/>\n<meta name=\"robots\" content=\"index, follow, max-snippet:-1, max-image-preview:large, max-video-preview:-1\" \/>\n<link rel=\"canonical\" href=\"https:\/\/www.chg.at\/en\/20190204-juve-ranking-bundeslaender\/\" \/>\n<meta property=\"og:locale\" content=\"en_US\" \/>\n<meta property=\"og:type\" content=\"article\" \/>\n<meta property=\"og:title\" content=\"JUVE Ranking Bundesl\u00e4nder CHG Top-Kanzlei in Tirol und Vorarlberg\" \/>\n<meta property=\"og:description\" content=\"CHG Czernich Rechtsanw\u00e4lte\" \/>\n<meta property=\"og:url\" content=\"https:\/\/www.chg.at\/en\/20190204-juve-ranking-bundeslaender\/\" \/>\n<meta property=\"og:site_name\" content=\"CHG Czernich Rechtsanw\u00e4lte \u2013 Wir bewegen Wirtschaft\" \/>\n<meta property=\"article:published_time\" content=\"2019-02-04T08:30:46+00:00\" \/>\n<meta property=\"article:modified_time\" content=\"2019-02-04T11:26:55+00:00\" \/>\n<meta property=\"og:image\" content=\"https:\/\/www.chg.at\/wp-content\/uploads\/2019\/02\/Ranking_blau_1160x580.jpg\" \/>\n\t<meta property=\"og:image:width\" content=\"1160\" \/>\n\t<meta property=\"og:image:height\" content=\"580\" \/>\n\t<meta property=\"og:image:type\" content=\"image\/jpeg\" \/>\n<meta name=\"author\" content=\"Diana B\u00f6hme\" \/>\n<meta name=\"twitter:card\" content=\"summary_large_image\" \/>\n<meta name=\"twitter:label1\" content=\"Written by\" \/>\n\t<meta name=\"twitter:data1\" content=\"Diana B\u00f6hme\" \/>\n\t<meta name=\"twitter:label2\" content=\"Est. reading time\" \/>\n\t<meta name=\"twitter:data2\" content=\"1 minute\" \/>\n<script type=\"application\/ld+json\" class=\"yoast-schema-graph\">{\"@context\":\"https:\/\/schema.org\",\"@graph\":[{\"@type\":\"Article\",\"@id\":\"https:\/\/www.chg.at\/en\/20190204-juve-ranking-bundeslaender\/#article\",\"isPartOf\":{\"@id\":\"https:\/\/www.chg.at\/en\/20190204-juve-ranking-bundeslaender\/\"},\"author\":{\"name\":\"Diana B\u00f6hme\",\"@id\":\"https:\/\/www.chg.at\/en\/#\/schema\/person\/b3b2cd248a314cf8acc3db22217f03b4\"},\"headline\":\"CHG Top im JUVE-Ranking der Bundesl\u00e4nder\",\"datePublished\":\"2019-02-04T08:30:46+00:00\",\"dateModified\":\"2019-02-04T11:26:55+00:00\",\"mainEntityOfPage\":{\"@id\":\"https:\/\/www.chg.at\/en\/20190204-juve-ranking-bundeslaender\/\"},\"wordCount\":218,\"publisher\":{\"@id\":\"https:\/\/www.chg.at\/en\/#organization\"},\"articleSection\":[\"CHG News\",\"Kanzlei\"],\"inLanguage\":\"en-US\"},{\"@type\":\"WebPage\",\"@id\":\"https:\/\/www.chg.at\/en\/20190204-juve-ranking-bundeslaender\/\",\"url\":\"https:\/\/www.chg.at\/en\/20190204-juve-ranking-bundeslaender\/\",\"name\":\"JUVE Ranking Bundesl\u00e4nder CHG Top-Kanzlei in Tirol und Vorarlberg\",\"isPartOf\":{\"@id\":\"https:\/\/www.chg.at\/en\/#website\"},\"datePublished\":\"2019-02-04T08:30:46+00:00\",\"dateModified\":\"2019-02-04T11:26:55+00:00\",\"description\":\"CHG Czernich Rechtsanw\u00e4lte, JUVE Ranking Bundesl\u00e4nder, CHG erreicht TOP Platzierung in Tirol und Vorarlberg, Dietmar Czernich f\u00fchrend im Gesellschaftsrecht\",\"breadcrumb\":{\"@id\":\"https:\/\/www.chg.at\/en\/20190204-juve-ranking-bundeslaender\/#breadcrumb\"},\"inLanguage\":\"en-US\",\"potentialAction\":[{\"@type\":\"ReadAction\",\"target\":[\"https:\/\/www.chg.at\/en\/20190204-juve-ranking-bundeslaender\/\"]}]},{\"@type\":\"BreadcrumbList\",\"@id\":\"https:\/\/www.chg.at\/en\/20190204-juve-ranking-bundeslaender\/#breadcrumb\",\"itemListElement\":[{\"@type\":\"ListItem\",\"position\":1,\"name\":\"Startseite\",\"item\":\"https:\/\/www.chg.at\/en\/\"},{\"@type\":\"ListItem\",\"position\":2,\"name\":\"CHG Top im JUVE-Ranking der Bundesl\u00e4nder\"}]},{\"@type\":\"WebSite\",\"@id\":\"https:\/\/www.chg.at\/en\/#website\",\"url\":\"https:\/\/www.chg.at\/en\/\",\"name\":\"CHG Czernich Rechtsanw\u00e4lte \u2013 Wir bewegen Wirtschaft\",\"description\":\"Wir sorgen f\u00fcr Klarheit, wenn es rechtlich kompliziert wird. In jeder Phase Ihrer Unternehmungen. Sie ergreifen die Chancen. Wir verwandeln Risiken in L\u00f6sungen.\",\"publisher\":{\"@id\":\"https:\/\/www.chg.at\/en\/#organization\"},\"potentialAction\":[{\"@type\":\"SearchAction\",\"target\":{\"@type\":\"EntryPoint\",\"urlTemplate\":\"https:\/\/www.chg.at\/en\/?s={search_term_string}\"},\"query-input\":\"required name=search_term_string\"}],\"inLanguage\":\"en-US\"},{\"@type\":\"Organization\",\"@id\":\"https:\/\/www.chg.at\/en\/#organization\",\"name\":\"CHG Czernich Rechtsanw\u00e4lte\",\"url\":\"https:\/\/www.chg.at\/en\/\",\"sameAs\":[\"https:\/\/www.linkedin.com\/company\/12773263\/admin\/dashboard\/\"],\"logo\":{\"@type\":\"ImageObject\",\"inLanguage\":\"en-US\",\"@id\":\"https:\/\/www.chg.at\/en\/#\/schema\/logo\/image\/\",\"url\":\"https:\/\/www.chg.at\/wp-content\/uploads\/2016\/08\/CHG_logo_250_1.png\",\"contentUrl\":\"https:\/\/www.chg.at\/wp-content\/uploads\/2016\/08\/CHG_logo_250_1.png\",\"width\":250,\"height\":33,\"caption\":\"CHG Czernich Rechtsanw\u00e4lte\"},\"image\":{\"@id\":\"https:\/\/www.chg.at\/en\/#\/schema\/logo\/image\/\"}},{\"@type\":\"Person\",\"@id\":\"https:\/\/www.chg.at\/en\/#\/schema\/person\/b3b2cd248a314cf8acc3db22217f03b4\",\"name\":\"Diana B\u00f6hme\"}]}<\/script>\n<!-- \/ Yoast SEO plugin. -->","yoast_head_json":{"title":"JUVE Ranking Bundesl\u00e4nder CHG Top-Kanzlei in Tirol und Vorarlberg","description":"CHG Czernich Rechtsanw\u00e4lte, JUVE Ranking Bundesl\u00e4nder, CHG erreicht TOP Platzierung in Tirol und Vorarlberg, Dietmar Czernich f\u00fchrend im Gesellschaftsrecht","robots":{"index":"index","follow":"follow","max-snippet":"max-snippet:-1","max-image-preview":"max-image-preview:large","max-video-preview":"max-video-preview:-1"},"canonical":"https:\/\/www.chg.at\/en\/20190204-juve-ranking-bundeslaender\/","og_locale":"en_US","og_type":"article","og_title":"JUVE Ranking Bundesl\u00e4nder CHG Top-Kanzlei in Tirol und Vorarlberg","og_description":"CHG Czernich Rechtsanw\u00e4lte","og_url":"https:\/\/www.chg.at\/en\/20190204-juve-ranking-bundeslaender\/","og_site_name":"CHG Czernich Rechtsanw\u00e4lte \u2013 Wir bewegen Wirtschaft","article_published_time":"2019-02-04T08:30:46+00:00","article_modified_time":"2019-02-04T11:26:55+00:00","og_image":[{"width":1160,"height":580,"url":"https:\/\/www.chg.at\/wp-content\/uploads\/2019\/02\/Ranking_blau_1160x580.jpg","type":"image\/jpeg"}],"author":"Diana B\u00f6hme","twitter_card":"summary_large_image","twitter_misc":{"Written by":"Diana B\u00f6hme","Est. reading time":"1 minute"},"schema":{"@context":"https:\/\/schema.org","@graph":[{"@type":"Article","@id":"https:\/\/www.chg.at\/en\/20190204-juve-ranking-bundeslaender\/#article","isPartOf":{"@id":"https:\/\/www.chg.at\/en\/20190204-juve-ranking-bundeslaender\/"},"author":{"name":"Diana B\u00f6hme","@id":"https:\/\/www.chg.at\/en\/#\/schema\/person\/b3b2cd248a314cf8acc3db22217f03b4"},"headline":"CHG Top im JUVE-Ranking der Bundesl\u00e4nder","datePublished":"2019-02-04T08:30:46+00:00","dateModified":"2019-02-04T11:26:55+00:00","mainEntityOfPage":{"@id":"https:\/\/www.chg.at\/en\/20190204-juve-ranking-bundeslaender\/"},"wordCount":218,"publisher":{"@id":"https:\/\/www.chg.at\/en\/#organization"},"articleSection":["CHG News","Kanzlei"],"inLanguage":"en-US"},{"@type":"WebPage","@id":"https:\/\/www.chg.at\/en\/20190204-juve-ranking-bundeslaender\/","url":"https:\/\/www.chg.at\/en\/20190204-juve-ranking-bundeslaender\/","name":"JUVE Ranking Bundesl\u00e4nder CHG Top-Kanzlei in Tirol und Vorarlberg","isPartOf":{"@id":"https:\/\/www.chg.at\/en\/#website"},"datePublished":"2019-02-04T08:30:46+00:00","dateModified":"2019-02-04T11:26:55+00:00","description":"CHG Czernich Rechtsanw\u00e4lte, JUVE Ranking Bundesl\u00e4nder, CHG erreicht TOP Platzierung in Tirol und Vorarlberg, Dietmar Czernich f\u00fchrend im Gesellschaftsrecht","breadcrumb":{"@id":"https:\/\/www.chg.at\/en\/20190204-juve-ranking-bundeslaender\/#breadcrumb"},"inLanguage":"en-US","potentialAction":[{"@type":"ReadAction","target":["https:\/\/www.chg.at\/en\/20190204-juve-ranking-bundeslaender\/"]}]},{"@type":"BreadcrumbList","@id":"https:\/\/www.chg.at\/en\/20190204-juve-ranking-bundeslaender\/#breadcrumb","itemListElement":[{"@type":"ListItem","position":1,"name":"Startseite","item":"https:\/\/www.chg.at\/en\/"},{"@type":"ListItem","position":2,"name":"CHG Top im JUVE-Ranking der Bundesl\u00e4nder"}]},{"@type":"WebSite","@id":"https:\/\/www.chg.at\/en\/#website","url":"https:\/\/www.chg.at\/en\/","name":"CHG Czernich Rechtsanw\u00e4lte \u2013 Wir bewegen Wirtschaft","description":"Wir sorgen f\u00fcr Klarheit, wenn es rechtlich kompliziert wird. In jeder Phase Ihrer Unternehmungen. Sie ergreifen die Chancen. Wir verwandeln Risiken in L\u00f6sungen.","publisher":{"@id":"https:\/\/www.chg.at\/en\/#organization"},"potentialAction":[{"@type":"SearchAction","target":{"@type":"EntryPoint","urlTemplate":"https:\/\/www.chg.at\/en\/?s={search_term_string}"},"query-input":"required name=search_term_string"}],"inLanguage":"en-US"},{"@type":"Organization","@id":"https:\/\/www.chg.at\/en\/#organization","name":"CHG Czernich Rechtsanw\u00e4lte","url":"https:\/\/www.chg.at\/en\/","sameAs":["https:\/\/www.linkedin.com\/company\/12773263\/admin\/dashboard\/"],"logo":{"@type":"ImageObject","inLanguage":"en-US","@id":"https:\/\/www.chg.at\/en\/#\/schema\/logo\/image\/","url":"https:\/\/www.chg.at\/wp-content\/uploads\/2016\/08\/CHG_logo_250_1.png","contentUrl":"https:\/\/www.chg.at\/wp-content\/uploads\/2016\/08\/CHG_logo_250_1.png","width":250,"height":33,"caption":"CHG Czernich Rechtsanw\u00e4lte"},"image":{"@id":"https:\/\/www.chg.at\/en\/#\/schema\/logo\/image\/"}},{"@type":"Person","@id":"https:\/\/www.chg.at\/en\/#\/schema\/person\/b3b2cd248a314cf8acc3db22217f03b4","name":"Diana B\u00f6hme"}]}},"_links":{"self":[{"href":"https:\/\/www.chg.at\/en\/wp-json\/wp\/v2\/posts\/10040"}],"collection":[{"href":"https:\/\/www.chg.at\/en\/wp-json\/wp\/v2\/posts"}],"about":[{"href":"https:\/\/www.chg.at\/en\/wp-json\/wp\/v2\/types\/post"}],"author":[{"embeddable":true,"href":"https:\/\/www.chg.at\/en\/wp-json\/wp\/v2\/users\/3"}],"replies":[{"embeddable":true,"href":"https:\/\/www.chg.at\/en\/wp-json\/wp\/v2\/comments?post=10040"}],"version-history":[{"count":7,"href":"https:\/\/www.chg.at\/en\/wp-json\/wp\/v2\/posts\/10040\/revisions"}],"predecessor-version":[{"id":10048,"href":"https:\/\/www.chg.at\/en\/wp-json\/wp\/v2\/posts\/10040\/revisions\/10048"}],"wp:featuredmedia":[{"embeddable":true,"href":"https:\/\/www.chg.at\/en\/wp-json\/wp\/v2\/media\/10045"}],"wp:attachment":[{"href":"https:\/\/www.chg.at\/en\/wp-json\/wp\/v2\/media?parent=10040"}],"wp:term":[{"taxonomy":"category","embeddable":true,"href":"https:\/\/www.chg.at\/en\/wp-json\/wp\/v2\/categories?post=10040"},{"taxonomy":"post_tag","embeddable":true,"href":"https:\/\/www.chg.at\/en\/wp-json\/wp\/v2\/tags?post=10040"}],"curies":[{"name":"wp","href":"https:\/\/api.w.org\/{rel}","templated":true}]}}