{"id":10208,"date":"2019-04-04T22:55:56","date_gmt":"2019-04-04T20:55:56","guid":{"rendered":"https:\/\/www.chg.at\/?p=10208"},"modified":"2019-04-05T00:31:58","modified_gmt":"2019-04-04T22:31:58","slug":"20190328-siegertreffen-stephan-eberharter-kitzbuehel","status":"publish","type":"post","link":"https:\/\/www.chg.at\/en\/20190328-siegertreffen-stephan-eberharter-kitzbuehel\/","title":{"rendered":"Siegertreffen mit Vortrag von Stephan Eberharter"},"content":{"rendered":"<style type=\"text\/css\"> \n#cmsmasters_row_69f19eb5a22786_13472845 .cmsmasters_row_outer_parent { \n\tpadding-top: 0px; \n} \n\n#cmsmasters_row_69f19eb5a22786_13472845 .cmsmasters_row_outer_parent { \n\tpadding-bottom: 0px; \n} \n\n\r\n\t\t\t\t#cmsmasters_gallery_69f19eb5a257c8_01256044 .cmsmasters_gallery {\r\n\t\t\t\t\tmargin:0 0 0 -10px;\r\n\t\t\t\t}\r\n\t\t\t\t\r\n\t\t\t\t#cmsmasters_gallery_69f19eb5a257c8_01256044 .cmsmasters_gallery .cmsmasters_gallery_item {\r\n\t\t\t\t\tpadding:0 0 10px 10px;\r\n\t\t\t\t}\r\n\t\t\t<\/style><div id=\"cmsmasters_row_69f19eb5a22786_13472845\" class=\"cmsmasters_row cmsmasters_color_scheme_default cmsmasters_row_top_default cmsmasters_row_bot_default cmsmasters_row_boxed\">\n<div class=\"cmsmasters_row_outer_parent\">\n<div class=\"cmsmasters_row_outer\">\n<div class=\"cmsmasters_row_inner\">\n<div class=\"cmsmasters_row_margin\">\n<div class=\"cmsmasters_column one_first\">\n<div class=\"cmsmasters_text\">\n<h1><strong>Siegertreffen mit Stephan Eberharter in Kitzb\u00fchel<br \/>\n<\/strong><\/h1>\n<h3><span style=\"color: #d43555;\">Unterhaltsamer Abend mit Skilegende und Streif-Sieger<br \/>\n<\/span><\/h3>\n<div class=\"cmsmasters_dropcap type1\"> Ende M\u00e4rz <\/div>lud CHG Czernich Rechtsanw\u00e4lte zum Vortrag von Stephan Eberharter mit dem Titel &#8220;Wie Sieger denken&#8221; nach Kitzb\u00fchel ein. Der ehemalige Skirennl\u00e4ufer und Streif-Sieger sprach am Ort seines gr\u00f6\u00dften Triumphes \u00fcber die H\u00f6hen und Tiefen seiner Sportler-Karriere.<\/p>\n<p>&nbsp;<\/p>\n<p>Die Verstaltung geh\u00f6rte zum Rahmenprogramm der dreit\u00e4gigen Konferenz von Globalaw, einem internationalen Netzwerk f\u00fchrender Anwaltskanzleien, deren Mitglied wir sind. In diesem Jahr fand diese Tagung erstmalig in Kitzb\u00fchel statt und wurde ma\u00dfgeblich von CHG mitorganisiert.<\/p>\n<\/div>\n<div id=\"cmsmasters_gallery_69f19eb5a257c8_01256044\" class=\"cmsmasters_gallery_wrap\"><ul class=\"cmsmasters_gallery cmsmasters_1 cmsmasters_more_items_loader\"><li class=\"cmsmasters_gallery_item cmsmasters_caption\"><figure><a href=\"https:\/\/www.chg.at\/wp-content\/uploads\/2019\/04\/\u00a9multivisualart_2019_03_MVA3650.jpg\" rel=\"ilightbox[69f19eb5a257c8_01256044]\"><img width=\"860\" height=\"572\" src=\"https:\/\/www.chg.at\/wp-content\/uploads\/2019\/04\/\u00a9multivisualart_2019_03_MVA3650-860x572.jpg\" class=\"attachment-cmsmasters-masonry-thumb size-cmsmasters-masonry-thumb\" alt=\"\" loading=\"lazy\" srcset=\"https:\/\/www.chg.at\/wp-content\/uploads\/2019\/04\/\u00a9multivisualart_2019_03_MVA3650-860x572.jpg 860w, https:\/\/www.chg.at\/wp-content\/uploads\/2019\/04\/\u00a9multivisualart_2019_03_MVA3650-300x200.jpg 300w, https:\/\/www.chg.at\/wp-content\/uploads\/2019\/04\/\u00a9multivisualart_2019_03_MVA3650-768x511.jpg 768w, https:\/\/www.chg.at\/wp-content\/uploads\/2019\/04\/\u00a9multivisualart_2019_03_MVA3650-1024x682.jpg 1024w, https:\/\/www.chg.at\/wp-content\/uploads\/2019\/04\/\u00a9multivisualart_2019_03_MVA3650-580x386.jpg 580w, https:\/\/www.chg.at\/wp-content\/uploads\/2019\/04\/\u00a9multivisualart_2019_03_MVA3650-1160x772.jpg 1160w\" sizes=\"(max-width: 860px) 100vw, 860px\" \/><\/a><figcaption>\u00a9multivisualart_2019<\/figcaption><\/figure><\/li><li class=\"cmsmasters_gallery_item cmsmasters_caption\"><figure><a href=\"https:\/\/www.chg.at\/wp-content\/uploads\/2019\/04\/\u00a9multivisualart_2019_03_MVA3633.jpg\" rel=\"ilightbox[69f19eb5a257c8_01256044]\"><img width=\"860\" height=\"572\" src=\"https:\/\/www.chg.at\/wp-content\/uploads\/2019\/04\/\u00a9multivisualart_2019_03_MVA3633-860x572.jpg\" class=\"attachment-cmsmasters-masonry-thumb size-cmsmasters-masonry-thumb\" alt=\"\" loading=\"lazy\" srcset=\"https:\/\/www.chg.at\/wp-content\/uploads\/2019\/04\/\u00a9multivisualart_2019_03_MVA3633-860x572.jpg 860w, https:\/\/www.chg.at\/wp-content\/uploads\/2019\/04\/\u00a9multivisualart_2019_03_MVA3633-300x200.jpg 300w, https:\/\/www.chg.at\/wp-content\/uploads\/2019\/04\/\u00a9multivisualart_2019_03_MVA3633-768x511.jpg 768w, https:\/\/www.chg.at\/wp-content\/uploads\/2019\/04\/\u00a9multivisualart_2019_03_MVA3633-1024x682.jpg 1024w, https:\/\/www.chg.at\/wp-content\/uploads\/2019\/04\/\u00a9multivisualart_2019_03_MVA3633-580x386.jpg 580w, https:\/\/www.chg.at\/wp-content\/uploads\/2019\/04\/\u00a9multivisualart_2019_03_MVA3633-1160x772.jpg 1160w\" sizes=\"(max-width: 860px) 100vw, 860px\" \/><\/a><figcaption>\u00a9multivisualart_2019<\/figcaption><\/figure><\/li><li class=\"cmsmasters_gallery_item cmsmasters_caption\"><figure><a href=\"https:\/\/www.chg.at\/wp-content\/uploads\/2019\/04\/\u00a9multivisualart_2019_03_MVA3625.jpg\" rel=\"ilightbox[69f19eb5a257c8_01256044]\"><img width=\"860\" height=\"572\" src=\"https:\/\/www.chg.at\/wp-content\/uploads\/2019\/04\/\u00a9multivisualart_2019_03_MVA3625-860x572.jpg\" class=\"attachment-cmsmasters-masonry-thumb size-cmsmasters-masonry-thumb\" alt=\"\" loading=\"lazy\" srcset=\"https:\/\/www.chg.at\/wp-content\/uploads\/2019\/04\/\u00a9multivisualart_2019_03_MVA3625-860x572.jpg 860w, https:\/\/www.chg.at\/wp-content\/uploads\/2019\/04\/\u00a9multivisualart_2019_03_MVA3625-300x200.jpg 300w, https:\/\/www.chg.at\/wp-content\/uploads\/2019\/04\/\u00a9multivisualart_2019_03_MVA3625-768x511.jpg 768w, https:\/\/www.chg.at\/wp-content\/uploads\/2019\/04\/\u00a9multivisualart_2019_03_MVA3625-1024x682.jpg 1024w, https:\/\/www.chg.at\/wp-content\/uploads\/2019\/04\/\u00a9multivisualart_2019_03_MVA3625-580x386.jpg 580w, https:\/\/www.chg.at\/wp-content\/uploads\/2019\/04\/\u00a9multivisualart_2019_03_MVA3625-1160x772.jpg 1160w\" sizes=\"(max-width: 860px) 100vw, 860px\" \/><\/a><figcaption>\u00a9multivisualart_2019<\/figcaption><\/figure><\/li><li class=\"cmsmasters_gallery_item cmsmasters_caption\"><figure><a href=\"https:\/\/www.chg.at\/wp-content\/uploads\/2019\/04\/\u00a9multivisualart_2019_03_MVA3620.jpg\" rel=\"ilightbox[69f19eb5a257c8_01256044]\"><img width=\"860\" height=\"572\" src=\"https:\/\/www.chg.at\/wp-content\/uploads\/2019\/04\/\u00a9multivisualart_2019_03_MVA3620-860x572.jpg\" class=\"attachment-cmsmasters-masonry-thumb size-cmsmasters-masonry-thumb\" alt=\"\" loading=\"lazy\" srcset=\"https:\/\/www.chg.at\/wp-content\/uploads\/2019\/04\/\u00a9multivisualart_2019_03_MVA3620-860x572.jpg 860w, https:\/\/www.chg.at\/wp-content\/uploads\/2019\/04\/\u00a9multivisualart_2019_03_MVA3620-300x200.jpg 300w, https:\/\/www.chg.at\/wp-content\/uploads\/2019\/04\/\u00a9multivisualart_2019_03_MVA3620-768x511.jpg 768w, https:\/\/www.chg.at\/wp-content\/uploads\/2019\/04\/\u00a9multivisualart_2019_03_MVA3620-1024x682.jpg 1024w, https:\/\/www.chg.at\/wp-content\/uploads\/2019\/04\/\u00a9multivisualart_2019_03_MVA3620-580x386.jpg 580w, https:\/\/www.chg.at\/wp-content\/uploads\/2019\/04\/\u00a9multivisualart_2019_03_MVA3620-1160x772.jpg 1160w\" sizes=\"(max-width: 860px) 100vw, 860px\" \/><\/a><figcaption>\u00a9multivisualart_2019<\/figcaption><\/figure><\/li><li class=\"cmsmasters_gallery_item cmsmasters_caption\"><figure><a href=\"https:\/\/www.chg.at\/wp-content\/uploads\/2019\/04\/\u00a9multivisualart_2019_03_MVA3610.jpg\" rel=\"ilightbox[69f19eb5a257c8_01256044]\"><img width=\"860\" height=\"572\" src=\"https:\/\/www.chg.at\/wp-content\/uploads\/2019\/04\/\u00a9multivisualart_2019_03_MVA3610-860x572.jpg\" class=\"attachment-cmsmasters-masonry-thumb size-cmsmasters-masonry-thumb\" alt=\"\" loading=\"lazy\" srcset=\"https:\/\/www.chg.at\/wp-content\/uploads\/2019\/04\/\u00a9multivisualart_2019_03_MVA3610-860x572.jpg 860w, https:\/\/www.chg.at\/wp-content\/uploads\/2019\/04\/\u00a9multivisualart_2019_03_MVA3610-300x200.jpg 300w, https:\/\/www.chg.at\/wp-content\/uploads\/2019\/04\/\u00a9multivisualart_2019_03_MVA3610-768x511.jpg 768w, https:\/\/www.chg.at\/wp-content\/uploads\/2019\/04\/\u00a9multivisualart_2019_03_MVA3610-1024x682.jpg 1024w, https:\/\/www.chg.at\/wp-content\/uploads\/2019\/04\/\u00a9multivisualart_2019_03_MVA3610-580x386.jpg 580w, https:\/\/www.chg.at\/wp-content\/uploads\/2019\/04\/\u00a9multivisualart_2019_03_MVA3610-1160x772.jpg 1160w\" sizes=\"(max-width: 860px) 100vw, 860px\" \/><\/a><figcaption>\u00a9multivisualart_2019<\/figcaption><\/figure><\/li><li class=\"cmsmasters_gallery_item cmsmasters_caption\"><figure><a href=\"https:\/\/www.chg.at\/wp-content\/uploads\/2019\/04\/\u00a9multivisualart_2019_03_MVA3595.jpg\" rel=\"ilightbox[69f19eb5a257c8_01256044]\"><img width=\"860\" height=\"572\" src=\"https:\/\/www.chg.at\/wp-content\/uploads\/2019\/04\/\u00a9multivisualart_2019_03_MVA3595-860x572.jpg\" class=\"attachment-cmsmasters-masonry-thumb size-cmsmasters-masonry-thumb\" alt=\"\" loading=\"lazy\" srcset=\"https:\/\/www.chg.at\/wp-content\/uploads\/2019\/04\/\u00a9multivisualart_2019_03_MVA3595-860x572.jpg 860w, https:\/\/www.chg.at\/wp-content\/uploads\/2019\/04\/\u00a9multivisualart_2019_03_MVA3595-300x200.jpg 300w, https:\/\/www.chg.at\/wp-content\/uploads\/2019\/04\/\u00a9multivisualart_2019_03_MVA3595-768x511.jpg 768w, https:\/\/www.chg.at\/wp-content\/uploads\/2019\/04\/\u00a9multivisualart_2019_03_MVA3595-1024x682.jpg 1024w, https:\/\/www.chg.at\/wp-content\/uploads\/2019\/04\/\u00a9multivisualart_2019_03_MVA3595-580x386.jpg 580w, https:\/\/www.chg.at\/wp-content\/uploads\/2019\/04\/\u00a9multivisualart_2019_03_MVA3595-1160x772.jpg 1160w\" sizes=\"(max-width: 860px) 100vw, 860px\" \/><\/a><figcaption>\u00a9multivisualart_2019<\/figcaption><\/figure><\/li><li class=\"cmsmasters_gallery_item cmsmasters_caption\"><figure><a href=\"https:\/\/www.chg.at\/wp-content\/uploads\/2019\/04\/\u00a9multivisualart_2019_03_MVA3592.jpg\" rel=\"ilightbox[69f19eb5a257c8_01256044]\"><img width=\"860\" height=\"572\" src=\"https:\/\/www.chg.at\/wp-content\/uploads\/2019\/04\/\u00a9multivisualart_2019_03_MVA3592-860x572.jpg\" class=\"attachment-cmsmasters-masonry-thumb size-cmsmasters-masonry-thumb\" alt=\"\" loading=\"lazy\" srcset=\"https:\/\/www.chg.at\/wp-content\/uploads\/2019\/04\/\u00a9multivisualart_2019_03_MVA3592-860x572.jpg 860w, https:\/\/www.chg.at\/wp-content\/uploads\/2019\/04\/\u00a9multivisualart_2019_03_MVA3592-300x200.jpg 300w, https:\/\/www.chg.at\/wp-content\/uploads\/2019\/04\/\u00a9multivisualart_2019_03_MVA3592-768x511.jpg 768w, https:\/\/www.chg.at\/wp-content\/uploads\/2019\/04\/\u00a9multivisualart_2019_03_MVA3592-1024x682.jpg 1024w, https:\/\/www.chg.at\/wp-content\/uploads\/2019\/04\/\u00a9multivisualart_2019_03_MVA3592-580x386.jpg 580w, https:\/\/www.chg.at\/wp-content\/uploads\/2019\/04\/\u00a9multivisualart_2019_03_MVA3592-1160x772.jpg 1160w\" sizes=\"(max-width: 860px) 100vw, 860px\" \/><\/a><figcaption>\u00a9multivisualart_2019<\/figcaption><\/figure><\/li><li class=\"cmsmasters_gallery_item cmsmasters_caption\"><figure><a href=\"https:\/\/www.chg.at\/wp-content\/uploads\/2019\/04\/\u00a9multivisualart_2019_03_MVA3666.jpg\" rel=\"ilightbox[69f19eb5a257c8_01256044]\"><img width=\"860\" height=\"572\" src=\"https:\/\/www.chg.at\/wp-content\/uploads\/2019\/04\/\u00a9multivisualart_2019_03_MVA3666-860x572.jpg\" class=\"attachment-cmsmasters-masonry-thumb size-cmsmasters-masonry-thumb\" alt=\"\" loading=\"lazy\" srcset=\"https:\/\/www.chg.at\/wp-content\/uploads\/2019\/04\/\u00a9multivisualart_2019_03_MVA3666-860x572.jpg 860w, https:\/\/www.chg.at\/wp-content\/uploads\/2019\/04\/\u00a9multivisualart_2019_03_MVA3666-300x200.jpg 300w, https:\/\/www.chg.at\/wp-content\/uploads\/2019\/04\/\u00a9multivisualart_2019_03_MVA3666-768x511.jpg 768w, https:\/\/www.chg.at\/wp-content\/uploads\/2019\/04\/\u00a9multivisualart_2019_03_MVA3666-1024x682.jpg 1024w, https:\/\/www.chg.at\/wp-content\/uploads\/2019\/04\/\u00a9multivisualart_2019_03_MVA3666-580x386.jpg 580w, https:\/\/www.chg.at\/wp-content\/uploads\/2019\/04\/\u00a9multivisualart_2019_03_MVA3666-1160x772.jpg 1160w\" sizes=\"(max-width: 860px) 100vw, 860px\" \/><\/a><figcaption>\u00a9multivisualart_2019<\/figcaption><\/figure><\/li><\/ul><script type=\"text\/javascript\">\r\n\t\t\t\tjQuery(document).ready(function () {\r\n\t\t\t\t\t(function ($) {\r\n\t\t\t\t\t\tif ($('#cmsmasters_gallery_69f19eb5a257c8_01256044').find('.cmsmasters_gallery_item').length == '0') {\r\n\t\t\t\t\t\t\treturn false;\r\n\t\t\t\t\t\t}\r\n\t\t\t\t\t\t\r\n\t\t\t\t\t\t\r\n\t\t\t\t\t\tstartGallery( \r\n\t\t\t\t\t\t\t'69f19eb5a257c8_01256044', \r\n\t\t\t\t\t\t\t'grid', \r\n\t\t\t\t\t\t\t'false', \r\n\t\t\t\t\t\t\t'false'\r\n\t\t\t\t\t\t);\r\n\t\t\t\t\t} )(jQuery);\r\n\t\t\t\t} );\r\n\t\t\t<\/script>\r\n\t\t\t<\/div>\n<\/div>\n<\/div>\n<\/div>\n<\/div>\n<\/div>\n<\/div>\n\n","protected":false},"excerpt":{"rendered":"<p>CHG lud nach Kitzb\u00fchel ein. <\/p>\n","protected":false},"author":3,"featured_media":10213,"comment_status":"closed","ping_status":"open","sticky":false,"template":"","format":"image","meta":{"inline_featured_image":false},"categories":[8,9,33],"tags":[],"yoast_head":"<!-- This site is optimized with the Yoast SEO plugin v19.8 - https:\/\/yoast.com\/wordpress\/plugins\/seo\/ -->\n<title>CHG l\u00e4dt zu Siegertreffen mit Stephan Eberharter nach Kitzb\u00fchel<\/title>\n<meta name=\"description\" content=\"CHG lud zu Vortrag &quot;Wie Sieger denken&quot; von Stephan Eberharter nach Kitzb\u00fchel ein. Vortrag geh\u00f6rte zum Rahmenprogramm der Globalaw-Jahreskonferenz.\" \/>\n<meta name=\"robots\" content=\"index, follow, max-snippet:-1, max-image-preview:large, max-video-preview:-1\" \/>\n<link rel=\"canonical\" href=\"https:\/\/www.chg.at\/en\/20190328-siegertreffen-stephan-eberharter-kitzbuehel\/\" \/>\n<meta property=\"og:locale\" content=\"en_US\" \/>\n<meta property=\"og:type\" content=\"article\" \/>\n<meta property=\"og:title\" content=\"ABC\" \/>\n<meta property=\"og:description\" content=\"DEF\" \/>\n<meta property=\"og:url\" content=\"https:\/\/www.chg.at\/en\/20190328-siegertreffen-stephan-eberharter-kitzbuehel\/\" \/>\n<meta property=\"og:site_name\" content=\"CHG Czernich Rechtsanw\u00e4lte \u2013 Wir bewegen Wirtschaft\" \/>\n<meta property=\"article:published_time\" content=\"2019-04-04T20:55:56+00:00\" \/>\n<meta property=\"article:modified_time\" content=\"2019-04-04T22:31:58+00:00\" \/>\n<meta property=\"og:image\" content=\"https:\/\/www.chg.at\/wp-content\/uploads\/2019\/04\/\u00a9multivisualart_2019_03_MVA3631_1160x580.jpg\" \/>\n\t<meta property=\"og:image:width\" content=\"1160\" \/>\n\t<meta property=\"og:image:height\" content=\"580\" \/>\n\t<meta property=\"og:image:type\" content=\"image\/jpeg\" \/>\n<meta name=\"author\" content=\"Diana B\u00f6hme\" \/>\n<meta name=\"twitter:card\" content=\"summary_large_image\" \/>\n<meta name=\"twitter:label1\" content=\"Written by\" \/>\n\t<meta name=\"twitter:data1\" content=\"Diana B\u00f6hme\" \/>\n\t<meta name=\"twitter:label2\" content=\"Est. reading time\" \/>\n\t<meta name=\"twitter:data2\" content=\"1 minute\" \/>\n<script type=\"application\/ld+json\" class=\"yoast-schema-graph\">{\"@context\":\"https:\/\/schema.org\",\"@graph\":[{\"@type\":\"Article\",\"@id\":\"https:\/\/www.chg.at\/en\/20190328-siegertreffen-stephan-eberharter-kitzbuehel\/#article\",\"isPartOf\":{\"@id\":\"https:\/\/www.chg.at\/en\/20190328-siegertreffen-stephan-eberharter-kitzbuehel\/\"},\"author\":{\"name\":\"Diana B\u00f6hme\",\"@id\":\"https:\/\/www.chg.at\/en\/#\/schema\/person\/b3b2cd248a314cf8acc3db22217f03b4\"},\"headline\":\"Siegertreffen mit Vortrag von Stephan Eberharter\",\"datePublished\":\"2019-04-04T20:55:56+00:00\",\"dateModified\":\"2019-04-04T22:31:58+00:00\",\"mainEntityOfPage\":{\"@id\":\"https:\/\/www.chg.at\/en\/20190328-siegertreffen-stephan-eberharter-kitzbuehel\/\"},\"wordCount\":256,\"publisher\":{\"@id\":\"https:\/\/www.chg.at\/en\/#organization\"},\"articleSection\":[\"CHG News\",\"Kanzlei\",\"Veranstaltung\"],\"inLanguage\":\"en-US\"},{\"@type\":\"WebPage\",\"@id\":\"https:\/\/www.chg.at\/en\/20190328-siegertreffen-stephan-eberharter-kitzbuehel\/\",\"url\":\"https:\/\/www.chg.at\/en\/20190328-siegertreffen-stephan-eberharter-kitzbuehel\/\",\"name\":\"CHG l\u00e4dt zu Siegertreffen mit Stephan Eberharter nach Kitzb\u00fchel\",\"isPartOf\":{\"@id\":\"https:\/\/www.chg.at\/en\/#website\"},\"datePublished\":\"2019-04-04T20:55:56+00:00\",\"dateModified\":\"2019-04-04T22:31:58+00:00\",\"description\":\"CHG lud zu Vortrag \\\"Wie Sieger denken\\\" von Stephan Eberharter nach Kitzb\u00fchel ein. Vortrag geh\u00f6rte zum Rahmenprogramm der Globalaw-Jahreskonferenz.\",\"breadcrumb\":{\"@id\":\"https:\/\/www.chg.at\/en\/20190328-siegertreffen-stephan-eberharter-kitzbuehel\/#breadcrumb\"},\"inLanguage\":\"en-US\",\"potentialAction\":[{\"@type\":\"ReadAction\",\"target\":[\"https:\/\/www.chg.at\/en\/20190328-siegertreffen-stephan-eberharter-kitzbuehel\/\"]}]},{\"@type\":\"BreadcrumbList\",\"@id\":\"https:\/\/www.chg.at\/en\/20190328-siegertreffen-stephan-eberharter-kitzbuehel\/#breadcrumb\",\"itemListElement\":[{\"@type\":\"ListItem\",\"position\":1,\"name\":\"Startseite\",\"item\":\"https:\/\/www.chg.at\/en\/\"},{\"@type\":\"ListItem\",\"position\":2,\"name\":\"Siegertreffen mit Vortrag von Stephan Eberharter\"}]},{\"@type\":\"WebSite\",\"@id\":\"https:\/\/www.chg.at\/en\/#website\",\"url\":\"https:\/\/www.chg.at\/en\/\",\"name\":\"CHG Czernich Rechtsanw\u00e4lte \u2013 Wir bewegen Wirtschaft\",\"description\":\"Wir sorgen f\u00fcr Klarheit, wenn es rechtlich kompliziert wird. In jeder Phase Ihrer Unternehmungen. Sie ergreifen die Chancen. Wir verwandeln Risiken in L\u00f6sungen.\",\"publisher\":{\"@id\":\"https:\/\/www.chg.at\/en\/#organization\"},\"potentialAction\":[{\"@type\":\"SearchAction\",\"target\":{\"@type\":\"EntryPoint\",\"urlTemplate\":\"https:\/\/www.chg.at\/en\/?s={search_term_string}\"},\"query-input\":\"required name=search_term_string\"}],\"inLanguage\":\"en-US\"},{\"@type\":\"Organization\",\"@id\":\"https:\/\/www.chg.at\/en\/#organization\",\"name\":\"CHG Czernich Rechtsanw\u00e4lte\",\"url\":\"https:\/\/www.chg.at\/en\/\",\"sameAs\":[\"https:\/\/www.linkedin.com\/company\/12773263\/admin\/dashboard\/\"],\"logo\":{\"@type\":\"ImageObject\",\"inLanguage\":\"en-US\",\"@id\":\"https:\/\/www.chg.at\/en\/#\/schema\/logo\/image\/\",\"url\":\"https:\/\/www.chg.at\/wp-content\/uploads\/2016\/08\/CHG_logo_250_1.png\",\"contentUrl\":\"https:\/\/www.chg.at\/wp-content\/uploads\/2016\/08\/CHG_logo_250_1.png\",\"width\":250,\"height\":33,\"caption\":\"CHG Czernich Rechtsanw\u00e4lte\"},\"image\":{\"@id\":\"https:\/\/www.chg.at\/en\/#\/schema\/logo\/image\/\"}},{\"@type\":\"Person\",\"@id\":\"https:\/\/www.chg.at\/en\/#\/schema\/person\/b3b2cd248a314cf8acc3db22217f03b4\",\"name\":\"Diana B\u00f6hme\"}]}<\/script>\n<!-- \/ Yoast SEO plugin. -->","yoast_head_json":{"title":"CHG l\u00e4dt zu Siegertreffen mit Stephan Eberharter nach Kitzb\u00fchel","description":"CHG lud zu Vortrag \"Wie Sieger denken\" von Stephan Eberharter nach Kitzb\u00fchel ein. Vortrag geh\u00f6rte zum Rahmenprogramm der Globalaw-Jahreskonferenz.","robots":{"index":"index","follow":"follow","max-snippet":"max-snippet:-1","max-image-preview":"max-image-preview:large","max-video-preview":"max-video-preview:-1"},"canonical":"https:\/\/www.chg.at\/en\/20190328-siegertreffen-stephan-eberharter-kitzbuehel\/","og_locale":"en_US","og_type":"article","og_title":"ABC","og_description":"DEF","og_url":"https:\/\/www.chg.at\/en\/20190328-siegertreffen-stephan-eberharter-kitzbuehel\/","og_site_name":"CHG Czernich Rechtsanw\u00e4lte \u2013 Wir bewegen Wirtschaft","article_published_time":"2019-04-04T20:55:56+00:00","article_modified_time":"2019-04-04T22:31:58+00:00","og_image":[{"width":1160,"height":580,"url":"https:\/\/www.chg.at\/wp-content\/uploads\/2019\/04\/\u00a9multivisualart_2019_03_MVA3631_1160x580.jpg","type":"image\/jpeg"}],"author":"Diana B\u00f6hme","twitter_card":"summary_large_image","twitter_misc":{"Written by":"Diana B\u00f6hme","Est. reading time":"1 minute"},"schema":{"@context":"https:\/\/schema.org","@graph":[{"@type":"Article","@id":"https:\/\/www.chg.at\/en\/20190328-siegertreffen-stephan-eberharter-kitzbuehel\/#article","isPartOf":{"@id":"https:\/\/www.chg.at\/en\/20190328-siegertreffen-stephan-eberharter-kitzbuehel\/"},"author":{"name":"Diana B\u00f6hme","@id":"https:\/\/www.chg.at\/en\/#\/schema\/person\/b3b2cd248a314cf8acc3db22217f03b4"},"headline":"Siegertreffen mit Vortrag von Stephan Eberharter","datePublished":"2019-04-04T20:55:56+00:00","dateModified":"2019-04-04T22:31:58+00:00","mainEntityOfPage":{"@id":"https:\/\/www.chg.at\/en\/20190328-siegertreffen-stephan-eberharter-kitzbuehel\/"},"wordCount":256,"publisher":{"@id":"https:\/\/www.chg.at\/en\/#organization"},"articleSection":["CHG News","Kanzlei","Veranstaltung"],"inLanguage":"en-US"},{"@type":"WebPage","@id":"https:\/\/www.chg.at\/en\/20190328-siegertreffen-stephan-eberharter-kitzbuehel\/","url":"https:\/\/www.chg.at\/en\/20190328-siegertreffen-stephan-eberharter-kitzbuehel\/","name":"CHG l\u00e4dt zu Siegertreffen mit Stephan Eberharter nach Kitzb\u00fchel","isPartOf":{"@id":"https:\/\/www.chg.at\/en\/#website"},"datePublished":"2019-04-04T20:55:56+00:00","dateModified":"2019-04-04T22:31:58+00:00","description":"CHG lud zu Vortrag \"Wie Sieger denken\" von Stephan Eberharter nach Kitzb\u00fchel ein. Vortrag geh\u00f6rte zum Rahmenprogramm der Globalaw-Jahreskonferenz.","breadcrumb":{"@id":"https:\/\/www.chg.at\/en\/20190328-siegertreffen-stephan-eberharter-kitzbuehel\/#breadcrumb"},"inLanguage":"en-US","potentialAction":[{"@type":"ReadAction","target":["https:\/\/www.chg.at\/en\/20190328-siegertreffen-stephan-eberharter-kitzbuehel\/"]}]},{"@type":"BreadcrumbList","@id":"https:\/\/www.chg.at\/en\/20190328-siegertreffen-stephan-eberharter-kitzbuehel\/#breadcrumb","itemListElement":[{"@type":"ListItem","position":1,"name":"Startseite","item":"https:\/\/www.chg.at\/en\/"},{"@type":"ListItem","position":2,"name":"Siegertreffen mit Vortrag von Stephan Eberharter"}]},{"@type":"WebSite","@id":"https:\/\/www.chg.at\/en\/#website","url":"https:\/\/www.chg.at\/en\/","name":"CHG Czernich Rechtsanw\u00e4lte \u2013 Wir bewegen Wirtschaft","description":"Wir sorgen f\u00fcr Klarheit, wenn es rechtlich kompliziert wird. In jeder Phase Ihrer Unternehmungen. Sie ergreifen die Chancen. Wir verwandeln Risiken in L\u00f6sungen.","publisher":{"@id":"https:\/\/www.chg.at\/en\/#organization"},"potentialAction":[{"@type":"SearchAction","target":{"@type":"EntryPoint","urlTemplate":"https:\/\/www.chg.at\/en\/?s={search_term_string}"},"query-input":"required name=search_term_string"}],"inLanguage":"en-US"},{"@type":"Organization","@id":"https:\/\/www.chg.at\/en\/#organization","name":"CHG Czernich Rechtsanw\u00e4lte","url":"https:\/\/www.chg.at\/en\/","sameAs":["https:\/\/www.linkedin.com\/company\/12773263\/admin\/dashboard\/"],"logo":{"@type":"ImageObject","inLanguage":"en-US","@id":"https:\/\/www.chg.at\/en\/#\/schema\/logo\/image\/","url":"https:\/\/www.chg.at\/wp-content\/uploads\/2016\/08\/CHG_logo_250_1.png","contentUrl":"https:\/\/www.chg.at\/wp-content\/uploads\/2016\/08\/CHG_logo_250_1.png","width":250,"height":33,"caption":"CHG Czernich Rechtsanw\u00e4lte"},"image":{"@id":"https:\/\/www.chg.at\/en\/#\/schema\/logo\/image\/"}},{"@type":"Person","@id":"https:\/\/www.chg.at\/en\/#\/schema\/person\/b3b2cd248a314cf8acc3db22217f03b4","name":"Diana B\u00f6hme"}]}},"_links":{"self":[{"href":"https:\/\/www.chg.at\/en\/wp-json\/wp\/v2\/posts\/10208"}],"collection":[{"href":"https:\/\/www.chg.at\/en\/wp-json\/wp\/v2\/posts"}],"about":[{"href":"https:\/\/www.chg.at\/en\/wp-json\/wp\/v2\/types\/post"}],"author":[{"embeddable":true,"href":"https:\/\/www.chg.at\/en\/wp-json\/wp\/v2\/users\/3"}],"replies":[{"embeddable":true,"href":"https:\/\/www.chg.at\/en\/wp-json\/wp\/v2\/comments?post=10208"}],"version-history":[{"count":10,"href":"https:\/\/www.chg.at\/en\/wp-json\/wp\/v2\/posts\/10208\/revisions"}],"predecessor-version":[{"id":10233,"href":"https:\/\/www.chg.at\/en\/wp-json\/wp\/v2\/posts\/10208\/revisions\/10233"}],"wp:featuredmedia":[{"embeddable":true,"href":"https:\/\/www.chg.at\/en\/wp-json\/wp\/v2\/media\/10213"}],"wp:attachment":[{"href":"https:\/\/www.chg.at\/en\/wp-json\/wp\/v2\/media?parent=10208"}],"wp:term":[{"taxonomy":"category","embeddable":true,"href":"https:\/\/www.chg.at\/en\/wp-json\/wp\/v2\/categories?post=10208"},{"taxonomy":"post_tag","embeddable":true,"href":"https:\/\/www.chg.at\/en\/wp-json\/wp\/v2\/tags?post=10208"}],"curies":[{"name":"wp","href":"https:\/\/api.w.org\/{rel}","templated":true}]}}