{"id":10248,"date":"2019-04-08T12:21:33","date_gmt":"2019-04-08T10:21:33","guid":{"rendered":"https:\/\/www.chg.at\/?p=10248"},"modified":"2019-04-08T12:36:24","modified_gmt":"2019-04-08T10:36:24","slug":"20190408-chg-gruendermesse-wirtschaftskammer-tirol","status":"publish","type":"post","link":"https:\/\/www.chg.at\/en\/20190408-chg-gruendermesse-wirtschaftskammer-tirol\/","title":{"rendered":"CHG bei der Gr\u00fcndermesse der Wirtschaftskammer Tirol"},"content":{"rendered":"<style type=\"text\/css\"> \n#cmsmasters_row_69f2bd6d792493_76461342 .cmsmasters_row_outer_parent { \n\tpadding-top: 0px; \n} \n\n#cmsmasters_row_69f2bd6d792493_76461342 .cmsmasters_row_outer_parent { \n\tpadding-bottom: 0px; \n} \n\n \n#cmsmasters_divider_69f2bd6d795561_19170085 { \n\tborder-bottom-width:1px; \n\tborder-bottom-style:solid; \n\tpadding-top:50px; \n\tmargin-bottom:50px; \n} \n<\/style><div id=\"cmsmasters_row_69f2bd6d792493_76461342\" class=\"cmsmasters_row cmsmasters_color_scheme_default cmsmasters_row_top_default cmsmasters_row_bot_default cmsmasters_row_boxed\">\n<div class=\"cmsmasters_row_outer_parent\">\n<div class=\"cmsmasters_row_outer\">\n<div class=\"cmsmasters_row_inner\">\n<div class=\"cmsmasters_row_margin\">\n<div class=\"cmsmasters_column one_first\">\n<div class=\"cmsmasters_text\">\n<h1>CHG bei der Gr\u00fcndermesse der Wirtschaftskammer Tirol<\/h1>\n<div class=\"cmsmasters_dropcap type1\">Das <\/div>CHG-Team f\u00fcr Start-Ups und Gr\u00fcnder, Rechtsanwalt <a href=\"https:\/\/www.chg.at\/profile\/michael-huetz\/\">Michael Huetz<\/a> und <a href=\"https:\/\/www.chg.at\/profile\/clemens-handl\/\">Clemens Handl<\/a>, betreuten den Stand der Tiroler Rechtsanwaltskammer auf der Gr\u00fcndermesse 2019 der Wirtschaftskammer Tirol. Die rund 250 Teilnehmer nutzten neben den interessanten Vortr\u00e4gen zur Gr\u00fcndung des eigenen Unternehmens ebenfalls die vielf\u00e4ltigen Beratungsangebote. Besonders gefragt waren Erstinformationen zur Wahl der richtigen Rechtsform und Fragen zur Umsetzung der Datenschutzgrundverordnung.<\/p>\n<p>Gern beraten wir Sie bei der Gr\u00fcndung und Expansion Ihres Unternehmens.<\/p>\n<p>Foto: CHG-Anwalt Mag. Michael Huetz, Mag. Clemens Handl, Rechtsanwaltsanw\u00e4rter bei CHG Czernich Rechtsanw\u00e4lte, Mag. Johannes Lentner, Tiroler Rechtsanwaltskammer<\/p>\n<\/div>\n\n<div id=\"cmsmasters_divider_69f2bd6d795561_19170085\" class=\"cmsmasters_divider cmsmasters_divider_width_long cmsmasters_divider_pos_center\"><\/div>\n<\/div>\n<\/div>\n<\/div>\n<\/div>\n<\/div>\n<\/div>\n\n","protected":false},"excerpt":{"rendered":"","protected":false},"author":3,"featured_media":10251,"comment_status":"closed","ping_status":"open","sticky":false,"template":"","format":"image","meta":{"inline_featured_image":false},"categories":[8,33],"tags":[],"yoast_head":"<!-- This site is optimized with the Yoast SEO plugin v19.8 - https:\/\/yoast.com\/wordpress\/plugins\/seo\/ -->\n<title>CHG-Team f\u00fcr Starts-ups bei Gr\u00fcndermesse der Wirtschaftskammer Tirol<\/title>\n<meta name=\"description\" content=\"CHG Czernich Rechtsanw\u00e4lte, CHG-Anwalt Michael Huetz, Mag. Clemens Handl betreuten den Stand der Tiroler Rechtsanwaltskammer, Gr\u00fcndermesse 2019\" \/>\n<meta name=\"robots\" content=\"index, follow, max-snippet:-1, max-image-preview:large, max-video-preview:-1\" \/>\n<link rel=\"canonical\" href=\"https:\/\/www.chg.at\/en\/20190408-chg-gruendermesse-wirtschaftskammer-tirol\/\" \/>\n<meta property=\"og:locale\" content=\"en_US\" \/>\n<meta property=\"og:type\" content=\"article\" \/>\n<meta property=\"og:title\" content=\"ABC\" \/>\n<meta property=\"og:description\" content=\"DEF\" \/>\n<meta property=\"og:url\" content=\"https:\/\/www.chg.at\/en\/20190408-chg-gruendermesse-wirtschaftskammer-tirol\/\" \/>\n<meta property=\"og:site_name\" content=\"CHG Czernich Rechtsanw\u00e4lte \u2013 Wir bewegen Wirtschaft\" \/>\n<meta property=\"article:published_time\" content=\"2019-04-08T10:21:33+00:00\" \/>\n<meta property=\"article:modified_time\" content=\"2019-04-08T10:36:24+00:00\" \/>\n<meta property=\"og:image\" content=\"https:\/\/www.chg.at\/wp-content\/uploads\/2019\/04\/Foto_Gr\u00fcndermesse2019_1160x580.jpg\" \/>\n\t<meta property=\"og:image:width\" content=\"1160\" \/>\n\t<meta property=\"og:image:height\" content=\"580\" \/>\n\t<meta property=\"og:image:type\" content=\"image\/jpeg\" \/>\n<meta name=\"author\" content=\"Diana B\u00f6hme\" \/>\n<meta name=\"twitter:card\" content=\"summary_large_image\" \/>\n<meta name=\"twitter:label1\" content=\"Written by\" \/>\n\t<meta name=\"twitter:data1\" content=\"Diana B\u00f6hme\" \/>\n\t<meta name=\"twitter:label2\" content=\"Est. reading time\" \/>\n\t<meta name=\"twitter:data2\" content=\"1 minute\" \/>\n<script type=\"application\/ld+json\" class=\"yoast-schema-graph\">{\"@context\":\"https:\/\/schema.org\",\"@graph\":[{\"@type\":\"Article\",\"@id\":\"https:\/\/www.chg.at\/en\/20190408-chg-gruendermesse-wirtschaftskammer-tirol\/#article\",\"isPartOf\":{\"@id\":\"https:\/\/www.chg.at\/en\/20190408-chg-gruendermesse-wirtschaftskammer-tirol\/\"},\"author\":{\"name\":\"Diana B\u00f6hme\",\"@id\":\"https:\/\/www.chg.at\/en\/#\/schema\/person\/b3b2cd248a314cf8acc3db22217f03b4\"},\"headline\":\"CHG bei der Gr\u00fcndermesse der Wirtschaftskammer Tirol\",\"datePublished\":\"2019-04-08T10:21:33+00:00\",\"dateModified\":\"2019-04-08T10:36:24+00:00\",\"mainEntityOfPage\":{\"@id\":\"https:\/\/www.chg.at\/en\/20190408-chg-gruendermesse-wirtschaftskammer-tirol\/\"},\"wordCount\":165,\"publisher\":{\"@id\":\"https:\/\/www.chg.at\/en\/#organization\"},\"articleSection\":[\"CHG News\",\"Veranstaltung\"],\"inLanguage\":\"en-US\"},{\"@type\":\"WebPage\",\"@id\":\"https:\/\/www.chg.at\/en\/20190408-chg-gruendermesse-wirtschaftskammer-tirol\/\",\"url\":\"https:\/\/www.chg.at\/en\/20190408-chg-gruendermesse-wirtschaftskammer-tirol\/\",\"name\":\"CHG-Team f\u00fcr Starts-ups bei Gr\u00fcndermesse der Wirtschaftskammer Tirol\",\"isPartOf\":{\"@id\":\"https:\/\/www.chg.at\/en\/#website\"},\"datePublished\":\"2019-04-08T10:21:33+00:00\",\"dateModified\":\"2019-04-08T10:36:24+00:00\",\"description\":\"CHG Czernich Rechtsanw\u00e4lte, CHG-Anwalt Michael Huetz, Mag. Clemens Handl betreuten den Stand der Tiroler Rechtsanwaltskammer, Gr\u00fcndermesse 2019\",\"breadcrumb\":{\"@id\":\"https:\/\/www.chg.at\/en\/20190408-chg-gruendermesse-wirtschaftskammer-tirol\/#breadcrumb\"},\"inLanguage\":\"en-US\",\"potentialAction\":[{\"@type\":\"ReadAction\",\"target\":[\"https:\/\/www.chg.at\/en\/20190408-chg-gruendermesse-wirtschaftskammer-tirol\/\"]}]},{\"@type\":\"BreadcrumbList\",\"@id\":\"https:\/\/www.chg.at\/en\/20190408-chg-gruendermesse-wirtschaftskammer-tirol\/#breadcrumb\",\"itemListElement\":[{\"@type\":\"ListItem\",\"position\":1,\"name\":\"Startseite\",\"item\":\"https:\/\/www.chg.at\/en\/\"},{\"@type\":\"ListItem\",\"position\":2,\"name\":\"CHG bei der Gr\u00fcndermesse der Wirtschaftskammer Tirol\"}]},{\"@type\":\"WebSite\",\"@id\":\"https:\/\/www.chg.at\/en\/#website\",\"url\":\"https:\/\/www.chg.at\/en\/\",\"name\":\"CHG Czernich Rechtsanw\u00e4lte \u2013 Wir bewegen Wirtschaft\",\"description\":\"Wir sorgen f\u00fcr Klarheit, wenn es rechtlich kompliziert wird. In jeder Phase Ihrer Unternehmungen. Sie ergreifen die Chancen. Wir verwandeln Risiken in L\u00f6sungen.\",\"publisher\":{\"@id\":\"https:\/\/www.chg.at\/en\/#organization\"},\"potentialAction\":[{\"@type\":\"SearchAction\",\"target\":{\"@type\":\"EntryPoint\",\"urlTemplate\":\"https:\/\/www.chg.at\/en\/?s={search_term_string}\"},\"query-input\":\"required name=search_term_string\"}],\"inLanguage\":\"en-US\"},{\"@type\":\"Organization\",\"@id\":\"https:\/\/www.chg.at\/en\/#organization\",\"name\":\"CHG Czernich Rechtsanw\u00e4lte\",\"url\":\"https:\/\/www.chg.at\/en\/\",\"sameAs\":[\"https:\/\/www.linkedin.com\/company\/12773263\/admin\/dashboard\/\"],\"logo\":{\"@type\":\"ImageObject\",\"inLanguage\":\"en-US\",\"@id\":\"https:\/\/www.chg.at\/en\/#\/schema\/logo\/image\/\",\"url\":\"https:\/\/www.chg.at\/wp-content\/uploads\/2016\/08\/CHG_logo_250_1.png\",\"contentUrl\":\"https:\/\/www.chg.at\/wp-content\/uploads\/2016\/08\/CHG_logo_250_1.png\",\"width\":250,\"height\":33,\"caption\":\"CHG Czernich Rechtsanw\u00e4lte\"},\"image\":{\"@id\":\"https:\/\/www.chg.at\/en\/#\/schema\/logo\/image\/\"}},{\"@type\":\"Person\",\"@id\":\"https:\/\/www.chg.at\/en\/#\/schema\/person\/b3b2cd248a314cf8acc3db22217f03b4\",\"name\":\"Diana B\u00f6hme\"}]}<\/script>\n<!-- \/ Yoast SEO plugin. -->","yoast_head_json":{"title":"CHG-Team f\u00fcr Starts-ups bei Gr\u00fcndermesse der Wirtschaftskammer Tirol","description":"CHG Czernich Rechtsanw\u00e4lte, CHG-Anwalt Michael Huetz, Mag. Clemens Handl betreuten den Stand der Tiroler Rechtsanwaltskammer, Gr\u00fcndermesse 2019","robots":{"index":"index","follow":"follow","max-snippet":"max-snippet:-1","max-image-preview":"max-image-preview:large","max-video-preview":"max-video-preview:-1"},"canonical":"https:\/\/www.chg.at\/en\/20190408-chg-gruendermesse-wirtschaftskammer-tirol\/","og_locale":"en_US","og_type":"article","og_title":"ABC","og_description":"DEF","og_url":"https:\/\/www.chg.at\/en\/20190408-chg-gruendermesse-wirtschaftskammer-tirol\/","og_site_name":"CHG Czernich Rechtsanw\u00e4lte \u2013 Wir bewegen Wirtschaft","article_published_time":"2019-04-08T10:21:33+00:00","article_modified_time":"2019-04-08T10:36:24+00:00","og_image":[{"width":1160,"height":580,"url":"https:\/\/www.chg.at\/wp-content\/uploads\/2019\/04\/Foto_Gr\u00fcndermesse2019_1160x580.jpg","type":"image\/jpeg"}],"author":"Diana B\u00f6hme","twitter_card":"summary_large_image","twitter_misc":{"Written by":"Diana B\u00f6hme","Est. reading time":"1 minute"},"schema":{"@context":"https:\/\/schema.org","@graph":[{"@type":"Article","@id":"https:\/\/www.chg.at\/en\/20190408-chg-gruendermesse-wirtschaftskammer-tirol\/#article","isPartOf":{"@id":"https:\/\/www.chg.at\/en\/20190408-chg-gruendermesse-wirtschaftskammer-tirol\/"},"author":{"name":"Diana B\u00f6hme","@id":"https:\/\/www.chg.at\/en\/#\/schema\/person\/b3b2cd248a314cf8acc3db22217f03b4"},"headline":"CHG bei der Gr\u00fcndermesse der Wirtschaftskammer Tirol","datePublished":"2019-04-08T10:21:33+00:00","dateModified":"2019-04-08T10:36:24+00:00","mainEntityOfPage":{"@id":"https:\/\/www.chg.at\/en\/20190408-chg-gruendermesse-wirtschaftskammer-tirol\/"},"wordCount":165,"publisher":{"@id":"https:\/\/www.chg.at\/en\/#organization"},"articleSection":["CHG News","Veranstaltung"],"inLanguage":"en-US"},{"@type":"WebPage","@id":"https:\/\/www.chg.at\/en\/20190408-chg-gruendermesse-wirtschaftskammer-tirol\/","url":"https:\/\/www.chg.at\/en\/20190408-chg-gruendermesse-wirtschaftskammer-tirol\/","name":"CHG-Team f\u00fcr Starts-ups bei Gr\u00fcndermesse der Wirtschaftskammer Tirol","isPartOf":{"@id":"https:\/\/www.chg.at\/en\/#website"},"datePublished":"2019-04-08T10:21:33+00:00","dateModified":"2019-04-08T10:36:24+00:00","description":"CHG Czernich Rechtsanw\u00e4lte, CHG-Anwalt Michael Huetz, Mag. Clemens Handl betreuten den Stand der Tiroler Rechtsanwaltskammer, Gr\u00fcndermesse 2019","breadcrumb":{"@id":"https:\/\/www.chg.at\/en\/20190408-chg-gruendermesse-wirtschaftskammer-tirol\/#breadcrumb"},"inLanguage":"en-US","potentialAction":[{"@type":"ReadAction","target":["https:\/\/www.chg.at\/en\/20190408-chg-gruendermesse-wirtschaftskammer-tirol\/"]}]},{"@type":"BreadcrumbList","@id":"https:\/\/www.chg.at\/en\/20190408-chg-gruendermesse-wirtschaftskammer-tirol\/#breadcrumb","itemListElement":[{"@type":"ListItem","position":1,"name":"Startseite","item":"https:\/\/www.chg.at\/en\/"},{"@type":"ListItem","position":2,"name":"CHG bei der Gr\u00fcndermesse der Wirtschaftskammer Tirol"}]},{"@type":"WebSite","@id":"https:\/\/www.chg.at\/en\/#website","url":"https:\/\/www.chg.at\/en\/","name":"CHG Czernich Rechtsanw\u00e4lte \u2013 Wir bewegen Wirtschaft","description":"Wir sorgen f\u00fcr Klarheit, wenn es rechtlich kompliziert wird. In jeder Phase Ihrer Unternehmungen. Sie ergreifen die Chancen. Wir verwandeln Risiken in L\u00f6sungen.","publisher":{"@id":"https:\/\/www.chg.at\/en\/#organization"},"potentialAction":[{"@type":"SearchAction","target":{"@type":"EntryPoint","urlTemplate":"https:\/\/www.chg.at\/en\/?s={search_term_string}"},"query-input":"required name=search_term_string"}],"inLanguage":"en-US"},{"@type":"Organization","@id":"https:\/\/www.chg.at\/en\/#organization","name":"CHG Czernich Rechtsanw\u00e4lte","url":"https:\/\/www.chg.at\/en\/","sameAs":["https:\/\/www.linkedin.com\/company\/12773263\/admin\/dashboard\/"],"logo":{"@type":"ImageObject","inLanguage":"en-US","@id":"https:\/\/www.chg.at\/en\/#\/schema\/logo\/image\/","url":"https:\/\/www.chg.at\/wp-content\/uploads\/2016\/08\/CHG_logo_250_1.png","contentUrl":"https:\/\/www.chg.at\/wp-content\/uploads\/2016\/08\/CHG_logo_250_1.png","width":250,"height":33,"caption":"CHG Czernich Rechtsanw\u00e4lte"},"image":{"@id":"https:\/\/www.chg.at\/en\/#\/schema\/logo\/image\/"}},{"@type":"Person","@id":"https:\/\/www.chg.at\/en\/#\/schema\/person\/b3b2cd248a314cf8acc3db22217f03b4","name":"Diana B\u00f6hme"}]}},"_links":{"self":[{"href":"https:\/\/www.chg.at\/en\/wp-json\/wp\/v2\/posts\/10248"}],"collection":[{"href":"https:\/\/www.chg.at\/en\/wp-json\/wp\/v2\/posts"}],"about":[{"href":"https:\/\/www.chg.at\/en\/wp-json\/wp\/v2\/types\/post"}],"author":[{"embeddable":true,"href":"https:\/\/www.chg.at\/en\/wp-json\/wp\/v2\/users\/3"}],"replies":[{"embeddable":true,"href":"https:\/\/www.chg.at\/en\/wp-json\/wp\/v2\/comments?post=10248"}],"version-history":[{"count":4,"href":"https:\/\/www.chg.at\/en\/wp-json\/wp\/v2\/posts\/10248\/revisions"}],"predecessor-version":[{"id":10253,"href":"https:\/\/www.chg.at\/en\/wp-json\/wp\/v2\/posts\/10248\/revisions\/10253"}],"wp:featuredmedia":[{"embeddable":true,"href":"https:\/\/www.chg.at\/en\/wp-json\/wp\/v2\/media\/10251"}],"wp:attachment":[{"href":"https:\/\/www.chg.at\/en\/wp-json\/wp\/v2\/media?parent=10248"}],"wp:term":[{"taxonomy":"category","embeddable":true,"href":"https:\/\/www.chg.at\/en\/wp-json\/wp\/v2\/categories?post=10248"},{"taxonomy":"post_tag","embeddable":true,"href":"https:\/\/www.chg.at\/en\/wp-json\/wp\/v2\/tags?post=10248"}],"curies":[{"name":"wp","href":"https:\/\/api.w.org\/{rel}","templated":true}]}}