{"id":10517,"date":"2019-05-27T10:16:06","date_gmt":"2019-05-27T08:16:06","guid":{"rendered":"https:\/\/www.chg.at\/?p=10517"},"modified":"2019-06-03T15:28:07","modified_gmt":"2019-06-03T13:28:07","slug":"2019-05-23-chg-feiert-20-jahre-kanzlei","status":"publish","type":"post","link":"https:\/\/www.chg.at\/en\/2019-05-23-chg-feiert-20-jahre-kanzlei\/","title":{"rendered":"20 Jahre CHG"},"content":{"rendered":"<style type=\"text\/css\"> \n#cmsmasters_row_69f19dcea1b396_94457517 .cmsmasters_row_outer_parent { \n\tpadding-top: 0px; \n} \n\n#cmsmasters_row_69f19dcea1b396_94457517 .cmsmasters_row_outer_parent { \n\tpadding-bottom: 0px; \n} \n\n\r\n\t\t\t\t#cmsmasters_gallery_69f19dcea20565_60869973 .cmsmasters_gallery {\r\n\t\t\t\t\tmargin:0 0 0 -10px;\r\n\t\t\t\t}\r\n\t\t\t\t\r\n\t\t\t\t#cmsmasters_gallery_69f19dcea20565_60869973 .cmsmasters_gallery .cmsmasters_gallery_item {\r\n\t\t\t\t\tpadding:0 0 10px 10px;\r\n\t\t\t\t}\r\n\t\t\t<\/style><div id=\"cmsmasters_row_69f19dcea1b396_94457517\" class=\"cmsmasters_row cmsmasters_color_scheme_default cmsmasters_row_top_default cmsmasters_row_bot_default cmsmasters_row_boxed\">\n<div class=\"cmsmasters_row_outer_parent\">\n<div class=\"cmsmasters_row_outer\">\n<div class=\"cmsmasters_row_inner\">\n<div class=\"cmsmasters_row_margin\">\n<div class=\"cmsmasters_column one_first\">\n<div class=\"cmsmasters_text\">\n<h1><strong>20 Jahre CHG<br \/>\n<\/strong><\/h1>\n<h3><span style=\"color: #d43555;\">CHG feiert mit Mandanten, Mitarbeitern und Wegbegleitern 20. Geburtstag<br \/>\n<\/span><\/h3>\n<div class=\"cmsmasters_dropcap type1\">Feierstimmung<\/div> bei CHG! Seit 1999 ber\u00e4t unsere Kanzlei Mandanten in allen Bereichen des Wirtschaftsrechts und hat sich nach Branchenrankings zur f\u00fchrenden Kanzlei in West\u00f6sterreich entwickelt. Grund genug, mit Mandanten, Mitarbeitern und Weggef\u00e4hrten ausgiebig zu feiern.<\/p>\n<p>Bei strahlender Abendsonne, guter Musik von Flo\u2019s Jazz Casino und kulinarischen Gen\u00fcssen kam in der Paninothek am Bozner Platz Feierlaune auf. Kanzleigr\u00fcnder Dietmar Czernich in seiner Rede: \u201eDer hohe Qualit\u00e4tsanspruch, die internationale Vernetzung, die Spezialisierung auf Wirtschaftsrecht, st\u00e4ndige Publikationen und die ausgezeichnete interne Zusammenarbeit haben uns in den letzten 20 Jahren stark wachsen lassen.\u201c Der langj\u00e4hrige Vorstandsvorsitzende der Innsbrucker Kommunalbetriebe, Harald Schneider, betonte das Vertrauen als Schl\u00fcssel zum Erfolg. Er lobte, dass der Tiroler Wirtschaft mit CHG erstklassiger Rechtsbeistand in allen Wirtschaftsbelangen vor Ort zur Verf\u00fcgung steht.<\/p>\n<p>Unter den G\u00e4sten: Vizeb\u00fcrgermeister Franz X. Gruber, Vorstandsvorsitzender der IKB Helmuth M\u00fcller, Flughafendirektor Marco Pernetta, TINETZ-Vorstand Thomas Trattler, Peter Trost und Oswald Wolkenstein von der Wirtschaftskammer Tirol, die Universit\u00e4tsprofessoren Matthias Bank, Rainer B\u00f6hme, Bernhard Eccher und Francesco Schurr, Unternehmer Kaspar Plattner mit Frau Brigitte, Prisma-Gesch\u00e4ftsf\u00fchrer Harald Gohm, Carisma-Immobilien-Gesch\u00e4ftsf\u00fchrer Stephan Krimbacher und Michael Kugler, Markus Pinggera von Sandoz, Iris und Walter Stoll von Stoll Wohnen sowie Sylvia und Herbert Schwingenschuh von Conform Badm\u00f6bel.<\/p>\n<p><strong>Foto:<\/strong> CHG-Anw\u00e4lte mit Andrea Reindl, Mitarbeiterin seit 1999. \u00a9 Die Fotografen<strong><br \/>\n<\/strong><\/p>\n<p><a href=\"https:\/\/www.chg.at\/wp-content\/uploads\/2019\/05\/2019-05-25_TT_Innsbruck_Seite_8_20Jahre_CHG.pdf\">Artikel in der Tiroler Tageszeitung vom 25. Mai 2019<\/a><\/p>\n<\/div>\n<div id=\"cmsmasters_gallery_69f19dcea20565_60869973\" class=\"cmsmasters_gallery_wrap\"><ul class=\"cmsmasters_gallery cmsmasters_1 cmsmasters_more_items_loader\"><li class=\"cmsmasters_gallery_item\"><figure><a href=\"https:\/\/www.chg.at\/wp-content\/uploads\/2019\/05\/2_DieFotografen_MG_002_-Wild-Gast-Gruber-Schneider-e1558951887125.jpg\" rel=\"ilightbox[69f19dcea20565_60869973]\"><img width=\"580\" height=\"387\" src=\"https:\/\/www.chg.at\/wp-content\/uploads\/2019\/05\/2_DieFotografen_MG_002_-Wild-Gast-Gruber-Schneider-580x387.jpg\" class=\"attachment-cmsmasters-project-masonry-thumb size-cmsmasters-project-masonry-thumb\" alt=\"\" loading=\"lazy\" srcset=\"https:\/\/www.chg.at\/wp-content\/uploads\/2019\/05\/2_DieFotografen_MG_002_-Wild-Gast-Gruber-Schneider-e1558951887125.jpg 580w, https:\/\/www.chg.at\/wp-content\/uploads\/2019\/05\/2_DieFotografen_MG_002_-Wild-Gast-Gruber-Schneider-300x200.jpg 300w, https:\/\/www.chg.at\/wp-content\/uploads\/2019\/05\/2_DieFotografen_MG_002_-Wild-Gast-Gruber-Schneider-768x512.jpg 768w, https:\/\/www.chg.at\/wp-content\/uploads\/2019\/05\/2_DieFotografen_MG_002_-Wild-Gast-Gruber-Schneider-1024x683.jpg 1024w, https:\/\/www.chg.at\/wp-content\/uploads\/2019\/05\/2_DieFotografen_MG_002_-Wild-Gast-Gruber-Schneider-860x573.jpg 860w, https:\/\/www.chg.at\/wp-content\/uploads\/2019\/05\/2_DieFotografen_MG_002_-Wild-Gast-Gruber-Schneider-1160x773.jpg 1160w\" sizes=\"(max-width: 580px) 100vw, 580px\" \/><\/a><\/figure><\/li><li class=\"cmsmasters_gallery_item\"><figure><a href=\"https:\/\/www.chg.at\/wp-content\/uploads\/2019\/05\/3_DieFotografen_MG_007_-Mitarbeiter-CHG-e1558951875514.jpg\" rel=\"ilightbox[69f19dcea20565_60869973]\"><img width=\"580\" height=\"387\" src=\"https:\/\/www.chg.at\/wp-content\/uploads\/2019\/05\/3_DieFotografen_MG_007_-Mitarbeiter-CHG-580x387.jpg\" class=\"attachment-cmsmasters-project-masonry-thumb size-cmsmasters-project-masonry-thumb\" alt=\"\" loading=\"lazy\" srcset=\"https:\/\/www.chg.at\/wp-content\/uploads\/2019\/05\/3_DieFotografen_MG_007_-Mitarbeiter-CHG-e1558951875514.jpg 580w, https:\/\/www.chg.at\/wp-content\/uploads\/2019\/05\/3_DieFotografen_MG_007_-Mitarbeiter-CHG-300x200.jpg 300w, https:\/\/www.chg.at\/wp-content\/uploads\/2019\/05\/3_DieFotografen_MG_007_-Mitarbeiter-CHG-768x512.jpg 768w, https:\/\/www.chg.at\/wp-content\/uploads\/2019\/05\/3_DieFotografen_MG_007_-Mitarbeiter-CHG-1024x683.jpg 1024w, https:\/\/www.chg.at\/wp-content\/uploads\/2019\/05\/3_DieFotografen_MG_007_-Mitarbeiter-CHG-860x573.jpg 860w, https:\/\/www.chg.at\/wp-content\/uploads\/2019\/05\/3_DieFotografen_MG_007_-Mitarbeiter-CHG-1160x773.jpg 1160w\" sizes=\"(max-width: 580px) 100vw, 580px\" \/><\/a><\/figure><\/li><li class=\"cmsmasters_gallery_item\"><figure><a href=\"https:\/\/www.chg.at\/wp-content\/uploads\/2019\/05\/DieFotografen_MG_005-e1558951837742.jpg\" rel=\"ilightbox[69f19dcea20565_60869973]\"><img width=\"580\" height=\"387\" src=\"https:\/\/www.chg.at\/wp-content\/uploads\/2019\/05\/DieFotografen_MG_005-580x387.jpg\" class=\"attachment-cmsmasters-project-masonry-thumb size-cmsmasters-project-masonry-thumb\" alt=\"\" loading=\"lazy\" srcset=\"https:\/\/www.chg.at\/wp-content\/uploads\/2019\/05\/DieFotografen_MG_005-e1558951837742.jpg 580w, https:\/\/www.chg.at\/wp-content\/uploads\/2019\/05\/DieFotografen_MG_005-300x200.jpg 300w, https:\/\/www.chg.at\/wp-content\/uploads\/2019\/05\/DieFotografen_MG_005-768x512.jpg 768w, https:\/\/www.chg.at\/wp-content\/uploads\/2019\/05\/DieFotografen_MG_005-1024x683.jpg 1024w, https:\/\/www.chg.at\/wp-content\/uploads\/2019\/05\/DieFotografen_MG_005-860x573.jpg 860w, https:\/\/www.chg.at\/wp-content\/uploads\/2019\/05\/DieFotografen_MG_005-1160x773.jpg 1160w\" sizes=\"(max-width: 580px) 100vw, 580px\" \/><\/a><\/figure><\/li><li class=\"cmsmasters_gallery_item\"><figure><a href=\"https:\/\/www.chg.at\/wp-content\/uploads\/2019\/05\/IMG_9645-e1559031781867.jpg\" rel=\"ilightbox[69f19dcea20565_60869973]\"><img width=\"580\" height=\"371\" src=\"https:\/\/www.chg.at\/wp-content\/uploads\/2019\/05\/IMG_9645-e1559031781867.jpg\" class=\"attachment-cmsmasters-project-masonry-thumb size-cmsmasters-project-masonry-thumb\" alt=\"\" loading=\"lazy\" \/><\/a><\/figure><\/li><li class=\"cmsmasters_gallery_item\"><figure><a href=\"https:\/\/www.chg.at\/wp-content\/uploads\/2019\/05\/DieFotografen_MG_010-e1558951482942.jpg\" rel=\"ilightbox[69f19dcea20565_60869973]\"><img width=\"580\" height=\"387\" src=\"https:\/\/www.chg.at\/wp-content\/uploads\/2019\/05\/DieFotografen_MG_010-580x387.jpg\" class=\"attachment-cmsmasters-project-masonry-thumb size-cmsmasters-project-masonry-thumb\" alt=\"\" loading=\"lazy\" srcset=\"https:\/\/www.chg.at\/wp-content\/uploads\/2019\/05\/DieFotografen_MG_010-e1558951482942.jpg 580w, https:\/\/www.chg.at\/wp-content\/uploads\/2019\/05\/DieFotografen_MG_010-300x200.jpg 300w, https:\/\/www.chg.at\/wp-content\/uploads\/2019\/05\/DieFotografen_MG_010-768x512.jpg 768w, https:\/\/www.chg.at\/wp-content\/uploads\/2019\/05\/DieFotografen_MG_010-1024x683.jpg 1024w, https:\/\/www.chg.at\/wp-content\/uploads\/2019\/05\/DieFotografen_MG_010-860x573.jpg 860w, https:\/\/www.chg.at\/wp-content\/uploads\/2019\/05\/DieFotografen_MG_010-1160x773.jpg 1160w\" sizes=\"(max-width: 580px) 100vw, 580px\" \/><\/a><\/figure><\/li><li class=\"cmsmasters_gallery_item\"><figure><a href=\"https:\/\/www.chg.at\/wp-content\/uploads\/2019\/05\/DieFotografen_MG_038_Wolkenstein__-e1558951541478.jpg\" rel=\"ilightbox[69f19dcea20565_60869973]\"><img width=\"580\" height=\"387\" src=\"https:\/\/www.chg.at\/wp-content\/uploads\/2019\/05\/DieFotografen_MG_038_Wolkenstein__-580x387.jpg\" class=\"attachment-cmsmasters-project-masonry-thumb size-cmsmasters-project-masonry-thumb\" alt=\"\" loading=\"lazy\" srcset=\"https:\/\/www.chg.at\/wp-content\/uploads\/2019\/05\/DieFotografen_MG_038_Wolkenstein__-e1558951541478.jpg 580w, https:\/\/www.chg.at\/wp-content\/uploads\/2019\/05\/DieFotografen_MG_038_Wolkenstein__-300x200.jpg 300w, https:\/\/www.chg.at\/wp-content\/uploads\/2019\/05\/DieFotografen_MG_038_Wolkenstein__-768x512.jpg 768w, https:\/\/www.chg.at\/wp-content\/uploads\/2019\/05\/DieFotografen_MG_038_Wolkenstein__-1024x683.jpg 1024w, https:\/\/www.chg.at\/wp-content\/uploads\/2019\/05\/DieFotografen_MG_038_Wolkenstein__-860x573.jpg 860w, https:\/\/www.chg.at\/wp-content\/uploads\/2019\/05\/DieFotografen_MG_038_Wolkenstein__-1160x773.jpg 1160w\" sizes=\"(max-width: 580px) 100vw, 580px\" \/><\/a><\/figure><\/li><li class=\"cmsmasters_gallery_item\"><figure><a href=\"https:\/\/www.chg.at\/wp-content\/uploads\/2019\/05\/DieFotografen_MG_044-e1558951559958.jpg\" rel=\"ilightbox[69f19dcea20565_60869973]\"><img width=\"580\" height=\"387\" src=\"https:\/\/www.chg.at\/wp-content\/uploads\/2019\/05\/DieFotografen_MG_044-580x387.jpg\" class=\"attachment-cmsmasters-project-masonry-thumb size-cmsmasters-project-masonry-thumb\" alt=\"\" loading=\"lazy\" srcset=\"https:\/\/www.chg.at\/wp-content\/uploads\/2019\/05\/DieFotografen_MG_044-e1558951559958.jpg 580w, https:\/\/www.chg.at\/wp-content\/uploads\/2019\/05\/DieFotografen_MG_044-300x200.jpg 300w, https:\/\/www.chg.at\/wp-content\/uploads\/2019\/05\/DieFotografen_MG_044-768x512.jpg 768w, https:\/\/www.chg.at\/wp-content\/uploads\/2019\/05\/DieFotografen_MG_044-1024x683.jpg 1024w, https:\/\/www.chg.at\/wp-content\/uploads\/2019\/05\/DieFotografen_MG_044-860x573.jpg 860w, https:\/\/www.chg.at\/wp-content\/uploads\/2019\/05\/DieFotografen_MG_044-1160x773.jpg 1160w\" sizes=\"(max-width: 580px) 100vw, 580px\" \/><\/a><\/figure><\/li><li class=\"cmsmasters_gallery_item\"><figure><a href=\"https:\/\/www.chg.at\/wp-content\/uploads\/2019\/05\/DieFotografen_MG_053-e1558951576649.jpg\" rel=\"ilightbox[69f19dcea20565_60869973]\"><img width=\"580\" height=\"387\" src=\"https:\/\/www.chg.at\/wp-content\/uploads\/2019\/05\/DieFotografen_MG_053-580x387.jpg\" class=\"attachment-cmsmasters-project-masonry-thumb size-cmsmasters-project-masonry-thumb\" alt=\"\" loading=\"lazy\" srcset=\"https:\/\/www.chg.at\/wp-content\/uploads\/2019\/05\/DieFotografen_MG_053-e1558951576649.jpg 580w, https:\/\/www.chg.at\/wp-content\/uploads\/2019\/05\/DieFotografen_MG_053-300x200.jpg 300w, https:\/\/www.chg.at\/wp-content\/uploads\/2019\/05\/DieFotografen_MG_053-768x512.jpg 768w, https:\/\/www.chg.at\/wp-content\/uploads\/2019\/05\/DieFotografen_MG_053-1024x683.jpg 1024w, https:\/\/www.chg.at\/wp-content\/uploads\/2019\/05\/DieFotografen_MG_053-860x573.jpg 860w, https:\/\/www.chg.at\/wp-content\/uploads\/2019\/05\/DieFotografen_MG_053-1160x773.jpg 1160w\" sizes=\"(max-width: 580px) 100vw, 580px\" \/><\/a><\/figure><\/li><li class=\"cmsmasters_gallery_item\"><figure><a href=\"https:\/\/www.chg.at\/wp-content\/uploads\/2019\/05\/DieFotografen_MG_057-e1558951982869.jpg\" rel=\"ilightbox[69f19dcea20565_60869973]\"><img width=\"580\" height=\"387\" src=\"https:\/\/www.chg.at\/wp-content\/uploads\/2019\/05\/DieFotografen_MG_057-580x387.jpg\" class=\"attachment-cmsmasters-project-masonry-thumb size-cmsmasters-project-masonry-thumb\" alt=\"\" loading=\"lazy\" srcset=\"https:\/\/www.chg.at\/wp-content\/uploads\/2019\/05\/DieFotografen_MG_057-e1558951982869.jpg 580w, https:\/\/www.chg.at\/wp-content\/uploads\/2019\/05\/DieFotografen_MG_057-300x200.jpg 300w, https:\/\/www.chg.at\/wp-content\/uploads\/2019\/05\/DieFotografen_MG_057-768x512.jpg 768w, https:\/\/www.chg.at\/wp-content\/uploads\/2019\/05\/DieFotografen_MG_057-1024x683.jpg 1024w, https:\/\/www.chg.at\/wp-content\/uploads\/2019\/05\/DieFotografen_MG_057-860x573.jpg 860w, https:\/\/www.chg.at\/wp-content\/uploads\/2019\/05\/DieFotografen_MG_057-1160x773.jpg 1160w\" sizes=\"(max-width: 580px) 100vw, 580px\" \/><\/a><\/figure><\/li><li class=\"cmsmasters_gallery_item\"><figure><a href=\"https:\/\/www.chg.at\/wp-content\/uploads\/2019\/05\/DieFotografen_MG_108-e1558951949754.jpg\" rel=\"ilightbox[69f19dcea20565_60869973]\"><img width=\"580\" height=\"387\" src=\"https:\/\/www.chg.at\/wp-content\/uploads\/2019\/05\/DieFotografen_MG_108-580x387.jpg\" class=\"attachment-cmsmasters-project-masonry-thumb size-cmsmasters-project-masonry-thumb\" alt=\"\" loading=\"lazy\" srcset=\"https:\/\/www.chg.at\/wp-content\/uploads\/2019\/05\/DieFotografen_MG_108-e1558951949754.jpg 580w, https:\/\/www.chg.at\/wp-content\/uploads\/2019\/05\/DieFotografen_MG_108-300x200.jpg 300w, https:\/\/www.chg.at\/wp-content\/uploads\/2019\/05\/DieFotografen_MG_108-768x512.jpg 768w, https:\/\/www.chg.at\/wp-content\/uploads\/2019\/05\/DieFotografen_MG_108-1024x683.jpg 1024w, https:\/\/www.chg.at\/wp-content\/uploads\/2019\/05\/DieFotografen_MG_108-860x573.jpg 860w, https:\/\/www.chg.at\/wp-content\/uploads\/2019\/05\/DieFotografen_MG_108-1160x773.jpg 1160w\" sizes=\"(max-width: 580px) 100vw, 580px\" \/><\/a><\/figure><\/li><li class=\"cmsmasters_gallery_item\"><figure><a href=\"https:\/\/www.chg.at\/wp-content\/uploads\/2019\/05\/DieFotografen_MG_077-e1558951969116.jpg\" rel=\"ilightbox[69f19dcea20565_60869973]\"><img width=\"580\" height=\"870\" src=\"https:\/\/www.chg.at\/wp-content\/uploads\/2019\/05\/DieFotografen_MG_077-580x870.jpg\" class=\"attachment-cmsmasters-project-masonry-thumb size-cmsmasters-project-masonry-thumb\" alt=\"\" loading=\"lazy\" srcset=\"https:\/\/www.chg.at\/wp-content\/uploads\/2019\/05\/DieFotografen_MG_077-e1558951969116.jpg 580w, https:\/\/www.chg.at\/wp-content\/uploads\/2019\/05\/DieFotografen_MG_077-200x300.jpg 200w, https:\/\/www.chg.at\/wp-content\/uploads\/2019\/05\/DieFotografen_MG_077-768x1152.jpg 768w, https:\/\/www.chg.at\/wp-content\/uploads\/2019\/05\/DieFotografen_MG_077-683x1024.jpg 683w, https:\/\/www.chg.at\/wp-content\/uploads\/2019\/05\/DieFotografen_MG_077-860x1290.jpg 860w, https:\/\/www.chg.at\/wp-content\/uploads\/2019\/05\/DieFotografen_MG_077-1160x1740.jpg 1160w\" sizes=\"(max-width: 580px) 100vw, 580px\" \/><\/a><\/figure><\/li><li class=\"cmsmasters_gallery_item\"><figure><a href=\"https:\/\/www.chg.at\/wp-content\/uploads\/2019\/05\/DieFotografen_MG_099-e1558951959838.jpg\" rel=\"ilightbox[69f19dcea20565_60869973]\"><img width=\"580\" height=\"870\" src=\"https:\/\/www.chg.at\/wp-content\/uploads\/2019\/05\/DieFotografen_MG_099-580x870.jpg\" class=\"attachment-cmsmasters-project-masonry-thumb size-cmsmasters-project-masonry-thumb\" alt=\"\" loading=\"lazy\" srcset=\"https:\/\/www.chg.at\/wp-content\/uploads\/2019\/05\/DieFotografen_MG_099-e1558951959838.jpg 580w, https:\/\/www.chg.at\/wp-content\/uploads\/2019\/05\/DieFotografen_MG_099-200x300.jpg 200w, https:\/\/www.chg.at\/wp-content\/uploads\/2019\/05\/DieFotografen_MG_099-768x1152.jpg 768w, https:\/\/www.chg.at\/wp-content\/uploads\/2019\/05\/DieFotografen_MG_099-683x1024.jpg 683w, https:\/\/www.chg.at\/wp-content\/uploads\/2019\/05\/DieFotografen_MG_099-860x1290.jpg 860w, https:\/\/www.chg.at\/wp-content\/uploads\/2019\/05\/DieFotografen_MG_099-1160x1740.jpg 1160w\" sizes=\"(max-width: 580px) 100vw, 580px\" \/><\/a><\/figure><\/li><li class=\"cmsmasters_gallery_item\"><figure><a href=\"https:\/\/www.chg.at\/wp-content\/uploads\/2019\/05\/DieFotografen_MG_125-e1558951938209.jpg\" rel=\"ilightbox[69f19dcea20565_60869973]\"><img width=\"580\" height=\"421\" src=\"https:\/\/www.chg.at\/wp-content\/uploads\/2019\/05\/DieFotografen_MG_125-580x421.jpg\" class=\"attachment-cmsmasters-project-masonry-thumb size-cmsmasters-project-masonry-thumb\" alt=\"\" loading=\"lazy\" srcset=\"https:\/\/www.chg.at\/wp-content\/uploads\/2019\/05\/DieFotografen_MG_125-e1558951938209.jpg 580w, https:\/\/www.chg.at\/wp-content\/uploads\/2019\/05\/DieFotografen_MG_125-300x218.jpg 300w, https:\/\/www.chg.at\/wp-content\/uploads\/2019\/05\/DieFotografen_MG_125-768x557.jpg 768w, https:\/\/www.chg.at\/wp-content\/uploads\/2019\/05\/DieFotografen_MG_125-1024x742.jpg 1024w, https:\/\/www.chg.at\/wp-content\/uploads\/2019\/05\/DieFotografen_MG_125-860x624.jpg 860w, https:\/\/www.chg.at\/wp-content\/uploads\/2019\/05\/DieFotografen_MG_125-1160x841.jpg 1160w\" sizes=\"(max-width: 580px) 100vw, 580px\" \/><\/a><\/figure><\/li><li class=\"cmsmasters_gallery_item\"><figure><a href=\"https:\/\/www.chg.at\/wp-content\/uploads\/2019\/05\/DieFotografen_MG_126-e1558951925472.jpg\" rel=\"ilightbox[69f19dcea20565_60869973]\"><img width=\"580\" height=\"387\" src=\"https:\/\/www.chg.at\/wp-content\/uploads\/2019\/05\/DieFotografen_MG_126-580x387.jpg\" class=\"attachment-cmsmasters-project-masonry-thumb size-cmsmasters-project-masonry-thumb\" alt=\"\" loading=\"lazy\" srcset=\"https:\/\/www.chg.at\/wp-content\/uploads\/2019\/05\/DieFotografen_MG_126-e1558951925472.jpg 580w, https:\/\/www.chg.at\/wp-content\/uploads\/2019\/05\/DieFotografen_MG_126-300x200.jpg 300w, https:\/\/www.chg.at\/wp-content\/uploads\/2019\/05\/DieFotografen_MG_126-768x512.jpg 768w, https:\/\/www.chg.at\/wp-content\/uploads\/2019\/05\/DieFotografen_MG_126-1024x683.jpg 1024w, https:\/\/www.chg.at\/wp-content\/uploads\/2019\/05\/DieFotografen_MG_126-860x573.jpg 860w, https:\/\/www.chg.at\/wp-content\/uploads\/2019\/05\/DieFotografen_MG_126-1160x773.jpg 1160w\" sizes=\"(max-width: 580px) 100vw, 580px\" \/><\/a><\/figure><\/li><li class=\"cmsmasters_gallery_item\"><figure><a href=\"https:\/\/www.chg.at\/wp-content\/uploads\/2019\/05\/DieFotografen_MG_140-e1558951913783.jpg\" rel=\"ilightbox[69f19dcea20565_60869973]\"><img width=\"580\" height=\"387\" src=\"https:\/\/www.chg.at\/wp-content\/uploads\/2019\/05\/DieFotografen_MG_140-580x387.jpg\" class=\"attachment-cmsmasters-project-masonry-thumb size-cmsmasters-project-masonry-thumb\" alt=\"\" loading=\"lazy\" srcset=\"https:\/\/www.chg.at\/wp-content\/uploads\/2019\/05\/DieFotografen_MG_140-e1558951913783.jpg 580w, https:\/\/www.chg.at\/wp-content\/uploads\/2019\/05\/DieFotografen_MG_140-300x200.jpg 300w, https:\/\/www.chg.at\/wp-content\/uploads\/2019\/05\/DieFotografen_MG_140-768x512.jpg 768w, https:\/\/www.chg.at\/wp-content\/uploads\/2019\/05\/DieFotografen_MG_140-1024x683.jpg 1024w, https:\/\/www.chg.at\/wp-content\/uploads\/2019\/05\/DieFotografen_MG_140-860x573.jpg 860w, https:\/\/www.chg.at\/wp-content\/uploads\/2019\/05\/DieFotografen_MG_140-1160x773.jpg 1160w\" sizes=\"(max-width: 580px) 100vw, 580px\" \/><\/a><\/figure><\/li><li class=\"cmsmasters_gallery_item\"><figure><a href=\"https:\/\/www.chg.at\/wp-content\/uploads\/2019\/05\/Flos_Jazz_Casino_2-e1558951901103.jpg\" rel=\"ilightbox[69f19dcea20565_60869973]\"><img width=\"580\" height=\"435\" src=\"https:\/\/www.chg.at\/wp-content\/uploads\/2019\/05\/Flos_Jazz_Casino_2-580x435.jpg\" class=\"attachment-cmsmasters-project-masonry-thumb size-cmsmasters-project-masonry-thumb\" alt=\"\" loading=\"lazy\" srcset=\"https:\/\/www.chg.at\/wp-content\/uploads\/2019\/05\/Flos_Jazz_Casino_2-e1558951901103.jpg 580w, https:\/\/www.chg.at\/wp-content\/uploads\/2019\/05\/Flos_Jazz_Casino_2-300x225.jpg 300w, https:\/\/www.chg.at\/wp-content\/uploads\/2019\/05\/Flos_Jazz_Casino_2-768x576.jpg 768w, https:\/\/www.chg.at\/wp-content\/uploads\/2019\/05\/Flos_Jazz_Casino_2-1024x768.jpg 1024w, https:\/\/www.chg.at\/wp-content\/uploads\/2019\/05\/Flos_Jazz_Casino_2-860x645.jpg 860w, https:\/\/www.chg.at\/wp-content\/uploads\/2019\/05\/Flos_Jazz_Casino_2-1160x870.jpg 1160w\" sizes=\"(max-width: 580px) 100vw, 580px\" \/><\/a><\/figure><\/li><li class=\"cmsmasters_gallery_item\"><figure><a href=\"https:\/\/www.chg.at\/wp-content\/uploads\/2019\/05\/4_DieFotografen_MG_029_Staggl-Huetz_Wachter_GStenico_P\u00f6ll-e1558951864296.jpg\" rel=\"ilightbox[69f19dcea20565_60869973]\"><img width=\"580\" height=\"387\" src=\"https:\/\/www.chg.at\/wp-content\/uploads\/2019\/05\/4_DieFotografen_MG_029_Staggl-Huetz_Wachter_GStenico_P\u00f6ll-580x387.jpg\" class=\"attachment-cmsmasters-project-masonry-thumb size-cmsmasters-project-masonry-thumb\" alt=\"\" loading=\"lazy\" srcset=\"https:\/\/www.chg.at\/wp-content\/uploads\/2019\/05\/4_DieFotografen_MG_029_Staggl-Huetz_Wachter_GStenico_P\u00f6ll-e1558951864296.jpg 580w, https:\/\/www.chg.at\/wp-content\/uploads\/2019\/05\/4_DieFotografen_MG_029_Staggl-Huetz_Wachter_GStenico_P\u00f6ll-300x200.jpg 300w, https:\/\/www.chg.at\/wp-content\/uploads\/2019\/05\/4_DieFotografen_MG_029_Staggl-Huetz_Wachter_GStenico_P\u00f6ll-768x512.jpg 768w, https:\/\/www.chg.at\/wp-content\/uploads\/2019\/05\/4_DieFotografen_MG_029_Staggl-Huetz_Wachter_GStenico_P\u00f6ll-1024x683.jpg 1024w, https:\/\/www.chg.at\/wp-content\/uploads\/2019\/05\/4_DieFotografen_MG_029_Staggl-Huetz_Wachter_GStenico_P\u00f6ll-860x573.jpg 860w, https:\/\/www.chg.at\/wp-content\/uploads\/2019\/05\/4_DieFotografen_MG_029_Staggl-Huetz_Wachter_GStenico_P\u00f6ll-1160x773.jpg 1160w\" sizes=\"(max-width: 580px) 100vw, 580px\" \/><\/a><\/figure><\/li><li class=\"cmsmasters_gallery_item\"><figure><a href=\"https:\/\/www.chg.at\/wp-content\/uploads\/2019\/05\/IMG_9689-e1558954244249.jpg\" rel=\"ilightbox[69f19dcea20565_60869973]\"><img width=\"580\" height=\"387\" src=\"https:\/\/www.chg.at\/wp-content\/uploads\/2019\/05\/IMG_9689-580x387.jpg\" class=\"attachment-cmsmasters-project-masonry-thumb size-cmsmasters-project-masonry-thumb\" alt=\"\" loading=\"lazy\" srcset=\"https:\/\/www.chg.at\/wp-content\/uploads\/2019\/05\/IMG_9689-e1558954244249.jpg 580w, https:\/\/www.chg.at\/wp-content\/uploads\/2019\/05\/IMG_9689-300x200.jpg 300w, https:\/\/www.chg.at\/wp-content\/uploads\/2019\/05\/IMG_9689-768x512.jpg 768w, https:\/\/www.chg.at\/wp-content\/uploads\/2019\/05\/IMG_9689-1024x683.jpg 1024w, https:\/\/www.chg.at\/wp-content\/uploads\/2019\/05\/IMG_9689-860x573.jpg 860w, https:\/\/www.chg.at\/wp-content\/uploads\/2019\/05\/IMG_9689-1160x773.jpg 1160w\" sizes=\"(max-width: 580px) 100vw, 580px\" \/><\/a><\/figure><\/li><li class=\"cmsmasters_gallery_item\"><figure><a href=\"https:\/\/www.chg.at\/wp-content\/uploads\/2019\/05\/IMG_9675-e1558954232760.jpg\" rel=\"ilightbox[69f19dcea20565_60869973]\"><img width=\"580\" height=\"387\" src=\"https:\/\/www.chg.at\/wp-content\/uploads\/2019\/05\/IMG_9675-580x387.jpg\" class=\"attachment-cmsmasters-project-masonry-thumb size-cmsmasters-project-masonry-thumb\" alt=\"\" loading=\"lazy\" srcset=\"https:\/\/www.chg.at\/wp-content\/uploads\/2019\/05\/IMG_9675-e1558954232760.jpg 580w, https:\/\/www.chg.at\/wp-content\/uploads\/2019\/05\/IMG_9675-300x200.jpg 300w, https:\/\/www.chg.at\/wp-content\/uploads\/2019\/05\/IMG_9675-768x512.jpg 768w, https:\/\/www.chg.at\/wp-content\/uploads\/2019\/05\/IMG_9675-1024x683.jpg 1024w, https:\/\/www.chg.at\/wp-content\/uploads\/2019\/05\/IMG_9675-860x573.jpg 860w, https:\/\/www.chg.at\/wp-content\/uploads\/2019\/05\/IMG_9675-1160x773.jpg 1160w\" sizes=\"(max-width: 580px) 100vw, 580px\" \/><\/a><\/figure><\/li><li class=\"cmsmasters_gallery_item\"><figure><a href=\"https:\/\/www.chg.at\/wp-content\/uploads\/2019\/05\/IMG_9662-e1558954213863.jpg\" rel=\"ilightbox[69f19dcea20565_60869973]\"><img width=\"580\" height=\"387\" src=\"https:\/\/www.chg.at\/wp-content\/uploads\/2019\/05\/IMG_9662-580x387.jpg\" class=\"attachment-cmsmasters-project-masonry-thumb size-cmsmasters-project-masonry-thumb\" alt=\"\" loading=\"lazy\" srcset=\"https:\/\/www.chg.at\/wp-content\/uploads\/2019\/05\/IMG_9662-e1558954213863.jpg 580w, https:\/\/www.chg.at\/wp-content\/uploads\/2019\/05\/IMG_9662-300x200.jpg 300w, https:\/\/www.chg.at\/wp-content\/uploads\/2019\/05\/IMG_9662-768x512.jpg 768w, https:\/\/www.chg.at\/wp-content\/uploads\/2019\/05\/IMG_9662-1024x683.jpg 1024w, https:\/\/www.chg.at\/wp-content\/uploads\/2019\/05\/IMG_9662-860x573.jpg 860w, https:\/\/www.chg.at\/wp-content\/uploads\/2019\/05\/IMG_9662-1160x773.jpg 1160w\" sizes=\"(max-width: 580px) 100vw, 580px\" \/><\/a><\/figure><\/li><li class=\"cmsmasters_gallery_item\"><figure><a href=\"https:\/\/www.chg.at\/wp-content\/uploads\/2019\/05\/IMG_9653-e1558953953978.jpg\" rel=\"ilightbox[69f19dcea20565_60869973]\"><img width=\"580\" height=\"387\" src=\"https:\/\/www.chg.at\/wp-content\/uploads\/2019\/05\/IMG_9653-580x387.jpg\" class=\"attachment-cmsmasters-project-masonry-thumb size-cmsmasters-project-masonry-thumb\" alt=\"\" loading=\"lazy\" srcset=\"https:\/\/www.chg.at\/wp-content\/uploads\/2019\/05\/IMG_9653-e1558953953978.jpg 580w, https:\/\/www.chg.at\/wp-content\/uploads\/2019\/05\/IMG_9653-300x200.jpg 300w, https:\/\/www.chg.at\/wp-content\/uploads\/2019\/05\/IMG_9653-768x512.jpg 768w, https:\/\/www.chg.at\/wp-content\/uploads\/2019\/05\/IMG_9653-1024x683.jpg 1024w, https:\/\/www.chg.at\/wp-content\/uploads\/2019\/05\/IMG_9653-860x573.jpg 860w, https:\/\/www.chg.at\/wp-content\/uploads\/2019\/05\/IMG_9653-1160x773.jpg 1160w\" sizes=\"(max-width: 580px) 100vw, 580px\" \/><\/a><\/figure><\/li><li class=\"cmsmasters_gallery_item\"><figure><a href=\"https:\/\/www.chg.at\/wp-content\/uploads\/2019\/05\/DieFotografen_MG_016_-Plattners_Schneider-e1558951508154.jpg\" rel=\"ilightbox[69f19dcea20565_60869973]\"><img width=\"580\" height=\"387\" src=\"https:\/\/www.chg.at\/wp-content\/uploads\/2019\/05\/DieFotografen_MG_016_-Plattners_Schneider-580x387.jpg\" class=\"attachment-cmsmasters-project-masonry-thumb size-cmsmasters-project-masonry-thumb\" alt=\"\" loading=\"lazy\" srcset=\"https:\/\/www.chg.at\/wp-content\/uploads\/2019\/05\/DieFotografen_MG_016_-Plattners_Schneider-e1558951508154.jpg 580w, https:\/\/www.chg.at\/wp-content\/uploads\/2019\/05\/DieFotografen_MG_016_-Plattners_Schneider-300x200.jpg 300w, https:\/\/www.chg.at\/wp-content\/uploads\/2019\/05\/DieFotografen_MG_016_-Plattners_Schneider-768x512.jpg 768w, https:\/\/www.chg.at\/wp-content\/uploads\/2019\/05\/DieFotografen_MG_016_-Plattners_Schneider-1024x683.jpg 1024w, https:\/\/www.chg.at\/wp-content\/uploads\/2019\/05\/DieFotografen_MG_016_-Plattners_Schneider-860x573.jpg 860w, https:\/\/www.chg.at\/wp-content\/uploads\/2019\/05\/DieFotografen_MG_016_-Plattners_Schneider-1160x773.jpg 1160w\" sizes=\"(max-width: 580px) 100vw, 580px\" \/><\/a><\/figure><\/li><li class=\"cmsmasters_gallery_item\"><figure><a href=\"https:\/\/www.chg.at\/wp-content\/uploads\/2019\/05\/DieFotografen_MG_003-e1558951848633.jpg\" rel=\"ilightbox[69f19dcea20565_60869973]\"><img width=\"580\" height=\"387\" src=\"https:\/\/www.chg.at\/wp-content\/uploads\/2019\/05\/DieFotografen_MG_003-580x387.jpg\" class=\"attachment-cmsmasters-project-masonry-thumb size-cmsmasters-project-masonry-thumb\" alt=\"\" loading=\"lazy\" srcset=\"https:\/\/www.chg.at\/wp-content\/uploads\/2019\/05\/DieFotografen_MG_003-e1558951848633.jpg 580w, https:\/\/www.chg.at\/wp-content\/uploads\/2019\/05\/DieFotografen_MG_003-300x200.jpg 300w, https:\/\/www.chg.at\/wp-content\/uploads\/2019\/05\/DieFotografen_MG_003-768x512.jpg 768w, https:\/\/www.chg.at\/wp-content\/uploads\/2019\/05\/DieFotografen_MG_003-1024x683.jpg 1024w, https:\/\/www.chg.at\/wp-content\/uploads\/2019\/05\/DieFotografen_MG_003-860x573.jpg 860w, https:\/\/www.chg.at\/wp-content\/uploads\/2019\/05\/DieFotografen_MG_003-1160x773.jpg 1160w\" sizes=\"(max-width: 580px) 100vw, 580px\" \/><\/a><\/figure><\/li><li class=\"cmsmasters_gallery_item\"><figure><a href=\"https:\/\/www.chg.at\/wp-content\/uploads\/2019\/05\/IMG_9650-e1558953938947.jpg\" rel=\"ilightbox[69f19dcea20565_60869973]\"><img width=\"580\" height=\"387\" src=\"https:\/\/www.chg.at\/wp-content\/uploads\/2019\/05\/IMG_9650-580x387.jpg\" class=\"attachment-cmsmasters-project-masonry-thumb size-cmsmasters-project-masonry-thumb\" alt=\"\" loading=\"lazy\" srcset=\"https:\/\/www.chg.at\/wp-content\/uploads\/2019\/05\/IMG_9650-e1558953938947.jpg 580w, https:\/\/www.chg.at\/wp-content\/uploads\/2019\/05\/IMG_9650-300x200.jpg 300w, https:\/\/www.chg.at\/wp-content\/uploads\/2019\/05\/IMG_9650-768x512.jpg 768w, https:\/\/www.chg.at\/wp-content\/uploads\/2019\/05\/IMG_9650-1024x683.jpg 1024w, https:\/\/www.chg.at\/wp-content\/uploads\/2019\/05\/IMG_9650-860x573.jpg 860w, https:\/\/www.chg.at\/wp-content\/uploads\/2019\/05\/IMG_9650-1160x773.jpg 1160w\" sizes=\"(max-width: 580px) 100vw, 580px\" \/><\/a><\/figure><\/li><\/ul><script type=\"text\/javascript\">\r\n\t\t\t\tjQuery(document).ready(function () {\r\n\t\t\t\t\t(function ($) {\r\n\t\t\t\t\t\tif ($('#cmsmasters_gallery_69f19dcea20565_60869973').find('.cmsmasters_gallery_item').length == '0') {\r\n\t\t\t\t\t\t\treturn false;\r\n\t\t\t\t\t\t}\r\n\t\t\t\t\t\t\r\n\t\t\t\t\t\t\r\n\t\t\t\t\t\tstartGallery( \r\n\t\t\t\t\t\t\t'69f19dcea20565_60869973', \r\n\t\t\t\t\t\t\t'grid', \r\n\t\t\t\t\t\t\t'false', \r\n\t\t\t\t\t\t\t'false'\r\n\t\t\t\t\t\t);\r\n\t\t\t\t\t} )(jQuery);\r\n\t\t\t\t} );\r\n\t\t\t<\/script>\r\n\t\t\t<\/div>\n<\/div>\n<\/div>\n<\/div>\n<\/div>\n<\/div>\n<\/div>\n\n","protected":false},"excerpt":{"rendered":"<p>CHG feiert mit Mandanten, Mitarbeitern und Wegbegleitern 20. Geburtstag<\/p>\n","protected":false},"author":3,"featured_media":10520,"comment_status":"closed","ping_status":"open","sticky":false,"template":"","format":"image","meta":{"inline_featured_image":false},"categories":[8,9,33],"tags":[],"yoast_head":"<!-- This site is optimized with the Yoast SEO plugin v19.8 - https:\/\/yoast.com\/wordpress\/plugins\/seo\/ -->\n<title>20 Jahre Kanzlei CHG Czernich Haidlen Gast &amp; Partner Wirtschaftsanw\u00e4lte<\/title>\n<meta name=\"description\" content=\"Wirtschaftskanzlei CHG feiert 20. Geburtstagstag mit einer Feier in der Paninothek am Bozner Platz. Musik von Flo&#039;s Jazz Casino.\" \/>\n<meta name=\"robots\" content=\"index, follow, max-snippet:-1, max-image-preview:large, max-video-preview:-1\" \/>\n<link rel=\"canonical\" href=\"https:\/\/www.chg.at\/en\/2019-05-23-chg-feiert-20-jahre-kanzlei\/\" \/>\n<meta property=\"og:locale\" content=\"en_US\" \/>\n<meta property=\"og:type\" content=\"article\" \/>\n<meta property=\"og:title\" content=\"CHG\" \/>\n<meta property=\"og:description\" content=\"CHG\" \/>\n<meta property=\"og:url\" content=\"https:\/\/www.chg.at\/en\/2019-05-23-chg-feiert-20-jahre-kanzlei\/\" \/>\n<meta property=\"og:site_name\" content=\"CHG Czernich Rechtsanw\u00e4lte \u2013 Wir bewegen Wirtschaft\" \/>\n<meta property=\"article:published_time\" content=\"2019-05-27T08:16:06+00:00\" \/>\n<meta property=\"article:modified_time\" content=\"2019-06-03T13:28:07+00:00\" \/>\n<meta property=\"og:image\" content=\"https:\/\/www.chg.at\/wp-content\/uploads\/2019\/05\/Anw\u00e4lte_FrReindl_WEB.jpg\" \/>\n\t<meta property=\"og:image:width\" content=\"1160\" \/>\n\t<meta property=\"og:image:height\" content=\"580\" \/>\n\t<meta property=\"og:image:type\" content=\"image\/jpeg\" \/>\n<meta name=\"author\" content=\"Diana B\u00f6hme\" \/>\n<meta name=\"twitter:card\" content=\"summary_large_image\" \/>\n<meta name=\"twitter:label1\" content=\"Written by\" \/>\n\t<meta name=\"twitter:data1\" content=\"Diana B\u00f6hme\" \/>\n\t<meta name=\"twitter:label2\" content=\"Est. reading time\" \/>\n\t<meta name=\"twitter:data2\" content=\"3 minutes\" \/>\n<script type=\"application\/ld+json\" class=\"yoast-schema-graph\">{\"@context\":\"https:\/\/schema.org\",\"@graph\":[{\"@type\":\"Article\",\"@id\":\"https:\/\/www.chg.at\/en\/2019-05-23-chg-feiert-20-jahre-kanzlei\/#article\",\"isPartOf\":{\"@id\":\"https:\/\/www.chg.at\/en\/2019-05-23-chg-feiert-20-jahre-kanzlei\/\"},\"author\":{\"name\":\"Diana B\u00f6hme\",\"@id\":\"https:\/\/www.chg.at\/en\/#\/schema\/person\/b3b2cd248a314cf8acc3db22217f03b4\"},\"headline\":\"20 Jahre CHG\",\"datePublished\":\"2019-05-27T08:16:06+00:00\",\"dateModified\":\"2019-06-03T13:28:07+00:00\",\"mainEntityOfPage\":{\"@id\":\"https:\/\/www.chg.at\/en\/2019-05-23-chg-feiert-20-jahre-kanzlei\/\"},\"wordCount\":571,\"publisher\":{\"@id\":\"https:\/\/www.chg.at\/en\/#organization\"},\"articleSection\":[\"CHG News\",\"Kanzlei\",\"Veranstaltung\"],\"inLanguage\":\"en-US\"},{\"@type\":\"WebPage\",\"@id\":\"https:\/\/www.chg.at\/en\/2019-05-23-chg-feiert-20-jahre-kanzlei\/\",\"url\":\"https:\/\/www.chg.at\/en\/2019-05-23-chg-feiert-20-jahre-kanzlei\/\",\"name\":\"20 Jahre Kanzlei CHG Czernich Haidlen Gast & Partner Wirtschaftsanw\u00e4lte\",\"isPartOf\":{\"@id\":\"https:\/\/www.chg.at\/en\/#website\"},\"datePublished\":\"2019-05-27T08:16:06+00:00\",\"dateModified\":\"2019-06-03T13:28:07+00:00\",\"description\":\"Wirtschaftskanzlei CHG feiert 20. Geburtstagstag mit einer Feier in der Paninothek am Bozner Platz. Musik von Flo's Jazz Casino.\",\"breadcrumb\":{\"@id\":\"https:\/\/www.chg.at\/en\/2019-05-23-chg-feiert-20-jahre-kanzlei\/#breadcrumb\"},\"inLanguage\":\"en-US\",\"potentialAction\":[{\"@type\":\"ReadAction\",\"target\":[\"https:\/\/www.chg.at\/en\/2019-05-23-chg-feiert-20-jahre-kanzlei\/\"]}]},{\"@type\":\"BreadcrumbList\",\"@id\":\"https:\/\/www.chg.at\/en\/2019-05-23-chg-feiert-20-jahre-kanzlei\/#breadcrumb\",\"itemListElement\":[{\"@type\":\"ListItem\",\"position\":1,\"name\":\"Startseite\",\"item\":\"https:\/\/www.chg.at\/en\/\"},{\"@type\":\"ListItem\",\"position\":2,\"name\":\"20 Jahre CHG\"}]},{\"@type\":\"WebSite\",\"@id\":\"https:\/\/www.chg.at\/en\/#website\",\"url\":\"https:\/\/www.chg.at\/en\/\",\"name\":\"CHG Czernich Rechtsanw\u00e4lte \u2013 Wir bewegen Wirtschaft\",\"description\":\"Wir sorgen f\u00fcr Klarheit, wenn es rechtlich kompliziert wird. In jeder Phase Ihrer Unternehmungen. Sie ergreifen die Chancen. Wir verwandeln Risiken in L\u00f6sungen.\",\"publisher\":{\"@id\":\"https:\/\/www.chg.at\/en\/#organization\"},\"potentialAction\":[{\"@type\":\"SearchAction\",\"target\":{\"@type\":\"EntryPoint\",\"urlTemplate\":\"https:\/\/www.chg.at\/en\/?s={search_term_string}\"},\"query-input\":\"required name=search_term_string\"}],\"inLanguage\":\"en-US\"},{\"@type\":\"Organization\",\"@id\":\"https:\/\/www.chg.at\/en\/#organization\",\"name\":\"CHG Czernich Rechtsanw\u00e4lte\",\"url\":\"https:\/\/www.chg.at\/en\/\",\"sameAs\":[\"https:\/\/www.linkedin.com\/company\/12773263\/admin\/dashboard\/\"],\"logo\":{\"@type\":\"ImageObject\",\"inLanguage\":\"en-US\",\"@id\":\"https:\/\/www.chg.at\/en\/#\/schema\/logo\/image\/\",\"url\":\"https:\/\/www.chg.at\/wp-content\/uploads\/2016\/08\/CHG_logo_250_1.png\",\"contentUrl\":\"https:\/\/www.chg.at\/wp-content\/uploads\/2016\/08\/CHG_logo_250_1.png\",\"width\":250,\"height\":33,\"caption\":\"CHG Czernich Rechtsanw\u00e4lte\"},\"image\":{\"@id\":\"https:\/\/www.chg.at\/en\/#\/schema\/logo\/image\/\"}},{\"@type\":\"Person\",\"@id\":\"https:\/\/www.chg.at\/en\/#\/schema\/person\/b3b2cd248a314cf8acc3db22217f03b4\",\"name\":\"Diana B\u00f6hme\"}]}<\/script>\n<!-- \/ Yoast SEO plugin. -->","yoast_head_json":{"title":"20 Jahre Kanzlei CHG Czernich Haidlen Gast & Partner Wirtschaftsanw\u00e4lte","description":"Wirtschaftskanzlei CHG feiert 20. Geburtstagstag mit einer Feier in der Paninothek am Bozner Platz. Musik von Flo's Jazz Casino.","robots":{"index":"index","follow":"follow","max-snippet":"max-snippet:-1","max-image-preview":"max-image-preview:large","max-video-preview":"max-video-preview:-1"},"canonical":"https:\/\/www.chg.at\/en\/2019-05-23-chg-feiert-20-jahre-kanzlei\/","og_locale":"en_US","og_type":"article","og_title":"CHG","og_description":"CHG","og_url":"https:\/\/www.chg.at\/en\/2019-05-23-chg-feiert-20-jahre-kanzlei\/","og_site_name":"CHG Czernich Rechtsanw\u00e4lte \u2013 Wir bewegen Wirtschaft","article_published_time":"2019-05-27T08:16:06+00:00","article_modified_time":"2019-06-03T13:28:07+00:00","og_image":[{"width":1160,"height":580,"url":"https:\/\/www.chg.at\/wp-content\/uploads\/2019\/05\/Anw\u00e4lte_FrReindl_WEB.jpg","type":"image\/jpeg"}],"author":"Diana B\u00f6hme","twitter_card":"summary_large_image","twitter_misc":{"Written by":"Diana B\u00f6hme","Est. reading time":"3 minutes"},"schema":{"@context":"https:\/\/schema.org","@graph":[{"@type":"Article","@id":"https:\/\/www.chg.at\/en\/2019-05-23-chg-feiert-20-jahre-kanzlei\/#article","isPartOf":{"@id":"https:\/\/www.chg.at\/en\/2019-05-23-chg-feiert-20-jahre-kanzlei\/"},"author":{"name":"Diana B\u00f6hme","@id":"https:\/\/www.chg.at\/en\/#\/schema\/person\/b3b2cd248a314cf8acc3db22217f03b4"},"headline":"20 Jahre CHG","datePublished":"2019-05-27T08:16:06+00:00","dateModified":"2019-06-03T13:28:07+00:00","mainEntityOfPage":{"@id":"https:\/\/www.chg.at\/en\/2019-05-23-chg-feiert-20-jahre-kanzlei\/"},"wordCount":571,"publisher":{"@id":"https:\/\/www.chg.at\/en\/#organization"},"articleSection":["CHG News","Kanzlei","Veranstaltung"],"inLanguage":"en-US"},{"@type":"WebPage","@id":"https:\/\/www.chg.at\/en\/2019-05-23-chg-feiert-20-jahre-kanzlei\/","url":"https:\/\/www.chg.at\/en\/2019-05-23-chg-feiert-20-jahre-kanzlei\/","name":"20 Jahre Kanzlei CHG Czernich Haidlen Gast & Partner Wirtschaftsanw\u00e4lte","isPartOf":{"@id":"https:\/\/www.chg.at\/en\/#website"},"datePublished":"2019-05-27T08:16:06+00:00","dateModified":"2019-06-03T13:28:07+00:00","description":"Wirtschaftskanzlei CHG feiert 20. Geburtstagstag mit einer Feier in der Paninothek am Bozner Platz. Musik von Flo's Jazz Casino.","breadcrumb":{"@id":"https:\/\/www.chg.at\/en\/2019-05-23-chg-feiert-20-jahre-kanzlei\/#breadcrumb"},"inLanguage":"en-US","potentialAction":[{"@type":"ReadAction","target":["https:\/\/www.chg.at\/en\/2019-05-23-chg-feiert-20-jahre-kanzlei\/"]}]},{"@type":"BreadcrumbList","@id":"https:\/\/www.chg.at\/en\/2019-05-23-chg-feiert-20-jahre-kanzlei\/#breadcrumb","itemListElement":[{"@type":"ListItem","position":1,"name":"Startseite","item":"https:\/\/www.chg.at\/en\/"},{"@type":"ListItem","position":2,"name":"20 Jahre CHG"}]},{"@type":"WebSite","@id":"https:\/\/www.chg.at\/en\/#website","url":"https:\/\/www.chg.at\/en\/","name":"CHG Czernich Rechtsanw\u00e4lte \u2013 Wir bewegen Wirtschaft","description":"Wir sorgen f\u00fcr Klarheit, wenn es rechtlich kompliziert wird. In jeder Phase Ihrer Unternehmungen. Sie ergreifen die Chancen. Wir verwandeln Risiken in L\u00f6sungen.","publisher":{"@id":"https:\/\/www.chg.at\/en\/#organization"},"potentialAction":[{"@type":"SearchAction","target":{"@type":"EntryPoint","urlTemplate":"https:\/\/www.chg.at\/en\/?s={search_term_string}"},"query-input":"required name=search_term_string"}],"inLanguage":"en-US"},{"@type":"Organization","@id":"https:\/\/www.chg.at\/en\/#organization","name":"CHG Czernich Rechtsanw\u00e4lte","url":"https:\/\/www.chg.at\/en\/","sameAs":["https:\/\/www.linkedin.com\/company\/12773263\/admin\/dashboard\/"],"logo":{"@type":"ImageObject","inLanguage":"en-US","@id":"https:\/\/www.chg.at\/en\/#\/schema\/logo\/image\/","url":"https:\/\/www.chg.at\/wp-content\/uploads\/2016\/08\/CHG_logo_250_1.png","contentUrl":"https:\/\/www.chg.at\/wp-content\/uploads\/2016\/08\/CHG_logo_250_1.png","width":250,"height":33,"caption":"CHG Czernich Rechtsanw\u00e4lte"},"image":{"@id":"https:\/\/www.chg.at\/en\/#\/schema\/logo\/image\/"}},{"@type":"Person","@id":"https:\/\/www.chg.at\/en\/#\/schema\/person\/b3b2cd248a314cf8acc3db22217f03b4","name":"Diana B\u00f6hme"}]}},"_links":{"self":[{"href":"https:\/\/www.chg.at\/en\/wp-json\/wp\/v2\/posts\/10517"}],"collection":[{"href":"https:\/\/www.chg.at\/en\/wp-json\/wp\/v2\/posts"}],"about":[{"href":"https:\/\/www.chg.at\/en\/wp-json\/wp\/v2\/types\/post"}],"author":[{"embeddable":true,"href":"https:\/\/www.chg.at\/en\/wp-json\/wp\/v2\/users\/3"}],"replies":[{"embeddable":true,"href":"https:\/\/www.chg.at\/en\/wp-json\/wp\/v2\/comments?post=10517"}],"version-history":[{"count":10,"href":"https:\/\/www.chg.at\/en\/wp-json\/wp\/v2\/posts\/10517\/revisions"}],"predecessor-version":[{"id":10579,"href":"https:\/\/www.chg.at\/en\/wp-json\/wp\/v2\/posts\/10517\/revisions\/10579"}],"wp:featuredmedia":[{"embeddable":true,"href":"https:\/\/www.chg.at\/en\/wp-json\/wp\/v2\/media\/10520"}],"wp:attachment":[{"href":"https:\/\/www.chg.at\/en\/wp-json\/wp\/v2\/media?parent=10517"}],"wp:term":[{"taxonomy":"category","embeddable":true,"href":"https:\/\/www.chg.at\/en\/wp-json\/wp\/v2\/categories?post=10517"},{"taxonomy":"post_tag","embeddable":true,"href":"https:\/\/www.chg.at\/en\/wp-json\/wp\/v2\/tags?post=10517"}],"curies":[{"name":"wp","href":"https:\/\/api.w.org\/{rel}","templated":true}]}}