{"id":10874,"date":"2019-10-17T12:36:14","date_gmt":"2019-10-17T10:36:14","guid":{"rendered":"https:\/\/www.chg.at\/?p=10874"},"modified":"2019-10-21T09:31:29","modified_gmt":"2019-10-21T07:31:29","slug":"einladung-chg-immobilienrechtsgespraeche","status":"publish","type":"post","link":"https:\/\/www.chg.at\/en\/einladung-chg-immobilienrechtsgespraeche\/","title":{"rendered":"Einladung: CHG Immobilienrechtsgespr\u00e4che"},"content":{"rendered":"<style type=\"text\/css\"> \n#cmsmasters_row_69f2be190d3fe2_10691403 .cmsmasters_row_outer_parent { \n\tpadding-top: 0px; \n} \n\n#cmsmasters_row_69f2be190d3fe2_10691403 .cmsmasters_row_outer_parent { \n\tpadding-bottom: 50px; \n} \n\n<\/style><div id=\"cmsmasters_row_69f2be190d3fe2_10691403\" class=\"cmsmasters_row cmsmasters_color_scheme_default cmsmasters_row_top_default cmsmasters_row_bot_default cmsmasters_row_boxed\">\n<div class=\"cmsmasters_row_outer_parent\">\n<div class=\"cmsmasters_row_outer\">\n<div class=\"cmsmasters_row_inner\">\n<div class=\"cmsmasters_row_margin\">\n<div class=\"cmsmasters_column one_first\">\n<div class=\"cmsmasters_text\">\n<h1 style=\"text-align: left;\">Veranstaltungshinweis: CHG Immobilienrechtsgespr\u00e4che<\/h1>\n<h3 style=\"text-align: left;\"><span style=\"color: #d43555;\">Einladung zum Vortrag mit Andreas Vonkilch<br \/>\n<\/span><\/h3>\n<p>Wir laden ein zu einer Vortrags- und Gespr\u00e4chsrunde\u00a0zu aktuellen Entwicklungen im Immobilienrecht. Den Hauptvortrag h\u00e4lt Immobilienrechtsexperte Andreas Vonkilch zum Thema &#8220;Das WEG, die Gew\u00e4hrleistung und der Bautr\u00e4ger&#8221;. CHG-Anwalt Dr. <a href=\"https:\/\/www.chg.at\/profile\/daniel-tamerl\/\">Daniel Tamerl<\/a> stellt den Status Quo beim &#8220;Zubeh\u00f6r-Wohnungseigentum&#8221; vor. Im Anschluss an die Vortr\u00e4ge ist Zeit f\u00fcr Diskussionen und bei einem kleinen Umtrunk besteht die M\u00f6glichkeit, sich mit den Referenten und Kolleginnen und Kollegen aus der Immobilienwirtschaft auszutauschen.<\/p>\n<p><strong>Termin: \u00a0 \u00a0<\/strong>Mittwoch, 13. November 2019, 16:30 Uhr bis ca. 19 Uhr<\/p>\n<p><strong>Ort:\u00a0\u00a0\u00a0\u00a0\u00a0\u00a0\u00a0\u00a0\u00a0 <\/strong>Kanzlei CHG Czernich Rechtsanw\u00e4lte, Bozner Platz 4, 6020 Innbruck, 2. Stock<\/p>\n<p><strong>Programm<\/strong>:<\/p>\n<ul>\n<li style=\"padding-left: 60px;\">Begr\u00fc\u00dfung und Er\u00f6ffnung durch RA Dr. Christoph Haidlen, CHG Czernich Rechtsanw\u00e4lte<\/li>\n<li style=\"padding-left: 60px;\">Zubeh\u00f6r-Wohnungseigentum &#8211; Status Quo. Vortrag von RA Dr. Daniel Tamerl,\u00a0CHG Czernich Rechtsanw\u00e4lte<\/li>\n<li style=\"padding-left: 60px;\">Das WEG, die Gew\u00e4hrleistung und der Bautr\u00e4ger. Vortrag von Univ.-Prof. Dr. Andreas Vonkilch<\/li>\n<li style=\"padding-left: 60px;\">Diskussion<\/li>\n<li style=\"padding-left: 60px;\">Schlusswort durch RA Dr. Christoph Haidlen, CHG Czernich Rechtsanw\u00e4lte<\/li>\n<li style=\"padding-left: 60px;\">Im Anschluss laden wir zu einem kleinen Umtrunk ein.<\/li>\n<\/ul>\n<p><strong>Unkostenbeitrag:\u00a0\u00a0\u00a0\u00a0\u00a0\u00a0\u00a0\u00a0\u00a0 <\/strong>50 Euro zuz\u00fcglich 20 % USt<\/p>\n<p>Wir ersuchen um <strong>Anmeldung<\/strong> bis Montag, 4. November 2019 per E-Mail an <a href=\"mailto:innsbruck@chg.at\">innsbruck@chg.at<\/a><\/p>\n<p>Weitere Informationen zu den Vortragenden und zur Veranstaltung finden Sie <a href=\"https:\/\/www.chg.at\/wp-content\/uploads\/2019\/10\/20191113_CHG_Einladung-Immobilienrecht-MAIL.pdf\">hier.<\/a><\/p>\n<\/div>\n<\/div>\n<\/div>\n<\/div>\n<\/div>\n<\/div>\n<\/div>\n\n","protected":false},"excerpt":{"rendered":"<p>Mit Vortrag von Immobilienrechtsexperten Andreas Vonkilch<\/p>\n","protected":false},"author":3,"featured_media":9421,"comment_status":"closed","ping_status":"open","sticky":false,"template":"","format":"image","meta":{"inline_featured_image":false},"categories":[8,9,33],"tags":[],"yoast_head":"<!-- This site is optimized with the Yoast SEO plugin v19.8 - https:\/\/yoast.com\/wordpress\/plugins\/seo\/ -->\n<title>CHG Immobilienrechtsgespr\u00e4che mit Vortrag von Andreas Vonkilch<\/title>\n<meta name=\"description\" content=\"CHG Czernich Rechtsanw\u00e4lte, 13.11.2019 Vortrag von Andreas Vonkilch zu WEG, Gew\u00e4hrleistung, Bautr\u00e4ger, Zubeh\u00f6rproblematik, CHG-Anwalt Daniel Tamerl\" \/>\n<meta name=\"robots\" content=\"index, follow, max-snippet:-1, max-image-preview:large, max-video-preview:-1\" \/>\n<link rel=\"canonical\" href=\"https:\/\/www.chg.at\/en\/einladung-chg-immobilienrechtsgespraeche\/\" \/>\n<meta property=\"og:locale\" content=\"en_US\" \/>\n<meta property=\"og:type\" content=\"article\" \/>\n<meta property=\"og:title\" content=\"CHG\" \/>\n<meta property=\"og:description\" content=\"CHG\" \/>\n<meta property=\"og:url\" content=\"https:\/\/www.chg.at\/en\/einladung-chg-immobilienrechtsgespraeche\/\" \/>\n<meta property=\"og:site_name\" content=\"CHG Czernich Rechtsanw\u00e4lte \u2013 Wir bewegen Wirtschaft\" \/>\n<meta property=\"article:published_time\" content=\"2019-10-17T10:36:14+00:00\" \/>\n<meta property=\"article:modified_time\" content=\"2019-10-21T07:31:29+00:00\" \/>\n<meta property=\"og:image\" content=\"https:\/\/www.chg.at\/wp-content\/uploads\/2018\/02\/chg-neuigkeiten-54-18.jpg\" \/>\n\t<meta property=\"og:image:width\" content=\"1160\" \/>\n\t<meta property=\"og:image:height\" content=\"580\" \/>\n\t<meta property=\"og:image:type\" content=\"image\/jpeg\" \/>\n<meta name=\"author\" content=\"Diana B\u00f6hme\" \/>\n<meta name=\"twitter:card\" content=\"summary_large_image\" \/>\n<meta name=\"twitter:label1\" content=\"Written by\" \/>\n\t<meta name=\"twitter:data1\" content=\"Diana B\u00f6hme\" \/>\n\t<meta name=\"twitter:label2\" content=\"Est. reading time\" \/>\n\t<meta name=\"twitter:data2\" content=\"1 minute\" \/>\n<script type=\"application\/ld+json\" class=\"yoast-schema-graph\">{\"@context\":\"https:\/\/schema.org\",\"@graph\":[{\"@type\":\"Article\",\"@id\":\"https:\/\/www.chg.at\/en\/einladung-chg-immobilienrechtsgespraeche\/#article\",\"isPartOf\":{\"@id\":\"https:\/\/www.chg.at\/en\/einladung-chg-immobilienrechtsgespraeche\/\"},\"author\":{\"name\":\"Diana B\u00f6hme\",\"@id\":\"https:\/\/www.chg.at\/en\/#\/schema\/person\/b3b2cd248a314cf8acc3db22217f03b4\"},\"headline\":\"Einladung: CHG Immobilienrechtsgespr\u00e4che\",\"datePublished\":\"2019-10-17T10:36:14+00:00\",\"dateModified\":\"2019-10-21T07:31:29+00:00\",\"mainEntityOfPage\":{\"@id\":\"https:\/\/www.chg.at\/en\/einladung-chg-immobilienrechtsgespraeche\/\"},\"wordCount\":257,\"publisher\":{\"@id\":\"https:\/\/www.chg.at\/en\/#organization\"},\"articleSection\":[\"CHG News\",\"Kanzlei\",\"Veranstaltung\"],\"inLanguage\":\"en-US\"},{\"@type\":\"WebPage\",\"@id\":\"https:\/\/www.chg.at\/en\/einladung-chg-immobilienrechtsgespraeche\/\",\"url\":\"https:\/\/www.chg.at\/en\/einladung-chg-immobilienrechtsgespraeche\/\",\"name\":\"CHG Immobilienrechtsgespr\u00e4che mit Vortrag von Andreas Vonkilch\",\"isPartOf\":{\"@id\":\"https:\/\/www.chg.at\/en\/#website\"},\"datePublished\":\"2019-10-17T10:36:14+00:00\",\"dateModified\":\"2019-10-21T07:31:29+00:00\",\"description\":\"CHG Czernich Rechtsanw\u00e4lte, 13.11.2019 Vortrag von Andreas Vonkilch zu WEG, Gew\u00e4hrleistung, Bautr\u00e4ger, Zubeh\u00f6rproblematik, CHG-Anwalt Daniel Tamerl\",\"breadcrumb\":{\"@id\":\"https:\/\/www.chg.at\/en\/einladung-chg-immobilienrechtsgespraeche\/#breadcrumb\"},\"inLanguage\":\"en-US\",\"potentialAction\":[{\"@type\":\"ReadAction\",\"target\":[\"https:\/\/www.chg.at\/en\/einladung-chg-immobilienrechtsgespraeche\/\"]}]},{\"@type\":\"BreadcrumbList\",\"@id\":\"https:\/\/www.chg.at\/en\/einladung-chg-immobilienrechtsgespraeche\/#breadcrumb\",\"itemListElement\":[{\"@type\":\"ListItem\",\"position\":1,\"name\":\"Startseite\",\"item\":\"https:\/\/www.chg.at\/en\/\"},{\"@type\":\"ListItem\",\"position\":2,\"name\":\"Einladung: CHG Immobilienrechtsgespr\u00e4che\"}]},{\"@type\":\"WebSite\",\"@id\":\"https:\/\/www.chg.at\/en\/#website\",\"url\":\"https:\/\/www.chg.at\/en\/\",\"name\":\"CHG Czernich Rechtsanw\u00e4lte \u2013 Wir bewegen Wirtschaft\",\"description\":\"Wir sorgen f\u00fcr Klarheit, wenn es rechtlich kompliziert wird. In jeder Phase Ihrer Unternehmungen. Sie ergreifen die Chancen. Wir verwandeln Risiken in L\u00f6sungen.\",\"publisher\":{\"@id\":\"https:\/\/www.chg.at\/en\/#organization\"},\"potentialAction\":[{\"@type\":\"SearchAction\",\"target\":{\"@type\":\"EntryPoint\",\"urlTemplate\":\"https:\/\/www.chg.at\/en\/?s={search_term_string}\"},\"query-input\":\"required name=search_term_string\"}],\"inLanguage\":\"en-US\"},{\"@type\":\"Organization\",\"@id\":\"https:\/\/www.chg.at\/en\/#organization\",\"name\":\"CHG Czernich Rechtsanw\u00e4lte\",\"url\":\"https:\/\/www.chg.at\/en\/\",\"sameAs\":[\"https:\/\/www.linkedin.com\/company\/12773263\/admin\/dashboard\/\"],\"logo\":{\"@type\":\"ImageObject\",\"inLanguage\":\"en-US\",\"@id\":\"https:\/\/www.chg.at\/en\/#\/schema\/logo\/image\/\",\"url\":\"https:\/\/www.chg.at\/wp-content\/uploads\/2016\/08\/CHG_logo_250_1.png\",\"contentUrl\":\"https:\/\/www.chg.at\/wp-content\/uploads\/2016\/08\/CHG_logo_250_1.png\",\"width\":250,\"height\":33,\"caption\":\"CHG Czernich Rechtsanw\u00e4lte\"},\"image\":{\"@id\":\"https:\/\/www.chg.at\/en\/#\/schema\/logo\/image\/\"}},{\"@type\":\"Person\",\"@id\":\"https:\/\/www.chg.at\/en\/#\/schema\/person\/b3b2cd248a314cf8acc3db22217f03b4\",\"name\":\"Diana B\u00f6hme\"}]}<\/script>\n<!-- \/ Yoast SEO plugin. -->","yoast_head_json":{"title":"CHG Immobilienrechtsgespr\u00e4che mit Vortrag von Andreas Vonkilch","description":"CHG Czernich Rechtsanw\u00e4lte, 13.11.2019 Vortrag von Andreas Vonkilch zu WEG, Gew\u00e4hrleistung, Bautr\u00e4ger, Zubeh\u00f6rproblematik, CHG-Anwalt Daniel Tamerl","robots":{"index":"index","follow":"follow","max-snippet":"max-snippet:-1","max-image-preview":"max-image-preview:large","max-video-preview":"max-video-preview:-1"},"canonical":"https:\/\/www.chg.at\/en\/einladung-chg-immobilienrechtsgespraeche\/","og_locale":"en_US","og_type":"article","og_title":"CHG","og_description":"CHG","og_url":"https:\/\/www.chg.at\/en\/einladung-chg-immobilienrechtsgespraeche\/","og_site_name":"CHG Czernich Rechtsanw\u00e4lte \u2013 Wir bewegen Wirtschaft","article_published_time":"2019-10-17T10:36:14+00:00","article_modified_time":"2019-10-21T07:31:29+00:00","og_image":[{"width":1160,"height":580,"url":"https:\/\/www.chg.at\/wp-content\/uploads\/2018\/02\/chg-neuigkeiten-54-18.jpg","type":"image\/jpeg"}],"author":"Diana B\u00f6hme","twitter_card":"summary_large_image","twitter_misc":{"Written by":"Diana B\u00f6hme","Est. reading time":"1 minute"},"schema":{"@context":"https:\/\/schema.org","@graph":[{"@type":"Article","@id":"https:\/\/www.chg.at\/en\/einladung-chg-immobilienrechtsgespraeche\/#article","isPartOf":{"@id":"https:\/\/www.chg.at\/en\/einladung-chg-immobilienrechtsgespraeche\/"},"author":{"name":"Diana B\u00f6hme","@id":"https:\/\/www.chg.at\/en\/#\/schema\/person\/b3b2cd248a314cf8acc3db22217f03b4"},"headline":"Einladung: CHG Immobilienrechtsgespr\u00e4che","datePublished":"2019-10-17T10:36:14+00:00","dateModified":"2019-10-21T07:31:29+00:00","mainEntityOfPage":{"@id":"https:\/\/www.chg.at\/en\/einladung-chg-immobilienrechtsgespraeche\/"},"wordCount":257,"publisher":{"@id":"https:\/\/www.chg.at\/en\/#organization"},"articleSection":["CHG News","Kanzlei","Veranstaltung"],"inLanguage":"en-US"},{"@type":"WebPage","@id":"https:\/\/www.chg.at\/en\/einladung-chg-immobilienrechtsgespraeche\/","url":"https:\/\/www.chg.at\/en\/einladung-chg-immobilienrechtsgespraeche\/","name":"CHG Immobilienrechtsgespr\u00e4che mit Vortrag von Andreas Vonkilch","isPartOf":{"@id":"https:\/\/www.chg.at\/en\/#website"},"datePublished":"2019-10-17T10:36:14+00:00","dateModified":"2019-10-21T07:31:29+00:00","description":"CHG Czernich Rechtsanw\u00e4lte, 13.11.2019 Vortrag von Andreas Vonkilch zu WEG, Gew\u00e4hrleistung, Bautr\u00e4ger, Zubeh\u00f6rproblematik, CHG-Anwalt Daniel Tamerl","breadcrumb":{"@id":"https:\/\/www.chg.at\/en\/einladung-chg-immobilienrechtsgespraeche\/#breadcrumb"},"inLanguage":"en-US","potentialAction":[{"@type":"ReadAction","target":["https:\/\/www.chg.at\/en\/einladung-chg-immobilienrechtsgespraeche\/"]}]},{"@type":"BreadcrumbList","@id":"https:\/\/www.chg.at\/en\/einladung-chg-immobilienrechtsgespraeche\/#breadcrumb","itemListElement":[{"@type":"ListItem","position":1,"name":"Startseite","item":"https:\/\/www.chg.at\/en\/"},{"@type":"ListItem","position":2,"name":"Einladung: CHG Immobilienrechtsgespr\u00e4che"}]},{"@type":"WebSite","@id":"https:\/\/www.chg.at\/en\/#website","url":"https:\/\/www.chg.at\/en\/","name":"CHG Czernich Rechtsanw\u00e4lte \u2013 Wir bewegen Wirtschaft","description":"Wir sorgen f\u00fcr Klarheit, wenn es rechtlich kompliziert wird. In jeder Phase Ihrer Unternehmungen. Sie ergreifen die Chancen. Wir verwandeln Risiken in L\u00f6sungen.","publisher":{"@id":"https:\/\/www.chg.at\/en\/#organization"},"potentialAction":[{"@type":"SearchAction","target":{"@type":"EntryPoint","urlTemplate":"https:\/\/www.chg.at\/en\/?s={search_term_string}"},"query-input":"required name=search_term_string"}],"inLanguage":"en-US"},{"@type":"Organization","@id":"https:\/\/www.chg.at\/en\/#organization","name":"CHG Czernich Rechtsanw\u00e4lte","url":"https:\/\/www.chg.at\/en\/","sameAs":["https:\/\/www.linkedin.com\/company\/12773263\/admin\/dashboard\/"],"logo":{"@type":"ImageObject","inLanguage":"en-US","@id":"https:\/\/www.chg.at\/en\/#\/schema\/logo\/image\/","url":"https:\/\/www.chg.at\/wp-content\/uploads\/2016\/08\/CHG_logo_250_1.png","contentUrl":"https:\/\/www.chg.at\/wp-content\/uploads\/2016\/08\/CHG_logo_250_1.png","width":250,"height":33,"caption":"CHG Czernich Rechtsanw\u00e4lte"},"image":{"@id":"https:\/\/www.chg.at\/en\/#\/schema\/logo\/image\/"}},{"@type":"Person","@id":"https:\/\/www.chg.at\/en\/#\/schema\/person\/b3b2cd248a314cf8acc3db22217f03b4","name":"Diana B\u00f6hme"}]}},"_links":{"self":[{"href":"https:\/\/www.chg.at\/en\/wp-json\/wp\/v2\/posts\/10874"}],"collection":[{"href":"https:\/\/www.chg.at\/en\/wp-json\/wp\/v2\/posts"}],"about":[{"href":"https:\/\/www.chg.at\/en\/wp-json\/wp\/v2\/types\/post"}],"author":[{"embeddable":true,"href":"https:\/\/www.chg.at\/en\/wp-json\/wp\/v2\/users\/3"}],"replies":[{"embeddable":true,"href":"https:\/\/www.chg.at\/en\/wp-json\/wp\/v2\/comments?post=10874"}],"version-history":[{"count":7,"href":"https:\/\/www.chg.at\/en\/wp-json\/wp\/v2\/posts\/10874\/revisions"}],"predecessor-version":[{"id":10887,"href":"https:\/\/www.chg.at\/en\/wp-json\/wp\/v2\/posts\/10874\/revisions\/10887"}],"wp:featuredmedia":[{"embeddable":true,"href":"https:\/\/www.chg.at\/en\/wp-json\/wp\/v2\/media\/9421"}],"wp:attachment":[{"href":"https:\/\/www.chg.at\/en\/wp-json\/wp\/v2\/media?parent=10874"}],"wp:term":[{"taxonomy":"category","embeddable":true,"href":"https:\/\/www.chg.at\/en\/wp-json\/wp\/v2\/categories?post=10874"},{"taxonomy":"post_tag","embeddable":true,"href":"https:\/\/www.chg.at\/en\/wp-json\/wp\/v2\/tags?post=10874"}],"curies":[{"name":"wp","href":"https:\/\/api.w.org\/{rel}","templated":true}]}}