{"id":11097,"date":"2019-11-18T10:23:51","date_gmt":"2019-11-18T09:23:51","guid":{"rendered":"https:\/\/www.chg.at\/?p=11097"},"modified":"2019-11-28T08:52:48","modified_gmt":"2019-11-28T07:52:48","slug":"20191113-chg-immobilienrechtsgespraeche-mit-andreas-vonkilch","status":"publish","type":"post","link":"https:\/\/www.chg.at\/en\/20191113-chg-immobilienrechtsgespraeche-mit-andreas-vonkilch\/","title":{"rendered":"CHG Immobilienrechtsgespr\u00e4che mit Andreas Vonkilch"},"content":{"rendered":"<style type=\"text\/css\"> \n#cmsmasters_row_69f2bd504d75f4_05797277 .cmsmasters_row_outer_parent { \n\tpadding-top: 0px; \n} \n\n#cmsmasters_row_69f2bd504d75f4_05797277 .cmsmasters_row_outer_parent { \n\tpadding-bottom: 0px; \n} \n\n\r\n\t\t\t\t#cmsmasters_gallery_69f2bd504d9113_08544949 .cmsmasters_gallery {\r\n\t\t\t\t\tmargin:0 0 0 -10px;\r\n\t\t\t\t}\r\n\t\t\t\t\r\n\t\t\t\t#cmsmasters_gallery_69f2bd504d9113_08544949 .cmsmasters_gallery .cmsmasters_gallery_item {\r\n\t\t\t\t\tpadding:0 0 10px 10px;\r\n\t\t\t\t}\r\n\t\t\t<\/style><div id=\"cmsmasters_row_69f2bd504d75f4_05797277\" class=\"cmsmasters_row cmsmasters_color_scheme_default cmsmasters_row_top_default cmsmasters_row_bot_default cmsmasters_row_boxed\">\n<div class=\"cmsmasters_row_outer_parent\">\n<div class=\"cmsmasters_row_outer\">\n<div class=\"cmsmasters_row_inner\">\n<div class=\"cmsmasters_row_margin\">\n<div class=\"cmsmasters_column one_first\">\n<div class=\"cmsmasters_text\">\n<h1><strong>CHG-Immobilienrechtsgespr\u00e4che mit Andreas Vonkilch<br \/>\n<\/strong><\/h1>\n<h3><span style=\"color: #d43555;\">Im Fokus: &#8220;Gew\u00e4hrleistung beim Wohnungskauf&#8221;<br \/>\n<\/span><\/h3>\n<p>Zahlreiche Vertreter der Tiroler Immobilienbranche folgten der Einladung zu unserer neu aufgelegten Veranstaltungsreihe &#8220;CHG-Immobiliengespr\u00e4che&#8221;.<\/p>\n<p>Risse im Mauerwerk, undichte Fenster, Schimmel im Keller. Nicht immer gelingt die Errichtung eines Geb\u00e4udes ohne M\u00e4ngel. Treten nach \u00dcbergabe der Wohnungen M\u00e4ngel auf, ist man speziell bei neu errichteten Wohnungseigentumsanlagen mit vielen Fragestellungen konfrontiert. Kann der K\u00e4ufer den Bautr\u00e4ger in Anspruch nehmen? Oder muss zuerst die Hausverwaltung t\u00e4tig werden und wenn ja wie?<\/p>\n<p>Auf all diese und andere Fragen ging Univ.-Prof. Dr. Andreas Vonkilch (Uni Innsbruck)\u00a0 im Rahmen seines Vortrages zum Thema \u201eDas WEG, die Gew\u00e4hrleistung und der Bautr\u00e4ger\u201c bei\u00a0 ein. Er gab den Teilnehmern zahlreiche Handlungsvorschl\u00e4ge f\u00fcr die Praxis, um die zahlreichen H\u00fcrden zu meistern, die sich bei der Geltendmachung oder der Abwehr von Gew\u00e4hrleistungsanspr\u00fcchen stellen. <a href=\"https:\/\/www.chg.at\/profile\/daniel-tamerl\/\">CHG-Anwalt Dr. Daniel Tamerl\u00a0<\/a> stellte die neueste Judikatur zur Zubeh\u00f6r-Problematik vor und zeigte auf, dass nach wie vor zahlreiche Kellerabteile, Hausg\u00e4rten und Parkpl\u00e4tze existieren, bei denen die Regelungen der Wohnrechtsnovelle 2015 nicht greifen: Wurden diese Objekte bei der Parifizierung aber dennoch mitber\u00fccksichtigt, h\u00e4tte dies sogar die Nichtigkeit der Wohnungseigentumsbegr\u00fcndung zur Folge.<\/p>\n<p>Foto: Professor Andreas Vonkilch mit den CHG-Anw\u00e4lten <a href=\"https:\/\/www.chg.at\/profile\/christoph-haidlen\/\">Christoph Haidlen<\/a>, <a href=\"https:\/\/www.chg.at\/profile\/roland-wegleiter\/\">Roland Wegleiter<\/a> und <a href=\"https:\/\/www.chg.at\/profile\/daniel-tamerl\/\">Daniel Tamerl<\/a>\u00a0 &#8212;\u00a0 \u00a9 Die Fotografen<\/p>\n<\/div>\n<div id=\"cmsmasters_gallery_69f2bd504d9113_08544949\" class=\"cmsmasters_gallery_wrap\"><ul class=\"cmsmasters_gallery cmsmasters_1 cmsmasters_more_items_loader\"><li class=\"cmsmasters_gallery_item cmsmasters_caption\"><figure><a href=\"https:\/\/www.chg.at\/wp-content\/uploads\/2019\/11\/DieFotografen_18_Wolfgang-Novak-WAT-G\u00fcnther-Gast-CHG-Andreas-Gstrein-Technologie-und-Wirtschaftspark-Innsbruck-TWI-Dietmar-Czernich-CHG-Roland-Wegleiter-CHG.jpg\" rel=\"ilightbox[69f2bd504d9113_08544949]\"><img width=\"860\" height=\"573\" src=\"https:\/\/www.chg.at\/wp-content\/uploads\/2019\/11\/DieFotografen_18_Wolfgang-Novak-WAT-G\u00fcnther-Gast-CHG-Andreas-Gstrein-Technologie-und-Wirtschaftspark-Innsbruck-TWI-Dietmar-Czernich-CHG-Roland-Wegleiter-CHG-860x573.jpg\" class=\"attachment-cmsmasters-masonry-thumb size-cmsmasters-masonry-thumb\" alt=\"\" loading=\"lazy\" srcset=\"https:\/\/www.chg.at\/wp-content\/uploads\/2019\/11\/DieFotografen_18_Wolfgang-Novak-WAT-G\u00fcnther-Gast-CHG-Andreas-Gstrein-Technologie-und-Wirtschaftspark-Innsbruck-TWI-Dietmar-Czernich-CHG-Roland-Wegleiter-CHG-860x573.jpg 860w, https:\/\/www.chg.at\/wp-content\/uploads\/2019\/11\/DieFotografen_18_Wolfgang-Novak-WAT-G\u00fcnther-Gast-CHG-Andreas-Gstrein-Technologie-und-Wirtschaftspark-Innsbruck-TWI-Dietmar-Czernich-CHG-Roland-Wegleiter-CHG-300x200.jpg 300w, https:\/\/www.chg.at\/wp-content\/uploads\/2019\/11\/DieFotografen_18_Wolfgang-Novak-WAT-G\u00fcnther-Gast-CHG-Andreas-Gstrein-Technologie-und-Wirtschaftspark-Innsbruck-TWI-Dietmar-Czernich-CHG-Roland-Wegleiter-CHG-768x512.jpg 768w, https:\/\/www.chg.at\/wp-content\/uploads\/2019\/11\/DieFotografen_18_Wolfgang-Novak-WAT-G\u00fcnther-Gast-CHG-Andreas-Gstrein-Technologie-und-Wirtschaftspark-Innsbruck-TWI-Dietmar-Czernich-CHG-Roland-Wegleiter-CHG-1024x683.jpg 1024w, https:\/\/www.chg.at\/wp-content\/uploads\/2019\/11\/DieFotografen_18_Wolfgang-Novak-WAT-G\u00fcnther-Gast-CHG-Andreas-Gstrein-Technologie-und-Wirtschaftspark-Innsbruck-TWI-Dietmar-Czernich-CHG-Roland-Wegleiter-CHG-580x387.jpg 580w, https:\/\/www.chg.at\/wp-content\/uploads\/2019\/11\/DieFotografen_18_Wolfgang-Novak-WAT-G\u00fcnther-Gast-CHG-Andreas-Gstrein-Technologie-und-Wirtschaftspark-Innsbruck-TWI-Dietmar-Czernich-CHG-Roland-Wegleiter-CHG-1160x773.jpg 1160w\" sizes=\"(max-width: 860px) 100vw, 860px\" \/><\/a><figcaption>Wolfgang Novak (WAT), G\u00fcnther Gast (CHG) , Andreas Gstrein (Technologie- und Wirtschaftspark Innsbruck, TWI) , Dietmar Czernich (CHG), Roland Wegleiter (CHG) \u00a9 Die Fotografen<\/figcaption><\/figure><\/li><li class=\"cmsmasters_gallery_item cmsmasters_caption\"><figure><a href=\"https:\/\/www.chg.at\/wp-content\/uploads\/2019\/11\/Wegleiter_20191113_174104.jpg\" rel=\"ilightbox[69f2bd504d9113_08544949]\"><img width=\"860\" height=\"645\" src=\"https:\/\/www.chg.at\/wp-content\/uploads\/2019\/11\/Wegleiter_20191113_174104-860x645.jpg\" class=\"attachment-cmsmasters-masonry-thumb size-cmsmasters-masonry-thumb\" alt=\"\" loading=\"lazy\" srcset=\"https:\/\/www.chg.at\/wp-content\/uploads\/2019\/11\/Wegleiter_20191113_174104-860x645.jpg 860w, https:\/\/www.chg.at\/wp-content\/uploads\/2019\/11\/Wegleiter_20191113_174104-300x225.jpg 300w, https:\/\/www.chg.at\/wp-content\/uploads\/2019\/11\/Wegleiter_20191113_174104-768x576.jpg 768w, https:\/\/www.chg.at\/wp-content\/uploads\/2019\/11\/Wegleiter_20191113_174104-1024x768.jpg 1024w, https:\/\/www.chg.at\/wp-content\/uploads\/2019\/11\/Wegleiter_20191113_174104-580x435.jpg 580w, https:\/\/www.chg.at\/wp-content\/uploads\/2019\/11\/Wegleiter_20191113_174104-1160x870.jpg 1160w\" sizes=\"(max-width: 860px) 100vw, 860px\" \/><\/a><figcaption>\u00a9 Roland Wegleiter<\/figcaption><\/figure><\/li><li class=\"cmsmasters_gallery_item cmsmasters_caption\"><figure><a href=\"https:\/\/www.chg.at\/wp-content\/uploads\/2019\/11\/DieFotografen_24_Angela-Hirsch-Volksbank-Dietmar-Czernich-CHG.jpg\" rel=\"ilightbox[69f2bd504d9113_08544949]\"><img width=\"860\" height=\"573\" src=\"https:\/\/www.chg.at\/wp-content\/uploads\/2019\/11\/DieFotografen_24_Angela-Hirsch-Volksbank-Dietmar-Czernich-CHG-860x573.jpg\" class=\"attachment-cmsmasters-masonry-thumb size-cmsmasters-masonry-thumb\" alt=\"\" loading=\"lazy\" srcset=\"https:\/\/www.chg.at\/wp-content\/uploads\/2019\/11\/DieFotografen_24_Angela-Hirsch-Volksbank-Dietmar-Czernich-CHG-860x573.jpg 860w, https:\/\/www.chg.at\/wp-content\/uploads\/2019\/11\/DieFotografen_24_Angela-Hirsch-Volksbank-Dietmar-Czernich-CHG-300x200.jpg 300w, https:\/\/www.chg.at\/wp-content\/uploads\/2019\/11\/DieFotografen_24_Angela-Hirsch-Volksbank-Dietmar-Czernich-CHG-768x512.jpg 768w, https:\/\/www.chg.at\/wp-content\/uploads\/2019\/11\/DieFotografen_24_Angela-Hirsch-Volksbank-Dietmar-Czernich-CHG-1024x683.jpg 1024w, https:\/\/www.chg.at\/wp-content\/uploads\/2019\/11\/DieFotografen_24_Angela-Hirsch-Volksbank-Dietmar-Czernich-CHG-580x387.jpg 580w, https:\/\/www.chg.at\/wp-content\/uploads\/2019\/11\/DieFotografen_24_Angela-Hirsch-Volksbank-Dietmar-Czernich-CHG-1160x773.jpg 1160w\" sizes=\"(max-width: 860px) 100vw, 860px\" \/><\/a><figcaption>Angela Hirsch (Volksbank), Dietmar Czernich (CHG) \u00a9 Die Fotografen<\/figcaption><\/figure><\/li><li class=\"cmsmasters_gallery_item cmsmasters_caption\"><figure><a href=\"https:\/\/www.chg.at\/wp-content\/uploads\/2019\/11\/DieFotografen_30_David-Kampenhuber-Alpex-David-Hawel-Tyrolit-Matthias-Fritz-Kraftwerk-Architektur-Daniel-Tamerl-CHG-\u00a9Die-Fotografen.jpg\" rel=\"ilightbox[69f2bd504d9113_08544949]\"><img width=\"860\" height=\"573\" src=\"https:\/\/www.chg.at\/wp-content\/uploads\/2019\/11\/DieFotografen_30_David-Kampenhuber-Alpex-David-Hawel-Tyrolit-Matthias-Fritz-Kraftwerk-Architektur-Daniel-Tamerl-CHG-\u00a9Die-Fotografen-860x573.jpg\" class=\"attachment-cmsmasters-masonry-thumb size-cmsmasters-masonry-thumb\" alt=\"\" loading=\"lazy\" srcset=\"https:\/\/www.chg.at\/wp-content\/uploads\/2019\/11\/DieFotografen_30_David-Kampenhuber-Alpex-David-Hawel-Tyrolit-Matthias-Fritz-Kraftwerk-Architektur-Daniel-Tamerl-CHG-\u00a9Die-Fotografen-860x573.jpg 860w, https:\/\/www.chg.at\/wp-content\/uploads\/2019\/11\/DieFotografen_30_David-Kampenhuber-Alpex-David-Hawel-Tyrolit-Matthias-Fritz-Kraftwerk-Architektur-Daniel-Tamerl-CHG-\u00a9Die-Fotografen-300x200.jpg 300w, https:\/\/www.chg.at\/wp-content\/uploads\/2019\/11\/DieFotografen_30_David-Kampenhuber-Alpex-David-Hawel-Tyrolit-Matthias-Fritz-Kraftwerk-Architektur-Daniel-Tamerl-CHG-\u00a9Die-Fotografen-768x512.jpg 768w, https:\/\/www.chg.at\/wp-content\/uploads\/2019\/11\/DieFotografen_30_David-Kampenhuber-Alpex-David-Hawel-Tyrolit-Matthias-Fritz-Kraftwerk-Architektur-Daniel-Tamerl-CHG-\u00a9Die-Fotografen-1024x683.jpg 1024w, https:\/\/www.chg.at\/wp-content\/uploads\/2019\/11\/DieFotografen_30_David-Kampenhuber-Alpex-David-Hawel-Tyrolit-Matthias-Fritz-Kraftwerk-Architektur-Daniel-Tamerl-CHG-\u00a9Die-Fotografen-580x387.jpg 580w, https:\/\/www.chg.at\/wp-content\/uploads\/2019\/11\/DieFotografen_30_David-Kampenhuber-Alpex-David-Hawel-Tyrolit-Matthias-Fritz-Kraftwerk-Architektur-Daniel-Tamerl-CHG-\u00a9Die-Fotografen-1160x773.jpg 1160w\" sizes=\"(max-width: 860px) 100vw, 860px\" \/><\/a><figcaption>David Kampenhuber (Alpex), David Hawel (Tyrolit), Matthias Fritz (Kraftwerk Architektur), Daniel Tamerl (CHG) \u00a9Die Fotografen<\/figcaption><\/figure><\/li><li class=\"cmsmasters_gallery_item cmsmasters_caption\"><figure><a href=\"https:\/\/www.chg.at\/wp-content\/uploads\/2019\/11\/DieFotografen_25_Bernhard-Feldh\u00fctter-Feldh\u00fctter-Immobilien-Monika-Froschmayr-Christian-Schleich-beide-Weinberg-Bautr\u00e4ger-Projektentwicklungs-GmbH\u00a9Die-Fotografen.jpg\" rel=\"ilightbox[69f2bd504d9113_08544949]\"><img width=\"860\" height=\"573\" src=\"https:\/\/www.chg.at\/wp-content\/uploads\/2019\/11\/DieFotografen_25_Bernhard-Feldh\u00fctter-Feldh\u00fctter-Immobilien-Monika-Froschmayr-Christian-Schleich-beide-Weinberg-Bautr\u00e4ger-Projektentwicklungs-GmbH\u00a9Die-Fotografen-860x573.jpg\" class=\"attachment-cmsmasters-masonry-thumb size-cmsmasters-masonry-thumb\" alt=\"\" loading=\"lazy\" srcset=\"https:\/\/www.chg.at\/wp-content\/uploads\/2019\/11\/DieFotografen_25_Bernhard-Feldh\u00fctter-Feldh\u00fctter-Immobilien-Monika-Froschmayr-Christian-Schleich-beide-Weinberg-Bautr\u00e4ger-Projektentwicklungs-GmbH\u00a9Die-Fotografen-860x573.jpg 860w, https:\/\/www.chg.at\/wp-content\/uploads\/2019\/11\/DieFotografen_25_Bernhard-Feldh\u00fctter-Feldh\u00fctter-Immobilien-Monika-Froschmayr-Christian-Schleich-beide-Weinberg-Bautr\u00e4ger-Projektentwicklungs-GmbH\u00a9Die-Fotografen-300x200.jpg 300w, https:\/\/www.chg.at\/wp-content\/uploads\/2019\/11\/DieFotografen_25_Bernhard-Feldh\u00fctter-Feldh\u00fctter-Immobilien-Monika-Froschmayr-Christian-Schleich-beide-Weinberg-Bautr\u00e4ger-Projektentwicklungs-GmbH\u00a9Die-Fotografen-768x512.jpg 768w, https:\/\/www.chg.at\/wp-content\/uploads\/2019\/11\/DieFotografen_25_Bernhard-Feldh\u00fctter-Feldh\u00fctter-Immobilien-Monika-Froschmayr-Christian-Schleich-beide-Weinberg-Bautr\u00e4ger-Projektentwicklungs-GmbH\u00a9Die-Fotografen-1024x683.jpg 1024w, https:\/\/www.chg.at\/wp-content\/uploads\/2019\/11\/DieFotografen_25_Bernhard-Feldh\u00fctter-Feldh\u00fctter-Immobilien-Monika-Froschmayr-Christian-Schleich-beide-Weinberg-Bautr\u00e4ger-Projektentwicklungs-GmbH\u00a9Die-Fotografen-580x387.jpg 580w, https:\/\/www.chg.at\/wp-content\/uploads\/2019\/11\/DieFotografen_25_Bernhard-Feldh\u00fctter-Feldh\u00fctter-Immobilien-Monika-Froschmayr-Christian-Schleich-beide-Weinberg-Bautr\u00e4ger-Projektentwicklungs-GmbH\u00a9Die-Fotografen-1160x773.jpg 1160w\" sizes=\"(max-width: 860px) 100vw, 860px\" \/><\/a><figcaption>Bernhard Feldh\u00fctter (Feldh\u00fctter Immobilien), Monika Froschmayr, Christian Schleich (beide Weinberg Bautr\u00e4ger & Projektentwicklungs GmbH) \u00a9Die Fotografen<\/figcaption><\/figure><\/li><li class=\"cmsmasters_gallery_item cmsmasters_caption\"><figure><a href=\"https:\/\/www.chg.at\/wp-content\/uploads\/2019\/11\/DieFotografen_37_x_LisaFleissnerAKTirol_CorinaSchuchterCHG_AngelaHirsch_VolksbankTirol.jpg\" rel=\"ilightbox[69f2bd504d9113_08544949]\"><img width=\"860\" height=\"573\" src=\"https:\/\/www.chg.at\/wp-content\/uploads\/2019\/11\/DieFotografen_37_x_LisaFleissnerAKTirol_CorinaSchuchterCHG_AngelaHirsch_VolksbankTirol-860x573.jpg\" class=\"attachment-cmsmasters-masonry-thumb size-cmsmasters-masonry-thumb\" alt=\"\" loading=\"lazy\" srcset=\"https:\/\/www.chg.at\/wp-content\/uploads\/2019\/11\/DieFotografen_37_x_LisaFleissnerAKTirol_CorinaSchuchterCHG_AngelaHirsch_VolksbankTirol-860x573.jpg 860w, https:\/\/www.chg.at\/wp-content\/uploads\/2019\/11\/DieFotografen_37_x_LisaFleissnerAKTirol_CorinaSchuchterCHG_AngelaHirsch_VolksbankTirol-300x200.jpg 300w, https:\/\/www.chg.at\/wp-content\/uploads\/2019\/11\/DieFotografen_37_x_LisaFleissnerAKTirol_CorinaSchuchterCHG_AngelaHirsch_VolksbankTirol-768x512.jpg 768w, https:\/\/www.chg.at\/wp-content\/uploads\/2019\/11\/DieFotografen_37_x_LisaFleissnerAKTirol_CorinaSchuchterCHG_AngelaHirsch_VolksbankTirol-1024x683.jpg 1024w, https:\/\/www.chg.at\/wp-content\/uploads\/2019\/11\/DieFotografen_37_x_LisaFleissnerAKTirol_CorinaSchuchterCHG_AngelaHirsch_VolksbankTirol-580x387.jpg 580w, https:\/\/www.chg.at\/wp-content\/uploads\/2019\/11\/DieFotografen_37_x_LisaFleissnerAKTirol_CorinaSchuchterCHG_AngelaHirsch_VolksbankTirol-1160x773.jpg 1160w\" sizes=\"(max-width: 860px) 100vw, 860px\" \/><\/a><figcaption>Lisa Fleissner, Corina Schuchter (CHG), Angela Hirsch (Volksbank Tirol) \u00a9 Die Fotografen<\/figcaption><\/figure><\/li><li class=\"cmsmasters_gallery_item cmsmasters_caption\"><figure><a href=\"https:\/\/www.chg.at\/wp-content\/uploads\/2019\/11\/DieFotografen_26_G\u00fcnther-Gast-CHG-Andreas-Gstrein-Technologie-und-Wirtschaftspark-Innsbruck-TWI-Wolfgang-Novak-WAT.jpg\" rel=\"ilightbox[69f2bd504d9113_08544949]\"><img width=\"860\" height=\"573\" src=\"https:\/\/www.chg.at\/wp-content\/uploads\/2019\/11\/DieFotografen_26_G\u00fcnther-Gast-CHG-Andreas-Gstrein-Technologie-und-Wirtschaftspark-Innsbruck-TWI-Wolfgang-Novak-WAT-860x573.jpg\" class=\"attachment-cmsmasters-masonry-thumb size-cmsmasters-masonry-thumb\" alt=\"\" loading=\"lazy\" srcset=\"https:\/\/www.chg.at\/wp-content\/uploads\/2019\/11\/DieFotografen_26_G\u00fcnther-Gast-CHG-Andreas-Gstrein-Technologie-und-Wirtschaftspark-Innsbruck-TWI-Wolfgang-Novak-WAT-860x573.jpg 860w, https:\/\/www.chg.at\/wp-content\/uploads\/2019\/11\/DieFotografen_26_G\u00fcnther-Gast-CHG-Andreas-Gstrein-Technologie-und-Wirtschaftspark-Innsbruck-TWI-Wolfgang-Novak-WAT-300x200.jpg 300w, https:\/\/www.chg.at\/wp-content\/uploads\/2019\/11\/DieFotografen_26_G\u00fcnther-Gast-CHG-Andreas-Gstrein-Technologie-und-Wirtschaftspark-Innsbruck-TWI-Wolfgang-Novak-WAT-768x512.jpg 768w, https:\/\/www.chg.at\/wp-content\/uploads\/2019\/11\/DieFotografen_26_G\u00fcnther-Gast-CHG-Andreas-Gstrein-Technologie-und-Wirtschaftspark-Innsbruck-TWI-Wolfgang-Novak-WAT-1024x683.jpg 1024w, https:\/\/www.chg.at\/wp-content\/uploads\/2019\/11\/DieFotografen_26_G\u00fcnther-Gast-CHG-Andreas-Gstrein-Technologie-und-Wirtschaftspark-Innsbruck-TWI-Wolfgang-Novak-WAT-580x387.jpg 580w, https:\/\/www.chg.at\/wp-content\/uploads\/2019\/11\/DieFotografen_26_G\u00fcnther-Gast-CHG-Andreas-Gstrein-Technologie-und-Wirtschaftspark-Innsbruck-TWI-Wolfgang-Novak-WAT-1160x773.jpg 1160w\" sizes=\"(max-width: 860px) 100vw, 860px\" \/><\/a><figcaption>G\u00fcnther Gast (CHG), Andreas Gstrein (Technologie- und Wirtschaftspark Innsbruck, TWI), Wolfgang Novak (WAT)\u00a9 Die Fotografen<\/figcaption><\/figure><\/li><li class=\"cmsmasters_gallery_item cmsmasters_caption\"><figure><a href=\"https:\/\/www.chg.at\/wp-content\/uploads\/2019\/11\/DieFotografen_27_Arno-Wimmer-Remax-Andreas-Vonkilch-Universit\u00e4t-Innsbruck-\u00a9Die-Fotografen.jpg\" rel=\"ilightbox[69f2bd504d9113_08544949]\"><img width=\"860\" height=\"573\" src=\"https:\/\/www.chg.at\/wp-content\/uploads\/2019\/11\/DieFotografen_27_Arno-Wimmer-Remax-Andreas-Vonkilch-Universit\u00e4t-Innsbruck-\u00a9Die-Fotografen-860x573.jpg\" class=\"attachment-cmsmasters-masonry-thumb size-cmsmasters-masonry-thumb\" alt=\"\" loading=\"lazy\" srcset=\"https:\/\/www.chg.at\/wp-content\/uploads\/2019\/11\/DieFotografen_27_Arno-Wimmer-Remax-Andreas-Vonkilch-Universit\u00e4t-Innsbruck-\u00a9Die-Fotografen-860x573.jpg 860w, https:\/\/www.chg.at\/wp-content\/uploads\/2019\/11\/DieFotografen_27_Arno-Wimmer-Remax-Andreas-Vonkilch-Universit\u00e4t-Innsbruck-\u00a9Die-Fotografen-300x200.jpg 300w, https:\/\/www.chg.at\/wp-content\/uploads\/2019\/11\/DieFotografen_27_Arno-Wimmer-Remax-Andreas-Vonkilch-Universit\u00e4t-Innsbruck-\u00a9Die-Fotografen-768x512.jpg 768w, https:\/\/www.chg.at\/wp-content\/uploads\/2019\/11\/DieFotografen_27_Arno-Wimmer-Remax-Andreas-Vonkilch-Universit\u00e4t-Innsbruck-\u00a9Die-Fotografen-1024x683.jpg 1024w, https:\/\/www.chg.at\/wp-content\/uploads\/2019\/11\/DieFotografen_27_Arno-Wimmer-Remax-Andreas-Vonkilch-Universit\u00e4t-Innsbruck-\u00a9Die-Fotografen-580x387.jpg 580w, https:\/\/www.chg.at\/wp-content\/uploads\/2019\/11\/DieFotografen_27_Arno-Wimmer-Remax-Andreas-Vonkilch-Universit\u00e4t-Innsbruck-\u00a9Die-Fotografen-1160x773.jpg 1160w\" sizes=\"(max-width: 860px) 100vw, 860px\" \/><\/a><figcaption>Arno Wimmer (Remax), Andreas Vonkilch (Universit\u00e4t Innsbruck) \u00a9Die Fotografen<\/figcaption><\/figure><\/li><li class=\"cmsmasters_gallery_item cmsmasters_caption\"><figure><a href=\"https:\/\/www.chg.at\/wp-content\/uploads\/2019\/11\/DieFotografen_20_Lorenz-Punt-Moll-und-Punt-Marco-Scharmer-Universit\u00e4t-Innsbruck-Christoph-Haidlen-CHG-Anna-Krapf-Moll-und-Punt-\u00a9Die-Fotografen.jpg\" rel=\"ilightbox[69f2bd504d9113_08544949]\"><img width=\"860\" height=\"573\" src=\"https:\/\/www.chg.at\/wp-content\/uploads\/2019\/11\/DieFotografen_20_Lorenz-Punt-Moll-und-Punt-Marco-Scharmer-Universit\u00e4t-Innsbruck-Christoph-Haidlen-CHG-Anna-Krapf-Moll-und-Punt-\u00a9Die-Fotografen-860x573.jpg\" class=\"attachment-cmsmasters-masonry-thumb size-cmsmasters-masonry-thumb\" alt=\"\" loading=\"lazy\" srcset=\"https:\/\/www.chg.at\/wp-content\/uploads\/2019\/11\/DieFotografen_20_Lorenz-Punt-Moll-und-Punt-Marco-Scharmer-Universit\u00e4t-Innsbruck-Christoph-Haidlen-CHG-Anna-Krapf-Moll-und-Punt-\u00a9Die-Fotografen-860x573.jpg 860w, https:\/\/www.chg.at\/wp-content\/uploads\/2019\/11\/DieFotografen_20_Lorenz-Punt-Moll-und-Punt-Marco-Scharmer-Universit\u00e4t-Innsbruck-Christoph-Haidlen-CHG-Anna-Krapf-Moll-und-Punt-\u00a9Die-Fotografen-300x200.jpg 300w, https:\/\/www.chg.at\/wp-content\/uploads\/2019\/11\/DieFotografen_20_Lorenz-Punt-Moll-und-Punt-Marco-Scharmer-Universit\u00e4t-Innsbruck-Christoph-Haidlen-CHG-Anna-Krapf-Moll-und-Punt-\u00a9Die-Fotografen-768x512.jpg 768w, https:\/\/www.chg.at\/wp-content\/uploads\/2019\/11\/DieFotografen_20_Lorenz-Punt-Moll-und-Punt-Marco-Scharmer-Universit\u00e4t-Innsbruck-Christoph-Haidlen-CHG-Anna-Krapf-Moll-und-Punt-\u00a9Die-Fotografen-1024x683.jpg 1024w, https:\/\/www.chg.at\/wp-content\/uploads\/2019\/11\/DieFotografen_20_Lorenz-Punt-Moll-und-Punt-Marco-Scharmer-Universit\u00e4t-Innsbruck-Christoph-Haidlen-CHG-Anna-Krapf-Moll-und-Punt-\u00a9Die-Fotografen-580x387.jpg 580w, https:\/\/www.chg.at\/wp-content\/uploads\/2019\/11\/DieFotografen_20_Lorenz-Punt-Moll-und-Punt-Marco-Scharmer-Universit\u00e4t-Innsbruck-Christoph-Haidlen-CHG-Anna-Krapf-Moll-und-Punt-\u00a9Die-Fotografen-1160x773.jpg 1160w\" sizes=\"(max-width: 860px) 100vw, 860px\" \/><\/a><figcaption>Lorenz Punt (Moll und Punt), Marco Scharmer (Universit\u00e4t Innsbruck), Christoph Haidlen (CHG), Anna Krapf (Moll und Punt) \u00a9Die Fotografen<\/figcaption><\/figure><\/li><li class=\"cmsmasters_gallery_item cmsmasters_caption\"><figure><a href=\"https:\/\/www.chg.at\/wp-content\/uploads\/2019\/11\/DieFotografen_29_x.jpg\" rel=\"ilightbox[69f2bd504d9113_08544949]\"><img width=\"860\" height=\"573\" src=\"https:\/\/www.chg.at\/wp-content\/uploads\/2019\/11\/DieFotografen_29_x-860x573.jpg\" class=\"attachment-cmsmasters-masonry-thumb size-cmsmasters-masonry-thumb\" alt=\"\" loading=\"lazy\" srcset=\"https:\/\/www.chg.at\/wp-content\/uploads\/2019\/11\/DieFotografen_29_x-860x573.jpg 860w, https:\/\/www.chg.at\/wp-content\/uploads\/2019\/11\/DieFotografen_29_x-300x200.jpg 300w, https:\/\/www.chg.at\/wp-content\/uploads\/2019\/11\/DieFotografen_29_x-768x512.jpg 768w, https:\/\/www.chg.at\/wp-content\/uploads\/2019\/11\/DieFotografen_29_x-1024x683.jpg 1024w, https:\/\/www.chg.at\/wp-content\/uploads\/2019\/11\/DieFotografen_29_x-580x387.jpg 580w, https:\/\/www.chg.at\/wp-content\/uploads\/2019\/11\/DieFotografen_29_x-1160x773.jpg 1160w\" sizes=\"(max-width: 860px) 100vw, 860px\" \/><\/a><figcaption>Alfred Thaler, Stefan Kaiserer, Mario Tribus (alle Tiroler Immobilien Holding, TIH), Roland Wegleiter (CHG)\u00a9 Die Fotografen<\/figcaption><\/figure><\/li><\/ul><script type=\"text\/javascript\">\r\n\t\t\t\tjQuery(document).ready(function () {\r\n\t\t\t\t\t(function ($) {\r\n\t\t\t\t\t\tif ($('#cmsmasters_gallery_69f2bd504d9113_08544949').find('.cmsmasters_gallery_item').length == '0') {\r\n\t\t\t\t\t\t\treturn false;\r\n\t\t\t\t\t\t}\r\n\t\t\t\t\t\t\r\n\t\t\t\t\t\t\r\n\t\t\t\t\t\tstartGallery( \r\n\t\t\t\t\t\t\t'69f2bd504d9113_08544949', \r\n\t\t\t\t\t\t\t'masonry', \r\n\t\t\t\t\t\t\t'false', \r\n\t\t\t\t\t\t\t'false'\r\n\t\t\t\t\t\t);\r\n\t\t\t\t\t} )(jQuery);\r\n\t\t\t\t} );\r\n\t\t\t<\/script>\r\n\t\t\t<\/div>\n<\/div>\n<\/div>\n<\/div>\n<\/div>\n<\/div>\n<\/div>\n\n","protected":false},"excerpt":{"rendered":"<p>Thema der Veranstaltung: Gew\u00e4hrleistung beim Wohnungskauf, inbesondere Zubeh\u00f6reigentum<\/p>\n","protected":false},"author":3,"featured_media":11096,"comment_status":"closed","ping_status":"open","sticky":false,"template":"","format":"image","meta":{"inline_featured_image":false},"categories":[8,33],"tags":[],"yoast_head":"<!-- This site is optimized with the Yoast SEO plugin v19.8 - https:\/\/yoast.com\/wordpress\/plugins\/seo\/ -->\n<title>CHG Immobilienrechtsgespr\u00e4che Gew\u00e4hrleistung beim Wohnungskauf<\/title>\n<meta name=\"description\" content=\"CHG Czernich Rechtsanw\u00e4lte, Immobilienrechtsgespr\u00e4che mit Vortrag von Andreas Vonkilch, Gew\u00e4hrleistung beim Wohnungskauf, Zubeh\u00f6rproblematik Daniel Tamerl\" \/>\n<meta name=\"robots\" content=\"index, follow, max-snippet:-1, max-image-preview:large, max-video-preview:-1\" \/>\n<link rel=\"canonical\" href=\"https:\/\/www.chg.at\/en\/20191113-chg-immobilienrechtsgespraeche-mit-andreas-vonkilch\/\" \/>\n<meta property=\"og:locale\" content=\"en_US\" \/>\n<meta property=\"og:type\" content=\"article\" \/>\n<meta property=\"og:title\" content=\"CHG\" \/>\n<meta property=\"og:description\" content=\"CHG\" \/>\n<meta property=\"og:url\" content=\"https:\/\/www.chg.at\/en\/20191113-chg-immobilienrechtsgespraeche-mit-andreas-vonkilch\/\" \/>\n<meta property=\"og:site_name\" content=\"CHG Czernich Rechtsanw\u00e4lte \u2013 Wir bewegen Wirtschaft\" \/>\n<meta property=\"article:published_time\" content=\"2019-11-18T09:23:51+00:00\" \/>\n<meta property=\"article:modified_time\" content=\"2019-11-28T07:52:48+00:00\" \/>\n<meta property=\"og:image\" content=\"https:\/\/www.chg.at\/wp-content\/uploads\/2019\/11\/DieFotografen_14_1160x580_Vonkilich_Haidlen_Wegleiter_Tamerl.jpg\" \/>\n\t<meta property=\"og:image:width\" content=\"1160\" \/>\n\t<meta property=\"og:image:height\" content=\"580\" \/>\n\t<meta property=\"og:image:type\" content=\"image\/jpeg\" \/>\n<meta name=\"author\" content=\"Diana B\u00f6hme\" \/>\n<meta name=\"twitter:card\" content=\"summary_large_image\" \/>\n<meta name=\"twitter:label1\" content=\"Written by\" \/>\n\t<meta name=\"twitter:data1\" content=\"Diana B\u00f6hme\" \/>\n\t<meta name=\"twitter:label2\" content=\"Est. reading time\" \/>\n\t<meta name=\"twitter:data2\" content=\"2 minutes\" \/>\n<script type=\"application\/ld+json\" class=\"yoast-schema-graph\">{\"@context\":\"https:\/\/schema.org\",\"@graph\":[{\"@type\":\"Article\",\"@id\":\"https:\/\/www.chg.at\/en\/20191113-chg-immobilienrechtsgespraeche-mit-andreas-vonkilch\/#article\",\"isPartOf\":{\"@id\":\"https:\/\/www.chg.at\/en\/20191113-chg-immobilienrechtsgespraeche-mit-andreas-vonkilch\/\"},\"author\":{\"name\":\"Diana B\u00f6hme\",\"@id\":\"https:\/\/www.chg.at\/en\/#\/schema\/person\/b3b2cd248a314cf8acc3db22217f03b4\"},\"headline\":\"CHG Immobilienrechtsgespr\u00e4che mit Andreas Vonkilch\",\"datePublished\":\"2019-11-18T09:23:51+00:00\",\"dateModified\":\"2019-11-28T07:52:48+00:00\",\"mainEntityOfPage\":{\"@id\":\"https:\/\/www.chg.at\/en\/20191113-chg-immobilienrechtsgespraeche-mit-andreas-vonkilch\/\"},\"wordCount\":399,\"publisher\":{\"@id\":\"https:\/\/www.chg.at\/en\/#organization\"},\"articleSection\":[\"CHG News\",\"Veranstaltung\"],\"inLanguage\":\"en-US\"},{\"@type\":\"WebPage\",\"@id\":\"https:\/\/www.chg.at\/en\/20191113-chg-immobilienrechtsgespraeche-mit-andreas-vonkilch\/\",\"url\":\"https:\/\/www.chg.at\/en\/20191113-chg-immobilienrechtsgespraeche-mit-andreas-vonkilch\/\",\"name\":\"CHG Immobilienrechtsgespr\u00e4che Gew\u00e4hrleistung beim Wohnungskauf\",\"isPartOf\":{\"@id\":\"https:\/\/www.chg.at\/en\/#website\"},\"datePublished\":\"2019-11-18T09:23:51+00:00\",\"dateModified\":\"2019-11-28T07:52:48+00:00\",\"description\":\"CHG Czernich Rechtsanw\u00e4lte, Immobilienrechtsgespr\u00e4che mit Vortrag von Andreas Vonkilch, Gew\u00e4hrleistung beim Wohnungskauf, Zubeh\u00f6rproblematik Daniel Tamerl\",\"breadcrumb\":{\"@id\":\"https:\/\/www.chg.at\/en\/20191113-chg-immobilienrechtsgespraeche-mit-andreas-vonkilch\/#breadcrumb\"},\"inLanguage\":\"en-US\",\"potentialAction\":[{\"@type\":\"ReadAction\",\"target\":[\"https:\/\/www.chg.at\/en\/20191113-chg-immobilienrechtsgespraeche-mit-andreas-vonkilch\/\"]}]},{\"@type\":\"BreadcrumbList\",\"@id\":\"https:\/\/www.chg.at\/en\/20191113-chg-immobilienrechtsgespraeche-mit-andreas-vonkilch\/#breadcrumb\",\"itemListElement\":[{\"@type\":\"ListItem\",\"position\":1,\"name\":\"Startseite\",\"item\":\"https:\/\/www.chg.at\/en\/\"},{\"@type\":\"ListItem\",\"position\":2,\"name\":\"CHG Immobilienrechtsgespr\u00e4che mit Andreas Vonkilch\"}]},{\"@type\":\"WebSite\",\"@id\":\"https:\/\/www.chg.at\/en\/#website\",\"url\":\"https:\/\/www.chg.at\/en\/\",\"name\":\"CHG Czernich Rechtsanw\u00e4lte \u2013 Wir bewegen Wirtschaft\",\"description\":\"Wir sorgen f\u00fcr Klarheit, wenn es rechtlich kompliziert wird. In jeder Phase Ihrer Unternehmungen. Sie ergreifen die Chancen. Wir verwandeln Risiken in L\u00f6sungen.\",\"publisher\":{\"@id\":\"https:\/\/www.chg.at\/en\/#organization\"},\"potentialAction\":[{\"@type\":\"SearchAction\",\"target\":{\"@type\":\"EntryPoint\",\"urlTemplate\":\"https:\/\/www.chg.at\/en\/?s={search_term_string}\"},\"query-input\":\"required name=search_term_string\"}],\"inLanguage\":\"en-US\"},{\"@type\":\"Organization\",\"@id\":\"https:\/\/www.chg.at\/en\/#organization\",\"name\":\"CHG Czernich Rechtsanw\u00e4lte\",\"url\":\"https:\/\/www.chg.at\/en\/\",\"sameAs\":[\"https:\/\/www.linkedin.com\/company\/12773263\/admin\/dashboard\/\"],\"logo\":{\"@type\":\"ImageObject\",\"inLanguage\":\"en-US\",\"@id\":\"https:\/\/www.chg.at\/en\/#\/schema\/logo\/image\/\",\"url\":\"https:\/\/www.chg.at\/wp-content\/uploads\/2016\/08\/CHG_logo_250_1.png\",\"contentUrl\":\"https:\/\/www.chg.at\/wp-content\/uploads\/2016\/08\/CHG_logo_250_1.png\",\"width\":250,\"height\":33,\"caption\":\"CHG Czernich Rechtsanw\u00e4lte\"},\"image\":{\"@id\":\"https:\/\/www.chg.at\/en\/#\/schema\/logo\/image\/\"}},{\"@type\":\"Person\",\"@id\":\"https:\/\/www.chg.at\/en\/#\/schema\/person\/b3b2cd248a314cf8acc3db22217f03b4\",\"name\":\"Diana B\u00f6hme\"}]}<\/script>\n<!-- \/ Yoast SEO plugin. -->","yoast_head_json":{"title":"CHG Immobilienrechtsgespr\u00e4che Gew\u00e4hrleistung beim Wohnungskauf","description":"CHG Czernich Rechtsanw\u00e4lte, Immobilienrechtsgespr\u00e4che mit Vortrag von Andreas Vonkilch, Gew\u00e4hrleistung beim Wohnungskauf, Zubeh\u00f6rproblematik Daniel Tamerl","robots":{"index":"index","follow":"follow","max-snippet":"max-snippet:-1","max-image-preview":"max-image-preview:large","max-video-preview":"max-video-preview:-1"},"canonical":"https:\/\/www.chg.at\/en\/20191113-chg-immobilienrechtsgespraeche-mit-andreas-vonkilch\/","og_locale":"en_US","og_type":"article","og_title":"CHG","og_description":"CHG","og_url":"https:\/\/www.chg.at\/en\/20191113-chg-immobilienrechtsgespraeche-mit-andreas-vonkilch\/","og_site_name":"CHG Czernich Rechtsanw\u00e4lte \u2013 Wir bewegen Wirtschaft","article_published_time":"2019-11-18T09:23:51+00:00","article_modified_time":"2019-11-28T07:52:48+00:00","og_image":[{"width":1160,"height":580,"url":"https:\/\/www.chg.at\/wp-content\/uploads\/2019\/11\/DieFotografen_14_1160x580_Vonkilich_Haidlen_Wegleiter_Tamerl.jpg","type":"image\/jpeg"}],"author":"Diana B\u00f6hme","twitter_card":"summary_large_image","twitter_misc":{"Written by":"Diana B\u00f6hme","Est. reading time":"2 minutes"},"schema":{"@context":"https:\/\/schema.org","@graph":[{"@type":"Article","@id":"https:\/\/www.chg.at\/en\/20191113-chg-immobilienrechtsgespraeche-mit-andreas-vonkilch\/#article","isPartOf":{"@id":"https:\/\/www.chg.at\/en\/20191113-chg-immobilienrechtsgespraeche-mit-andreas-vonkilch\/"},"author":{"name":"Diana B\u00f6hme","@id":"https:\/\/www.chg.at\/en\/#\/schema\/person\/b3b2cd248a314cf8acc3db22217f03b4"},"headline":"CHG Immobilienrechtsgespr\u00e4che mit Andreas Vonkilch","datePublished":"2019-11-18T09:23:51+00:00","dateModified":"2019-11-28T07:52:48+00:00","mainEntityOfPage":{"@id":"https:\/\/www.chg.at\/en\/20191113-chg-immobilienrechtsgespraeche-mit-andreas-vonkilch\/"},"wordCount":399,"publisher":{"@id":"https:\/\/www.chg.at\/en\/#organization"},"articleSection":["CHG News","Veranstaltung"],"inLanguage":"en-US"},{"@type":"WebPage","@id":"https:\/\/www.chg.at\/en\/20191113-chg-immobilienrechtsgespraeche-mit-andreas-vonkilch\/","url":"https:\/\/www.chg.at\/en\/20191113-chg-immobilienrechtsgespraeche-mit-andreas-vonkilch\/","name":"CHG Immobilienrechtsgespr\u00e4che Gew\u00e4hrleistung beim Wohnungskauf","isPartOf":{"@id":"https:\/\/www.chg.at\/en\/#website"},"datePublished":"2019-11-18T09:23:51+00:00","dateModified":"2019-11-28T07:52:48+00:00","description":"CHG Czernich Rechtsanw\u00e4lte, Immobilienrechtsgespr\u00e4che mit Vortrag von Andreas Vonkilch, Gew\u00e4hrleistung beim Wohnungskauf, Zubeh\u00f6rproblematik Daniel Tamerl","breadcrumb":{"@id":"https:\/\/www.chg.at\/en\/20191113-chg-immobilienrechtsgespraeche-mit-andreas-vonkilch\/#breadcrumb"},"inLanguage":"en-US","potentialAction":[{"@type":"ReadAction","target":["https:\/\/www.chg.at\/en\/20191113-chg-immobilienrechtsgespraeche-mit-andreas-vonkilch\/"]}]},{"@type":"BreadcrumbList","@id":"https:\/\/www.chg.at\/en\/20191113-chg-immobilienrechtsgespraeche-mit-andreas-vonkilch\/#breadcrumb","itemListElement":[{"@type":"ListItem","position":1,"name":"Startseite","item":"https:\/\/www.chg.at\/en\/"},{"@type":"ListItem","position":2,"name":"CHG Immobilienrechtsgespr\u00e4che mit Andreas Vonkilch"}]},{"@type":"WebSite","@id":"https:\/\/www.chg.at\/en\/#website","url":"https:\/\/www.chg.at\/en\/","name":"CHG Czernich Rechtsanw\u00e4lte \u2013 Wir bewegen Wirtschaft","description":"Wir sorgen f\u00fcr Klarheit, wenn es rechtlich kompliziert wird. In jeder Phase Ihrer Unternehmungen. Sie ergreifen die Chancen. Wir verwandeln Risiken in L\u00f6sungen.","publisher":{"@id":"https:\/\/www.chg.at\/en\/#organization"},"potentialAction":[{"@type":"SearchAction","target":{"@type":"EntryPoint","urlTemplate":"https:\/\/www.chg.at\/en\/?s={search_term_string}"},"query-input":"required name=search_term_string"}],"inLanguage":"en-US"},{"@type":"Organization","@id":"https:\/\/www.chg.at\/en\/#organization","name":"CHG Czernich Rechtsanw\u00e4lte","url":"https:\/\/www.chg.at\/en\/","sameAs":["https:\/\/www.linkedin.com\/company\/12773263\/admin\/dashboard\/"],"logo":{"@type":"ImageObject","inLanguage":"en-US","@id":"https:\/\/www.chg.at\/en\/#\/schema\/logo\/image\/","url":"https:\/\/www.chg.at\/wp-content\/uploads\/2016\/08\/CHG_logo_250_1.png","contentUrl":"https:\/\/www.chg.at\/wp-content\/uploads\/2016\/08\/CHG_logo_250_1.png","width":250,"height":33,"caption":"CHG Czernich Rechtsanw\u00e4lte"},"image":{"@id":"https:\/\/www.chg.at\/en\/#\/schema\/logo\/image\/"}},{"@type":"Person","@id":"https:\/\/www.chg.at\/en\/#\/schema\/person\/b3b2cd248a314cf8acc3db22217f03b4","name":"Diana B\u00f6hme"}]}},"_links":{"self":[{"href":"https:\/\/www.chg.at\/en\/wp-json\/wp\/v2\/posts\/11097"}],"collection":[{"href":"https:\/\/www.chg.at\/en\/wp-json\/wp\/v2\/posts"}],"about":[{"href":"https:\/\/www.chg.at\/en\/wp-json\/wp\/v2\/types\/post"}],"author":[{"embeddable":true,"href":"https:\/\/www.chg.at\/en\/wp-json\/wp\/v2\/users\/3"}],"replies":[{"embeddable":true,"href":"https:\/\/www.chg.at\/en\/wp-json\/wp\/v2\/comments?post=11097"}],"version-history":[{"count":10,"href":"https:\/\/www.chg.at\/en\/wp-json\/wp\/v2\/posts\/11097\/revisions"}],"predecessor-version":[{"id":11247,"href":"https:\/\/www.chg.at\/en\/wp-json\/wp\/v2\/posts\/11097\/revisions\/11247"}],"wp:featuredmedia":[{"embeddable":true,"href":"https:\/\/www.chg.at\/en\/wp-json\/wp\/v2\/media\/11096"}],"wp:attachment":[{"href":"https:\/\/www.chg.at\/en\/wp-json\/wp\/v2\/media?parent=11097"}],"wp:term":[{"taxonomy":"category","embeddable":true,"href":"https:\/\/www.chg.at\/en\/wp-json\/wp\/v2\/categories?post=11097"},{"taxonomy":"post_tag","embeddable":true,"href":"https:\/\/www.chg.at\/en\/wp-json\/wp\/v2\/tags?post=11097"}],"curies":[{"name":"wp","href":"https:\/\/api.w.org\/{rel}","templated":true}]}}