{"id":11157,"date":"2019-11-21T09:27:04","date_gmt":"2019-11-21T08:27:04","guid":{"rendered":"https:\/\/www.chg.at\/?p=11157"},"modified":"2019-11-21T10:02:17","modified_gmt":"2019-11-21T09:02:17","slug":"dietmar-czernich-haelt-vortrag-bei-der-konrad-adenauer-stiftung","status":"publish","type":"post","link":"https:\/\/www.chg.at\/en\/dietmar-czernich-haelt-vortrag-bei-der-konrad-adenauer-stiftung\/","title":{"rendered":"Dietmar Czernich h\u00e4lt Vortrag bei der Konrad-Adenauer-Stiftung"},"content":{"rendered":"<style type=\"text\/css\"> \n#cmsmasters_row_69f2bd6ce9d847_03954658 .cmsmasters_row_outer_parent { \n\tpadding-top: 0px; \n} \n\n#cmsmasters_row_69f2bd6ce9d847_03954658 .cmsmasters_row_outer_parent { \n\tpadding-bottom: 50px; \n} \n\n<\/style><div id=\"cmsmasters_row_69f2bd6ce9d847_03954658\" class=\"cmsmasters_row cmsmasters_color_scheme_default cmsmasters_row_top_default cmsmasters_row_bot_default cmsmasters_row_boxed\">\n<div class=\"cmsmasters_row_outer_parent\">\n<div class=\"cmsmasters_row_outer\">\n<div class=\"cmsmasters_row_inner\">\n<div class=\"cmsmasters_row_margin\">\n<div class=\"cmsmasters_column one_first\">\n<div class=\"cmsmasters_text\">\n<h1 style=\"text-align: left;\">Dietmar Czernich h\u00e4lt Vortrag auf Einladung der Konrad-Adenauer-Stiftung<\/h1>\n<div class=\"cmsmasters_dropcap type1\">Auf<\/div> Einladung der Konrad Adenauer Stiftung hielt Dietmar Czernich im collegium maius in Erfurt einen Vortrag zu den deutsch-\u00f6sterreichischen Beziehungen. Mehr als 150 Personen folgten der Einladung zur Veranstaltung. Die Begr\u00fc\u00dfung erfolgte durch den \u00f6sterreichischen Botschafter in Berlin, Dr. Peter Huber. Dietmar Czernich hob insbesondere hervor, dass sich beide Staaten seit mehreren Jahren auf Augenh\u00f6he begegen. Weitere Informationen zu dieser Veranstaltung finden Sie<a href=\"https:\/\/www.kas.de\/web\/thueringen\/veranstaltungen\/detail\/-\/content\/deutschland-und-seine-nachbarn-beidseitige-wahrnehmung-und-perspektiven-heute-im-fokus-oesterreich-1\"> hier.<\/a><\/p>\n<p><strong><br \/>\nFoto:<\/strong> Europaabgeordnete Marion Walsmann und Honorarkonsul der Bundesrepublik Deutschland in Tirol,\u00a0 Dietmar Czernich.<\/p>\n<\/div>\n<\/div>\n<\/div>\n<\/div>\n<\/div>\n<\/div>\n<\/div>\n\n","protected":false},"excerpt":{"rendered":"<p>Der deutsche Honorarkonsul sprach zum Thema deutsch-\u00f6sterreichische Beziehungen<\/p>\n","protected":false},"author":3,"featured_media":11158,"comment_status":"closed","ping_status":"open","sticky":false,"template":"","format":"image","meta":{"inline_featured_image":false},"categories":[8,65,33],"tags":[],"yoast_head":"<!-- This site is optimized with the Yoast SEO plugin v19.8 - https:\/\/yoast.com\/wordpress\/plugins\/seo\/ -->\n<title>Dietmar Czernich h\u00e4lt Vortrag bei der Konrad-Adenauer-Stiftung<\/title>\n<meta name=\"description\" content=\"Honorarkonsul Dietmar Czernich zum Thema deutsch-\u00f6sterreichische Beziehungen unter Anwesenheit von Dr. Peter Huber, \u00f6sterreichischer Botschafter in Berlin.\" \/>\n<meta name=\"robots\" content=\"index, follow, max-snippet:-1, max-image-preview:large, max-video-preview:-1\" \/>\n<link rel=\"canonical\" href=\"https:\/\/www.chg.at\/en\/dietmar-czernich-haelt-vortrag-bei-der-konrad-adenauer-stiftung\/\" \/>\n<meta property=\"og:locale\" content=\"en_US\" \/>\n<meta property=\"og:type\" content=\"article\" \/>\n<meta property=\"og:title\" content=\"CHG\" \/>\n<meta property=\"og:description\" content=\"CHG\" \/>\n<meta property=\"og:url\" content=\"https:\/\/www.chg.at\/en\/dietmar-czernich-haelt-vortrag-bei-der-konrad-adenauer-stiftung\/\" \/>\n<meta property=\"og:site_name\" content=\"CHG Czernich Rechtsanw\u00e4lte \u2013 Wir bewegen Wirtschaft\" \/>\n<meta property=\"article:published_time\" content=\"2019-11-21T08:27:04+00:00\" \/>\n<meta property=\"article:modified_time\" content=\"2019-11-21T09:02:17+00:00\" \/>\n<meta property=\"og:image\" content=\"https:\/\/www.chg.at\/wp-content\/uploads\/2019\/11\/Marion_Walsmann__Dietmar_Czernich_1160x580_3.jpg\" \/>\n\t<meta property=\"og:image:width\" content=\"1160\" \/>\n\t<meta property=\"og:image:height\" content=\"580\" \/>\n\t<meta property=\"og:image:type\" content=\"image\/jpeg\" \/>\n<meta name=\"author\" content=\"Diana B\u00f6hme\" \/>\n<meta name=\"twitter:card\" content=\"summary_large_image\" \/>\n<meta name=\"twitter:label1\" content=\"Written by\" \/>\n\t<meta name=\"twitter:data1\" content=\"Diana B\u00f6hme\" \/>\n\t<meta name=\"twitter:label2\" content=\"Est. reading time\" \/>\n\t<meta name=\"twitter:data2\" content=\"1 minute\" \/>\n<script type=\"application\/ld+json\" class=\"yoast-schema-graph\">{\"@context\":\"https:\/\/schema.org\",\"@graph\":[{\"@type\":\"Article\",\"@id\":\"https:\/\/www.chg.at\/en\/dietmar-czernich-haelt-vortrag-bei-der-konrad-adenauer-stiftung\/#article\",\"isPartOf\":{\"@id\":\"https:\/\/www.chg.at\/en\/dietmar-czernich-haelt-vortrag-bei-der-konrad-adenauer-stiftung\/\"},\"author\":{\"name\":\"Diana B\u00f6hme\",\"@id\":\"https:\/\/www.chg.at\/en\/#\/schema\/person\/b3b2cd248a314cf8acc3db22217f03b4\"},\"headline\":\"Dietmar Czernich h\u00e4lt Vortrag bei der Konrad-Adenauer-Stiftung\",\"datePublished\":\"2019-11-21T08:27:04+00:00\",\"dateModified\":\"2019-11-21T09:02:17+00:00\",\"mainEntityOfPage\":{\"@id\":\"https:\/\/www.chg.at\/en\/dietmar-czernich-haelt-vortrag-bei-der-konrad-adenauer-stiftung\/\"},\"wordCount\":157,\"publisher\":{\"@id\":\"https:\/\/www.chg.at\/en\/#organization\"},\"articleSection\":[\"CHG News\",\"Honorarkonsul Deutschland\",\"Veranstaltung\"],\"inLanguage\":\"en-US\"},{\"@type\":\"WebPage\",\"@id\":\"https:\/\/www.chg.at\/en\/dietmar-czernich-haelt-vortrag-bei-der-konrad-adenauer-stiftung\/\",\"url\":\"https:\/\/www.chg.at\/en\/dietmar-czernich-haelt-vortrag-bei-der-konrad-adenauer-stiftung\/\",\"name\":\"Dietmar Czernich h\u00e4lt Vortrag bei der Konrad-Adenauer-Stiftung\",\"isPartOf\":{\"@id\":\"https:\/\/www.chg.at\/en\/#website\"},\"datePublished\":\"2019-11-21T08:27:04+00:00\",\"dateModified\":\"2019-11-21T09:02:17+00:00\",\"description\":\"Honorarkonsul Dietmar Czernich zum Thema deutsch-\u00f6sterreichische Beziehungen unter Anwesenheit von Dr. Peter Huber, \u00f6sterreichischer Botschafter in Berlin.\",\"breadcrumb\":{\"@id\":\"https:\/\/www.chg.at\/en\/dietmar-czernich-haelt-vortrag-bei-der-konrad-adenauer-stiftung\/#breadcrumb\"},\"inLanguage\":\"en-US\",\"potentialAction\":[{\"@type\":\"ReadAction\",\"target\":[\"https:\/\/www.chg.at\/en\/dietmar-czernich-haelt-vortrag-bei-der-konrad-adenauer-stiftung\/\"]}]},{\"@type\":\"BreadcrumbList\",\"@id\":\"https:\/\/www.chg.at\/en\/dietmar-czernich-haelt-vortrag-bei-der-konrad-adenauer-stiftung\/#breadcrumb\",\"itemListElement\":[{\"@type\":\"ListItem\",\"position\":1,\"name\":\"Startseite\",\"item\":\"https:\/\/www.chg.at\/en\/\"},{\"@type\":\"ListItem\",\"position\":2,\"name\":\"Dietmar Czernich h\u00e4lt Vortrag bei der Konrad-Adenauer-Stiftung\"}]},{\"@type\":\"WebSite\",\"@id\":\"https:\/\/www.chg.at\/en\/#website\",\"url\":\"https:\/\/www.chg.at\/en\/\",\"name\":\"CHG Czernich Rechtsanw\u00e4lte \u2013 Wir bewegen Wirtschaft\",\"description\":\"Wir sorgen f\u00fcr Klarheit, wenn es rechtlich kompliziert wird. In jeder Phase Ihrer Unternehmungen. Sie ergreifen die Chancen. Wir verwandeln Risiken in L\u00f6sungen.\",\"publisher\":{\"@id\":\"https:\/\/www.chg.at\/en\/#organization\"},\"potentialAction\":[{\"@type\":\"SearchAction\",\"target\":{\"@type\":\"EntryPoint\",\"urlTemplate\":\"https:\/\/www.chg.at\/en\/?s={search_term_string}\"},\"query-input\":\"required name=search_term_string\"}],\"inLanguage\":\"en-US\"},{\"@type\":\"Organization\",\"@id\":\"https:\/\/www.chg.at\/en\/#organization\",\"name\":\"CHG Czernich Rechtsanw\u00e4lte\",\"url\":\"https:\/\/www.chg.at\/en\/\",\"sameAs\":[\"https:\/\/www.linkedin.com\/company\/12773263\/admin\/dashboard\/\"],\"logo\":{\"@type\":\"ImageObject\",\"inLanguage\":\"en-US\",\"@id\":\"https:\/\/www.chg.at\/en\/#\/schema\/logo\/image\/\",\"url\":\"https:\/\/www.chg.at\/wp-content\/uploads\/2016\/08\/CHG_logo_250_1.png\",\"contentUrl\":\"https:\/\/www.chg.at\/wp-content\/uploads\/2016\/08\/CHG_logo_250_1.png\",\"width\":250,\"height\":33,\"caption\":\"CHG Czernich Rechtsanw\u00e4lte\"},\"image\":{\"@id\":\"https:\/\/www.chg.at\/en\/#\/schema\/logo\/image\/\"}},{\"@type\":\"Person\",\"@id\":\"https:\/\/www.chg.at\/en\/#\/schema\/person\/b3b2cd248a314cf8acc3db22217f03b4\",\"name\":\"Diana B\u00f6hme\"}]}<\/script>\n<!-- \/ Yoast SEO plugin. -->","yoast_head_json":{"title":"Dietmar Czernich h\u00e4lt Vortrag bei der Konrad-Adenauer-Stiftung","description":"Honorarkonsul Dietmar Czernich zum Thema deutsch-\u00f6sterreichische Beziehungen unter Anwesenheit von Dr. Peter Huber, \u00f6sterreichischer Botschafter in Berlin.","robots":{"index":"index","follow":"follow","max-snippet":"max-snippet:-1","max-image-preview":"max-image-preview:large","max-video-preview":"max-video-preview:-1"},"canonical":"https:\/\/www.chg.at\/en\/dietmar-czernich-haelt-vortrag-bei-der-konrad-adenauer-stiftung\/","og_locale":"en_US","og_type":"article","og_title":"CHG","og_description":"CHG","og_url":"https:\/\/www.chg.at\/en\/dietmar-czernich-haelt-vortrag-bei-der-konrad-adenauer-stiftung\/","og_site_name":"CHG Czernich Rechtsanw\u00e4lte \u2013 Wir bewegen Wirtschaft","article_published_time":"2019-11-21T08:27:04+00:00","article_modified_time":"2019-11-21T09:02:17+00:00","og_image":[{"width":1160,"height":580,"url":"https:\/\/www.chg.at\/wp-content\/uploads\/2019\/11\/Marion_Walsmann__Dietmar_Czernich_1160x580_3.jpg","type":"image\/jpeg"}],"author":"Diana B\u00f6hme","twitter_card":"summary_large_image","twitter_misc":{"Written by":"Diana B\u00f6hme","Est. reading time":"1 minute"},"schema":{"@context":"https:\/\/schema.org","@graph":[{"@type":"Article","@id":"https:\/\/www.chg.at\/en\/dietmar-czernich-haelt-vortrag-bei-der-konrad-adenauer-stiftung\/#article","isPartOf":{"@id":"https:\/\/www.chg.at\/en\/dietmar-czernich-haelt-vortrag-bei-der-konrad-adenauer-stiftung\/"},"author":{"name":"Diana B\u00f6hme","@id":"https:\/\/www.chg.at\/en\/#\/schema\/person\/b3b2cd248a314cf8acc3db22217f03b4"},"headline":"Dietmar Czernich h\u00e4lt Vortrag bei der Konrad-Adenauer-Stiftung","datePublished":"2019-11-21T08:27:04+00:00","dateModified":"2019-11-21T09:02:17+00:00","mainEntityOfPage":{"@id":"https:\/\/www.chg.at\/en\/dietmar-czernich-haelt-vortrag-bei-der-konrad-adenauer-stiftung\/"},"wordCount":157,"publisher":{"@id":"https:\/\/www.chg.at\/en\/#organization"},"articleSection":["CHG News","Honorarkonsul Deutschland","Veranstaltung"],"inLanguage":"en-US"},{"@type":"WebPage","@id":"https:\/\/www.chg.at\/en\/dietmar-czernich-haelt-vortrag-bei-der-konrad-adenauer-stiftung\/","url":"https:\/\/www.chg.at\/en\/dietmar-czernich-haelt-vortrag-bei-der-konrad-adenauer-stiftung\/","name":"Dietmar Czernich h\u00e4lt Vortrag bei der Konrad-Adenauer-Stiftung","isPartOf":{"@id":"https:\/\/www.chg.at\/en\/#website"},"datePublished":"2019-11-21T08:27:04+00:00","dateModified":"2019-11-21T09:02:17+00:00","description":"Honorarkonsul Dietmar Czernich zum Thema deutsch-\u00f6sterreichische Beziehungen unter Anwesenheit von Dr. Peter Huber, \u00f6sterreichischer Botschafter in Berlin.","breadcrumb":{"@id":"https:\/\/www.chg.at\/en\/dietmar-czernich-haelt-vortrag-bei-der-konrad-adenauer-stiftung\/#breadcrumb"},"inLanguage":"en-US","potentialAction":[{"@type":"ReadAction","target":["https:\/\/www.chg.at\/en\/dietmar-czernich-haelt-vortrag-bei-der-konrad-adenauer-stiftung\/"]}]},{"@type":"BreadcrumbList","@id":"https:\/\/www.chg.at\/en\/dietmar-czernich-haelt-vortrag-bei-der-konrad-adenauer-stiftung\/#breadcrumb","itemListElement":[{"@type":"ListItem","position":1,"name":"Startseite","item":"https:\/\/www.chg.at\/en\/"},{"@type":"ListItem","position":2,"name":"Dietmar Czernich h\u00e4lt Vortrag bei der Konrad-Adenauer-Stiftung"}]},{"@type":"WebSite","@id":"https:\/\/www.chg.at\/en\/#website","url":"https:\/\/www.chg.at\/en\/","name":"CHG Czernich Rechtsanw\u00e4lte \u2013 Wir bewegen Wirtschaft","description":"Wir sorgen f\u00fcr Klarheit, wenn es rechtlich kompliziert wird. In jeder Phase Ihrer Unternehmungen. Sie ergreifen die Chancen. Wir verwandeln Risiken in L\u00f6sungen.","publisher":{"@id":"https:\/\/www.chg.at\/en\/#organization"},"potentialAction":[{"@type":"SearchAction","target":{"@type":"EntryPoint","urlTemplate":"https:\/\/www.chg.at\/en\/?s={search_term_string}"},"query-input":"required name=search_term_string"}],"inLanguage":"en-US"},{"@type":"Organization","@id":"https:\/\/www.chg.at\/en\/#organization","name":"CHG Czernich Rechtsanw\u00e4lte","url":"https:\/\/www.chg.at\/en\/","sameAs":["https:\/\/www.linkedin.com\/company\/12773263\/admin\/dashboard\/"],"logo":{"@type":"ImageObject","inLanguage":"en-US","@id":"https:\/\/www.chg.at\/en\/#\/schema\/logo\/image\/","url":"https:\/\/www.chg.at\/wp-content\/uploads\/2016\/08\/CHG_logo_250_1.png","contentUrl":"https:\/\/www.chg.at\/wp-content\/uploads\/2016\/08\/CHG_logo_250_1.png","width":250,"height":33,"caption":"CHG Czernich Rechtsanw\u00e4lte"},"image":{"@id":"https:\/\/www.chg.at\/en\/#\/schema\/logo\/image\/"}},{"@type":"Person","@id":"https:\/\/www.chg.at\/en\/#\/schema\/person\/b3b2cd248a314cf8acc3db22217f03b4","name":"Diana B\u00f6hme"}]}},"_links":{"self":[{"href":"https:\/\/www.chg.at\/en\/wp-json\/wp\/v2\/posts\/11157"}],"collection":[{"href":"https:\/\/www.chg.at\/en\/wp-json\/wp\/v2\/posts"}],"about":[{"href":"https:\/\/www.chg.at\/en\/wp-json\/wp\/v2\/types\/post"}],"author":[{"embeddable":true,"href":"https:\/\/www.chg.at\/en\/wp-json\/wp\/v2\/users\/3"}],"replies":[{"embeddable":true,"href":"https:\/\/www.chg.at\/en\/wp-json\/wp\/v2\/comments?post=11157"}],"version-history":[{"count":4,"href":"https:\/\/www.chg.at\/en\/wp-json\/wp\/v2\/posts\/11157\/revisions"}],"predecessor-version":[{"id":11162,"href":"https:\/\/www.chg.at\/en\/wp-json\/wp\/v2\/posts\/11157\/revisions\/11162"}],"wp:featuredmedia":[{"embeddable":true,"href":"https:\/\/www.chg.at\/en\/wp-json\/wp\/v2\/media\/11158"}],"wp:attachment":[{"href":"https:\/\/www.chg.at\/en\/wp-json\/wp\/v2\/media?parent=11157"}],"wp:term":[{"taxonomy":"category","embeddable":true,"href":"https:\/\/www.chg.at\/en\/wp-json\/wp\/v2\/categories?post=11157"},{"taxonomy":"post_tag","embeddable":true,"href":"https:\/\/www.chg.at\/en\/wp-json\/wp\/v2\/tags?post=11157"}],"curies":[{"name":"wp","href":"https:\/\/api.w.org\/{rel}","templated":true}]}}