{"id":11348,"date":"2019-12-05T15:00:51","date_gmt":"2019-12-05T14:00:51","guid":{"rendered":"https:\/\/www.chg.at\/dr-thomas-mueller-erste-judikatur-zum-bundesvergabegesetz-2018\/"},"modified":"2019-12-09T09:11:45","modified_gmt":"2019-12-09T08:11:45","slug":"dr-thomas-mueller-erste-judikatur-zum-bundesvergabegesetz-2018","status":"publish","type":"post","link":"https:\/\/www.chg.at\/en\/dr-thomas-mueller-erste-judikatur-zum-bundesvergabegesetz-2018\/","title":{"rendered":"Veranstaltungshinweis: Erste Judikatur zum Bundesvergabegesetz 2018"},"content":{"rendered":"<style type=\"text\/css\"> \n#cmsmasters_row_69f19e99097c84_73755495 .cmsmasters_row_outer_parent { \n\tpadding-top: 0px; \n} \n\n#cmsmasters_row_69f19e99097c84_73755495 .cmsmasters_row_outer_parent { \n\tpadding-bottom: 50px; \n} \n\n \n#cmsmasters_divider_69f19e99099a16_14528458 { \n\tborder-bottom-width:0px; \n\tborder-bottom-style:solid; \n\tpadding-top:10px; \n\tmargin-bottom:10px; \n} \n\n#cmsmasters_button_69f19e9909a327_13326318 { \n\tfloat:left; \n} \n\n#cmsmasters_button_69f19e9909a327_13326318 .cmsmasters_button:before { \n\tmargin-right:.5em; \n\tmargin-left:0; \n\tvertical-align:baseline; \n} \n\n#cmsmasters_button_69f19e9909a327_13326318 .cmsmasters_button { \n\tfont-weight:normal; \n\tfont-style:normal; \n\tborder-style:solid; \n} \n#cmsmasters_button_69f19e9909a327_13326318 .cmsmasters_button:hover { \n} \n<\/style><div id=\"cmsmasters_row_69f19e99097c84_73755495\" class=\"cmsmasters_row cmsmasters_color_scheme_default cmsmasters_row_top_default cmsmasters_row_bot_default cmsmasters_row_boxed\">\n<div class=\"cmsmasters_row_outer_parent\">\n<div class=\"cmsmasters_row_outer\">\n<div class=\"cmsmasters_row_inner\">\n<div class=\"cmsmasters_row_margin\">\n<div class=\"cmsmasters_column one_first\">\n<div class=\"cmsmasters_text\">\n<h1 style=\"text-align: left;\">Erste Judikatur zum Bundesvergabegesetz 2018<\/h1>\n<p>Wir laden Sie zu einem Update zu den ersten Erfahrungen und der ersten Judikatur zum Bundesvergabegesetz 2018 ein.<\/p>\n<h3><span style=\"color: #d43555;\">Vortragender: assoz. Prof. Dr. Thomas M\u00fcller, LL.M.<\/span><br \/>\nMittwoch, 29. J\u00e4nner 2020<br \/>\n15:30 Uhr \u2013 ca. 17:00 Uhr<br \/>\nOrt: CHG Czernich Rechtsanw\u00e4lte, Bozner Platz 4, 6020 Innsbruck<\/h3>\n<p><strong>Dr. Thomas M\u00fcller, LL.M. ist assoz. Professor am Institut f\u00fcr \u00d6ffentliches Recht, Staats- und Verwaltungslehre an der Universit\u00e4t Innsbruck. In seiner Forschung besch\u00e4ftigt er sich unter anderem mit dem \u00f6ffentlichen Vergaberecht. Er ist durch eine gro\u00dfe Anzahl von Ver\u00f6ffentlichungen zum \u00f6ffentlichen Recht und Wirtschaftsrecht ausgewiesen. Er h\u00e4lt Lehrveranstaltungen und Vortr\u00e4ge zum \u00f6ffentlichen Vergaberecht und ist somit profunder Kenner dieser Rechtsmaterie.<\/strong><\/p>\n<p>Das \u00f6sterreichische Vergaberecht wurde durch das <strong>Bundesvergabegesetz 2018<\/strong> zum Teil weitreichend ge\u00e4ndert. Die \u00f6ffentlichen Auftraggeber wurden mit zus\u00e4tzlichen Aufgaben bei Vergabeverfahren in die Pflicht genommen. Auch fu\u0308r Bieter wurde der Aufwand bei \u00f6ffentlichen Vergabeverfahren nicht reduziert. Das Vergaberecht wurde somit durch die Neufassung des BVergG nicht gerade vereinfacht. Mittlerweile liegen die ersten Entscheidungen zum neuen Bundesvergabegesetz vor und wird Prof. M\u00fcller einen \u00dcberblick daru\u0308ber geben.<\/p>\n<p>Ziel der Veranstaltung ist das Vermitteln eines \u00dcberblicks \u00fcber die erste Judikatur zum <strong>Bundesvergabegesetz 2018<\/strong>. In der anschlie\u00dfenden Diskussion k\u00f6nnen Fragen und konkrete Anlassf\u00e4lle er\u00f6rtert werden.<\/p>\n\n<div id=\"cmsmasters_divider_69f19e99099a16_14528458\" class=\"cl\"><\/div>\n<div id=\"cmsmasters_button_69f19e9909a327_13326318\" class=\"button_wrap\"><a href=\"https:\/\/www.chg.at\/wp-content\/uploads\/2019\/12\/20200129_CHG_Einladungskarte_T-Mu\u0308ller_DRUCK.pdf\" class=\"ripple cmsmasters_button\"><span>weitere Details zur Veranstaltung<\/span><\/a><\/div>\n<\/div>\n<\/div>\n<\/div>\n<\/div>\n<\/div>\n<\/div>\n<\/div>\n\n","protected":false},"excerpt":{"rendered":"<p>Einladung zur Veranstaltung am 29.01.2020, Vortragender: assoz. Prof. Dr. Thomas M\u00fcller, LL.M., Institut f\u00fcr \u00d6ffentliches Recht der Universit\u00e4t Innsbruck<\/p>\n","protected":false},"author":1,"featured_media":11285,"comment_status":"closed","ping_status":"open","sticky":false,"template":"","format":"image","meta":{"inline_featured_image":false},"categories":[42,56,54],"tags":[],"yoast_head":"<!-- This site is optimized with the Yoast SEO plugin v19.8 - https:\/\/yoast.com\/wordpress\/plugins\/seo\/ -->\n<title>Einladung zur Veranstaltung am 29.01.2020, Erste Judikatur zum Bundesvergabegesetz 2018<\/title>\n<meta name=\"description\" content=\"Dr. Thomas M\u00fcller, LL.M. ist assoz. Professor am Institut f\u00fcr \u00d6ffentliches Recht, Staats- und Verwaltungslehre an der Universit\u00e4t Innsbruck.\" \/>\n<meta name=\"robots\" content=\"index, follow, max-snippet:-1, max-image-preview:large, max-video-preview:-1\" \/>\n<link rel=\"canonical\" href=\"https:\/\/www.chg.at\/en\/dr-thomas-mueller-erste-judikatur-zum-bundesvergabegesetz-2018\/\" \/>\n<meta property=\"og:locale\" content=\"en_US\" \/>\n<meta property=\"og:type\" content=\"article\" \/>\n<meta property=\"og:title\" content=\"CHG\" \/>\n<meta property=\"og:description\" content=\"CHG\" \/>\n<meta property=\"og:url\" content=\"https:\/\/www.chg.at\/en\/dr-thomas-mueller-erste-judikatur-zum-bundesvergabegesetz-2018\/\" \/>\n<meta property=\"og:site_name\" content=\"CHG Czernich Rechtsanw\u00e4lte \u2013 Wir bewegen Wirtschaft\" \/>\n<meta property=\"article:published_time\" content=\"2019-12-05T14:00:51+00:00\" \/>\n<meta property=\"article:modified_time\" content=\"2019-12-09T08:11:45+00:00\" \/>\n<meta property=\"og:image\" content=\"https:\/\/www.chg.at\/wp-content\/uploads\/2019\/12\/chg-veranstaltung-1160x580px.jpg\" \/>\n\t<meta property=\"og:image:width\" content=\"1160\" \/>\n\t<meta property=\"og:image:height\" content=\"580\" \/>\n\t<meta property=\"og:image:type\" content=\"image\/jpeg\" \/>\n<meta name=\"author\" content=\"CHG\" \/>\n<meta name=\"twitter:card\" content=\"summary_large_image\" \/>\n<meta name=\"twitter:label1\" content=\"Written by\" \/>\n\t<meta name=\"twitter:data1\" content=\"CHG\" \/>\n\t<meta name=\"twitter:label2\" content=\"Est. reading time\" \/>\n\t<meta name=\"twitter:data2\" content=\"2 minutes\" \/>\n<script type=\"application\/ld+json\" class=\"yoast-schema-graph\">{\"@context\":\"https:\/\/schema.org\",\"@graph\":[{\"@type\":\"Article\",\"@id\":\"https:\/\/www.chg.at\/en\/dr-thomas-mueller-erste-judikatur-zum-bundesvergabegesetz-2018\/#article\",\"isPartOf\":{\"@id\":\"https:\/\/www.chg.at\/en\/dr-thomas-mueller-erste-judikatur-zum-bundesvergabegesetz-2018\/\"},\"author\":{\"name\":\"CHG\",\"@id\":\"https:\/\/www.chg.at\/en\/#\/schema\/person\/7a1038c334c33769764004f669f800e2\"},\"headline\":\"Veranstaltungshinweis: Erste Judikatur zum Bundesvergabegesetz 2018\",\"datePublished\":\"2019-12-05T14:00:51+00:00\",\"dateModified\":\"2019-12-09T08:11:45+00:00\",\"mainEntityOfPage\":{\"@id\":\"https:\/\/www.chg.at\/en\/dr-thomas-mueller-erste-judikatur-zum-bundesvergabegesetz-2018\/\"},\"wordCount\":329,\"publisher\":{\"@id\":\"https:\/\/www.chg.at\/en\/#organization\"},\"articleSection\":[\"CHG News\",\"Kanzlei\",\"Veranstaltung\"],\"inLanguage\":\"en-US\"},{\"@type\":\"WebPage\",\"@id\":\"https:\/\/www.chg.at\/en\/dr-thomas-mueller-erste-judikatur-zum-bundesvergabegesetz-2018\/\",\"url\":\"https:\/\/www.chg.at\/en\/dr-thomas-mueller-erste-judikatur-zum-bundesvergabegesetz-2018\/\",\"name\":\"Einladung zur Veranstaltung am 29.01.2020, Erste Judikatur zum Bundesvergabegesetz 2018\",\"isPartOf\":{\"@id\":\"https:\/\/www.chg.at\/en\/#website\"},\"datePublished\":\"2019-12-05T14:00:51+00:00\",\"dateModified\":\"2019-12-09T08:11:45+00:00\",\"description\":\"Dr. Thomas M\u00fcller, LL.M. ist assoz. Professor am Institut f\u00fcr \u00d6ffentliches Recht, Staats- und Verwaltungslehre an der Universit\u00e4t Innsbruck.\",\"breadcrumb\":{\"@id\":\"https:\/\/www.chg.at\/en\/dr-thomas-mueller-erste-judikatur-zum-bundesvergabegesetz-2018\/#breadcrumb\"},\"inLanguage\":\"en-US\",\"potentialAction\":[{\"@type\":\"ReadAction\",\"target\":[\"https:\/\/www.chg.at\/en\/dr-thomas-mueller-erste-judikatur-zum-bundesvergabegesetz-2018\/\"]}]},{\"@type\":\"BreadcrumbList\",\"@id\":\"https:\/\/www.chg.at\/en\/dr-thomas-mueller-erste-judikatur-zum-bundesvergabegesetz-2018\/#breadcrumb\",\"itemListElement\":[{\"@type\":\"ListItem\",\"position\":1,\"name\":\"Startseite\",\"item\":\"https:\/\/www.chg.at\/en\/\"},{\"@type\":\"ListItem\",\"position\":2,\"name\":\"Veranstaltungshinweis: Erste Judikatur zum Bundesvergabegesetz 2018\"}]},{\"@type\":\"WebSite\",\"@id\":\"https:\/\/www.chg.at\/en\/#website\",\"url\":\"https:\/\/www.chg.at\/en\/\",\"name\":\"CHG Czernich Rechtsanw\u00e4lte \u2013 Wir bewegen Wirtschaft\",\"description\":\"Wir sorgen f\u00fcr Klarheit, wenn es rechtlich kompliziert wird. In jeder Phase Ihrer Unternehmungen. Sie ergreifen die Chancen. Wir verwandeln Risiken in L\u00f6sungen.\",\"publisher\":{\"@id\":\"https:\/\/www.chg.at\/en\/#organization\"},\"potentialAction\":[{\"@type\":\"SearchAction\",\"target\":{\"@type\":\"EntryPoint\",\"urlTemplate\":\"https:\/\/www.chg.at\/en\/?s={search_term_string}\"},\"query-input\":\"required name=search_term_string\"}],\"inLanguage\":\"en-US\"},{\"@type\":\"Organization\",\"@id\":\"https:\/\/www.chg.at\/en\/#organization\",\"name\":\"CHG Czernich Rechtsanw\u00e4lte\",\"url\":\"https:\/\/www.chg.at\/en\/\",\"sameAs\":[\"https:\/\/www.linkedin.com\/company\/12773263\/admin\/dashboard\/\"],\"logo\":{\"@type\":\"ImageObject\",\"inLanguage\":\"en-US\",\"@id\":\"https:\/\/www.chg.at\/en\/#\/schema\/logo\/image\/\",\"url\":\"https:\/\/www.chg.at\/wp-content\/uploads\/2016\/08\/CHG_logo_250_1.png\",\"contentUrl\":\"https:\/\/www.chg.at\/wp-content\/uploads\/2016\/08\/CHG_logo_250_1.png\",\"width\":250,\"height\":33,\"caption\":\"CHG Czernich Rechtsanw\u00e4lte\"},\"image\":{\"@id\":\"https:\/\/www.chg.at\/en\/#\/schema\/logo\/image\/\"}},{\"@type\":\"Person\",\"@id\":\"https:\/\/www.chg.at\/en\/#\/schema\/person\/7a1038c334c33769764004f669f800e2\",\"name\":\"CHG\",\"description\":\"CHG Czernich Haidlen Gast &amp; Partner Rechtsanw\u00e4lte GmbH Wir bewegen Wirtschaft.\",\"sameAs\":[\"https:\/\/www.chg.at\"]}]}<\/script>\n<!-- \/ Yoast SEO plugin. -->","yoast_head_json":{"title":"Einladung zur Veranstaltung am 29.01.2020, Erste Judikatur zum Bundesvergabegesetz 2018","description":"Dr. Thomas M\u00fcller, LL.M. ist assoz. Professor am Institut f\u00fcr \u00d6ffentliches Recht, Staats- und Verwaltungslehre an der Universit\u00e4t Innsbruck.","robots":{"index":"index","follow":"follow","max-snippet":"max-snippet:-1","max-image-preview":"max-image-preview:large","max-video-preview":"max-video-preview:-1"},"canonical":"https:\/\/www.chg.at\/en\/dr-thomas-mueller-erste-judikatur-zum-bundesvergabegesetz-2018\/","og_locale":"en_US","og_type":"article","og_title":"CHG","og_description":"CHG","og_url":"https:\/\/www.chg.at\/en\/dr-thomas-mueller-erste-judikatur-zum-bundesvergabegesetz-2018\/","og_site_name":"CHG Czernich Rechtsanw\u00e4lte \u2013 Wir bewegen Wirtschaft","article_published_time":"2019-12-05T14:00:51+00:00","article_modified_time":"2019-12-09T08:11:45+00:00","og_image":[{"width":1160,"height":580,"url":"https:\/\/www.chg.at\/wp-content\/uploads\/2019\/12\/chg-veranstaltung-1160x580px.jpg","type":"image\/jpeg"}],"author":"CHG","twitter_card":"summary_large_image","twitter_misc":{"Written by":"CHG","Est. reading time":"2 minutes"},"schema":{"@context":"https:\/\/schema.org","@graph":[{"@type":"Article","@id":"https:\/\/www.chg.at\/en\/dr-thomas-mueller-erste-judikatur-zum-bundesvergabegesetz-2018\/#article","isPartOf":{"@id":"https:\/\/www.chg.at\/en\/dr-thomas-mueller-erste-judikatur-zum-bundesvergabegesetz-2018\/"},"author":{"name":"CHG","@id":"https:\/\/www.chg.at\/en\/#\/schema\/person\/7a1038c334c33769764004f669f800e2"},"headline":"Veranstaltungshinweis: Erste Judikatur zum Bundesvergabegesetz 2018","datePublished":"2019-12-05T14:00:51+00:00","dateModified":"2019-12-09T08:11:45+00:00","mainEntityOfPage":{"@id":"https:\/\/www.chg.at\/en\/dr-thomas-mueller-erste-judikatur-zum-bundesvergabegesetz-2018\/"},"wordCount":329,"publisher":{"@id":"https:\/\/www.chg.at\/en\/#organization"},"articleSection":["CHG News","Kanzlei","Veranstaltung"],"inLanguage":"en-US"},{"@type":"WebPage","@id":"https:\/\/www.chg.at\/en\/dr-thomas-mueller-erste-judikatur-zum-bundesvergabegesetz-2018\/","url":"https:\/\/www.chg.at\/en\/dr-thomas-mueller-erste-judikatur-zum-bundesvergabegesetz-2018\/","name":"Einladung zur Veranstaltung am 29.01.2020, Erste Judikatur zum Bundesvergabegesetz 2018","isPartOf":{"@id":"https:\/\/www.chg.at\/en\/#website"},"datePublished":"2019-12-05T14:00:51+00:00","dateModified":"2019-12-09T08:11:45+00:00","description":"Dr. Thomas M\u00fcller, LL.M. ist assoz. Professor am Institut f\u00fcr \u00d6ffentliches Recht, Staats- und Verwaltungslehre an der Universit\u00e4t Innsbruck.","breadcrumb":{"@id":"https:\/\/www.chg.at\/en\/dr-thomas-mueller-erste-judikatur-zum-bundesvergabegesetz-2018\/#breadcrumb"},"inLanguage":"en-US","potentialAction":[{"@type":"ReadAction","target":["https:\/\/www.chg.at\/en\/dr-thomas-mueller-erste-judikatur-zum-bundesvergabegesetz-2018\/"]}]},{"@type":"BreadcrumbList","@id":"https:\/\/www.chg.at\/en\/dr-thomas-mueller-erste-judikatur-zum-bundesvergabegesetz-2018\/#breadcrumb","itemListElement":[{"@type":"ListItem","position":1,"name":"Startseite","item":"https:\/\/www.chg.at\/en\/"},{"@type":"ListItem","position":2,"name":"Veranstaltungshinweis: Erste Judikatur zum Bundesvergabegesetz 2018"}]},{"@type":"WebSite","@id":"https:\/\/www.chg.at\/en\/#website","url":"https:\/\/www.chg.at\/en\/","name":"CHG Czernich Rechtsanw\u00e4lte \u2013 Wir bewegen Wirtschaft","description":"Wir sorgen f\u00fcr Klarheit, wenn es rechtlich kompliziert wird. In jeder Phase Ihrer Unternehmungen. Sie ergreifen die Chancen. Wir verwandeln Risiken in L\u00f6sungen.","publisher":{"@id":"https:\/\/www.chg.at\/en\/#organization"},"potentialAction":[{"@type":"SearchAction","target":{"@type":"EntryPoint","urlTemplate":"https:\/\/www.chg.at\/en\/?s={search_term_string}"},"query-input":"required name=search_term_string"}],"inLanguage":"en-US"},{"@type":"Organization","@id":"https:\/\/www.chg.at\/en\/#organization","name":"CHG Czernich Rechtsanw\u00e4lte","url":"https:\/\/www.chg.at\/en\/","sameAs":["https:\/\/www.linkedin.com\/company\/12773263\/admin\/dashboard\/"],"logo":{"@type":"ImageObject","inLanguage":"en-US","@id":"https:\/\/www.chg.at\/en\/#\/schema\/logo\/image\/","url":"https:\/\/www.chg.at\/wp-content\/uploads\/2016\/08\/CHG_logo_250_1.png","contentUrl":"https:\/\/www.chg.at\/wp-content\/uploads\/2016\/08\/CHG_logo_250_1.png","width":250,"height":33,"caption":"CHG Czernich Rechtsanw\u00e4lte"},"image":{"@id":"https:\/\/www.chg.at\/en\/#\/schema\/logo\/image\/"}},{"@type":"Person","@id":"https:\/\/www.chg.at\/en\/#\/schema\/person\/7a1038c334c33769764004f669f800e2","name":"CHG","description":"CHG Czernich Haidlen Gast &amp; Partner Rechtsanw\u00e4lte GmbH Wir bewegen Wirtschaft.","sameAs":["https:\/\/www.chg.at"]}]}},"_links":{"self":[{"href":"https:\/\/www.chg.at\/en\/wp-json\/wp\/v2\/posts\/11348"}],"collection":[{"href":"https:\/\/www.chg.at\/en\/wp-json\/wp\/v2\/posts"}],"about":[{"href":"https:\/\/www.chg.at\/en\/wp-json\/wp\/v2\/types\/post"}],"author":[{"embeddable":true,"href":"https:\/\/www.chg.at\/en\/wp-json\/wp\/v2\/users\/1"}],"replies":[{"embeddable":true,"href":"https:\/\/www.chg.at\/en\/wp-json\/wp\/v2\/comments?post=11348"}],"version-history":[{"count":2,"href":"https:\/\/www.chg.at\/en\/wp-json\/wp\/v2\/posts\/11348\/revisions"}],"predecessor-version":[{"id":11356,"href":"https:\/\/www.chg.at\/en\/wp-json\/wp\/v2\/posts\/11348\/revisions\/11356"}],"wp:featuredmedia":[{"embeddable":true,"href":"https:\/\/www.chg.at\/en\/wp-json\/wp\/v2\/media\/11285"}],"wp:attachment":[{"href":"https:\/\/www.chg.at\/en\/wp-json\/wp\/v2\/media?parent=11348"}],"wp:term":[{"taxonomy":"category","embeddable":true,"href":"https:\/\/www.chg.at\/en\/wp-json\/wp\/v2\/categories?post=11348"},{"taxonomy":"post_tag","embeddable":true,"href":"https:\/\/www.chg.at\/en\/wp-json\/wp\/v2\/tags?post=11348"}],"curies":[{"name":"wp","href":"https:\/\/api.w.org\/{rel}","templated":true}]}}