{"id":11833,"date":"2020-03-15T19:31:31","date_gmt":"2020-03-15T18:31:31","guid":{"rendered":"https:\/\/www.chg.at\/?p=11833"},"modified":"2020-04-20T10:58:25","modified_gmt":"2020-04-20T08:58:25","slug":"covid-19-information","status":"publish","type":"post","link":"https:\/\/www.chg.at\/en\/covid-19-information\/","title":{"rendered":"Corona Task Force"},"content":{"rendered":"<style type=\"text\/css\"> \n#cmsmasters_row_69f1ab80f185d5_89619583 .cmsmasters_row_outer_parent { \n\tpadding-top: 0px; \n} \n\n#cmsmasters_row_69f1ab80f185d5_89619583 .cmsmasters_row_outer_parent { \n\tpadding-bottom: 50px; \n} \n\n<\/style><div id=\"cmsmasters_row_69f1ab80f185d5_89619583\" class=\"cmsmasters_row cmsmasters_color_scheme_default cmsmasters_row_top_default cmsmasters_row_bot_default cmsmasters_row_boxed\">\n<div class=\"cmsmasters_row_outer_parent\">\n<div class=\"cmsmasters_row_outer\">\n<div class=\"cmsmasters_row_inner\">\n<div class=\"cmsmasters_row_margin\">\n<div class=\"cmsmasters_column one_first\">\n<div class=\"cmsmasters_text\">\n<h2><strong>Liebe Gesch\u00e4ftspartner und Mandanten,<\/strong><\/h2>\n<p>Au\u00dfergew\u00f6hnliche Umst\u00e4nde erfordern au\u00dfergew\u00f6hnliche Ma\u00dfnahmen. Um Sie in dieser f\u00fcr uns alle herausfordernde Zeit noch besser unterst\u00fctzen zu k\u00f6nnen, haben wir eine eigene <strong><a href=\"https:\/\/www.chg.at\/kanzlei\/#chg-corona-task-force\">Task Force<\/a> <\/strong>speziell f\u00fcr Anliegen und Fragen im Zusammenhang mit den Auswirkungen des Coronavirus eingerichtet.<\/p>\n<p>Die Task Force setzt sich aus vier Anw\u00e4lten aus unterschiedlichen Praxisgruppen zusammen, um Sie effizient und umf\u00e4nglich beraten zu k\u00f6nnen. Die <a href=\"https:\/\/www.chg.at\/kanzlei\/#chg-corona-task-force\">Task Force<\/a> ber\u00e4t Sie insbesondere zu folgenden Themenbereichen:<\/p>\n<ul>\n<li><strong>Arbeits- und Sozialversicherungsrecht<\/strong>: Kurzarbeit, Sonderbetreuungszeit, Quarant\u00e4ne, Betriebsschlie\u00dfung, Tele-Working, K\u00fcndigung, Kinderbetreuung; Herabsetzung oder Stundung der SV-Beitr\u00e4ge;<\/li>\n<\/ul>\n<p>Ihre Ansprechpartnerin: <a href=\"https:\/\/www.chg.at\/profile\/marlene-wachter\/\"><strong>RA Dr. Marlene Wachter<\/strong><\/a><\/p>\n<ul>\n<li><strong>\u00d6ffentliches Wirtschaftsrecht<\/strong>: Entsch\u00e4digungs- und Regressanspr\u00fcche nach dem Epidemiegesetz, Meldepflichten, Sofortma\u00dfnahmen zur Unterst\u00fctzung von Tourismusbetrieben, \u00dcberbr\u00fcckungsfinanzierung f\u00fcr EPU und KMU, Sonderregelungen f\u00fcr Gastronomiebetriebe, Absage von Veranstaltungen;<\/li>\n<\/ul>\n<p>Ihre Ansprechpartner: <strong><a href=\"https:\/\/www.chg.at\/profile\/arnold-autengruber\/\">RA Dr. Arnold Autengruber<\/a><\/strong> und <a href=\"https:\/\/www.chg.at\/profile\/michael-huetz\/\"><strong>RA Mag. Michael Huetz<\/strong><\/a><\/p>\n<ul>\n<li><strong>Vertragsrecht<\/strong>: Auswirkung auf bestehende Vertr\u00e4ge b2b (Werkvertr\u00e4ge, Liefervertr\u00e4ge, Kaufvertr\u00e4ge); Haftung f\u00fcr Lieferausf\u00e4lle; Leistungsst\u00f6rungsrecht; Betriebsbeschr\u00e4nkung und Gesch\u00e4ftsraummiete; Reise- und Transportrecht;<\/li>\n<\/ul>\n<p>Ihre Ansprechpartner: <a href=\"https:\/\/www.chg.at\/profile\/daniel-tamerl\/\"><strong>RA Dr. Daniel Tamerl <\/strong><\/a>und<a href=\"https:\/\/www.chg.at\/profile\/michael-huetz\/\"> <strong>RA Mag. Michael Huetz<\/strong><\/a><\/p>\n<ul>\n<li><strong>Vergaberecht<\/strong>: Umgang mit \u00f6ffentlichen Vergabeverfahren, Vertrags\u00e4nderungen, Notvergaben;<\/li>\n<\/ul>\n<p>Ihr Ansprechpartner: <a href=\"https:\/\/www.chg.at\/profile\/arnold-autengruber\/\"><strong>RA Dr. Arnold Autengruber<\/strong><\/a><\/p>\n<p>Die Mitglieder der Task Force sind gerne Ihre direkten Ansprechpartner. Wir bleiben an Ihrer Seite und informieren Sie hier \u00fcber die neuesten Entwicklungen. Sollten Sie eine Anfrage keinem dieser Themenbereiche zuordnen k\u00f6nnen, dann wenden Sie sich bitte an<\/p>\n<p><a href=\"https:\/\/www.chg.at\/profile\/daniel-tamerl\/\">RA Dr. Daniel Tamerl<\/a>\u00a0unter\u00a0<a href=\"mailto:tamerl@chg.at\">tamerl@chg.at<\/a><\/p>\n<p>oder<\/p>\n<p><a href=\"mailto:innsbruck@chg.at\">innsbruck@chg.at<\/a><\/p>\n<p>oder<\/p>\n<p>telefonisch unter +43\u00a0512 567373<\/p>\n<p>Ihr Team von CHG-Rechtsanw\u00e4lte<\/p>\n<\/div>\n<\/div>\n<\/div>\n<\/div>\n<\/div>\n<\/div>\n<\/div>\n\n","protected":false},"excerpt":{"rendered":"<p>CHG informiert zur aktuellen Situation bez\u00fcglich Covid-19.<\/p>\n","protected":false},"author":10,"featured_media":12341,"comment_status":"closed","ping_status":"open","sticky":false,"template":"","format":"image","meta":{"inline_featured_image":false},"categories":[8,9,68],"tags":[],"yoast_head":"<!-- This site is optimized with the Yoast SEO plugin v19.8 - https:\/\/yoast.com\/wordpress\/plugins\/seo\/ -->\n<title>CHG informiert zur aktuellen Covid-19 Situation<\/title>\n<meta name=\"description\" content=\"Trotz der aktuellen Situation mit dem Covid-19 Virus bleibt der Kanzleibetrieb aufrecht.\" \/>\n<meta name=\"robots\" content=\"index, follow, max-snippet:-1, max-image-preview:large, max-video-preview:-1\" \/>\n<link rel=\"canonical\" href=\"https:\/\/www.chg.at\/en\/covid-19-information\/\" \/>\n<meta property=\"og:locale\" content=\"en_US\" \/>\n<meta property=\"og:type\" content=\"article\" \/>\n<meta property=\"og:title\" content=\"CHG\" \/>\n<meta property=\"og:description\" content=\"CHG\" \/>\n<meta property=\"og:url\" content=\"https:\/\/www.chg.at\/en\/covid-19-information\/\" \/>\n<meta property=\"og:site_name\" content=\"CHG Czernich Rechtsanw\u00e4lte \u2013 Wir bewegen Wirtschaft\" \/>\n<meta property=\"article:published_time\" content=\"2020-03-15T18:31:31+00:00\" \/>\n<meta property=\"article:modified_time\" content=\"2020-04-20T08:58:25+00:00\" \/>\n<meta property=\"og:image\" content=\"https:\/\/www.chg.at\/wp-content\/uploads\/2020\/04\/Recht-und-Corona.png\" \/>\n\t<meta property=\"og:image:width\" content=\"1160\" \/>\n\t<meta property=\"og:image:height\" content=\"580\" \/>\n\t<meta property=\"og:image:type\" content=\"image\/png\" \/>\n<meta name=\"author\" content=\"Lorenz Held\" \/>\n<meta name=\"twitter:card\" content=\"summary_large_image\" \/>\n<meta name=\"twitter:label1\" content=\"Written by\" \/>\n\t<meta name=\"twitter:data1\" content=\"Lorenz Held\" \/>\n\t<meta name=\"twitter:label2\" content=\"Est. reading time\" \/>\n\t<meta name=\"twitter:data2\" content=\"2 minutes\" \/>\n<script type=\"application\/ld+json\" class=\"yoast-schema-graph\">{\"@context\":\"https:\/\/schema.org\",\"@graph\":[{\"@type\":\"Article\",\"@id\":\"https:\/\/www.chg.at\/en\/covid-19-information\/#article\",\"isPartOf\":{\"@id\":\"https:\/\/www.chg.at\/en\/covid-19-information\/\"},\"author\":{\"name\":\"Lorenz Held\",\"@id\":\"https:\/\/www.chg.at\/en\/#\/schema\/person\/767a36d24c2ac329c1c5e1c10929e2b6\"},\"headline\":\"Corona Task Force\",\"datePublished\":\"2020-03-15T18:31:31+00:00\",\"dateModified\":\"2020-04-20T08:58:25+00:00\",\"mainEntityOfPage\":{\"@id\":\"https:\/\/www.chg.at\/en\/covid-19-information\/\"},\"wordCount\":325,\"publisher\":{\"@id\":\"https:\/\/www.chg.at\/en\/#organization\"},\"articleSection\":[\"CHG News\",\"Kanzlei\",\"Recht und Corona\"],\"inLanguage\":\"en-US\"},{\"@type\":\"WebPage\",\"@id\":\"https:\/\/www.chg.at\/en\/covid-19-information\/\",\"url\":\"https:\/\/www.chg.at\/en\/covid-19-information\/\",\"name\":\"CHG informiert zur aktuellen Covid-19 Situation\",\"isPartOf\":{\"@id\":\"https:\/\/www.chg.at\/en\/#website\"},\"datePublished\":\"2020-03-15T18:31:31+00:00\",\"dateModified\":\"2020-04-20T08:58:25+00:00\",\"description\":\"Trotz der aktuellen Situation mit dem Covid-19 Virus bleibt der Kanzleibetrieb aufrecht.\",\"breadcrumb\":{\"@id\":\"https:\/\/www.chg.at\/en\/covid-19-information\/#breadcrumb\"},\"inLanguage\":\"en-US\",\"potentialAction\":[{\"@type\":\"ReadAction\",\"target\":[\"https:\/\/www.chg.at\/en\/covid-19-information\/\"]}]},{\"@type\":\"BreadcrumbList\",\"@id\":\"https:\/\/www.chg.at\/en\/covid-19-information\/#breadcrumb\",\"itemListElement\":[{\"@type\":\"ListItem\",\"position\":1,\"name\":\"Startseite\",\"item\":\"https:\/\/www.chg.at\/en\/\"},{\"@type\":\"ListItem\",\"position\":2,\"name\":\"Corona Task Force\"}]},{\"@type\":\"WebSite\",\"@id\":\"https:\/\/www.chg.at\/en\/#website\",\"url\":\"https:\/\/www.chg.at\/en\/\",\"name\":\"CHG Czernich Rechtsanw\u00e4lte \u2013 Wir bewegen Wirtschaft\",\"description\":\"Wir sorgen f\u00fcr Klarheit, wenn es rechtlich kompliziert wird. In jeder Phase Ihrer Unternehmungen. Sie ergreifen die Chancen. Wir verwandeln Risiken in L\u00f6sungen.\",\"publisher\":{\"@id\":\"https:\/\/www.chg.at\/en\/#organization\"},\"potentialAction\":[{\"@type\":\"SearchAction\",\"target\":{\"@type\":\"EntryPoint\",\"urlTemplate\":\"https:\/\/www.chg.at\/en\/?s={search_term_string}\"},\"query-input\":\"required name=search_term_string\"}],\"inLanguage\":\"en-US\"},{\"@type\":\"Organization\",\"@id\":\"https:\/\/www.chg.at\/en\/#organization\",\"name\":\"CHG Czernich Rechtsanw\u00e4lte\",\"url\":\"https:\/\/www.chg.at\/en\/\",\"sameAs\":[\"https:\/\/www.linkedin.com\/company\/12773263\/admin\/dashboard\/\"],\"logo\":{\"@type\":\"ImageObject\",\"inLanguage\":\"en-US\",\"@id\":\"https:\/\/www.chg.at\/en\/#\/schema\/logo\/image\/\",\"url\":\"https:\/\/www.chg.at\/wp-content\/uploads\/2016\/08\/CHG_logo_250_1.png\",\"contentUrl\":\"https:\/\/www.chg.at\/wp-content\/uploads\/2016\/08\/CHG_logo_250_1.png\",\"width\":250,\"height\":33,\"caption\":\"CHG Czernich Rechtsanw\u00e4lte\"},\"image\":{\"@id\":\"https:\/\/www.chg.at\/en\/#\/schema\/logo\/image\/\"}},{\"@type\":\"Person\",\"@id\":\"https:\/\/www.chg.at\/en\/#\/schema\/person\/767a36d24c2ac329c1c5e1c10929e2b6\",\"name\":\"Lorenz Held\",\"sameAs\":[\"https:\/\/www.chg.at\"]}]}<\/script>\n<!-- \/ Yoast SEO plugin. -->","yoast_head_json":{"title":"CHG informiert zur aktuellen Covid-19 Situation","description":"Trotz der aktuellen Situation mit dem Covid-19 Virus bleibt der Kanzleibetrieb aufrecht.","robots":{"index":"index","follow":"follow","max-snippet":"max-snippet:-1","max-image-preview":"max-image-preview:large","max-video-preview":"max-video-preview:-1"},"canonical":"https:\/\/www.chg.at\/en\/covid-19-information\/","og_locale":"en_US","og_type":"article","og_title":"CHG","og_description":"CHG","og_url":"https:\/\/www.chg.at\/en\/covid-19-information\/","og_site_name":"CHG Czernich Rechtsanw\u00e4lte \u2013 Wir bewegen Wirtschaft","article_published_time":"2020-03-15T18:31:31+00:00","article_modified_time":"2020-04-20T08:58:25+00:00","og_image":[{"width":1160,"height":580,"url":"https:\/\/www.chg.at\/wp-content\/uploads\/2020\/04\/Recht-und-Corona.png","type":"image\/png"}],"author":"Lorenz Held","twitter_card":"summary_large_image","twitter_misc":{"Written by":"Lorenz Held","Est. reading time":"2 minutes"},"schema":{"@context":"https:\/\/schema.org","@graph":[{"@type":"Article","@id":"https:\/\/www.chg.at\/en\/covid-19-information\/#article","isPartOf":{"@id":"https:\/\/www.chg.at\/en\/covid-19-information\/"},"author":{"name":"Lorenz Held","@id":"https:\/\/www.chg.at\/en\/#\/schema\/person\/767a36d24c2ac329c1c5e1c10929e2b6"},"headline":"Corona Task Force","datePublished":"2020-03-15T18:31:31+00:00","dateModified":"2020-04-20T08:58:25+00:00","mainEntityOfPage":{"@id":"https:\/\/www.chg.at\/en\/covid-19-information\/"},"wordCount":325,"publisher":{"@id":"https:\/\/www.chg.at\/en\/#organization"},"articleSection":["CHG News","Kanzlei","Recht und Corona"],"inLanguage":"en-US"},{"@type":"WebPage","@id":"https:\/\/www.chg.at\/en\/covid-19-information\/","url":"https:\/\/www.chg.at\/en\/covid-19-information\/","name":"CHG informiert zur aktuellen Covid-19 Situation","isPartOf":{"@id":"https:\/\/www.chg.at\/en\/#website"},"datePublished":"2020-03-15T18:31:31+00:00","dateModified":"2020-04-20T08:58:25+00:00","description":"Trotz der aktuellen Situation mit dem Covid-19 Virus bleibt der Kanzleibetrieb aufrecht.","breadcrumb":{"@id":"https:\/\/www.chg.at\/en\/covid-19-information\/#breadcrumb"},"inLanguage":"en-US","potentialAction":[{"@type":"ReadAction","target":["https:\/\/www.chg.at\/en\/covid-19-information\/"]}]},{"@type":"BreadcrumbList","@id":"https:\/\/www.chg.at\/en\/covid-19-information\/#breadcrumb","itemListElement":[{"@type":"ListItem","position":1,"name":"Startseite","item":"https:\/\/www.chg.at\/en\/"},{"@type":"ListItem","position":2,"name":"Corona Task Force"}]},{"@type":"WebSite","@id":"https:\/\/www.chg.at\/en\/#website","url":"https:\/\/www.chg.at\/en\/","name":"CHG Czernich Rechtsanw\u00e4lte \u2013 Wir bewegen Wirtschaft","description":"Wir sorgen f\u00fcr Klarheit, wenn es rechtlich kompliziert wird. In jeder Phase Ihrer Unternehmungen. Sie ergreifen die Chancen. Wir verwandeln Risiken in L\u00f6sungen.","publisher":{"@id":"https:\/\/www.chg.at\/en\/#organization"},"potentialAction":[{"@type":"SearchAction","target":{"@type":"EntryPoint","urlTemplate":"https:\/\/www.chg.at\/en\/?s={search_term_string}"},"query-input":"required name=search_term_string"}],"inLanguage":"en-US"},{"@type":"Organization","@id":"https:\/\/www.chg.at\/en\/#organization","name":"CHG Czernich Rechtsanw\u00e4lte","url":"https:\/\/www.chg.at\/en\/","sameAs":["https:\/\/www.linkedin.com\/company\/12773263\/admin\/dashboard\/"],"logo":{"@type":"ImageObject","inLanguage":"en-US","@id":"https:\/\/www.chg.at\/en\/#\/schema\/logo\/image\/","url":"https:\/\/www.chg.at\/wp-content\/uploads\/2016\/08\/CHG_logo_250_1.png","contentUrl":"https:\/\/www.chg.at\/wp-content\/uploads\/2016\/08\/CHG_logo_250_1.png","width":250,"height":33,"caption":"CHG Czernich Rechtsanw\u00e4lte"},"image":{"@id":"https:\/\/www.chg.at\/en\/#\/schema\/logo\/image\/"}},{"@type":"Person","@id":"https:\/\/www.chg.at\/en\/#\/schema\/person\/767a36d24c2ac329c1c5e1c10929e2b6","name":"Lorenz Held","sameAs":["https:\/\/www.chg.at"]}]}},"_links":{"self":[{"href":"https:\/\/www.chg.at\/en\/wp-json\/wp\/v2\/posts\/11833"}],"collection":[{"href":"https:\/\/www.chg.at\/en\/wp-json\/wp\/v2\/posts"}],"about":[{"href":"https:\/\/www.chg.at\/en\/wp-json\/wp\/v2\/types\/post"}],"author":[{"embeddable":true,"href":"https:\/\/www.chg.at\/en\/wp-json\/wp\/v2\/users\/10"}],"replies":[{"embeddable":true,"href":"https:\/\/www.chg.at\/en\/wp-json\/wp\/v2\/comments?post=11833"}],"version-history":[{"count":10,"href":"https:\/\/www.chg.at\/en\/wp-json\/wp\/v2\/posts\/11833\/revisions"}],"predecessor-version":[{"id":11891,"href":"https:\/\/www.chg.at\/en\/wp-json\/wp\/v2\/posts\/11833\/revisions\/11891"}],"wp:featuredmedia":[{"embeddable":true,"href":"https:\/\/www.chg.at\/en\/wp-json\/wp\/v2\/media\/12341"}],"wp:attachment":[{"href":"https:\/\/www.chg.at\/en\/wp-json\/wp\/v2\/media?parent=11833"}],"wp:term":[{"taxonomy":"category","embeddable":true,"href":"https:\/\/www.chg.at\/en\/wp-json\/wp\/v2\/categories?post=11833"},{"taxonomy":"post_tag","embeddable":true,"href":"https:\/\/www.chg.at\/en\/wp-json\/wp\/v2\/tags?post=11833"}],"curies":[{"name":"wp","href":"https:\/\/api.w.org\/{rel}","templated":true}]}}