{"id":11942,"date":"2020-03-24T10:04:18","date_gmt":"2020-03-24T09:04:18","guid":{"rendered":"https:\/\/www.chg.at\/?p=11942"},"modified":"2020-04-20T11:19:49","modified_gmt":"2020-04-20T09:19:49","slug":"20200323-foerdermoeglichkeiten-fuer-unternehmen-in-der-cororna-krise-eu-beihilfenrecht-gast-autengruber-dorda-chg","status":"publish","type":"post","link":"https:\/\/www.chg.at\/en\/20200323-foerdermoeglichkeiten-fuer-unternehmen-in-der-cororna-krise-eu-beihilfenrecht-gast-autengruber-dorda-chg\/","title":{"rendered":"Coronabedingte Unterst\u00fctzungsm\u00f6glichkeiten f\u00fcr Unternehmen im Lichte des EU-Beihilfenrechts"},"content":{"rendered":"<style type=\"text\/css\"> \n#cmsmasters_row_69f46cfabb2ef8_39338976 .cmsmasters_row_outer_parent { \n\tpadding-top: 0px; \n} \n\n#cmsmasters_row_69f46cfabb2ef8_39338976 .cmsmasters_row_outer_parent { \n\tpadding-bottom: 0px; \n} \n\n \n#cmsmasters_row_69f46cfabb6390_84775439 .cmsmasters_row_outer_parent { \n\tpadding-top: 0px; \n} \n\n#cmsmasters_row_69f46cfabb6390_84775439 .cmsmasters_row_outer_parent { \n\tpadding-bottom: 40px; \n} \n\n \n#cmsmasters_divider_69f46cfabb7086_00041868 { \n\tborder-bottom-width:1px; \n\tborder-bottom-style:dotted; \n\tpadding-top:10px; \n\tmargin-bottom:20px; \n\tborder-bottom-color:#aaaaaa;\n} \n\n#cmsmasters_button_69f46cfabb7b00_83960568 { \n\ttext-align:center; \n} \n\n#cmsmasters_button_69f46cfabb7b00_83960568 .cmsmasters_button:before { \n\tmargin-right:.5em; \n\tmargin-left:0; \n\tvertical-align:baseline; \n} \n\n#cmsmasters_button_69f46cfabb7b00_83960568 .cmsmasters_button { \n\tfont-weight:normal; \n\tfont-style:normal; \n\tborder-style:solid; \n} \n#cmsmasters_button_69f46cfabb7b00_83960568 .cmsmasters_button:hover { \n} \n \n#cmsmasters_divider_69f46cfabb8628_00835550 { \n\tborder-bottom-width:1px; \n\tborder-bottom-style:dotted; \n\tpadding-top:10px; \n\tmargin-bottom:20px; \n\tborder-bottom-color:#aaaaaa;\n} \n\n#cmsmasters_button_69f46cfabc5c47_58963029 { \n\ttext-align:center; \n} \n\n#cmsmasters_button_69f46cfabc5c47_58963029 .cmsmasters_button:before { \n\tmargin-right:.5em; \n\tmargin-left:0; \n\tvertical-align:baseline; \n} \n\n#cmsmasters_button_69f46cfabc5c47_58963029 .cmsmasters_button { \n\tfont-weight:normal; \n\tfont-style:normal; \n\tborder-style:solid; \n} \n#cmsmasters_button_69f46cfabc5c47_58963029 .cmsmasters_button:hover { \n} \n \n#cmsmasters_row_69f46cfabc6511_77897272 .cmsmasters_row_outer_parent { \n\tpadding-top: 0px; \n} \n\n#cmsmasters_row_69f46cfabc6511_77897272 .cmsmasters_row_outer_parent { \n\tpadding-bottom: 40px; \n} \n\n \n#cmsmasters_divider_69f46cfabc79c2_10794051 { \n\tborder-bottom-width:1px; \n\tborder-bottom-style:dotted; \n\tpadding-top:10px; \n\tmargin-bottom:20px; \n\tborder-bottom-color:#aaaaaa;\n} \n\n#cmsmasters_button_69f46cfabce162_83323135 { \n\ttext-align:center; \n} \n\n#cmsmasters_button_69f46cfabce162_83323135 .cmsmasters_button:before { \n\tmargin-right:.5em; \n\tmargin-left:0; \n\tvertical-align:baseline; \n} \n\n#cmsmasters_button_69f46cfabce162_83323135 .cmsmasters_button { \n\tfont-weight:normal; \n\tfont-style:normal; \n\tborder-style:solid; \n} \n#cmsmasters_button_69f46cfabce162_83323135 .cmsmasters_button:hover { \n} \n \n#cmsmasters_divider_69f46cfabcf568_72225526 { \n\tborder-bottom-width:1px; \n\tborder-bottom-style:dotted; \n\tpadding-top:10px; \n\tmargin-bottom:20px; \n\tborder-bottom-color:#aaaaaa;\n} \n\n#cmsmasters_button_69f46cfabd4e31_53187397 { \n\ttext-align:center; \n} \n\n#cmsmasters_button_69f46cfabd4e31_53187397 .cmsmasters_button:before { \n\tmargin-right:.5em; \n\tmargin-left:0; \n\tvertical-align:baseline; \n} \n\n#cmsmasters_button_69f46cfabd4e31_53187397 .cmsmasters_button { \n\tfont-weight:normal; \n\tfont-style:normal; \n\tborder-style:solid; \n} \n#cmsmasters_button_69f46cfabd4e31_53187397 .cmsmasters_button:hover { \n} \n<\/style><div id=\"cmsmasters_row_69f46cfabb2ef8_39338976\" class=\"cmsmasters_row cmsmasters_color_scheme_default cmsmasters_row_top_default cmsmasters_row_bot_default cmsmasters_row_boxed\">\n<div class=\"cmsmasters_row_outer_parent\">\n<div class=\"cmsmasters_row_outer\">\n<div class=\"cmsmasters_row_inner\">\n<div class=\"cmsmasters_row_margin\">\n<div class=\"cmsmasters_column one_first\">\n<div class=\"cmsmasters_text\">\n<div class=\"innerContent\">\n<h1><strong><span style=\"color: #d43555;\">F\u00f6rder- und Unterst\u00fctzungsm\u00f6glichkeiten f\u00fcr Unternehmen in der Corona-Krise unter Ber\u00fccksichtigung des EU-Beihilfenrechts <\/span><\/strong><\/h1>\n<p><em>Von RA Dr. G\u00fcnther Gast, RA Dr. Arnold Autengruber, RAA Mag. Raphael Dorda<\/em><\/p>\n<p>Die aktuelle Corona-Pandemie h\u00e4lt nicht nur die \u00f6sterreichische Wirtschaft in Atem, sondern wirkt sich bereits negativ auf den Europ\u00e4ischen Wirtschaftsraum und generell auf die Weltwirtschaft aus. Schon jetzt sind massive Auswirkungen sp\u00fcrbar. Die Ma\u00dfnahmen zur Verhinderung der Verbreitung von Covid-19 (\u201eCorona-Virus\u201c) haben nicht nur f\u00fcr die Gesellschaft und Arbeitnehmer, sondern vor allem auch f\u00fcr die betroffenen Unternehmen betr\u00e4chtliche Konsequenzen. Als Krisenreaktion haben die \u00f6sterreichische Bundesregierung, aber auch die Europ\u00e4ische Kommission ein breites Spektrum an Hilfsma\u00dfnahmen zur Entlastung von Unternehmen angek\u00fcndigt und bereits beschlossen.<\/p>\n<p>Am 16.03.2020 ist das erste umfangreiche Ma\u00dfnahmenpaket zur Bek\u00e4mpfung von Covid-19 in Kraft getreten. Am 20.03.2020 wurde das 2. Covid-19 Gesetz im Nationalrat beschlossen. Teilweise haben die jeweiligen Ministerien auf Basis dieses Gesetzes flankierende Verordnungen zu erlassen. Die Bundesregierung hat fr\u00fchzeitig am 18.3.2020 ein 38 Mrd Euro schweres Hilfspaket zur Bew\u00e4ltigung der Coronavirus-Folgen und zur Unterst\u00fctzung der Wirtschaft beschlossen. Auch die Europ\u00e4ische Kommission antwortet auf die Corona-Pandemie, indem sie am 20.03.2020 die Aktivierung der im fiskalpolitischen Rahmen vorgesehenen allgemeinen Ausweichklausel vorgeschlagen hat. Der Schritt bedeutet, dass nationale Regierungen der Wirtschaft unbegrenzt Geld zur Verf\u00fcgung stellen k\u00f6nnten, ohne dabei gegen die Vorgaben des Stabilit\u00e4ts- und Wachstumspaktes zu versto\u00dfen. Gest\u00fctzt auf die Erfahrungen aus der Finanzkrise in den Jahren 2007 bis2009 hat die Europ\u00e4ische Kommission zudem am 19.03.2020 einen tempor\u00e4ren Beihilfenrahmen zur Unterst\u00fctzung der Wirtschaft in der Corona-Krise (\u201e<a href=\"https:\/\/ec.europa.eu\/competition\/state_aid\/what_is_new\/sa_covid19_temporary-framework_de.pdf\">Temporary Framework<\/a>\u201c) verabschiedet. Damit lockert die Kommission die Regeln f\u00fcr Staatshilfen in der Corona-Krise, wodurch diese Ma\u00dfnahmen im Rahmen von Programmen ohne gesondertes Anmeldeverfahren f\u00fcr den Einzelfall als mit den EU-Beihilfenregeln vereinbar erkl\u00e4rt werden sollen.<\/p>\n<p>Doch auch in Zeiten der Krise und auch wenn sich Unternehmen in wirtschaftlichen Schwierigkeiten befinden, k\u00f6nnen sie nur unter engen Voraussetzungen staatliche Beihilfen erhalten. Grunds\u00e4tzlich sieht das EU-Beihilfenrecht n\u00e4mlich Grenzen f\u00fcr staatliche Interventionen vor, die dem Schutz des Binnenmarktes vor Wettbewerbsverzerrungen dienen.<\/p>\n<h2>Wie lautet der Vorschlag der EU-Kommission und welche Ma\u00dfnahmen sind davon umfasst?<\/h2>\n<p>Durch den von der EU-Kommission am 19.03.2020 (auf Basis von Artikel 107 Absatz 3 lit b AEUV) verabschiedeten vor\u00fcbergehenden Rechtsrahmen wurden die M\u00f6glichkeiten f\u00fcr die Gew\u00e4hrung von Beihilfen erweitert. Dies erm\u00f6glicht es der \u00f6sterreichischen Regierung, die wirtschaftlichen Auswirkungen schneller und einfacher abzufedern. Demnach k\u00f6nnen Beihilfen zur Behebung einer betr\u00e4chtlichen St\u00f6rung im Wirtschaftsleben der Mitgliedstaaten als mit dem Binnenmarkt vereinbar angesehen werden. Es sind vom vor\u00fcbergehenden Rechtsrahmen die folgenden Ma\u00dfnahmen erfasst:<\/p>\n<ul>\n<li>Beihilfen in Form von direkten Zusch\u00fcssen, r\u00fcckzahlbare Vorsch\u00fcsse oder Steuervorteilen zur Deckung des dringenden Liquidit\u00e4tsbedarfs, in H\u00f6he von bis zu 800.000 Euro pro Unternehmen;<\/li>\n<li>Beihilfen in Form von verg\u00fcnstigten staatlichen Garantien f\u00fcr Bankdarlehen, begrenzt je nach Lohnsumme oder Liquidit\u00e4tsbedarf des Unternehmens. Die Garantie darf nicht l\u00e4nger als sechs Jahre laufen und nicht mehr als 90% des Kreditbetrages abdecken;<\/li>\n<li>Beihilfen in Form von \u00f6ffentlich gef\u00f6rderten Darlehen mit verg\u00fcnstigten Zinss\u00e4tzen, wiederum begrenzt je nach Lohnsumme oder Liquidit\u00e4tsbedarf des Unternehmens, um zur Deckung des unmittelbaren Betriebs- und Investitionsmittelbedarfs beizutragen;<\/li>\n<li>Zusicherung f\u00fcr Banken, dass Beihilfen, die \u00fcber Banken an die Realwirtschaft gew\u00e4hrt werden,\u00a0nicht als Beihilfen f\u00fcr die Banken selbst gelten, sondern als direkte Beihilfen zugunsten der Kunden der Banken.<\/li>\n<\/ul>\n<p>So k\u00f6nnen die Mitgliedstaaten etwa allgemein geltende \u00c4nderungen zugunsten der Unternehmen vornehmen (z.B. Steueraufschub oder Subventionierung von Kurzarbeit), die nicht unter die Beihilfevorschriften fallen. Au\u00dferdem k\u00f6nnen Unternehmen f\u00fcr Verluste entsch\u00e4digt werden, die diesen infolge der Corona-Krise entstanden und unmittelbar auf den Ausbruch zur\u00fcckzuf\u00fchren sind. Dies gilt vor allem f\u00fcr die besonders stark betroffenen Branchen wie Verkehr, Tourismus, Gastgewerbe und Einzelhandel.<\/p>\n<p>Beg\u00fcnstigte der Beihilfe auf Basis des vor\u00fcbergehenden Rechtsrahmens k\u00f6nnen nur Unternehmen sein, die (i) nicht in Schwierigkeiten sind oder (ii) nach dem 31.12.2019 wegen der Corona-Krise in Schwierigkeiten geraten sind. Dieser vor\u00fcbergehende Rechtsrahmen gilt (vorerst) bis Ende des Jahres 2020.<\/p>\n<h2>Woher wei\u00df man, welche Ma\u00dfnahmen der Regierung zur Entlastung der Unternehmen eine staatliche Beihilfe sind?<\/h2>\n<p>Der Nationalrat hat bereits mehrere umfangreiche Ma\u00dfnahmenpakete zur Bek\u00e4mpfung der wirtschaftlichen Folgen von Covid-19 beschlossen. Dazu z\u00e4hlen beispielsweise der Covid-19-Krisenbew\u00e4ltigungsfonds und die Stundung und Ratenzahlung von Sozialversicherungsbeitr\u00e4gen. Am 21.03.2020 hat die Bundesregierung angek\u00fcndigt, insgesamt 23 Mio Euro f\u00fcr die Erforschung von Medikamenten zur Bek\u00e4mpfung von Covid-19 zur Verf\u00fcgung zu stellen. Nicht alle der beschlossenen Ma\u00dfnahmen unterliegen jedoch dem Beihilfenrecht. Eine Beihilfe liegt n\u00e4mlich nicht vor, wenn die F\u00f6rderma\u00dfnahme allgemeinen Charakter aufweist. Denn nur Ma\u00dfnahmen, durch die bestimmten Unternehmen oder Produktionszweigen selektiv ein Vorteil gew\u00e4hrt wird, fallen unter den Begriff der Beihilfe. Allgemein anwendbar sind unter anderem die gro\u00dfz\u00fcgigeren steuer- und sozialversicherungsrechtlichen Stundungsregeln.<\/p>\n<p>Werden jedoch einzelne Sektoren oder einzelne Unternehmen beispielsweise aus dem Covid-19-Krisenbew\u00e4ltigungsfonds unterst\u00fctzt, ohne dass andere Unternehmen ebenfalls eine Unterst\u00fctzung erhalten (sohin die Unternehmen nicht gleich behandelt), so werden solche Ma\u00dfnahmen voraussichtlich dem EU-Beihilfenrecht unterliegen. Vor ihrer Gew\u00e4hrung m\u00fcssen solche Ma\u00dfnahmen daher von der EU-Kommission genehmigt werden.<\/p>\n<h2>Wie kann die \u00f6sterreichische Bundesregierung Unternehmen, die von dem Covid-19-Ausbruch betroffen sind, im Einklang mit den EU-Vorschriften f\u00fcr staatliche Beihilfen unterst\u00fctzen?<\/h2>\n<p>Die finanzielle Unterst\u00fctzung aus EU- oder nationalen Mitteln f\u00fcr Gesundheitsdienste oder andere \u00f6ffentliche Dienste zur Bew\u00e4ltigung der Covid-19-Situation f\u00e4llt nicht unter die Kontrolle staatlicher Beihilfen. Dasselbe gilt f\u00fcr jegliche \u00f6ffentliche finanzielle Unterst\u00fctzung, die B\u00fcrgern direkt gew\u00e4hrt wird. Gleicherma\u00dfen fallen staatliche F\u00f6rderma\u00dfnahmen, die allen Unternehmen zur Verf\u00fcgung stehen, wie zB Lohnsubventionen und die Stundung von Unternehmens- und Mehrwertsteuern oder Sozialbeitr\u00e4gen, nicht unter die Beihilfenkontrolle und bed\u00fcrfen keiner Genehmigung der Kommission nach den EU-Beihilfevorschriften. In all diesen F\u00e4llen k\u00f6nnen die Mitgliedstaaten sofort handeln. So hat die Bundesregierung bereits das Kurzarbeit-Modell eingef\u00fchrt. Dabei handelt es sich um eine allgemeine Ma\u00dfnahme, die keine staatliche Beihilfe darstellt.<\/p>\n<p>Wenn allerdings die Vorschriften \u00fcber staatliche Beihilfen gelten, k\u00f6nnen die Mitgliedstaaten im Einklang mit dem bestehenden EU-Rahmen f\u00fcr staatliche Beihilfen umfangreiche Beihilfema\u00dfnahmen zur Unterst\u00fctzung bestimmter Unternehmen oder Sektoren konzipieren, die von den Folgen des Covid-19-Ausbruchs betroffen sind. Dabei gilt:<\/p>\n<ul>\n<li>Die auf Artikel\u00a0107 Abs\u00a03 lit\u00a0c AEUV gest\u00fctzten EU-Beihilfevorschriften erm\u00f6glichen es, den akuten Liquidit\u00e4tsbedarf zu decken und Unternehmen zu unterst\u00fctzen, die infolge des Covid-19-Ausbruchs in Konkurs geraten sind.<\/li>\n<li>Nach Artikel 107 Abs 2 lit b AEUV k\u00f6nnen die Mitgliedstaaten bestimmte Unternehmen oder Sektoren (in Form von Programmen) entsch\u00e4digen, wenn ihnen durch au\u00dfergew\u00f6hnliche Ereignisse, wie etwa durch den Covid-19-Ausbruch, direkte Sch\u00e4den entstanden sind. Auf dieser Grundlage sind grunds\u00e4tzlich Unterst\u00fctzungsma\u00dfnahmen f\u00fcr die Luftfahrt, f\u00fcr Flugh\u00e4fen, Messen und andere Veranstalter sowie Unternehmen der Tourismusbranche und generell weitere betroffene Branchen m\u00f6glich. Die Ma\u00dfnahmen m\u00fcssen bei der EU-Kommission als Rettungsprogramme oder Einzelma\u00dfnahmen angemeldet werden, sollen aber von der EU-Kommission kurzfristig genehmigt werden.<\/li>\n<\/ul>\n<h2>Wie lange dauert es, bis die Kommission die von der \u00f6sterreichischen Bundesregierung geplanten Unterst\u00fctzungsma\u00dfnahmen genehmigt?<\/h2>\n<p>Normalerweise gilt f\u00fcr die Erstbeurteilung durch die Kommission eine Frist von zwei Monaten ab Notifizierung durch den Mitgliedstaat. In der Krise hat die Kommission jedoch Flexibilit\u00e4t bewiesen und die erste angemeldete Beihilfe binnen 24 Stunden genehmigt. Dabei ging es um ein d\u00e4nisches Unternehmen, welches aufgrund der Corona-Krise eine \u00f6ffentliche Gro\u00dfveranstaltung absagen musste. Die Kommission \u00fcberpr\u00fcfte und genehmigte die d\u00e4nische Beihilferegelung gem\u00e4\u00df der EU-Beihilferegeln und zeigte damit eine sehr hohe Reaktionsf\u00e4higkeit sowie die Bereitschaft, effektive L\u00f6sungen f\u00fcr die durch die Corona-Pandemie verursachten \u00f6konomischen Hindernisse zu finden. Auch in einem weiteren Fall genehmigte die Kommission drei Beihilferegelungen Frankreichs zur Unterst\u00fctzung der Wirtschaft innerhalb von nur 48 Stunden. Die Regelungen wurden auf Basis des neuen befristeten Rechtsrahmens genehmigt und betrafen staatliche Garantien. Es ist zu erwarten, dass nahezu alle betroffenen Unternehmen, deren Schwierigkeiten auf die Covid-19-Krise zur\u00fcckzuf\u00fchren sind, entweder aufgrund des \u201eTemporary-Framework\u201c oder anderer Programme oder aufgrund von Einzelanmeldungen beihilferechtskonform gef\u00f6rdert werden k\u00f6nnen.<\/p>\n<h2>Was bedeutet das f\u00fcr Unternehmen?<\/h2>\n<p>Grunds\u00e4tzlich d\u00fcrfen Beihilfen erst nach der Genehmigung durch die Europ\u00e4ische Kommission ausgezahlt werden. Aufgrund des tempor\u00e4ren Beihilfenrahmens zur Unterst\u00fctzung der Wirtschaft wurde nunmehr die Gew\u00e4hrung von Beihilfen erleichtert. Nach diesem Beihilfenrahmen k\u00f6nnen zwischen 01.03. und 30.09.2020 Unternehmen Zusch\u00fcsse und Erleichterungen (z.B. bei Steuern) von bis zu 800.000 Euro sowie verg\u00fcnstigte Kredite durch staatliche Garantien gew\u00e4hrt werden. Weitergehende Beihilfen m\u00fcssen bei der EU-Kommission vor Gew\u00e4hrung angemeldet werden. Das Genehmigungsverfahren wird jedoch voraussichtlich insofern krisenad\u00e4quat angepasst werden, dass Genehmigungen zeitnah nach Anmeldung der Beihilfen erfolgen k\u00f6nnen. Es ist zu erwarten, dass auch \u00d6sterreich dies bei der n\u00e4heren Ausgestaltung der F\u00f6rderinstrumente ber\u00fccksichtigen wird. Der vor\u00fcbergehende Rahmen soll zudem nur Beihilfen an Unternehmen erm\u00f6glichen, die nach dem 31.12.2019 in Schwierigkeiten geraten sind. So will die Kommission vermeiden, dass die Mitgliedstaaten Beihilfen daf\u00fcr nutzen, Unternehmen von Lasten zu befreien, die mit der durch Covid-19 ausgel\u00f6sten Krise nicht in Zusammenhang stehen.<\/p>\n<h2>Worin liegt die Bedeutung des COVID-19-Beihilferechtsrahmens f\u00fcr Unternehmen?<\/h2>\n<p>Der geschilderte Rechtsrahmen scheint auf den ersten Blick f\u00fcr Unternehmen nur mittelbar Bedeutung zu erlangen. Die Unternehmen m\u00fcssen sich darauf verlassen k\u00f6nnen, dass die Regierung die europarechtlichen Beihilferechtsvorgaben in den nationalen Krisengesetzen und -verordnungen entsprechend ber\u00fccksichtigt. Davon ist auch auszugehen. Dennoch sollten insbesondere gr\u00f6\u00dfere Unterst\u00fctzungsbetr\u00e4ge nicht unreflektiert angenommen werden. Sollte sich in der Folge n\u00e4mlich die (wenngleich unbeabsichtigte) Beihilferechtswidrigkeit der nationalen Ma\u00dfnahmen herausstellen, besteht eine R\u00fcckforderungspflicht. Das hei\u00dft, Unternehmen k\u00f6nnten in der Folge verpflichtet sein, die erhaltenen Unterst\u00fctzungen samt Verzugszinsen an die f\u00f6rdernde Stelle zur\u00fcckzuzahlen. Auch drohen (wettbewerbsrechtliche) Klagen von Mitbewerbern. Den Unternehmen ist daher zu empfehlen, das Vorgehen der Kommission genau zu beobachten und die Beihilferechtskonformit\u00e4t nationaler Ma\u00dfnahmen zu beachten und vor Erhalt von Zahlungen, Erleichterungen und sonstigen Ma\u00dfnahmen die Beihilfekonformit\u00e4t zu pr\u00fcfen.<\/p>\n<p><em>\u00a0Diese Ausf\u00fchrungen stellen einen \u00dcberblick dar und k\u00f6nnen die Beratung im Einzelfall nicht ersetzen, da sich die Situation laufend \u00e4ndert. F\u00fcr Detailfragen steht Ihnen unser Team der CHG-Rechtsanw\u00e4lte gerne zur Verf\u00fcgung. <\/em><\/p>\n<p>Dr. Arnold Autengruber und Dr. G\u00fcnther Gast sind Partner, Mag. Raphael Dorda ist Rechtsanwaltsanw\u00e4rter bei CHG Czernich Rechtsanw\u00e4lte.<\/p>\n<\/div>\n<\/div>\n<\/div>\n<\/div>\n<\/div>\n<\/div>\n<\/div>\n<\/div>\n<div id=\"cmsmasters_row_69f46cfabb6390_84775439\" class=\"cmsmasters_row cmsmasters_color_scheme_default cmsmasters_row_top_default cmsmasters_row_bot_default cmsmasters_row_boxed\">\n<div class=\"cmsmasters_row_outer_parent\">\n<div class=\"cmsmasters_row_outer\">\n<div class=\"cmsmasters_row_inner\">\n<div class=\"cmsmasters_row_margin\">\n<div class=\"cmsmasters_column one_half\">\n\n<div id=\"cmsmasters_divider_69f46cfabb7086_00041868\" class=\"cmsmasters_divider cmsmasters_divider_width_long cmsmasters_divider_pos_left\"><\/div>\n<div id=\"cmsmasters_button_69f46cfabb7b00_83960568\" class=\"button_wrap\"><a href=\"https:\/\/www.chg.at\/wp-content\/uploads\/2020\/03\/F\u00f6rder-und-Unterst\u00fctzungsm\u00f6glichkeiten-f\u00fcr-Unternehmen-in-der-Corona-Krise-unter-Ber\u00fccksichtigung-des-EU-Beihilfenrechts_CHG_Rechtsanw\u00e4lte_Gast_Autengruber_Dorda.pdf\" class=\"ripple cmsmasters_button\"><span>Zum Text als PDF<\/span><\/a><\/div>\n<\/div>\n<div class=\"cmsmasters_column one_half\">\n\n<div id=\"cmsmasters_divider_69f46cfabb8628_00835550\" class=\"cmsmasters_divider cmsmasters_divider_width_long cmsmasters_divider_pos_left\"><\/div><div class=\"aligncenter\">\n<div class=\"cmsmasters_img  cmsmasters_image_c with_caption\">\n<img src=\"https:\/\/www.chg.at\/wp-content\/uploads\/2016\/01\/CHG-Rechtsanwaelte-Guenther-Gast-thumbnail-300x300.jpg\" \/>\n<p class=\"cmsmasters_img_caption\">Dr. G\u00fcnther Gast, LL.M.<\/p><\/div>\n<\/div>\n<div class=\"cmsmasters_text\">\n<p>\u00a0<\/p>\n<\/div>\n\n<div id=\"cmsmasters_button_69f46cfabc5c47_58963029\" class=\"button_wrap\"><a href=\"http:\/\/www.chg.at\/profile\/guenther-gast\/\" class=\"ripple cmsmasters_button\" data-animation=\"fadeInUp\" data-delay=\"0\"><span>Zum Profil<\/span><\/a><\/div>\n<\/div>\n<\/div>\n<\/div>\n<\/div>\n<\/div>\n<\/div>\n<div id=\"cmsmasters_row_69f46cfabc6511_77897272\" class=\"cmsmasters_row cmsmasters_color_scheme_default cmsmasters_row_top_default cmsmasters_row_bot_default cmsmasters_row_boxed\">\n<div class=\"cmsmasters_row_outer_parent\">\n<div class=\"cmsmasters_row_outer\">\n<div class=\"cmsmasters_row_inner\">\n<div class=\"cmsmasters_row_margin\">\n<div class=\"cmsmasters_column one_half\">\n\n<div id=\"cmsmasters_divider_69f46cfabc79c2_10794051\" class=\"cmsmasters_divider cmsmasters_divider_width_long cmsmasters_divider_pos_left\"><\/div><div class=\"aligncenter\">\n<div class=\"cmsmasters_img  cmsmasters_image_c with_caption\">\n<a href=\"https:\/\/www.chg.at\/wp-content\/uploads\/2016\/01\/CHG-Rechtsanwaelte-Arnold-Autengruber-thumbnail.jpg\"><img src=\"https:\/\/www.chg.at\/wp-content\/uploads\/2016\/01\/CHG-Rechtsanwaelte-Arnold-Autengruber-thumbnail-300x300.jpg\" \/><\/a>\n<p class=\"cmsmasters_img_caption\">MMag. Dr. Arnold Autengruber<\/p><\/div>\n<\/div>\n<div class=\"cmsmasters_text\">\n<p>\u00a0<\/p>\n<\/div>\n\n<div id=\"cmsmasters_button_69f46cfabce162_83323135\" class=\"button_wrap\"><a href=\"https:\/\/www.chg.at\/profile\/arnold-autengruber\/\" class=\"ripple cmsmasters_button\" data-animation=\"fadeInUp\" data-delay=\"0\"><span>Zum Profil<\/span><\/a><\/div>\n<\/div>\n<div class=\"cmsmasters_column one_half\">\n\n<div id=\"cmsmasters_divider_69f46cfabcf568_72225526\" class=\"cmsmasters_divider cmsmasters_divider_width_long cmsmasters_divider_pos_left\"><\/div><div class=\"aligncenter\">\n<div class=\"cmsmasters_img  cmsmasters_image_c with_caption\">\n<img src=\"https:\/\/www.chg.at\/wp-content\/uploads\/2017\/08\/Raphael-500x500-300x300.jpg\" \/>\n<p class=\"cmsmasters_img_caption\">Mag. Raphael Dorda<\/p><\/div>\n<\/div>\n<div class=\"cmsmasters_text\">\n<p>\u00a0<\/p>\n<\/div>\n\n<div id=\"cmsmasters_button_69f46cfabd4e31_53187397\" class=\"button_wrap\"><a href=\"http:\/\/www.chg.at\/profile\/raphael-dorda\/\" class=\"ripple cmsmasters_button\" data-animation=\"fadeInUp\" data-delay=\"0\"><span>Zum Profil<\/span><\/a><\/div>\n<\/div>\n<\/div>\n<\/div>\n<\/div>\n<\/div>\n<\/div>\n\n","protected":false},"excerpt":{"rendered":"<p>Von CHG-Juristen Dr. G\u00fcnther Gast, Dr. Arnold Autengruber, Mag. Raphael Dorda<\/p>\n","protected":false},"author":3,"featured_media":12341,"comment_status":"closed","ping_status":"open","sticky":false,"template":"","format":"image","meta":{"inline_featured_image":false},"categories":[6,8,61,68],"tags":[],"yoast_head":"<!-- This site is optimized with the Yoast SEO plugin v19.8 - https:\/\/yoast.com\/wordpress\/plugins\/seo\/ -->\n<title>F\u00f6rderungen f\u00fcr Unternehmen in der Corona-Krise EU-Beihilfenrecht CHG<\/title>\n<meta name=\"description\" content=\"F\u00f6rder- und Unterst\u00fctzungsm\u00f6glichkeiten f\u00fcr Unternehmen in der Corona-Krise unter Ber\u00fccksichtigung des EU-Beihilfenrechts, CHG Rechsanw\u00e4lte, G\u00fcnther Gast\" \/>\n<meta name=\"robots\" content=\"index, follow, max-snippet:-1, max-image-preview:large, max-video-preview:-1\" \/>\n<link rel=\"canonical\" href=\"https:\/\/www.chg.at\/en\/20200323-foerdermoeglichkeiten-fuer-unternehmen-in-der-cororna-krise-eu-beihilfenrecht-gast-autengruber-dorda-chg\/\" \/>\n<meta property=\"og:locale\" content=\"en_US\" \/>\n<meta property=\"og:type\" content=\"article\" \/>\n<meta property=\"og:title\" content=\"CHG\" \/>\n<meta property=\"og:description\" content=\"CHG\" \/>\n<meta property=\"og:url\" content=\"https:\/\/www.chg.at\/en\/20200323-foerdermoeglichkeiten-fuer-unternehmen-in-der-cororna-krise-eu-beihilfenrecht-gast-autengruber-dorda-chg\/\" \/>\n<meta property=\"og:site_name\" content=\"CHG Czernich Rechtsanw\u00e4lte \u2013 Wir bewegen Wirtschaft\" \/>\n<meta property=\"article:published_time\" content=\"2020-03-24T09:04:18+00:00\" \/>\n<meta property=\"article:modified_time\" content=\"2020-04-20T09:19:49+00:00\" \/>\n<meta property=\"og:image\" content=\"https:\/\/www.chg.at\/wp-content\/uploads\/2020\/04\/Recht-und-Corona.png\" \/>\n\t<meta property=\"og:image:width\" content=\"1160\" \/>\n\t<meta property=\"og:image:height\" content=\"580\" \/>\n\t<meta property=\"og:image:type\" content=\"image\/png\" \/>\n<meta name=\"author\" content=\"Diana B\u00f6hme\" \/>\n<meta name=\"twitter:card\" content=\"summary_large_image\" \/>\n<meta name=\"twitter:label1\" content=\"Written by\" \/>\n\t<meta name=\"twitter:data1\" content=\"Diana B\u00f6hme\" \/>\n\t<meta name=\"twitter:label2\" content=\"Est. reading time\" \/>\n\t<meta name=\"twitter:data2\" content=\"11 minutes\" \/>\n<script type=\"application\/ld+json\" class=\"yoast-schema-graph\">{\"@context\":\"https:\/\/schema.org\",\"@graph\":[{\"@type\":\"Article\",\"@id\":\"https:\/\/www.chg.at\/en\/20200323-foerdermoeglichkeiten-fuer-unternehmen-in-der-cororna-krise-eu-beihilfenrecht-gast-autengruber-dorda-chg\/#article\",\"isPartOf\":{\"@id\":\"https:\/\/www.chg.at\/en\/20200323-foerdermoeglichkeiten-fuer-unternehmen-in-der-cororna-krise-eu-beihilfenrecht-gast-autengruber-dorda-chg\/\"},\"author\":{\"name\":\"Diana B\u00f6hme\",\"@id\":\"https:\/\/www.chg.at\/en\/#\/schema\/person\/b3b2cd248a314cf8acc3db22217f03b4\"},\"headline\":\"Coronabedingte Unterst\u00fctzungsm\u00f6glichkeiten f\u00fcr Unternehmen im Lichte des EU-Beihilfenrechts\",\"datePublished\":\"2020-03-24T09:04:18+00:00\",\"dateModified\":\"2020-04-20T09:19:49+00:00\",\"mainEntityOfPage\":{\"@id\":\"https:\/\/www.chg.at\/en\/20200323-foerdermoeglichkeiten-fuer-unternehmen-in-der-cororna-krise-eu-beihilfenrecht-gast-autengruber-dorda-chg\/\"},\"wordCount\":2192,\"publisher\":{\"@id\":\"https:\/\/www.chg.at\/en\/#organization\"},\"articleSection\":[\"Business Tipps\",\"CHG News\",\"Publikation\",\"Recht und Corona\"],\"inLanguage\":\"en-US\"},{\"@type\":\"WebPage\",\"@id\":\"https:\/\/www.chg.at\/en\/20200323-foerdermoeglichkeiten-fuer-unternehmen-in-der-cororna-krise-eu-beihilfenrecht-gast-autengruber-dorda-chg\/\",\"url\":\"https:\/\/www.chg.at\/en\/20200323-foerdermoeglichkeiten-fuer-unternehmen-in-der-cororna-krise-eu-beihilfenrecht-gast-autengruber-dorda-chg\/\",\"name\":\"F\u00f6rderungen f\u00fcr Unternehmen in der Corona-Krise EU-Beihilfenrecht CHG\",\"isPartOf\":{\"@id\":\"https:\/\/www.chg.at\/en\/#website\"},\"datePublished\":\"2020-03-24T09:04:18+00:00\",\"dateModified\":\"2020-04-20T09:19:49+00:00\",\"description\":\"F\u00f6rder- und Unterst\u00fctzungsm\u00f6glichkeiten f\u00fcr Unternehmen in der Corona-Krise unter Ber\u00fccksichtigung des EU-Beihilfenrechts, CHG Rechsanw\u00e4lte, G\u00fcnther Gast\",\"breadcrumb\":{\"@id\":\"https:\/\/www.chg.at\/en\/20200323-foerdermoeglichkeiten-fuer-unternehmen-in-der-cororna-krise-eu-beihilfenrecht-gast-autengruber-dorda-chg\/#breadcrumb\"},\"inLanguage\":\"en-US\",\"potentialAction\":[{\"@type\":\"ReadAction\",\"target\":[\"https:\/\/www.chg.at\/en\/20200323-foerdermoeglichkeiten-fuer-unternehmen-in-der-cororna-krise-eu-beihilfenrecht-gast-autengruber-dorda-chg\/\"]}]},{\"@type\":\"BreadcrumbList\",\"@id\":\"https:\/\/www.chg.at\/en\/20200323-foerdermoeglichkeiten-fuer-unternehmen-in-der-cororna-krise-eu-beihilfenrecht-gast-autengruber-dorda-chg\/#breadcrumb\",\"itemListElement\":[{\"@type\":\"ListItem\",\"position\":1,\"name\":\"Startseite\",\"item\":\"https:\/\/www.chg.at\/en\/\"},{\"@type\":\"ListItem\",\"position\":2,\"name\":\"Coronabedingte Unterst\u00fctzungsm\u00f6glichkeiten f\u00fcr Unternehmen im Lichte des EU-Beihilfenrechts\"}]},{\"@type\":\"WebSite\",\"@id\":\"https:\/\/www.chg.at\/en\/#website\",\"url\":\"https:\/\/www.chg.at\/en\/\",\"name\":\"CHG Czernich Rechtsanw\u00e4lte \u2013 Wir bewegen Wirtschaft\",\"description\":\"Wir sorgen f\u00fcr Klarheit, wenn es rechtlich kompliziert wird. In jeder Phase Ihrer Unternehmungen. Sie ergreifen die Chancen. Wir verwandeln Risiken in L\u00f6sungen.\",\"publisher\":{\"@id\":\"https:\/\/www.chg.at\/en\/#organization\"},\"potentialAction\":[{\"@type\":\"SearchAction\",\"target\":{\"@type\":\"EntryPoint\",\"urlTemplate\":\"https:\/\/www.chg.at\/en\/?s={search_term_string}\"},\"query-input\":\"required name=search_term_string\"}],\"inLanguage\":\"en-US\"},{\"@type\":\"Organization\",\"@id\":\"https:\/\/www.chg.at\/en\/#organization\",\"name\":\"CHG Czernich Rechtsanw\u00e4lte\",\"url\":\"https:\/\/www.chg.at\/en\/\",\"sameAs\":[\"https:\/\/www.linkedin.com\/company\/12773263\/admin\/dashboard\/\"],\"logo\":{\"@type\":\"ImageObject\",\"inLanguage\":\"en-US\",\"@id\":\"https:\/\/www.chg.at\/en\/#\/schema\/logo\/image\/\",\"url\":\"https:\/\/www.chg.at\/wp-content\/uploads\/2016\/08\/CHG_logo_250_1.png\",\"contentUrl\":\"https:\/\/www.chg.at\/wp-content\/uploads\/2016\/08\/CHG_logo_250_1.png\",\"width\":250,\"height\":33,\"caption\":\"CHG Czernich Rechtsanw\u00e4lte\"},\"image\":{\"@id\":\"https:\/\/www.chg.at\/en\/#\/schema\/logo\/image\/\"}},{\"@type\":\"Person\",\"@id\":\"https:\/\/www.chg.at\/en\/#\/schema\/person\/b3b2cd248a314cf8acc3db22217f03b4\",\"name\":\"Diana B\u00f6hme\"}]}<\/script>\n<!-- \/ Yoast SEO plugin. -->","yoast_head_json":{"title":"F\u00f6rderungen f\u00fcr Unternehmen in der Corona-Krise EU-Beihilfenrecht CHG","description":"F\u00f6rder- und Unterst\u00fctzungsm\u00f6glichkeiten f\u00fcr Unternehmen in der Corona-Krise unter Ber\u00fccksichtigung des EU-Beihilfenrechts, CHG Rechsanw\u00e4lte, G\u00fcnther Gast","robots":{"index":"index","follow":"follow","max-snippet":"max-snippet:-1","max-image-preview":"max-image-preview:large","max-video-preview":"max-video-preview:-1"},"canonical":"https:\/\/www.chg.at\/en\/20200323-foerdermoeglichkeiten-fuer-unternehmen-in-der-cororna-krise-eu-beihilfenrecht-gast-autengruber-dorda-chg\/","og_locale":"en_US","og_type":"article","og_title":"CHG","og_description":"CHG","og_url":"https:\/\/www.chg.at\/en\/20200323-foerdermoeglichkeiten-fuer-unternehmen-in-der-cororna-krise-eu-beihilfenrecht-gast-autengruber-dorda-chg\/","og_site_name":"CHG Czernich Rechtsanw\u00e4lte \u2013 Wir bewegen Wirtschaft","article_published_time":"2020-03-24T09:04:18+00:00","article_modified_time":"2020-04-20T09:19:49+00:00","og_image":[{"width":1160,"height":580,"url":"https:\/\/www.chg.at\/wp-content\/uploads\/2020\/04\/Recht-und-Corona.png","type":"image\/png"}],"author":"Diana B\u00f6hme","twitter_card":"summary_large_image","twitter_misc":{"Written by":"Diana B\u00f6hme","Est. reading time":"11 minutes"},"schema":{"@context":"https:\/\/schema.org","@graph":[{"@type":"Article","@id":"https:\/\/www.chg.at\/en\/20200323-foerdermoeglichkeiten-fuer-unternehmen-in-der-cororna-krise-eu-beihilfenrecht-gast-autengruber-dorda-chg\/#article","isPartOf":{"@id":"https:\/\/www.chg.at\/en\/20200323-foerdermoeglichkeiten-fuer-unternehmen-in-der-cororna-krise-eu-beihilfenrecht-gast-autengruber-dorda-chg\/"},"author":{"name":"Diana B\u00f6hme","@id":"https:\/\/www.chg.at\/en\/#\/schema\/person\/b3b2cd248a314cf8acc3db22217f03b4"},"headline":"Coronabedingte Unterst\u00fctzungsm\u00f6glichkeiten f\u00fcr Unternehmen im Lichte des EU-Beihilfenrechts","datePublished":"2020-03-24T09:04:18+00:00","dateModified":"2020-04-20T09:19:49+00:00","mainEntityOfPage":{"@id":"https:\/\/www.chg.at\/en\/20200323-foerdermoeglichkeiten-fuer-unternehmen-in-der-cororna-krise-eu-beihilfenrecht-gast-autengruber-dorda-chg\/"},"wordCount":2192,"publisher":{"@id":"https:\/\/www.chg.at\/en\/#organization"},"articleSection":["Business Tipps","CHG News","Publikation","Recht und Corona"],"inLanguage":"en-US"},{"@type":"WebPage","@id":"https:\/\/www.chg.at\/en\/20200323-foerdermoeglichkeiten-fuer-unternehmen-in-der-cororna-krise-eu-beihilfenrecht-gast-autengruber-dorda-chg\/","url":"https:\/\/www.chg.at\/en\/20200323-foerdermoeglichkeiten-fuer-unternehmen-in-der-cororna-krise-eu-beihilfenrecht-gast-autengruber-dorda-chg\/","name":"F\u00f6rderungen f\u00fcr Unternehmen in der Corona-Krise EU-Beihilfenrecht CHG","isPartOf":{"@id":"https:\/\/www.chg.at\/en\/#website"},"datePublished":"2020-03-24T09:04:18+00:00","dateModified":"2020-04-20T09:19:49+00:00","description":"F\u00f6rder- und Unterst\u00fctzungsm\u00f6glichkeiten f\u00fcr Unternehmen in der Corona-Krise unter Ber\u00fccksichtigung des EU-Beihilfenrechts, CHG Rechsanw\u00e4lte, G\u00fcnther Gast","breadcrumb":{"@id":"https:\/\/www.chg.at\/en\/20200323-foerdermoeglichkeiten-fuer-unternehmen-in-der-cororna-krise-eu-beihilfenrecht-gast-autengruber-dorda-chg\/#breadcrumb"},"inLanguage":"en-US","potentialAction":[{"@type":"ReadAction","target":["https:\/\/www.chg.at\/en\/20200323-foerdermoeglichkeiten-fuer-unternehmen-in-der-cororna-krise-eu-beihilfenrecht-gast-autengruber-dorda-chg\/"]}]},{"@type":"BreadcrumbList","@id":"https:\/\/www.chg.at\/en\/20200323-foerdermoeglichkeiten-fuer-unternehmen-in-der-cororna-krise-eu-beihilfenrecht-gast-autengruber-dorda-chg\/#breadcrumb","itemListElement":[{"@type":"ListItem","position":1,"name":"Startseite","item":"https:\/\/www.chg.at\/en\/"},{"@type":"ListItem","position":2,"name":"Coronabedingte Unterst\u00fctzungsm\u00f6glichkeiten f\u00fcr Unternehmen im Lichte des EU-Beihilfenrechts"}]},{"@type":"WebSite","@id":"https:\/\/www.chg.at\/en\/#website","url":"https:\/\/www.chg.at\/en\/","name":"CHG Czernich Rechtsanw\u00e4lte \u2013 Wir bewegen Wirtschaft","description":"Wir sorgen f\u00fcr Klarheit, wenn es rechtlich kompliziert wird. In jeder Phase Ihrer Unternehmungen. Sie ergreifen die Chancen. Wir verwandeln Risiken in L\u00f6sungen.","publisher":{"@id":"https:\/\/www.chg.at\/en\/#organization"},"potentialAction":[{"@type":"SearchAction","target":{"@type":"EntryPoint","urlTemplate":"https:\/\/www.chg.at\/en\/?s={search_term_string}"},"query-input":"required name=search_term_string"}],"inLanguage":"en-US"},{"@type":"Organization","@id":"https:\/\/www.chg.at\/en\/#organization","name":"CHG Czernich Rechtsanw\u00e4lte","url":"https:\/\/www.chg.at\/en\/","sameAs":["https:\/\/www.linkedin.com\/company\/12773263\/admin\/dashboard\/"],"logo":{"@type":"ImageObject","inLanguage":"en-US","@id":"https:\/\/www.chg.at\/en\/#\/schema\/logo\/image\/","url":"https:\/\/www.chg.at\/wp-content\/uploads\/2016\/08\/CHG_logo_250_1.png","contentUrl":"https:\/\/www.chg.at\/wp-content\/uploads\/2016\/08\/CHG_logo_250_1.png","width":250,"height":33,"caption":"CHG Czernich Rechtsanw\u00e4lte"},"image":{"@id":"https:\/\/www.chg.at\/en\/#\/schema\/logo\/image\/"}},{"@type":"Person","@id":"https:\/\/www.chg.at\/en\/#\/schema\/person\/b3b2cd248a314cf8acc3db22217f03b4","name":"Diana B\u00f6hme"}]}},"_links":{"self":[{"href":"https:\/\/www.chg.at\/en\/wp-json\/wp\/v2\/posts\/11942"}],"collection":[{"href":"https:\/\/www.chg.at\/en\/wp-json\/wp\/v2\/posts"}],"about":[{"href":"https:\/\/www.chg.at\/en\/wp-json\/wp\/v2\/types\/post"}],"author":[{"embeddable":true,"href":"https:\/\/www.chg.at\/en\/wp-json\/wp\/v2\/users\/3"}],"replies":[{"embeddable":true,"href":"https:\/\/www.chg.at\/en\/wp-json\/wp\/v2\/comments?post=11942"}],"version-history":[{"count":10,"href":"https:\/\/www.chg.at\/en\/wp-json\/wp\/v2\/posts\/11942\/revisions"}],"predecessor-version":[{"id":12351,"href":"https:\/\/www.chg.at\/en\/wp-json\/wp\/v2\/posts\/11942\/revisions\/12351"}],"wp:featuredmedia":[{"embeddable":true,"href":"https:\/\/www.chg.at\/en\/wp-json\/wp\/v2\/media\/12341"}],"wp:attachment":[{"href":"https:\/\/www.chg.at\/en\/wp-json\/wp\/v2\/media?parent=11942"}],"wp:term":[{"taxonomy":"category","embeddable":true,"href":"https:\/\/www.chg.at\/en\/wp-json\/wp\/v2\/categories?post=11942"},{"taxonomy":"post_tag","embeddable":true,"href":"https:\/\/www.chg.at\/en\/wp-json\/wp\/v2\/tags?post=11942"}],"curies":[{"name":"wp","href":"https:\/\/api.w.org\/{rel}","templated":true}]}}