{"id":12399,"date":"2020-04-29T09:26:05","date_gmt":"2020-04-29T07:26:05","guid":{"rendered":"https:\/\/www.chg.at\/?p=12399"},"modified":"2020-08-24T12:09:35","modified_gmt":"2020-08-24T10:09:35","slug":"trend-2020-chg-erster-platz-bundeslaender","status":"publish","type":"post","link":"https:\/\/www.chg.at\/en\/trend-2020-chg-erster-platz-bundeslaender\/","title":{"rendered":"CHG beste Kanzlei in den Bundesl\u00e4ndern"},"content":{"rendered":"<style type=\"text\/css\"> \n#cmsmasters_row_69f1ab71dde736_49207645 .cmsmasters_row_outer_parent { \n\tpadding-top: 0px; \n} \n\n#cmsmasters_row_69f1ab71dde736_49207645 .cmsmasters_row_outer_parent { \n\tpadding-bottom: 50px; \n} \n\n \n#cmsmasters_divider_69f1ab71de98d6_22955301 { \n\tborder-bottom-width:1px; \n\tborder-bottom-style:solid; \n\tpadding-top:50px; \n\tmargin-bottom:50px; \n} \n\n#cmsmasters_button_69f1ab71dea416_36996998 { \n\ttext-align:center; \n} \n\n#cmsmasters_button_69f1ab71dea416_36996998 .cmsmasters_button:before { \n\tmargin-right:.5em; \n\tmargin-left:0; \n\tvertical-align:baseline; \n} \n\n#cmsmasters_button_69f1ab71dea416_36996998 .cmsmasters_button { \n\tfont-weight:normal; \n\tfont-style:normal; \n\tborder-style:solid; \n} \n#cmsmasters_button_69f1ab71dea416_36996998 .cmsmasters_button:hover { \n} \n<\/style><div id=\"cmsmasters_row_69f1ab71dde736_49207645\" class=\"cmsmasters_row cmsmasters_color_scheme_default cmsmasters_row_top_default cmsmasters_row_bot_default cmsmasters_row_boxed\">\n<div class=\"cmsmasters_row_outer_parent\">\n<div class=\"cmsmasters_row_outer\">\n<div class=\"cmsmasters_row_inner\">\n<div class=\"cmsmasters_row_margin\">\n<div class=\"cmsmasters_column one_first\">\n<div class=\"cmsmasters_text\">\n<div id=\"cmsmasters_row_5ea933141a65b\" class=\"cmsmasters_row cmsmasters_color_scheme_default cmsmasters_row_top_default cmsmasters_row_bot_default cmsmasters_row_boxed\">\n<div class=\"cmsmasters_row_outer_parent\">\n<div class=\"cmsmasters_row_outer\">\n<div class=\"cmsmasters_row_inner\">\n<div class=\"cmsmasters_row_margin cmsmasters_11\">\n<div class=\"cmsmasters_column one_first\" data-width=\"1\/1\">\n<div class=\"cmsmasters_text\">\n<h1><span style=\"color: #d43555;\"><strong>1. Platz <span style=\"color: #d43555;\">beim<\/span> trend-Anwaltsranking 2020<\/strong><\/span><\/h1>\n<h1><span style=\"color: #d43555;\"><strong>CHG Czernich Rechtsanw\u00e4lte gewinnt die Kategorie \u201ebeste Soziet\u00e4ten in den Bundesl\u00e4ndern\u201c<\/strong><\/span><\/h1>\n<p>Gro\u00dfer Erfolg f\u00fcr CHG! Das trend Magazin \u00d6sterreich hat in seiner Ausgabe vom April 2020 unsere Kanzlei im \u00f6sterreichweiten Anwaltsranking auf den ersten Platz der besten Soziet\u00e4ten au\u00dferhalb von Wien gereiht. Bereits in den vergangenen Jahren war CHG stets als eine der besten drei Kanzleien nominiert, der Sprung nach ganz oben sollte nun in diesem Jahr erfolgen. Stimmberechtigt waren dabei 100 zuf\u00e4llig ausgew\u00e4hlte Rechtsanw\u00e4lte aus ganz \u00d6sterreich.<\/p>\n<p>Im trend Magazin hei\u00dft es unter anderem:<\/p>\n<p>&#8220;Die Innsbrucker Soziet\u00e4t CHG Czernich [Rechtsanw\u00e4lte], heuer Sieger im Bundesl\u00e4nder-Ranking, ging sogar einen Schritt weiter und hat einen eigenen Thinktank eingef\u00fchrt, der sich bereits mit den rechtlichen Herausforderungen nach der Krise auseinandersetzt.&#8221; Das Ganze schrieb das trend-Magazin unter Bezugnahme auf unsere eigens eingerichtete Corona-Taskforce, wie \u00fcber unser damit zusammengeh\u00f6rendes Programm zur digitalen Rechtsberatung, CHG-live.<\/p>\n<p>F\u00fcr CHG ist es die wohl renommierteste, aber auch nicht die einzige Erw\u00e4hnung in diversen Kanzleirankings der letzten Jahre. So wurde CHG vom JUVE Magazin im Winter 2019 zur drittbesten Ausbildungskanzlei in \u00d6sterreich und 2018 zu den drei besten Kanzleien in West\u00f6sterreich gez\u00e4hlt. Im vorangegangenen Jahr erreichten wir beim selben trend Ranking noch den zweiten Platz.<\/p>\n<p><span style=\"color: #d43555;\"><span style=\"color: #000000;\">CHG-Gr\u00fcnder Dietmar Czernich in seiner ersten Reaktion:<\/span> <\/span><\/p>\n<h2><span style=\"color: #d43555;\">&#8220;F\u00fcr uns z\u00e4hlt nur Qualit\u00e4t und Seriosit\u00e4t. Es freut uns, dass unsere Anwaltskollegen \u00f6sterreichweit uns hier auch als die Besten sehen\u201c.<\/span><\/h2>\n<p>Wir sehen das als Best\u00e4tigung unseres Weges und bedanken uns bei all jenen, die uns zu dieser Platzierung verholfen haben und m\u00f6chten auf diesem Weg auch allen anderen Soziet\u00e4ten, wie Rechtsanw\u00e4ltInnen herzlichst zu ihren Erfolgen gratulieren.<\/p>\n<p>(c) Abbildungen: trend Magazin<\/p>\n<\/div>\n<\/div>\n<\/div>\n<\/div>\n<\/div>\n<\/div>\n<\/div>\n<\/div>\n<div class=\"cmsmasters_img  cmsmasters_image_n with_caption\">\n<a href=\"https:\/\/www.chg.at\/wp-content\/uploads\/2020\/04\/TREND-1.jpg\"><img src=\"https:\/\/www.chg.at\/wp-content\/uploads\/2020\/04\/TREND-1-281x300.jpg\" \/><\/a>\n<p class=\"cmsmasters_img_caption\">TREND Ranking 2020, Ausgabe Nr. 18, S. 44<\/p><\/div>\n<\/div>\n<div class=\"cmsmasters_column one_first\">\n<\/div>\n<div class=\"cmsmasters_column one_first\">\n<\/div>\n<div class=\"cmsmasters_column one_first\">\n<\/div>\n<div class=\"cmsmasters_column one_first\">\n<\/div>\n<div class=\"cmsmasters_column one_first\">\n<\/div>\n<div class=\"cmsmasters_column one_first\">\n<\/div>\n<div class=\"cmsmasters_column one_first\">\n<\/div>\n<div class=\"cmsmasters_column one_first\">\n<\/div>\n<div class=\"cmsmasters_column one_first\">\n<\/div>\n<div class=\"cmsmasters_column one_first\">\n<\/div>\n<div class=\"cmsmasters_column one_first\">\n<\/div>\n<div class=\"cmsmasters_column one_first\">\n<\/div>\n<div class=\"cmsmasters_column one_first\">\n<\/div>\n<div class=\"cmsmasters_column one_first\">\n<\/div>\n<div class=\"cmsmasters_column one_first\">\n<\/div>\n<div class=\"cmsmasters_column one_first\">\n<\/div>\n<div class=\"cmsmasters_column one_first\">\n<\/div>\n<div class=\"cmsmasters_column one_first\">\n<\/div>\n<div class=\"cmsmasters_column one_first\">\n<\/div>\n<div class=\"cmsmasters_column one_first\">\n<\/div>\n<div class=\"cmsmasters_column one_first\">\n<\/div>\n<div class=\"cmsmasters_column one_first\">\n<\/div>\n<div class=\"cmsmasters_column one_first\">\n<\/div>\n<div class=\"cmsmasters_column one_first\">\n<\/div>\n<div class=\"cmsmasters_column one_first\">\n<\/div>\n<div class=\"cmsmasters_column one_first\">\n<\/div>\n<div class=\"cmsmasters_column one_first\">\n<\/div>\n<div class=\"cmsmasters_column one_first\">\n<\/div>\n<div class=\"cmsmasters_column one_first\">\n<\/div>\n<div class=\"cmsmasters_column one_first\">\n<\/div>\n<div class=\"cmsmasters_column one_first\">\n<\/div>\n<div class=\"cmsmasters_column one_first\">\n<\/div>\n<div class=\"cmsmasters_column one_first\">\n<\/div>\n<div class=\"cmsmasters_column one_first\">\n<\/div>\n<div class=\"cmsmasters_column one_first\">\n<\/div>\n<div class=\"cmsmasters_column one_first\">\n<\/div>\n<div class=\"cmsmasters_column one_first\">\n<\/div>\n<div class=\"cmsmasters_column one_first\">\n<\/div>\n<div class=\"cmsmasters_column one_first\">\n\n<div id=\"cmsmasters_divider_69f1ab71de98d6_22955301\" class=\"cmsmasters_divider cmsmasters_divider_width_long cmsmasters_divider_pos_center\"><\/div>\n<div class=\"cmsmasters_text\">\n<p>Im Link finden Sie die entsprechende Seite des trend-Anwaltsranking 2020<\/p>\n<\/div>\n\n<div id=\"cmsmasters_button_69f1ab71dea416_36996998\" class=\"button_wrap\"><a href=\"https:\/\/www.chg.at\/wp-content\/uploads\/2020\/04\/Trend-Seite.pdf\" class=\"ripple cmsmasters_button\"><span>Zur Seite<\/span><\/a><\/div>\n<\/div>\n<div class=\"cmsmasters_column one_first\">\n<\/div>\n<\/div>\n<\/div>\n<\/div>\n<\/div>\n<\/div>\n\n","protected":false},"excerpt":{"rendered":"<p>Dieses Jahr belegt CHG Czernich Rechtsanw\u00e4lte den ersten Platz im trend-Anwaltsranking<\/p>\n","protected":false},"author":10,"featured_media":12444,"comment_status":"closed","ping_status":"open","sticky":false,"template":"","format":"image","meta":{"inline_featured_image":false},"categories":[8,9,60],"tags":[],"yoast_head":"<!-- This site is optimized with the Yoast SEO plugin v19.8 - https:\/\/yoast.com\/wordpress\/plugins\/seo\/ -->\n<title>TREND- Anwaltsranking 2020: CHG Rechtsanw\u00e4lte erreichen ersten Platz<\/title>\n<meta name=\"description\" content=\"Im trend-Anwaltsranking konnte CHG Czernich Rechtsanw\u00e4lte zum ersten Mal den ersten Platz in der Kategorie &quot;beste Soziet\u00e4t in den Bundesl\u00e4ndern&quot; erreichen. 29.04.2020\" \/>\n<meta name=\"robots\" content=\"index, follow, max-snippet:-1, max-image-preview:large, max-video-preview:-1\" \/>\n<link rel=\"canonical\" href=\"https:\/\/www.chg.at\/en\/trend-2020-chg-erster-platz-bundeslaender\/\" \/>\n<meta property=\"og:locale\" content=\"en_US\" \/>\n<meta property=\"og:type\" content=\"article\" \/>\n<meta property=\"og:title\" content=\"CHG\" \/>\n<meta property=\"og:description\" content=\"CHG\" \/>\n<meta property=\"og:url\" content=\"https:\/\/www.chg.at\/en\/trend-2020-chg-erster-platz-bundeslaender\/\" \/>\n<meta property=\"og:site_name\" content=\"CHG Czernich Rechtsanw\u00e4lte \u2013 Wir bewegen Wirtschaft\" \/>\n<meta property=\"article:published_time\" content=\"2020-04-29T07:26:05+00:00\" \/>\n<meta property=\"article:modified_time\" content=\"2020-08-24T10:09:35+00:00\" \/>\n<meta property=\"og:image\" content=\"https:\/\/www.chg.at\/wp-content\/uploads\/2020\/05\/20200422_rechtsanw\u00e4lte_0001.jpg\" \/>\n\t<meta property=\"og:image:width\" content=\"1148\" \/>\n\t<meta property=\"og:image:height\" content=\"580\" \/>\n\t<meta property=\"og:image:type\" content=\"image\/jpeg\" \/>\n<meta name=\"author\" content=\"Lorenz Held\" \/>\n<meta name=\"twitter:card\" content=\"summary_large_image\" \/>\n<meta name=\"twitter:label1\" content=\"Written by\" \/>\n\t<meta name=\"twitter:data1\" content=\"Lorenz Held\" \/>\n\t<meta name=\"twitter:label2\" content=\"Est. reading time\" \/>\n\t<meta name=\"twitter:data2\" content=\"3 minutes\" \/>\n<script type=\"application\/ld+json\" class=\"yoast-schema-graph\">{\"@context\":\"https:\/\/schema.org\",\"@graph\":[{\"@type\":\"Article\",\"@id\":\"https:\/\/www.chg.at\/en\/trend-2020-chg-erster-platz-bundeslaender\/#article\",\"isPartOf\":{\"@id\":\"https:\/\/www.chg.at\/en\/trend-2020-chg-erster-platz-bundeslaender\/\"},\"author\":{\"name\":\"Lorenz Held\",\"@id\":\"https:\/\/www.chg.at\/en\/#\/schema\/person\/767a36d24c2ac329c1c5e1c10929e2b6\"},\"headline\":\"CHG beste Kanzlei in den Bundesl\u00e4ndern\",\"datePublished\":\"2020-04-29T07:26:05+00:00\",\"dateModified\":\"2020-08-24T10:09:35+00:00\",\"mainEntityOfPage\":{\"@id\":\"https:\/\/www.chg.at\/en\/trend-2020-chg-erster-platz-bundeslaender\/\"},\"wordCount\":692,\"publisher\":{\"@id\":\"https:\/\/www.chg.at\/en\/#organization\"},\"articleSection\":[\"CHG News\",\"Kanzlei\",\"Medienberichterstattung\"],\"inLanguage\":\"en-US\"},{\"@type\":\"WebPage\",\"@id\":\"https:\/\/www.chg.at\/en\/trend-2020-chg-erster-platz-bundeslaender\/\",\"url\":\"https:\/\/www.chg.at\/en\/trend-2020-chg-erster-platz-bundeslaender\/\",\"name\":\"TREND- Anwaltsranking 2020: CHG Rechtsanw\u00e4lte erreichen ersten Platz\",\"isPartOf\":{\"@id\":\"https:\/\/www.chg.at\/en\/#website\"},\"datePublished\":\"2020-04-29T07:26:05+00:00\",\"dateModified\":\"2020-08-24T10:09:35+00:00\",\"description\":\"Im trend-Anwaltsranking konnte CHG Czernich Rechtsanw\u00e4lte zum ersten Mal den ersten Platz in der Kategorie \\\"beste Soziet\u00e4t in den Bundesl\u00e4ndern\\\" erreichen. 29.04.2020\",\"breadcrumb\":{\"@id\":\"https:\/\/www.chg.at\/en\/trend-2020-chg-erster-platz-bundeslaender\/#breadcrumb\"},\"inLanguage\":\"en-US\",\"potentialAction\":[{\"@type\":\"ReadAction\",\"target\":[\"https:\/\/www.chg.at\/en\/trend-2020-chg-erster-platz-bundeslaender\/\"]}]},{\"@type\":\"BreadcrumbList\",\"@id\":\"https:\/\/www.chg.at\/en\/trend-2020-chg-erster-platz-bundeslaender\/#breadcrumb\",\"itemListElement\":[{\"@type\":\"ListItem\",\"position\":1,\"name\":\"Startseite\",\"item\":\"https:\/\/www.chg.at\/en\/\"},{\"@type\":\"ListItem\",\"position\":2,\"name\":\"CHG beste Kanzlei in den Bundesl\u00e4ndern\"}]},{\"@type\":\"WebSite\",\"@id\":\"https:\/\/www.chg.at\/en\/#website\",\"url\":\"https:\/\/www.chg.at\/en\/\",\"name\":\"CHG Czernich Rechtsanw\u00e4lte \u2013 Wir bewegen Wirtschaft\",\"description\":\"Wir sorgen f\u00fcr Klarheit, wenn es rechtlich kompliziert wird. In jeder Phase Ihrer Unternehmungen. Sie ergreifen die Chancen. Wir verwandeln Risiken in L\u00f6sungen.\",\"publisher\":{\"@id\":\"https:\/\/www.chg.at\/en\/#organization\"},\"potentialAction\":[{\"@type\":\"SearchAction\",\"target\":{\"@type\":\"EntryPoint\",\"urlTemplate\":\"https:\/\/www.chg.at\/en\/?s={search_term_string}\"},\"query-input\":\"required name=search_term_string\"}],\"inLanguage\":\"en-US\"},{\"@type\":\"Organization\",\"@id\":\"https:\/\/www.chg.at\/en\/#organization\",\"name\":\"CHG Czernich Rechtsanw\u00e4lte\",\"url\":\"https:\/\/www.chg.at\/en\/\",\"sameAs\":[\"https:\/\/www.linkedin.com\/company\/12773263\/admin\/dashboard\/\"],\"logo\":{\"@type\":\"ImageObject\",\"inLanguage\":\"en-US\",\"@id\":\"https:\/\/www.chg.at\/en\/#\/schema\/logo\/image\/\",\"url\":\"https:\/\/www.chg.at\/wp-content\/uploads\/2016\/08\/CHG_logo_250_1.png\",\"contentUrl\":\"https:\/\/www.chg.at\/wp-content\/uploads\/2016\/08\/CHG_logo_250_1.png\",\"width\":250,\"height\":33,\"caption\":\"CHG Czernich Rechtsanw\u00e4lte\"},\"image\":{\"@id\":\"https:\/\/www.chg.at\/en\/#\/schema\/logo\/image\/\"}},{\"@type\":\"Person\",\"@id\":\"https:\/\/www.chg.at\/en\/#\/schema\/person\/767a36d24c2ac329c1c5e1c10929e2b6\",\"name\":\"Lorenz Held\",\"sameAs\":[\"https:\/\/www.chg.at\"]}]}<\/script>\n<!-- \/ Yoast SEO plugin. -->","yoast_head_json":{"title":"TREND- Anwaltsranking 2020: CHG Rechtsanw\u00e4lte erreichen ersten Platz","description":"Im trend-Anwaltsranking konnte CHG Czernich Rechtsanw\u00e4lte zum ersten Mal den ersten Platz in der Kategorie \"beste Soziet\u00e4t in den Bundesl\u00e4ndern\" erreichen. 29.04.2020","robots":{"index":"index","follow":"follow","max-snippet":"max-snippet:-1","max-image-preview":"max-image-preview:large","max-video-preview":"max-video-preview:-1"},"canonical":"https:\/\/www.chg.at\/en\/trend-2020-chg-erster-platz-bundeslaender\/","og_locale":"en_US","og_type":"article","og_title":"CHG","og_description":"CHG","og_url":"https:\/\/www.chg.at\/en\/trend-2020-chg-erster-platz-bundeslaender\/","og_site_name":"CHG Czernich Rechtsanw\u00e4lte \u2013 Wir bewegen Wirtschaft","article_published_time":"2020-04-29T07:26:05+00:00","article_modified_time":"2020-08-24T10:09:35+00:00","og_image":[{"width":1148,"height":580,"url":"https:\/\/www.chg.at\/wp-content\/uploads\/2020\/05\/20200422_rechtsanw\u00e4lte_0001.jpg","type":"image\/jpeg"}],"author":"Lorenz Held","twitter_card":"summary_large_image","twitter_misc":{"Written by":"Lorenz Held","Est. reading time":"3 minutes"},"schema":{"@context":"https:\/\/schema.org","@graph":[{"@type":"Article","@id":"https:\/\/www.chg.at\/en\/trend-2020-chg-erster-platz-bundeslaender\/#article","isPartOf":{"@id":"https:\/\/www.chg.at\/en\/trend-2020-chg-erster-platz-bundeslaender\/"},"author":{"name":"Lorenz Held","@id":"https:\/\/www.chg.at\/en\/#\/schema\/person\/767a36d24c2ac329c1c5e1c10929e2b6"},"headline":"CHG beste Kanzlei in den Bundesl\u00e4ndern","datePublished":"2020-04-29T07:26:05+00:00","dateModified":"2020-08-24T10:09:35+00:00","mainEntityOfPage":{"@id":"https:\/\/www.chg.at\/en\/trend-2020-chg-erster-platz-bundeslaender\/"},"wordCount":692,"publisher":{"@id":"https:\/\/www.chg.at\/en\/#organization"},"articleSection":["CHG News","Kanzlei","Medienberichterstattung"],"inLanguage":"en-US"},{"@type":"WebPage","@id":"https:\/\/www.chg.at\/en\/trend-2020-chg-erster-platz-bundeslaender\/","url":"https:\/\/www.chg.at\/en\/trend-2020-chg-erster-platz-bundeslaender\/","name":"TREND- Anwaltsranking 2020: CHG Rechtsanw\u00e4lte erreichen ersten Platz","isPartOf":{"@id":"https:\/\/www.chg.at\/en\/#website"},"datePublished":"2020-04-29T07:26:05+00:00","dateModified":"2020-08-24T10:09:35+00:00","description":"Im trend-Anwaltsranking konnte CHG Czernich Rechtsanw\u00e4lte zum ersten Mal den ersten Platz in der Kategorie \"beste Soziet\u00e4t in den Bundesl\u00e4ndern\" erreichen. 29.04.2020","breadcrumb":{"@id":"https:\/\/www.chg.at\/en\/trend-2020-chg-erster-platz-bundeslaender\/#breadcrumb"},"inLanguage":"en-US","potentialAction":[{"@type":"ReadAction","target":["https:\/\/www.chg.at\/en\/trend-2020-chg-erster-platz-bundeslaender\/"]}]},{"@type":"BreadcrumbList","@id":"https:\/\/www.chg.at\/en\/trend-2020-chg-erster-platz-bundeslaender\/#breadcrumb","itemListElement":[{"@type":"ListItem","position":1,"name":"Startseite","item":"https:\/\/www.chg.at\/en\/"},{"@type":"ListItem","position":2,"name":"CHG beste Kanzlei in den Bundesl\u00e4ndern"}]},{"@type":"WebSite","@id":"https:\/\/www.chg.at\/en\/#website","url":"https:\/\/www.chg.at\/en\/","name":"CHG Czernich Rechtsanw\u00e4lte \u2013 Wir bewegen Wirtschaft","description":"Wir sorgen f\u00fcr Klarheit, wenn es rechtlich kompliziert wird. In jeder Phase Ihrer Unternehmungen. Sie ergreifen die Chancen. Wir verwandeln Risiken in L\u00f6sungen.","publisher":{"@id":"https:\/\/www.chg.at\/en\/#organization"},"potentialAction":[{"@type":"SearchAction","target":{"@type":"EntryPoint","urlTemplate":"https:\/\/www.chg.at\/en\/?s={search_term_string}"},"query-input":"required name=search_term_string"}],"inLanguage":"en-US"},{"@type":"Organization","@id":"https:\/\/www.chg.at\/en\/#organization","name":"CHG Czernich Rechtsanw\u00e4lte","url":"https:\/\/www.chg.at\/en\/","sameAs":["https:\/\/www.linkedin.com\/company\/12773263\/admin\/dashboard\/"],"logo":{"@type":"ImageObject","inLanguage":"en-US","@id":"https:\/\/www.chg.at\/en\/#\/schema\/logo\/image\/","url":"https:\/\/www.chg.at\/wp-content\/uploads\/2016\/08\/CHG_logo_250_1.png","contentUrl":"https:\/\/www.chg.at\/wp-content\/uploads\/2016\/08\/CHG_logo_250_1.png","width":250,"height":33,"caption":"CHG Czernich Rechtsanw\u00e4lte"},"image":{"@id":"https:\/\/www.chg.at\/en\/#\/schema\/logo\/image\/"}},{"@type":"Person","@id":"https:\/\/www.chg.at\/en\/#\/schema\/person\/767a36d24c2ac329c1c5e1c10929e2b6","name":"Lorenz Held","sameAs":["https:\/\/www.chg.at"]}]}},"_links":{"self":[{"href":"https:\/\/www.chg.at\/en\/wp-json\/wp\/v2\/posts\/12399"}],"collection":[{"href":"https:\/\/www.chg.at\/en\/wp-json\/wp\/v2\/posts"}],"about":[{"href":"https:\/\/www.chg.at\/en\/wp-json\/wp\/v2\/types\/post"}],"author":[{"embeddable":true,"href":"https:\/\/www.chg.at\/en\/wp-json\/wp\/v2\/users\/10"}],"replies":[{"embeddable":true,"href":"https:\/\/www.chg.at\/en\/wp-json\/wp\/v2\/comments?post=12399"}],"version-history":[{"count":10,"href":"https:\/\/www.chg.at\/en\/wp-json\/wp\/v2\/posts\/12399\/revisions"}],"predecessor-version":[{"id":14899,"href":"https:\/\/www.chg.at\/en\/wp-json\/wp\/v2\/posts\/12399\/revisions\/14899"}],"wp:featuredmedia":[{"embeddable":true,"href":"https:\/\/www.chg.at\/en\/wp-json\/wp\/v2\/media\/12444"}],"wp:attachment":[{"href":"https:\/\/www.chg.at\/en\/wp-json\/wp\/v2\/media?parent=12399"}],"wp:term":[{"taxonomy":"category","embeddable":true,"href":"https:\/\/www.chg.at\/en\/wp-json\/wp\/v2\/categories?post=12399"},{"taxonomy":"post_tag","embeddable":true,"href":"https:\/\/www.chg.at\/en\/wp-json\/wp\/v2\/tags?post=12399"}],"curies":[{"name":"wp","href":"https:\/\/api.w.org\/{rel}","templated":true}]}}