{"id":12470,"date":"2020-05-12T09:32:41","date_gmt":"2020-05-12T07:32:41","guid":{"rendered":"https:\/\/www.chg.at\/?p=12470"},"modified":"2020-05-18T10:58:55","modified_gmt":"2020-05-18T08:58:55","slug":"tamerl-fixkosten-corona-mietzinsminderung","status":"publish","type":"post","link":"https:\/\/www.chg.at\/en\/tamerl-fixkosten-corona-mietzinsminderung\/","title":{"rendered":"Corona-Fixkostenzuschuss und Mietzinsminderung"},"content":{"rendered":"<style type=\"text\/css\"> \n#cmsmasters_row_69f46ce6c58f19_58288171 .cmsmasters_row_outer_parent { \n\tpadding-top: 0px; \n} \n\n#cmsmasters_row_69f46ce6c58f19_58288171 .cmsmasters_row_outer_parent { \n\tpadding-bottom: 0px; \n} \n\n \n#cmsmasters_row_69f46ce6c5a3c0_10613008 .cmsmasters_row_outer_parent { \n\tpadding-top: 0px; \n} \n\n#cmsmasters_row_69f46ce6c5a3c0_10613008 .cmsmasters_row_outer_parent { \n\tpadding-bottom: 40px; \n} \n\n \n#cmsmasters_divider_69f46ce6c5bb14_57498312 { \n\tborder-bottom-width:1px; \n\tborder-bottom-style:dotted; \n\tpadding-top:10px; \n\tmargin-bottom:20px; \n\tborder-bottom-color:#aaaaaa;\n} \n\r\n\t\t\t\t#cmsmasters_gallery_69f46ce6c5c321_69433578 .cmsmasters_gallery {\r\n\t\t\t\t\tmargin:0 0 0 -10px;\r\n\t\t\t\t}\r\n\t\t\t\t\r\n\t\t\t\t#cmsmasters_gallery_69f46ce6c5c321_69433578 .cmsmasters_gallery .cmsmasters_gallery_item {\r\n\t\t\t\t\tpadding:0 0 10px 10px;\r\n\t\t\t\t}\r\n\t\t\t \n#cmsmasters_divider_69f46ce6c64c17_30520679 { \n\tborder-bottom-width:1px; \n\tborder-bottom-style:dotted; \n\tpadding-top:10px; \n\tmargin-bottom:20px; \n\tborder-bottom-color:#aaaaaa;\n} \n\n#cmsmasters_button_69f46ce6c698c4_42903233 { \n\ttext-align:center; \n} \n\n#cmsmasters_button_69f46ce6c698c4_42903233 .cmsmasters_button:before { \n\tmargin-right:.5em; \n\tmargin-left:0; \n\tvertical-align:baseline; \n} \n\n#cmsmasters_button_69f46ce6c698c4_42903233 .cmsmasters_button { \n\tfont-weight:normal; \n\tfont-style:normal; \n\tborder-style:solid; \n} \n#cmsmasters_button_69f46ce6c698c4_42903233 .cmsmasters_button:hover { \n} \n<\/style><div id=\"cmsmasters_row_69f46ce6c58f19_58288171\" class=\"cmsmasters_row cmsmasters_color_scheme_default cmsmasters_row_top_default cmsmasters_row_bot_default cmsmasters_row_boxed\">\n<div class=\"cmsmasters_row_outer_parent\">\n<div class=\"cmsmasters_row_outer\">\n<div class=\"cmsmasters_row_inner\">\n<div class=\"cmsmasters_row_margin\">\n<div class=\"cmsmasters_column one_first\">\n<div class=\"cmsmasters_text\">\n<h1><span style=\"color: #d43555;\"><strong>Corona-Fixkostenzuschuss ersetzt Mietzinsminderung nicht<\/strong><\/span><\/h1>\n<p>CHG-Rechtsanwalt und Immobilienrechtsexperte<a href=\"https:\/\/www.chg.at\/profile\/daniel-tamerl\/\"> Daniel Tamerl<\/a> erkl\u00e4rt im Rechtspanorama der Tageszeitung &#8220;Die Presse&#8221; vom 11.05.2020 die Zusammenh\u00e4nge zwischen Zinsminderung und Fixkostenzusch\u00fcsse aus dem Corona-Hilfs-Fonds f\u00fcr Gesch\u00e4ftsraummieten und Unternehmenspachtvertr\u00e4ge. Dabei ergibt sich unter anderem das praktische Problem, dass der Zuschuss nur dann gew\u00e4hrt wird, wenn der Miet- oder Pachtzins nicht gemindert werden konnte. Die Frage, wann dieser Fall als eingetreten gilt, wird vom Ministerium bis dato offen gelassen. Vor allem f\u00fcr Pachtvertr\u00e4ge und auch f\u00fcr Mietvertr\u00e4ge, die nicht in den Anwendungsbereich des Mietrechtsgesetzes fallen, ist das heikel.<\/p>\n<p>Ferner wird im Artikel erl\u00e4utert, ob es zu einer Anrechnung der Fixkostenzusch\u00fcsse nach dem Corona-Hilfsfonds auf die Zinsminderung kommt. Bereits im Jahr 1915 hat der OGH zu dieser Thematik Stellung genommen.<\/p>\n<p>&#8220;Auf den Umfang der Zinsbefreiung wirkt sich der Zuschuss f\u00fcr den Mieter nicht aus. Vermieter k\u00f6nnen unter Umst\u00e4nden aber f\u00fcr sich selbst Zusch\u00fcsse beantragen\u201c, so Dr Daniel Tamerl in der Presse.<\/p>\n<p>Den gesamten Bericht k\u00f6nnen Sie unten im Bild oder \u00fcber diesen Link online lesen: <a href=\"https:\/\/www.diepresse.com\/5811731\/corona-fixkostenzuschuss-ersetzt-mietszinsminderung-nicht\">https:\/\/www.diepresse.com\/5811731\/corona-fixkostenzuschuss-ersetzt-mietszinsminderung-nicht<\/a><\/p>\n<\/div>\n<\/div>\n<\/div>\n<\/div>\n<\/div>\n<\/div>\n<\/div>\n<div id=\"cmsmasters_row_69f46ce6c5a3c0_10613008\" class=\"cmsmasters_row cmsmasters_color_scheme_default cmsmasters_row_top_default cmsmasters_row_bot_default cmsmasters_row_boxed\">\n<div class=\"cmsmasters_row_outer_parent\">\n<div class=\"cmsmasters_row_outer\">\n<div class=\"cmsmasters_row_inner\">\n<div class=\"cmsmasters_row_margin\">\n<div class=\"cmsmasters_column one_half\">\n\n<div id=\"cmsmasters_divider_69f46ce6c5bb14_57498312\" class=\"cmsmasters_divider cmsmasters_divider_width_long cmsmasters_divider_pos_left\"><\/div><div class=\"cmsmasters_text\">\n<p>Hier der Bericht in der Presse vom 11.05.2020:<\/p>\n<\/div>\n<div id=\"cmsmasters_gallery_69f46ce6c5c321_69433578\" class=\"cmsmasters_gallery_wrap\"><ul class=\"cmsmasters_gallery cmsmasters_4 cmsmasters_more_items_loader\"><li class=\"cmsmasters_gallery_item\"><figure><a href=\"https:\/\/www.chg.at\/wp-content\/uploads\/2020\/05\/TAMERL-Gastbeitrag-Presse-11.05.20205699.jpg\" rel=\"ilightbox[69f46ce6c5c321_69433578]\"><img width=\"1396\" height=\"1630\" src=\"https:\/\/www.chg.at\/wp-content\/uploads\/2020\/05\/TAMERL-Gastbeitrag-Presse-11.05.20205699.jpg\" class=\"attachment-full size-full\" alt=\"\" loading=\"lazy\" srcset=\"https:\/\/www.chg.at\/wp-content\/uploads\/2020\/05\/TAMERL-Gastbeitrag-Presse-11.05.20205699.jpg 1396w, https:\/\/www.chg.at\/wp-content\/uploads\/2020\/05\/TAMERL-Gastbeitrag-Presse-11.05.20205699-257x300.jpg 257w, https:\/\/www.chg.at\/wp-content\/uploads\/2020\/05\/TAMERL-Gastbeitrag-Presse-11.05.20205699-768x897.jpg 768w, https:\/\/www.chg.at\/wp-content\/uploads\/2020\/05\/TAMERL-Gastbeitrag-Presse-11.05.20205699-877x1024.jpg 877w, https:\/\/www.chg.at\/wp-content\/uploads\/2020\/05\/TAMERL-Gastbeitrag-Presse-11.05.20205699-580x677.jpg 580w, https:\/\/www.chg.at\/wp-content\/uploads\/2020\/05\/TAMERL-Gastbeitrag-Presse-11.05.20205699-860x1004.jpg 860w, https:\/\/www.chg.at\/wp-content\/uploads\/2020\/05\/TAMERL-Gastbeitrag-Presse-11.05.20205699-1160x1354.jpg 1160w\" sizes=\"(max-width: 1396px) 100vw, 1396px\" \/><\/a><\/figure><\/li><\/ul><script type=\"text\/javascript\">\r\n\t\t\t\tjQuery(document).ready(function () {\r\n\t\t\t\t\t(function ($) {\r\n\t\t\t\t\t\tif ($('#cmsmasters_gallery_69f46ce6c5c321_69433578').find('.cmsmasters_gallery_item').length == '0') {\r\n\t\t\t\t\t\t\treturn false;\r\n\t\t\t\t\t\t}\r\n\t\t\t\t\t\t\r\n\t\t\t\t\t\t\r\n\t\t\t\t\t\tstartGallery( \r\n\t\t\t\t\t\t\t'69f46ce6c5c321_69433578', \r\n\t\t\t\t\t\t\t'grid', \r\n\t\t\t\t\t\t\t'false', \r\n\t\t\t\t\t\t\t'false'\r\n\t\t\t\t\t\t);\r\n\t\t\t\t\t} )(jQuery);\r\n\t\t\t\t} );\r\n\t\t\t<\/script>\r\n\t\t\t<\/div>\n<\/div>\n<div class=\"cmsmasters_column one_half\">\n\n<div id=\"cmsmasters_divider_69f46ce6c64c17_30520679\" class=\"cmsmasters_divider cmsmasters_divider_width_long cmsmasters_divider_pos_left\"><\/div><div class=\"cmsmasters_img  cmsmasters_image_n with_caption\">\n<img src=\"https:\/\/www.chg.at\/wp-content\/uploads\/2016\/01\/CHG-Rechtsanwaelte-Daniel-Tamerl-thumbnail-300x300.jpg\" \/>\n<p class=\"cmsmasters_img_caption\">Dr. Daniel Tamerl<\/p><\/div>\n<div class=\"cmsmasters_text\">\n<p>\u00a0<\/p>\n<\/div>\n\n<div id=\"cmsmasters_button_69f46ce6c698c4_42903233\" class=\"button_wrap\"><a href=\"https:\/\/www.chg.at\/profile\/daniel-tamerl\/\" class=\"ripple cmsmasters_button\" data-animation=\"fadeInUp\" data-delay=\"0\"><span>Zum Profil<\/span><\/a><\/div>\n<\/div>\n<\/div>\n<\/div>\n<\/div>\n<\/div>\n<\/div>\n\n","protected":false},"excerpt":{"rendered":"<p>RA Daniel Tamerl dazu in der Presse<\/p>\n","protected":false},"author":10,"featured_media":12341,"comment_status":"closed","ping_status":"open","sticky":false,"template":"","format":"image","meta":{"inline_featured_image":false},"categories":[6,8,60,68],"tags":[],"yoast_head":"<!-- This site is optimized with the Yoast SEO plugin v19.8 - https:\/\/yoast.com\/wordpress\/plugins\/seo\/ -->\n<title>Corona-Fixkostenzuschuss ersetzt Mietszinsminderung nicht<\/title>\n<meta name=\"description\" content=\"Corona-Fixkostenzuschuss und Mietzinsminderung bei Miet- und Pachtvertr\u00e4gen. Dr. Daniel Tamerl. CHG Czernich Rechtsanw\u00e4lte. Die Presse.\" \/>\n<meta name=\"robots\" content=\"index, follow, max-snippet:-1, max-image-preview:large, max-video-preview:-1\" \/>\n<link rel=\"canonical\" href=\"https:\/\/www.chg.at\/en\/tamerl-fixkosten-corona-mietzinsminderung\/\" \/>\n<meta property=\"og:locale\" content=\"en_US\" \/>\n<meta property=\"og:type\" content=\"article\" \/>\n<meta property=\"og:title\" content=\"CHG\" \/>\n<meta property=\"og:description\" content=\"CHG\" \/>\n<meta property=\"og:url\" content=\"https:\/\/www.chg.at\/en\/tamerl-fixkosten-corona-mietzinsminderung\/\" \/>\n<meta property=\"og:site_name\" content=\"CHG Czernich Rechtsanw\u00e4lte \u2013 Wir bewegen Wirtschaft\" \/>\n<meta property=\"article:published_time\" content=\"2020-05-12T07:32:41+00:00\" \/>\n<meta property=\"article:modified_time\" content=\"2020-05-18T08:58:55+00:00\" \/>\n<meta property=\"og:image\" content=\"https:\/\/www.chg.at\/wp-content\/uploads\/2020\/04\/Recht-und-Corona.png\" \/>\n\t<meta property=\"og:image:width\" content=\"1160\" \/>\n\t<meta property=\"og:image:height\" content=\"580\" \/>\n\t<meta property=\"og:image:type\" content=\"image\/png\" \/>\n<meta name=\"author\" content=\"Lorenz Held\" \/>\n<meta name=\"twitter:card\" content=\"summary_large_image\" \/>\n<meta name=\"twitter:label1\" content=\"Written by\" \/>\n\t<meta name=\"twitter:data1\" content=\"Lorenz Held\" \/>\n\t<meta name=\"twitter:label2\" content=\"Est. reading time\" \/>\n\t<meta name=\"twitter:data2\" content=\"2 minutes\" \/>\n<script type=\"application\/ld+json\" class=\"yoast-schema-graph\">{\"@context\":\"https:\/\/schema.org\",\"@graph\":[{\"@type\":\"Article\",\"@id\":\"https:\/\/www.chg.at\/en\/tamerl-fixkosten-corona-mietzinsminderung\/#article\",\"isPartOf\":{\"@id\":\"https:\/\/www.chg.at\/en\/tamerl-fixkosten-corona-mietzinsminderung\/\"},\"author\":{\"name\":\"Lorenz Held\",\"@id\":\"https:\/\/www.chg.at\/en\/#\/schema\/person\/767a36d24c2ac329c1c5e1c10929e2b6\"},\"headline\":\"Corona-Fixkostenzuschuss und Mietzinsminderung\",\"datePublished\":\"2020-05-12T07:32:41+00:00\",\"dateModified\":\"2020-05-18T08:58:55+00:00\",\"mainEntityOfPage\":{\"@id\":\"https:\/\/www.chg.at\/en\/tamerl-fixkosten-corona-mietzinsminderung\/\"},\"wordCount\":406,\"publisher\":{\"@id\":\"https:\/\/www.chg.at\/en\/#organization\"},\"articleSection\":[\"Business Tipps\",\"CHG News\",\"Medienberichterstattung\",\"Recht und Corona\"],\"inLanguage\":\"en-US\"},{\"@type\":\"WebPage\",\"@id\":\"https:\/\/www.chg.at\/en\/tamerl-fixkosten-corona-mietzinsminderung\/\",\"url\":\"https:\/\/www.chg.at\/en\/tamerl-fixkosten-corona-mietzinsminderung\/\",\"name\":\"Corona-Fixkostenzuschuss ersetzt Mietszinsminderung nicht\",\"isPartOf\":{\"@id\":\"https:\/\/www.chg.at\/en\/#website\"},\"datePublished\":\"2020-05-12T07:32:41+00:00\",\"dateModified\":\"2020-05-18T08:58:55+00:00\",\"description\":\"Corona-Fixkostenzuschuss und Mietzinsminderung bei Miet- und Pachtvertr\u00e4gen. Dr. Daniel Tamerl. CHG Czernich Rechtsanw\u00e4lte. Die Presse.\",\"breadcrumb\":{\"@id\":\"https:\/\/www.chg.at\/en\/tamerl-fixkosten-corona-mietzinsminderung\/#breadcrumb\"},\"inLanguage\":\"en-US\",\"potentialAction\":[{\"@type\":\"ReadAction\",\"target\":[\"https:\/\/www.chg.at\/en\/tamerl-fixkosten-corona-mietzinsminderung\/\"]}]},{\"@type\":\"BreadcrumbList\",\"@id\":\"https:\/\/www.chg.at\/en\/tamerl-fixkosten-corona-mietzinsminderung\/#breadcrumb\",\"itemListElement\":[{\"@type\":\"ListItem\",\"position\":1,\"name\":\"Startseite\",\"item\":\"https:\/\/www.chg.at\/en\/\"},{\"@type\":\"ListItem\",\"position\":2,\"name\":\"Corona-Fixkostenzuschuss und Mietzinsminderung\"}]},{\"@type\":\"WebSite\",\"@id\":\"https:\/\/www.chg.at\/en\/#website\",\"url\":\"https:\/\/www.chg.at\/en\/\",\"name\":\"CHG Czernich Rechtsanw\u00e4lte \u2013 Wir bewegen Wirtschaft\",\"description\":\"Wir sorgen f\u00fcr Klarheit, wenn es rechtlich kompliziert wird. In jeder Phase Ihrer Unternehmungen. Sie ergreifen die Chancen. Wir verwandeln Risiken in L\u00f6sungen.\",\"publisher\":{\"@id\":\"https:\/\/www.chg.at\/en\/#organization\"},\"potentialAction\":[{\"@type\":\"SearchAction\",\"target\":{\"@type\":\"EntryPoint\",\"urlTemplate\":\"https:\/\/www.chg.at\/en\/?s={search_term_string}\"},\"query-input\":\"required name=search_term_string\"}],\"inLanguage\":\"en-US\"},{\"@type\":\"Organization\",\"@id\":\"https:\/\/www.chg.at\/en\/#organization\",\"name\":\"CHG Czernich Rechtsanw\u00e4lte\",\"url\":\"https:\/\/www.chg.at\/en\/\",\"sameAs\":[\"https:\/\/www.linkedin.com\/company\/12773263\/admin\/dashboard\/\"],\"logo\":{\"@type\":\"ImageObject\",\"inLanguage\":\"en-US\",\"@id\":\"https:\/\/www.chg.at\/en\/#\/schema\/logo\/image\/\",\"url\":\"https:\/\/www.chg.at\/wp-content\/uploads\/2016\/08\/CHG_logo_250_1.png\",\"contentUrl\":\"https:\/\/www.chg.at\/wp-content\/uploads\/2016\/08\/CHG_logo_250_1.png\",\"width\":250,\"height\":33,\"caption\":\"CHG Czernich Rechtsanw\u00e4lte\"},\"image\":{\"@id\":\"https:\/\/www.chg.at\/en\/#\/schema\/logo\/image\/\"}},{\"@type\":\"Person\",\"@id\":\"https:\/\/www.chg.at\/en\/#\/schema\/person\/767a36d24c2ac329c1c5e1c10929e2b6\",\"name\":\"Lorenz Held\",\"sameAs\":[\"https:\/\/www.chg.at\"]}]}<\/script>\n<!-- \/ Yoast SEO plugin. -->","yoast_head_json":{"title":"Corona-Fixkostenzuschuss ersetzt Mietszinsminderung nicht","description":"Corona-Fixkostenzuschuss und Mietzinsminderung bei Miet- und Pachtvertr\u00e4gen. Dr. Daniel Tamerl. CHG Czernich Rechtsanw\u00e4lte. Die Presse.","robots":{"index":"index","follow":"follow","max-snippet":"max-snippet:-1","max-image-preview":"max-image-preview:large","max-video-preview":"max-video-preview:-1"},"canonical":"https:\/\/www.chg.at\/en\/tamerl-fixkosten-corona-mietzinsminderung\/","og_locale":"en_US","og_type":"article","og_title":"CHG","og_description":"CHG","og_url":"https:\/\/www.chg.at\/en\/tamerl-fixkosten-corona-mietzinsminderung\/","og_site_name":"CHG Czernich Rechtsanw\u00e4lte \u2013 Wir bewegen Wirtschaft","article_published_time":"2020-05-12T07:32:41+00:00","article_modified_time":"2020-05-18T08:58:55+00:00","og_image":[{"width":1160,"height":580,"url":"https:\/\/www.chg.at\/wp-content\/uploads\/2020\/04\/Recht-und-Corona.png","type":"image\/png"}],"author":"Lorenz Held","twitter_card":"summary_large_image","twitter_misc":{"Written by":"Lorenz Held","Est. reading time":"2 minutes"},"schema":{"@context":"https:\/\/schema.org","@graph":[{"@type":"Article","@id":"https:\/\/www.chg.at\/en\/tamerl-fixkosten-corona-mietzinsminderung\/#article","isPartOf":{"@id":"https:\/\/www.chg.at\/en\/tamerl-fixkosten-corona-mietzinsminderung\/"},"author":{"name":"Lorenz Held","@id":"https:\/\/www.chg.at\/en\/#\/schema\/person\/767a36d24c2ac329c1c5e1c10929e2b6"},"headline":"Corona-Fixkostenzuschuss und Mietzinsminderung","datePublished":"2020-05-12T07:32:41+00:00","dateModified":"2020-05-18T08:58:55+00:00","mainEntityOfPage":{"@id":"https:\/\/www.chg.at\/en\/tamerl-fixkosten-corona-mietzinsminderung\/"},"wordCount":406,"publisher":{"@id":"https:\/\/www.chg.at\/en\/#organization"},"articleSection":["Business Tipps","CHG News","Medienberichterstattung","Recht und Corona"],"inLanguage":"en-US"},{"@type":"WebPage","@id":"https:\/\/www.chg.at\/en\/tamerl-fixkosten-corona-mietzinsminderung\/","url":"https:\/\/www.chg.at\/en\/tamerl-fixkosten-corona-mietzinsminderung\/","name":"Corona-Fixkostenzuschuss ersetzt Mietszinsminderung nicht","isPartOf":{"@id":"https:\/\/www.chg.at\/en\/#website"},"datePublished":"2020-05-12T07:32:41+00:00","dateModified":"2020-05-18T08:58:55+00:00","description":"Corona-Fixkostenzuschuss und Mietzinsminderung bei Miet- und Pachtvertr\u00e4gen. Dr. Daniel Tamerl. CHG Czernich Rechtsanw\u00e4lte. Die Presse.","breadcrumb":{"@id":"https:\/\/www.chg.at\/en\/tamerl-fixkosten-corona-mietzinsminderung\/#breadcrumb"},"inLanguage":"en-US","potentialAction":[{"@type":"ReadAction","target":["https:\/\/www.chg.at\/en\/tamerl-fixkosten-corona-mietzinsminderung\/"]}]},{"@type":"BreadcrumbList","@id":"https:\/\/www.chg.at\/en\/tamerl-fixkosten-corona-mietzinsminderung\/#breadcrumb","itemListElement":[{"@type":"ListItem","position":1,"name":"Startseite","item":"https:\/\/www.chg.at\/en\/"},{"@type":"ListItem","position":2,"name":"Corona-Fixkostenzuschuss und Mietzinsminderung"}]},{"@type":"WebSite","@id":"https:\/\/www.chg.at\/en\/#website","url":"https:\/\/www.chg.at\/en\/","name":"CHG Czernich Rechtsanw\u00e4lte \u2013 Wir bewegen Wirtschaft","description":"Wir sorgen f\u00fcr Klarheit, wenn es rechtlich kompliziert wird. In jeder Phase Ihrer Unternehmungen. Sie ergreifen die Chancen. Wir verwandeln Risiken in L\u00f6sungen.","publisher":{"@id":"https:\/\/www.chg.at\/en\/#organization"},"potentialAction":[{"@type":"SearchAction","target":{"@type":"EntryPoint","urlTemplate":"https:\/\/www.chg.at\/en\/?s={search_term_string}"},"query-input":"required name=search_term_string"}],"inLanguage":"en-US"},{"@type":"Organization","@id":"https:\/\/www.chg.at\/en\/#organization","name":"CHG Czernich Rechtsanw\u00e4lte","url":"https:\/\/www.chg.at\/en\/","sameAs":["https:\/\/www.linkedin.com\/company\/12773263\/admin\/dashboard\/"],"logo":{"@type":"ImageObject","inLanguage":"en-US","@id":"https:\/\/www.chg.at\/en\/#\/schema\/logo\/image\/","url":"https:\/\/www.chg.at\/wp-content\/uploads\/2016\/08\/CHG_logo_250_1.png","contentUrl":"https:\/\/www.chg.at\/wp-content\/uploads\/2016\/08\/CHG_logo_250_1.png","width":250,"height":33,"caption":"CHG Czernich Rechtsanw\u00e4lte"},"image":{"@id":"https:\/\/www.chg.at\/en\/#\/schema\/logo\/image\/"}},{"@type":"Person","@id":"https:\/\/www.chg.at\/en\/#\/schema\/person\/767a36d24c2ac329c1c5e1c10929e2b6","name":"Lorenz Held","sameAs":["https:\/\/www.chg.at"]}]}},"_links":{"self":[{"href":"https:\/\/www.chg.at\/en\/wp-json\/wp\/v2\/posts\/12470"}],"collection":[{"href":"https:\/\/www.chg.at\/en\/wp-json\/wp\/v2\/posts"}],"about":[{"href":"https:\/\/www.chg.at\/en\/wp-json\/wp\/v2\/types\/post"}],"author":[{"embeddable":true,"href":"https:\/\/www.chg.at\/en\/wp-json\/wp\/v2\/users\/10"}],"replies":[{"embeddable":true,"href":"https:\/\/www.chg.at\/en\/wp-json\/wp\/v2\/comments?post=12470"}],"version-history":[{"count":10,"href":"https:\/\/www.chg.at\/en\/wp-json\/wp\/v2\/posts\/12470\/revisions"}],"predecessor-version":[{"id":12559,"href":"https:\/\/www.chg.at\/en\/wp-json\/wp\/v2\/posts\/12470\/revisions\/12559"}],"wp:featuredmedia":[{"embeddable":true,"href":"https:\/\/www.chg.at\/en\/wp-json\/wp\/v2\/media\/12341"}],"wp:attachment":[{"href":"https:\/\/www.chg.at\/en\/wp-json\/wp\/v2\/media?parent=12470"}],"wp:term":[{"taxonomy":"category","embeddable":true,"href":"https:\/\/www.chg.at\/en\/wp-json\/wp\/v2\/categories?post=12470"},{"taxonomy":"post_tag","embeddable":true,"href":"https:\/\/www.chg.at\/en\/wp-json\/wp\/v2\/tags?post=12470"}],"curies":[{"name":"wp","href":"https:\/\/api.w.org\/{rel}","templated":true}]}}