{"id":14797,"date":"2020-07-08T16:47:50","date_gmt":"2020-07-08T14:47:50","guid":{"rendered":"https:\/\/www.chg.at\/?p=14797"},"modified":"2020-07-09T16:42:10","modified_gmt":"2020-07-09T14:42:10","slug":"leseempfehlung-chg-im-eco-nova-portraet","status":"publish","type":"post","link":"https:\/\/www.chg.at\/en\/leseempfehlung-chg-im-eco-nova-portraet\/","title":{"rendered":"Leseempfehlung: CHG im eco.nova Portr\u00e4t"},"content":{"rendered":"<style type=\"text\/css\"> \n#cmsmasters_row_69f4f72bd30458_07614949 .cmsmasters_row_outer_parent { \n\tpadding-top: 0px; \n} \n\n#cmsmasters_row_69f4f72bd30458_07614949 .cmsmasters_row_outer_parent { \n\tpadding-bottom: 50px; \n} \n\n \n#cmsmasters_row_69f4f72bd33ae4_62078876 .cmsmasters_row_outer_parent { \n\tpadding-top: 0px; \n} \n\n#cmsmasters_row_69f4f72bd33ae4_62078876 .cmsmasters_row_outer_parent { \n\tpadding-bottom: 50px; \n} \n\n\n#cmsmasters_button_69f4f72bd35596_53332567 { \n\ttext-align:center; \n} \n\n#cmsmasters_button_69f4f72bd35596_53332567 .cmsmasters_button:before { \n\tmargin-right:.5em; \n\tmargin-left:0; \n\tvertical-align:baseline; \n} \n\n#cmsmasters_button_69f4f72bd35596_53332567 .cmsmasters_button { \n\tfont-weight:normal; \n\tfont-style:normal; \n\tborder-style:solid; \n} \n#cmsmasters_button_69f4f72bd35596_53332567 .cmsmasters_button:hover { \n} \n<\/style><div id=\"cmsmasters_row_69f4f72bd30458_07614949\" class=\"cmsmasters_row cmsmasters_color_scheme_default cmsmasters_row_top_default cmsmasters_row_bot_default cmsmasters_row_boxed\">\n<div class=\"cmsmasters_row_outer_parent\">\n<div class=\"cmsmasters_row_outer\">\n<div class=\"cmsmasters_row_inner\">\n<div class=\"cmsmasters_row_margin\">\n<div class=\"cmsmasters_column one_first\">\n<div class=\"cmsmasters_text\">\n<h1><span style=\"color: #d43555;\"><strong>CHG Czernich Rechtsanw\u00e4lte in der eco.nova<br \/>\n<\/strong><\/span><\/h1>\n<p>In der aktuellsten Ausgabe des Wirtschaftsmagazins eco.nova wird CHG Czernich Rechtsanw\u00e4lte genauer beleuchtet. Eingegangen wird auf diverese Aspekte unserer Soziet\u00e4t, die es uns m\u00f6glich gemacht haben, bei unterschiedlichsten Kanzlei-Rankigs Topplazierungen zu erreichen, sowie unseren Umgang mit der Coronakrise und das unter anderem daraus entwickelte Projekt der digitalen Rechtsberatung &#8220;CHG-live&#8221;.<\/p>\n<\/div>\n<\/div>\n<\/div>\n<\/div>\n<\/div>\n<\/div>\n<\/div>\n<div id=\"cmsmasters_row_69f4f72bd33ae4_62078876\" class=\"cmsmasters_row cmsmasters_color_scheme_default cmsmasters_row_top_default cmsmasters_row_bot_default cmsmasters_row_boxed\">\n<div class=\"cmsmasters_row_outer_parent\">\n<div class=\"cmsmasters_row_outer\">\n<div class=\"cmsmasters_row_inner\">\n<div class=\"cmsmasters_row_margin\">\n<div class=\"cmsmasters_column one_first\">\n\n<div id=\"cmsmasters_button_69f4f72bd35596_53332567\" class=\"button_wrap\"><a href=\"https:\/\/www.chg.at\/wp-content\/uploads\/2020\/07\/Beitra-Eco-Nova.pdf\" class=\"ripple cmsmasters_button\" target=\"_blank\"><span>Zum Beitrag<\/span><\/a><\/div>\n<\/div>\n<\/div>\n<\/div>\n<\/div>\n<\/div>\n<\/div>\n\n","protected":false},"excerpt":{"rendered":"<p>In der aktuellen Ausgabe des Wirtschaftsmagazins eco.nova findet sich ein Portr\u00e4t unserer Kanzlei<\/p>\n","protected":false},"author":10,"featured_media":12444,"comment_status":"closed","ping_status":"open","sticky":false,"template":"","format":"image","meta":{"inline_featured_image":false},"categories":[8,9,60],"tags":[],"yoast_head":"<!-- This site is optimized with the Yoast SEO plugin v19.8 - https:\/\/yoast.com\/wordpress\/plugins\/seo\/ -->\n<title>CHG Czernich Rechtsanw\u00e4lte im Wirtschaftsmagazin eco.nova<\/title>\n<meta name=\"description\" content=\"In der aktuellen Ausgabe des Wirtschaftsmagazins eco.nova findet sich ein Portr\u00e4t von CHG Czernich Rechtsanw\u00e4lte.\" \/>\n<meta name=\"robots\" content=\"index, follow, max-snippet:-1, max-image-preview:large, max-video-preview:-1\" \/>\n<link rel=\"canonical\" href=\"https:\/\/www.chg.at\/en\/leseempfehlung-chg-im-eco-nova-portraet\/\" \/>\n<meta property=\"og:locale\" content=\"en_US\" \/>\n<meta property=\"og:type\" content=\"article\" \/>\n<meta property=\"og:title\" content=\"CHG\" \/>\n<meta property=\"og:description\" content=\"CHG\" \/>\n<meta property=\"og:url\" content=\"https:\/\/www.chg.at\/en\/leseempfehlung-chg-im-eco-nova-portraet\/\" \/>\n<meta property=\"og:site_name\" content=\"CHG Czernich Rechtsanw\u00e4lte \u2013 Wir bewegen Wirtschaft\" \/>\n<meta property=\"article:published_time\" content=\"2020-07-08T14:47:50+00:00\" \/>\n<meta property=\"article:modified_time\" content=\"2020-07-09T14:42:10+00:00\" \/>\n<meta property=\"og:image\" content=\"https:\/\/www.chg.at\/wp-content\/uploads\/2020\/05\/20200422_rechtsanw\u00e4lte_0001.jpg\" \/>\n\t<meta property=\"og:image:width\" content=\"1148\" \/>\n\t<meta property=\"og:image:height\" content=\"580\" \/>\n\t<meta property=\"og:image:type\" content=\"image\/jpeg\" \/>\n<meta name=\"author\" content=\"Lorenz Held\" \/>\n<meta name=\"twitter:card\" content=\"summary_large_image\" \/>\n<meta name=\"twitter:label1\" content=\"Written by\" \/>\n\t<meta name=\"twitter:data1\" content=\"Lorenz Held\" \/>\n\t<meta name=\"twitter:label2\" content=\"Est. reading time\" \/>\n\t<meta name=\"twitter:data2\" content=\"1 minute\" \/>\n<script type=\"application\/ld+json\" class=\"yoast-schema-graph\">{\"@context\":\"https:\/\/schema.org\",\"@graph\":[{\"@type\":\"Article\",\"@id\":\"https:\/\/www.chg.at\/en\/leseempfehlung-chg-im-eco-nova-portraet\/#article\",\"isPartOf\":{\"@id\":\"https:\/\/www.chg.at\/en\/leseempfehlung-chg-im-eco-nova-portraet\/\"},\"author\":{\"name\":\"Lorenz Held\",\"@id\":\"https:\/\/www.chg.at\/en\/#\/schema\/person\/767a36d24c2ac329c1c5e1c10929e2b6\"},\"headline\":\"Leseempfehlung: CHG im eco.nova Portr\u00e4t\",\"datePublished\":\"2020-07-08T14:47:50+00:00\",\"dateModified\":\"2020-07-09T14:42:10+00:00\",\"mainEntityOfPage\":{\"@id\":\"https:\/\/www.chg.at\/en\/leseempfehlung-chg-im-eco-nova-portraet\/\"},\"wordCount\":225,\"publisher\":{\"@id\":\"https:\/\/www.chg.at\/en\/#organization\"},\"articleSection\":[\"CHG News\",\"Kanzlei\",\"Medienberichterstattung\"],\"inLanguage\":\"en-US\"},{\"@type\":\"WebPage\",\"@id\":\"https:\/\/www.chg.at\/en\/leseempfehlung-chg-im-eco-nova-portraet\/\",\"url\":\"https:\/\/www.chg.at\/en\/leseempfehlung-chg-im-eco-nova-portraet\/\",\"name\":\"CHG Czernich Rechtsanw\u00e4lte im Wirtschaftsmagazin eco.nova\",\"isPartOf\":{\"@id\":\"https:\/\/www.chg.at\/en\/#website\"},\"datePublished\":\"2020-07-08T14:47:50+00:00\",\"dateModified\":\"2020-07-09T14:42:10+00:00\",\"description\":\"In der aktuellen Ausgabe des Wirtschaftsmagazins eco.nova findet sich ein Portr\u00e4t von CHG Czernich Rechtsanw\u00e4lte.\",\"breadcrumb\":{\"@id\":\"https:\/\/www.chg.at\/en\/leseempfehlung-chg-im-eco-nova-portraet\/#breadcrumb\"},\"inLanguage\":\"en-US\",\"potentialAction\":[{\"@type\":\"ReadAction\",\"target\":[\"https:\/\/www.chg.at\/en\/leseempfehlung-chg-im-eco-nova-portraet\/\"]}]},{\"@type\":\"BreadcrumbList\",\"@id\":\"https:\/\/www.chg.at\/en\/leseempfehlung-chg-im-eco-nova-portraet\/#breadcrumb\",\"itemListElement\":[{\"@type\":\"ListItem\",\"position\":1,\"name\":\"Startseite\",\"item\":\"https:\/\/www.chg.at\/en\/\"},{\"@type\":\"ListItem\",\"position\":2,\"name\":\"Leseempfehlung: CHG im eco.nova Portr\u00e4t\"}]},{\"@type\":\"WebSite\",\"@id\":\"https:\/\/www.chg.at\/en\/#website\",\"url\":\"https:\/\/www.chg.at\/en\/\",\"name\":\"CHG Czernich Rechtsanw\u00e4lte \u2013 Wir bewegen Wirtschaft\",\"description\":\"Wir sorgen f\u00fcr Klarheit, wenn es rechtlich kompliziert wird. In jeder Phase Ihrer Unternehmungen. Sie ergreifen die Chancen. Wir verwandeln Risiken in L\u00f6sungen.\",\"publisher\":{\"@id\":\"https:\/\/www.chg.at\/en\/#organization\"},\"potentialAction\":[{\"@type\":\"SearchAction\",\"target\":{\"@type\":\"EntryPoint\",\"urlTemplate\":\"https:\/\/www.chg.at\/en\/?s={search_term_string}\"},\"query-input\":\"required name=search_term_string\"}],\"inLanguage\":\"en-US\"},{\"@type\":\"Organization\",\"@id\":\"https:\/\/www.chg.at\/en\/#organization\",\"name\":\"CHG Czernich Rechtsanw\u00e4lte\",\"url\":\"https:\/\/www.chg.at\/en\/\",\"sameAs\":[\"https:\/\/www.linkedin.com\/company\/12773263\/admin\/dashboard\/\"],\"logo\":{\"@type\":\"ImageObject\",\"inLanguage\":\"en-US\",\"@id\":\"https:\/\/www.chg.at\/en\/#\/schema\/logo\/image\/\",\"url\":\"https:\/\/www.chg.at\/wp-content\/uploads\/2016\/08\/CHG_logo_250_1.png\",\"contentUrl\":\"https:\/\/www.chg.at\/wp-content\/uploads\/2016\/08\/CHG_logo_250_1.png\",\"width\":250,\"height\":33,\"caption\":\"CHG Czernich Rechtsanw\u00e4lte\"},\"image\":{\"@id\":\"https:\/\/www.chg.at\/en\/#\/schema\/logo\/image\/\"}},{\"@type\":\"Person\",\"@id\":\"https:\/\/www.chg.at\/en\/#\/schema\/person\/767a36d24c2ac329c1c5e1c10929e2b6\",\"name\":\"Lorenz Held\",\"sameAs\":[\"https:\/\/www.chg.at\"]}]}<\/script>\n<!-- \/ Yoast SEO plugin. -->","yoast_head_json":{"title":"CHG Czernich Rechtsanw\u00e4lte im Wirtschaftsmagazin eco.nova","description":"In der aktuellen Ausgabe des Wirtschaftsmagazins eco.nova findet sich ein Portr\u00e4t von CHG Czernich Rechtsanw\u00e4lte.","robots":{"index":"index","follow":"follow","max-snippet":"max-snippet:-1","max-image-preview":"max-image-preview:large","max-video-preview":"max-video-preview:-1"},"canonical":"https:\/\/www.chg.at\/en\/leseempfehlung-chg-im-eco-nova-portraet\/","og_locale":"en_US","og_type":"article","og_title":"CHG","og_description":"CHG","og_url":"https:\/\/www.chg.at\/en\/leseempfehlung-chg-im-eco-nova-portraet\/","og_site_name":"CHG Czernich Rechtsanw\u00e4lte \u2013 Wir bewegen Wirtschaft","article_published_time":"2020-07-08T14:47:50+00:00","article_modified_time":"2020-07-09T14:42:10+00:00","og_image":[{"width":1148,"height":580,"url":"https:\/\/www.chg.at\/wp-content\/uploads\/2020\/05\/20200422_rechtsanw\u00e4lte_0001.jpg","type":"image\/jpeg"}],"author":"Lorenz Held","twitter_card":"summary_large_image","twitter_misc":{"Written by":"Lorenz Held","Est. reading time":"1 minute"},"schema":{"@context":"https:\/\/schema.org","@graph":[{"@type":"Article","@id":"https:\/\/www.chg.at\/en\/leseempfehlung-chg-im-eco-nova-portraet\/#article","isPartOf":{"@id":"https:\/\/www.chg.at\/en\/leseempfehlung-chg-im-eco-nova-portraet\/"},"author":{"name":"Lorenz Held","@id":"https:\/\/www.chg.at\/en\/#\/schema\/person\/767a36d24c2ac329c1c5e1c10929e2b6"},"headline":"Leseempfehlung: CHG im eco.nova Portr\u00e4t","datePublished":"2020-07-08T14:47:50+00:00","dateModified":"2020-07-09T14:42:10+00:00","mainEntityOfPage":{"@id":"https:\/\/www.chg.at\/en\/leseempfehlung-chg-im-eco-nova-portraet\/"},"wordCount":225,"publisher":{"@id":"https:\/\/www.chg.at\/en\/#organization"},"articleSection":["CHG News","Kanzlei","Medienberichterstattung"],"inLanguage":"en-US"},{"@type":"WebPage","@id":"https:\/\/www.chg.at\/en\/leseempfehlung-chg-im-eco-nova-portraet\/","url":"https:\/\/www.chg.at\/en\/leseempfehlung-chg-im-eco-nova-portraet\/","name":"CHG Czernich Rechtsanw\u00e4lte im Wirtschaftsmagazin eco.nova","isPartOf":{"@id":"https:\/\/www.chg.at\/en\/#website"},"datePublished":"2020-07-08T14:47:50+00:00","dateModified":"2020-07-09T14:42:10+00:00","description":"In der aktuellen Ausgabe des Wirtschaftsmagazins eco.nova findet sich ein Portr\u00e4t von CHG Czernich Rechtsanw\u00e4lte.","breadcrumb":{"@id":"https:\/\/www.chg.at\/en\/leseempfehlung-chg-im-eco-nova-portraet\/#breadcrumb"},"inLanguage":"en-US","potentialAction":[{"@type":"ReadAction","target":["https:\/\/www.chg.at\/en\/leseempfehlung-chg-im-eco-nova-portraet\/"]}]},{"@type":"BreadcrumbList","@id":"https:\/\/www.chg.at\/en\/leseempfehlung-chg-im-eco-nova-portraet\/#breadcrumb","itemListElement":[{"@type":"ListItem","position":1,"name":"Startseite","item":"https:\/\/www.chg.at\/en\/"},{"@type":"ListItem","position":2,"name":"Leseempfehlung: CHG im eco.nova Portr\u00e4t"}]},{"@type":"WebSite","@id":"https:\/\/www.chg.at\/en\/#website","url":"https:\/\/www.chg.at\/en\/","name":"CHG Czernich Rechtsanw\u00e4lte \u2013 Wir bewegen Wirtschaft","description":"Wir sorgen f\u00fcr Klarheit, wenn es rechtlich kompliziert wird. In jeder Phase Ihrer Unternehmungen. Sie ergreifen die Chancen. Wir verwandeln Risiken in L\u00f6sungen.","publisher":{"@id":"https:\/\/www.chg.at\/en\/#organization"},"potentialAction":[{"@type":"SearchAction","target":{"@type":"EntryPoint","urlTemplate":"https:\/\/www.chg.at\/en\/?s={search_term_string}"},"query-input":"required name=search_term_string"}],"inLanguage":"en-US"},{"@type":"Organization","@id":"https:\/\/www.chg.at\/en\/#organization","name":"CHG Czernich Rechtsanw\u00e4lte","url":"https:\/\/www.chg.at\/en\/","sameAs":["https:\/\/www.linkedin.com\/company\/12773263\/admin\/dashboard\/"],"logo":{"@type":"ImageObject","inLanguage":"en-US","@id":"https:\/\/www.chg.at\/en\/#\/schema\/logo\/image\/","url":"https:\/\/www.chg.at\/wp-content\/uploads\/2016\/08\/CHG_logo_250_1.png","contentUrl":"https:\/\/www.chg.at\/wp-content\/uploads\/2016\/08\/CHG_logo_250_1.png","width":250,"height":33,"caption":"CHG Czernich Rechtsanw\u00e4lte"},"image":{"@id":"https:\/\/www.chg.at\/en\/#\/schema\/logo\/image\/"}},{"@type":"Person","@id":"https:\/\/www.chg.at\/en\/#\/schema\/person\/767a36d24c2ac329c1c5e1c10929e2b6","name":"Lorenz Held","sameAs":["https:\/\/www.chg.at"]}]}},"_links":{"self":[{"href":"https:\/\/www.chg.at\/en\/wp-json\/wp\/v2\/posts\/14797"}],"collection":[{"href":"https:\/\/www.chg.at\/en\/wp-json\/wp\/v2\/posts"}],"about":[{"href":"https:\/\/www.chg.at\/en\/wp-json\/wp\/v2\/types\/post"}],"author":[{"embeddable":true,"href":"https:\/\/www.chg.at\/en\/wp-json\/wp\/v2\/users\/10"}],"replies":[{"embeddable":true,"href":"https:\/\/www.chg.at\/en\/wp-json\/wp\/v2\/comments?post=14797"}],"version-history":[{"count":4,"href":"https:\/\/www.chg.at\/en\/wp-json\/wp\/v2\/posts\/14797\/revisions"}],"predecessor-version":[{"id":14804,"href":"https:\/\/www.chg.at\/en\/wp-json\/wp\/v2\/posts\/14797\/revisions\/14804"}],"wp:featuredmedia":[{"embeddable":true,"href":"https:\/\/www.chg.at\/en\/wp-json\/wp\/v2\/media\/12444"}],"wp:attachment":[{"href":"https:\/\/www.chg.at\/en\/wp-json\/wp\/v2\/media?parent=14797"}],"wp:term":[{"taxonomy":"category","embeddable":true,"href":"https:\/\/www.chg.at\/en\/wp-json\/wp\/v2\/categories?post=14797"},{"taxonomy":"post_tag","embeddable":true,"href":"https:\/\/www.chg.at\/en\/wp-json\/wp\/v2\/tags?post=14797"}],"curies":[{"name":"wp","href":"https:\/\/api.w.org\/{rel}","templated":true}]}}