{"id":15716,"date":"2020-10-15T09:21:15","date_gmt":"2020-10-15T07:21:15","guid":{"rendered":"https:\/\/www.chg.at\/?p=15716"},"modified":"2020-10-22T08:27:13","modified_gmt":"2020-10-22T06:27:13","slug":"leseempfehlung-die-digitalisierte-kanzlei","status":"publish","type":"post","link":"https:\/\/www.chg.at\/en\/leseempfehlung-die-digitalisierte-kanzlei\/","title":{"rendered":"Leseempfehlung: Die digitalisierte Kanzlei"},"content":{"rendered":"<style type=\"text\/css\"> \n#cmsmasters_row_69f2c0f2950532_29219800 .cmsmasters_row_outer_parent { \n\tpadding-top: 0px; \n} \n\n#cmsmasters_row_69f2c0f2950532_29219800 .cmsmasters_row_outer_parent { \n\tpadding-bottom: 0px; \n} \n\n \n#cmsmasters_row_69f2c0f29544f5_27599991 .cmsmasters_row_outer_parent { \n\tpadding-top: 0px; \n} \n\n#cmsmasters_row_69f2c0f29544f5_27599991 .cmsmasters_row_outer_parent { \n\tpadding-bottom: 40px; \n} \n\n \n#cmsmasters_divider_69f2c0f29569a4_04490191 { \n\tborder-bottom-width:1px; \n\tborder-bottom-style:dotted; \n\tpadding-top:10px; \n\tmargin-bottom:20px; \n\tborder-bottom-color:#aaaaaa;\n} \n \n#cmsmasters_divider_69f2c0f29630b1_75254231 { \n\tborder-bottom-width:1px; \n\tborder-bottom-style:dotted; \n\tpadding-top:10px; \n\tmargin-bottom:20px; \n\tborder-bottom-color:#aaaaaa;\n} \n\n#cmsmasters_button_69f2c0f29646c7_44124644 { \n\ttext-align:center; \n} \n\n#cmsmasters_button_69f2c0f29646c7_44124644 .cmsmasters_button:before { \n\tmargin-right:.5em; \n\tmargin-left:0; \n\tvertical-align:baseline; \n} \n\n#cmsmasters_button_69f2c0f29646c7_44124644 .cmsmasters_button { \n\tfont-weight:normal; \n\tfont-style:normal; \n\tborder-style:solid; \n} \n#cmsmasters_button_69f2c0f29646c7_44124644 .cmsmasters_button:hover { \n} \n \n#cmsmasters_divider_69f2c0f2965540_75428064 { \n\tborder-bottom-width:1px; \n\tborder-bottom-style:dotted; \n\tpadding-top:10px; \n\tmargin-bottom:20px; \n\tborder-bottom-color:#aaaaaa;\n} \n\n#cmsmasters_button_69f2c0f29667f5_23232329 { \n\ttext-align:center; \n} \n\n#cmsmasters_button_69f2c0f29667f5_23232329 .cmsmasters_button:before { \n\tmargin-right:.5em; \n\tmargin-left:0; \n\tvertical-align:baseline; \n} \n\n#cmsmasters_button_69f2c0f29667f5_23232329 .cmsmasters_button { \n\tfont-weight:normal; \n\tfont-style:normal; \n\tborder-style:solid; \n} \n#cmsmasters_button_69f2c0f29667f5_23232329 .cmsmasters_button:hover { \n} \n \n#cmsmasters_divider_69f2c0f2968558_59739055 { \n\tborder-bottom-width:1px; \n\tborder-bottom-style:dotted; \n\tpadding-top:10px; \n\tmargin-bottom:20px; \n\tborder-bottom-color:#aaaaaa;\n} \n \n#cmsmasters_divider_69f2c0f296e8f7_92347114 { \n\tborder-bottom-width:1px; \n\tborder-bottom-style:dotted; \n\tpadding-top:10px; \n\tmargin-bottom:20px; \n\tborder-bottom-color:#aaaaaa;\n} \n\n#cmsmasters_button_69f2c0f296f272_06678746 { \n\ttext-align:center; \n} \n\n#cmsmasters_button_69f2c0f296f272_06678746 .cmsmasters_button:before { \n\tmargin-right:.5em; \n\tmargin-left:0; \n\tvertical-align:baseline; \n} \n\n#cmsmasters_button_69f2c0f296f272_06678746 .cmsmasters_button { \n\tfont-weight:normal; \n\tfont-style:normal; \n\tborder-style:solid; \n} \n#cmsmasters_button_69f2c0f296f272_06678746 .cmsmasters_button:hover { \n} \n \n#cmsmasters_divider_69f2c0f296f956_00123205 { \n\tborder-bottom-width:1px; \n\tborder-bottom-style:dotted; \n\tpadding-top:10px; \n\tmargin-bottom:20px; \n\tborder-bottom-color:#aaaaaa;\n} \n<\/style><div id=\"cmsmasters_row_69f2c0f2950532_29219800\" class=\"cmsmasters_row cmsmasters_color_scheme_default cmsmasters_row_top_default cmsmasters_row_bot_default cmsmasters_row_boxed\">\n<div class=\"cmsmasters_row_outer_parent\">\n<div class=\"cmsmasters_row_outer\">\n<div class=\"cmsmasters_row_inner\">\n<div class=\"cmsmasters_row_margin\">\n<div class=\"cmsmasters_column one_first\">\n<div class=\"cmsmasters_text\">\n<div class=\"innerContent\">\n<h1><span style=\"color: #d43555;\"><strong><span lang=\"DE\">Die digitalisierte Kanzlei<\/span><\/strong><\/span><\/h1>\n<p>CHG-Juristen Michael Huetz und Florian M\u00fcller erkl\u00e4ren im Interview mit dem Magazin &#8220;netzwerk tirol&#8221;,\u00a0 welche digitalen Angebote die Kanzlei in der letzten Zeit &#8211; beschleunigt durch die &#8220;Corona-Phase&#8221; &#8211; entwickelt hat.\u00a0 Die Neuentwicklungen umfassen die <a href=\"https:\/\/www.chg.at\/chg-live\/\">digitale Rechtsberatung &#8220;CHG-live&#8221;<\/a> inklusive der Webinar-Reihe &#8220;Recht und Corona&#8221; und einen bereits bew\u00e4hrten <a href=\"https:\/\/360.lexisnexis.at\/d\/arbeitshilfen_rechner\/prufschema_assistent_mietrechtsgetz\/h_80003_2122392930486355783_3607515934?origin=rl\">Pr\u00fcfschema-Assistenten zum Mietrechtsgesetz<\/a>,\u00a0 den CHG-Anwalt <a href=\"https:\/\/www.chg.at\/profile\/daniel-tamerl\/\">Dr. Daniel Tamerl<\/a> in Kooperation mit LexisNexis erstellt hat. Au\u00dferdem arbeiten wir an einer CHG-App und an einem Tool zur automatisierten Pr\u00fcfung von Auftragsdatenvereinbarungen.<\/p>\n<p><a href=\"https:\/\/www.chg.at\/wp-content\/uploads\/2020\/10\/Interview-netzwerk-Tirol.pdf\">Hier gehts zum Artikel.<\/a><\/p>\n<p><em>Hinweis: Auf dem Foto im Artikel handelt es sich nicht um WK-Pr\u00e4sident Christoph Walser, sondern um unseren Kollegen Michael Huetz \ud83d\ude42 Ein Foto von Herrn Walser ist auf der n\u00e4chsten Seite der Zeitschrift abgebildet.<\/em><\/p>\n<div>\n<p class=\"cmsmasters_profile_title entry-title\"><a href=\"https:\/\/www.chg.at\/profile\/florian-mueller\/\">Mag. Florian M\u00fcller, LL.M<\/a>. und <a href=\"https:\/\/www.chg.at\/profile\/michael-huetz\/\">Mag. (FH) Mag. Michael Huetz<\/a> sind Partner bei CHG Czernich Rechtsanw\u00e4lte.<\/p>\n<\/div>\n<\/div>\n<\/div>\n<\/div>\n<\/div>\n<\/div>\n<\/div>\n<\/div>\n<\/div>\n<div id=\"cmsmasters_row_69f2c0f29544f5_27599991\" class=\"cmsmasters_row cmsmasters_color_scheme_default cmsmasters_row_top_default cmsmasters_row_bot_default cmsmasters_row_boxed\">\n<div class=\"cmsmasters_row_outer_parent\">\n<div class=\"cmsmasters_row_outer\">\n<div class=\"cmsmasters_row_inner\">\n<div class=\"cmsmasters_row_margin\">\n<div class=\"cmsmasters_column one_half\">\n\n<div id=\"cmsmasters_divider_69f2c0f29569a4_04490191\" class=\"cmsmasters_divider cmsmasters_divider_width_long cmsmasters_divider_pos_left\"><\/div>\n<div class=\"aligncenter\">\n<div class=\"cmsmasters_img  cmsmasters_image_c with_caption\">\n<img src=\"https:\/\/www.chg.at\/wp-content\/uploads\/2016\/01\/CHG-Rechtsanwaelte-Michael-Huetz-thumbnail-300x300.jpg\" \/>\n<p class=\"cmsmasters_img_caption\">Mag. (FH) Mag. Michael Huetz<\/p><\/div>\n<\/div>\n\n\n<div id=\"cmsmasters_divider_69f2c0f29630b1_75254231\" class=\"cmsmasters_divider cmsmasters_divider_width_long cmsmasters_divider_pos_left\"><\/div>\n\n<div id=\"cmsmasters_button_69f2c0f29646c7_44124644\" class=\"button_wrap\"><a href=\"https:\/\/www.chg.at\/profile\/michael-huetz\/\" class=\"ripple cmsmasters_button\" data-animation=\"fadeInUp\" data-delay=\"0\"><span>Zum Profil<\/span><\/a><\/div>\n\n\n<div id=\"cmsmasters_divider_69f2c0f2965540_75428064\" class=\"cmsmasters_divider cmsmasters_divider_width_long cmsmasters_divider_pos_left\"><\/div>\n\n<div id=\"cmsmasters_button_69f2c0f29667f5_23232329\" class=\"button_wrap\"><a href=\"https:\/\/www.chg.at\/wp-content\/uploads\/2020\/10\/Interview-netzwerk-Tirol.pdf\" class=\"ripple cmsmasters_button\"><span>Zum Text<\/span><\/a><\/div>\n<\/div>\n<div class=\"cmsmasters_column one_half\">\n\n<div id=\"cmsmasters_divider_69f2c0f2968558_59739055\" class=\"cmsmasters_divider cmsmasters_divider_width_long cmsmasters_divider_pos_left\"><\/div>\n<div class=\"aligncenter\">\n<div class=\"cmsmasters_img  cmsmasters_image_c with_caption\">\n<img src=\"https:\/\/www.chg.at\/wp-content\/uploads\/2016\/01\/CHG-Rechtsanwaelte-Florian-Mueller-thumbnail-300x300.jpg\" \/>\n<p class=\"cmsmasters_img_caption\">Mag. Florian M\u00fcller, LL.M.<\/p><\/div>\n<\/div>\n\n\n<div id=\"cmsmasters_divider_69f2c0f296e8f7_92347114\" class=\"cmsmasters_divider cmsmasters_divider_width_long cmsmasters_divider_pos_left\"><\/div>\n\n<div id=\"cmsmasters_button_69f2c0f296f272_06678746\" class=\"button_wrap\"><a href=\"https:\/\/www.chg.at\/profile\/florian-mueller\/\" class=\"ripple cmsmasters_button\" data-animation=\"fadeInUp\" data-delay=\"0\"><span>Zum Profil<\/span><\/a><\/div>\n\n\n<div id=\"cmsmasters_divider_69f2c0f296f956_00123205\" class=\"cmsmasters_divider cmsmasters_divider_width_long cmsmasters_divider_pos_left\"><\/div>\n<\/div>\n<\/div>\n<\/div>\n<\/div>\n<\/div>\n<\/div>\n\n","protected":false},"excerpt":{"rendered":"<p>CHG-Juristen Florian M\u00fcller und Michael Huetz im Gespr\u00e4ch mit Netzwerk Tirol<\/p>\n","protected":false},"author":10,"featured_media":15722,"comment_status":"closed","ping_status":"open","sticky":false,"template":"","format":"image","meta":{"inline_featured_image":false},"categories":[6,8,60,68],"tags":[],"yoast_head":"<!-- This site is optimized with the Yoast SEO plugin v19.8 - https:\/\/yoast.com\/wordpress\/plugins\/seo\/ -->\n<title>Leseempfehlung: CHG - Die digitalisierte Kanzlei aus Innsbruck<\/title>\n<meta name=\"description\" content=\"CHG-Anw\u00e4lte Florian M\u00fcller und Michael Huetz im Gespr\u00e4ch mit dem Wirtschaftsmagzin netzwerk.tirol zum Thema &quot;Digitale Rechtsberatung&quot;\" \/>\n<meta name=\"robots\" content=\"index, follow, max-snippet:-1, max-image-preview:large, max-video-preview:-1\" \/>\n<link rel=\"canonical\" href=\"https:\/\/www.chg.at\/en\/leseempfehlung-die-digitalisierte-kanzlei\/\" \/>\n<meta property=\"og:locale\" content=\"en_US\" \/>\n<meta property=\"og:type\" content=\"article\" \/>\n<meta property=\"og:title\" content=\"CHG\" \/>\n<meta property=\"og:description\" content=\"CHG\" \/>\n<meta property=\"og:url\" content=\"https:\/\/www.chg.at\/en\/leseempfehlung-die-digitalisierte-kanzlei\/\" \/>\n<meta property=\"og:site_name\" content=\"CHG Czernich Rechtsanw\u00e4lte \u2013 Wir bewegen Wirtschaft\" \/>\n<meta property=\"article:published_time\" content=\"2020-10-15T07:21:15+00:00\" \/>\n<meta property=\"article:modified_time\" content=\"2020-10-22T06:27:13+00:00\" \/>\n<meta property=\"og:image\" content=\"https:\/\/www.chg.at\/wp-content\/uploads\/2020\/10\/marvin-meyer-SYTO3xs06fU-unsplash1.jpg\" \/>\n\t<meta property=\"og:image:width\" content=\"1160\" \/>\n\t<meta property=\"og:image:height\" content=\"580\" \/>\n\t<meta property=\"og:image:type\" content=\"image\/jpeg\" \/>\n<meta name=\"author\" content=\"Lorenz Held\" \/>\n<meta name=\"twitter:card\" content=\"summary_large_image\" \/>\n<meta name=\"twitter:label1\" content=\"Written by\" \/>\n\t<meta name=\"twitter:data1\" content=\"Lorenz Held\" \/>\n\t<meta name=\"twitter:label2\" content=\"Est. reading time\" \/>\n\t<meta name=\"twitter:data2\" content=\"2 minutes\" \/>\n<script type=\"application\/ld+json\" class=\"yoast-schema-graph\">{\"@context\":\"https:\/\/schema.org\",\"@graph\":[{\"@type\":\"Article\",\"@id\":\"https:\/\/www.chg.at\/en\/leseempfehlung-die-digitalisierte-kanzlei\/#article\",\"isPartOf\":{\"@id\":\"https:\/\/www.chg.at\/en\/leseempfehlung-die-digitalisierte-kanzlei\/\"},\"author\":{\"name\":\"Lorenz Held\",\"@id\":\"https:\/\/www.chg.at\/en\/#\/schema\/person\/767a36d24c2ac329c1c5e1c10929e2b6\"},\"headline\":\"Leseempfehlung: Die digitalisierte Kanzlei\",\"datePublished\":\"2020-10-15T07:21:15+00:00\",\"dateModified\":\"2020-10-22T06:27:13+00:00\",\"mainEntityOfPage\":{\"@id\":\"https:\/\/www.chg.at\/en\/leseempfehlung-die-digitalisierte-kanzlei\/\"},\"wordCount\":483,\"publisher\":{\"@id\":\"https:\/\/www.chg.at\/en\/#organization\"},\"articleSection\":[\"Business Tipps\",\"CHG News\",\"Medienberichterstattung\",\"Recht und Corona\"],\"inLanguage\":\"en-US\"},{\"@type\":\"WebPage\",\"@id\":\"https:\/\/www.chg.at\/en\/leseempfehlung-die-digitalisierte-kanzlei\/\",\"url\":\"https:\/\/www.chg.at\/en\/leseempfehlung-die-digitalisierte-kanzlei\/\",\"name\":\"Leseempfehlung: CHG - Die digitalisierte Kanzlei aus Innsbruck\",\"isPartOf\":{\"@id\":\"https:\/\/www.chg.at\/en\/#website\"},\"datePublished\":\"2020-10-15T07:21:15+00:00\",\"dateModified\":\"2020-10-22T06:27:13+00:00\",\"description\":\"CHG-Anw\u00e4lte Florian M\u00fcller und Michael Huetz im Gespr\u00e4ch mit dem Wirtschaftsmagzin netzwerk.tirol zum Thema \\\"Digitale Rechtsberatung\\\"\",\"breadcrumb\":{\"@id\":\"https:\/\/www.chg.at\/en\/leseempfehlung-die-digitalisierte-kanzlei\/#breadcrumb\"},\"inLanguage\":\"en-US\",\"potentialAction\":[{\"@type\":\"ReadAction\",\"target\":[\"https:\/\/www.chg.at\/en\/leseempfehlung-die-digitalisierte-kanzlei\/\"]}]},{\"@type\":\"BreadcrumbList\",\"@id\":\"https:\/\/www.chg.at\/en\/leseempfehlung-die-digitalisierte-kanzlei\/#breadcrumb\",\"itemListElement\":[{\"@type\":\"ListItem\",\"position\":1,\"name\":\"Startseite\",\"item\":\"https:\/\/www.chg.at\/en\/\"},{\"@type\":\"ListItem\",\"position\":2,\"name\":\"Leseempfehlung: Die digitalisierte Kanzlei\"}]},{\"@type\":\"WebSite\",\"@id\":\"https:\/\/www.chg.at\/en\/#website\",\"url\":\"https:\/\/www.chg.at\/en\/\",\"name\":\"CHG Czernich Rechtsanw\u00e4lte \u2013 Wir bewegen Wirtschaft\",\"description\":\"Wir sorgen f\u00fcr Klarheit, wenn es rechtlich kompliziert wird. In jeder Phase Ihrer Unternehmungen. Sie ergreifen die Chancen. Wir verwandeln Risiken in L\u00f6sungen.\",\"publisher\":{\"@id\":\"https:\/\/www.chg.at\/en\/#organization\"},\"potentialAction\":[{\"@type\":\"SearchAction\",\"target\":{\"@type\":\"EntryPoint\",\"urlTemplate\":\"https:\/\/www.chg.at\/en\/?s={search_term_string}\"},\"query-input\":\"required name=search_term_string\"}],\"inLanguage\":\"en-US\"},{\"@type\":\"Organization\",\"@id\":\"https:\/\/www.chg.at\/en\/#organization\",\"name\":\"CHG Czernich Rechtsanw\u00e4lte\",\"url\":\"https:\/\/www.chg.at\/en\/\",\"sameAs\":[\"https:\/\/www.linkedin.com\/company\/12773263\/admin\/dashboard\/\"],\"logo\":{\"@type\":\"ImageObject\",\"inLanguage\":\"en-US\",\"@id\":\"https:\/\/www.chg.at\/en\/#\/schema\/logo\/image\/\",\"url\":\"https:\/\/www.chg.at\/wp-content\/uploads\/2016\/08\/CHG_logo_250_1.png\",\"contentUrl\":\"https:\/\/www.chg.at\/wp-content\/uploads\/2016\/08\/CHG_logo_250_1.png\",\"width\":250,\"height\":33,\"caption\":\"CHG Czernich Rechtsanw\u00e4lte\"},\"image\":{\"@id\":\"https:\/\/www.chg.at\/en\/#\/schema\/logo\/image\/\"}},{\"@type\":\"Person\",\"@id\":\"https:\/\/www.chg.at\/en\/#\/schema\/person\/767a36d24c2ac329c1c5e1c10929e2b6\",\"name\":\"Lorenz Held\",\"sameAs\":[\"https:\/\/www.chg.at\"]}]}<\/script>\n<!-- \/ Yoast SEO plugin. -->","yoast_head_json":{"title":"Leseempfehlung: CHG - Die digitalisierte Kanzlei aus Innsbruck","description":"CHG-Anw\u00e4lte Florian M\u00fcller und Michael Huetz im Gespr\u00e4ch mit dem Wirtschaftsmagzin netzwerk.tirol zum Thema \"Digitale Rechtsberatung\"","robots":{"index":"index","follow":"follow","max-snippet":"max-snippet:-1","max-image-preview":"max-image-preview:large","max-video-preview":"max-video-preview:-1"},"canonical":"https:\/\/www.chg.at\/en\/leseempfehlung-die-digitalisierte-kanzlei\/","og_locale":"en_US","og_type":"article","og_title":"CHG","og_description":"CHG","og_url":"https:\/\/www.chg.at\/en\/leseempfehlung-die-digitalisierte-kanzlei\/","og_site_name":"CHG Czernich Rechtsanw\u00e4lte \u2013 Wir bewegen Wirtschaft","article_published_time":"2020-10-15T07:21:15+00:00","article_modified_time":"2020-10-22T06:27:13+00:00","og_image":[{"width":1160,"height":580,"url":"https:\/\/www.chg.at\/wp-content\/uploads\/2020\/10\/marvin-meyer-SYTO3xs06fU-unsplash1.jpg","type":"image\/jpeg"}],"author":"Lorenz Held","twitter_card":"summary_large_image","twitter_misc":{"Written by":"Lorenz Held","Est. reading time":"2 minutes"},"schema":{"@context":"https:\/\/schema.org","@graph":[{"@type":"Article","@id":"https:\/\/www.chg.at\/en\/leseempfehlung-die-digitalisierte-kanzlei\/#article","isPartOf":{"@id":"https:\/\/www.chg.at\/en\/leseempfehlung-die-digitalisierte-kanzlei\/"},"author":{"name":"Lorenz Held","@id":"https:\/\/www.chg.at\/en\/#\/schema\/person\/767a36d24c2ac329c1c5e1c10929e2b6"},"headline":"Leseempfehlung: Die digitalisierte Kanzlei","datePublished":"2020-10-15T07:21:15+00:00","dateModified":"2020-10-22T06:27:13+00:00","mainEntityOfPage":{"@id":"https:\/\/www.chg.at\/en\/leseempfehlung-die-digitalisierte-kanzlei\/"},"wordCount":483,"publisher":{"@id":"https:\/\/www.chg.at\/en\/#organization"},"articleSection":["Business Tipps","CHG News","Medienberichterstattung","Recht und Corona"],"inLanguage":"en-US"},{"@type":"WebPage","@id":"https:\/\/www.chg.at\/en\/leseempfehlung-die-digitalisierte-kanzlei\/","url":"https:\/\/www.chg.at\/en\/leseempfehlung-die-digitalisierte-kanzlei\/","name":"Leseempfehlung: CHG - Die digitalisierte Kanzlei aus Innsbruck","isPartOf":{"@id":"https:\/\/www.chg.at\/en\/#website"},"datePublished":"2020-10-15T07:21:15+00:00","dateModified":"2020-10-22T06:27:13+00:00","description":"CHG-Anw\u00e4lte Florian M\u00fcller und Michael Huetz im Gespr\u00e4ch mit dem Wirtschaftsmagzin netzwerk.tirol zum Thema \"Digitale Rechtsberatung\"","breadcrumb":{"@id":"https:\/\/www.chg.at\/en\/leseempfehlung-die-digitalisierte-kanzlei\/#breadcrumb"},"inLanguage":"en-US","potentialAction":[{"@type":"ReadAction","target":["https:\/\/www.chg.at\/en\/leseempfehlung-die-digitalisierte-kanzlei\/"]}]},{"@type":"BreadcrumbList","@id":"https:\/\/www.chg.at\/en\/leseempfehlung-die-digitalisierte-kanzlei\/#breadcrumb","itemListElement":[{"@type":"ListItem","position":1,"name":"Startseite","item":"https:\/\/www.chg.at\/en\/"},{"@type":"ListItem","position":2,"name":"Leseempfehlung: Die digitalisierte Kanzlei"}]},{"@type":"WebSite","@id":"https:\/\/www.chg.at\/en\/#website","url":"https:\/\/www.chg.at\/en\/","name":"CHG Czernich Rechtsanw\u00e4lte \u2013 Wir bewegen Wirtschaft","description":"Wir sorgen f\u00fcr Klarheit, wenn es rechtlich kompliziert wird. In jeder Phase Ihrer Unternehmungen. Sie ergreifen die Chancen. Wir verwandeln Risiken in L\u00f6sungen.","publisher":{"@id":"https:\/\/www.chg.at\/en\/#organization"},"potentialAction":[{"@type":"SearchAction","target":{"@type":"EntryPoint","urlTemplate":"https:\/\/www.chg.at\/en\/?s={search_term_string}"},"query-input":"required name=search_term_string"}],"inLanguage":"en-US"},{"@type":"Organization","@id":"https:\/\/www.chg.at\/en\/#organization","name":"CHG Czernich Rechtsanw\u00e4lte","url":"https:\/\/www.chg.at\/en\/","sameAs":["https:\/\/www.linkedin.com\/company\/12773263\/admin\/dashboard\/"],"logo":{"@type":"ImageObject","inLanguage":"en-US","@id":"https:\/\/www.chg.at\/en\/#\/schema\/logo\/image\/","url":"https:\/\/www.chg.at\/wp-content\/uploads\/2016\/08\/CHG_logo_250_1.png","contentUrl":"https:\/\/www.chg.at\/wp-content\/uploads\/2016\/08\/CHG_logo_250_1.png","width":250,"height":33,"caption":"CHG Czernich Rechtsanw\u00e4lte"},"image":{"@id":"https:\/\/www.chg.at\/en\/#\/schema\/logo\/image\/"}},{"@type":"Person","@id":"https:\/\/www.chg.at\/en\/#\/schema\/person\/767a36d24c2ac329c1c5e1c10929e2b6","name":"Lorenz Held","sameAs":["https:\/\/www.chg.at"]}]}},"_links":{"self":[{"href":"https:\/\/www.chg.at\/en\/wp-json\/wp\/v2\/posts\/15716"}],"collection":[{"href":"https:\/\/www.chg.at\/en\/wp-json\/wp\/v2\/posts"}],"about":[{"href":"https:\/\/www.chg.at\/en\/wp-json\/wp\/v2\/types\/post"}],"author":[{"embeddable":true,"href":"https:\/\/www.chg.at\/en\/wp-json\/wp\/v2\/users\/10"}],"replies":[{"embeddable":true,"href":"https:\/\/www.chg.at\/en\/wp-json\/wp\/v2\/comments?post=15716"}],"version-history":[{"count":10,"href":"https:\/\/www.chg.at\/en\/wp-json\/wp\/v2\/posts\/15716\/revisions"}],"predecessor-version":[{"id":15740,"href":"https:\/\/www.chg.at\/en\/wp-json\/wp\/v2\/posts\/15716\/revisions\/15740"}],"wp:featuredmedia":[{"embeddable":true,"href":"https:\/\/www.chg.at\/en\/wp-json\/wp\/v2\/media\/15722"}],"wp:attachment":[{"href":"https:\/\/www.chg.at\/en\/wp-json\/wp\/v2\/media?parent=15716"}],"wp:term":[{"taxonomy":"category","embeddable":true,"href":"https:\/\/www.chg.at\/en\/wp-json\/wp\/v2\/categories?post=15716"},{"taxonomy":"post_tag","embeddable":true,"href":"https:\/\/www.chg.at\/en\/wp-json\/wp\/v2\/tags?post=15716"}],"curies":[{"name":"wp","href":"https:\/\/api.w.org\/{rel}","templated":true}]}}