{"id":16326,"date":"2021-03-22T13:37:12","date_gmt":"2021-03-22T12:37:12","guid":{"rendered":"https:\/\/www.chg.at\/?p=16326"},"modified":"2021-03-22T22:14:13","modified_gmt":"2021-03-22T21:14:13","slug":"covid-19-verlustersatz","status":"publish","type":"post","link":"https:\/\/www.chg.at\/en\/covid-19-verlustersatz\/","title":{"rendered":"Covid-19 &#8211; Verlustersatz"},"content":{"rendered":"<style type=\"text\/css\"> \n#cmsmasters_row_69f2b2e323f994_18662371 .cmsmasters_row_outer_parent { \n\tpadding-top: 0px; \n} \n\n#cmsmasters_row_69f2b2e323f994_18662371 .cmsmasters_row_outer_parent { \n\tpadding-bottom: 0px; \n} \n\n \n#cmsmasters_row_69f2b2e3244f86_81185010 .cmsmasters_row_outer_parent { \n\tpadding-top: 0px; \n} \n\n#cmsmasters_row_69f2b2e3244f86_81185010 .cmsmasters_row_outer_parent { \n\tpadding-bottom: 40px; \n} \n\n \n#cmsmasters_divider_69f2b2e3246106_99488261 { \n\tborder-bottom-width:1px; \n\tborder-bottom-style:dotted; \n\tpadding-top:10px; \n\tmargin-bottom:20px; \n\tborder-bottom-color:#aaaaaa;\n} \n\n#cmsmasters_button_69f2b2e3247145_48899757 { \n\ttext-align:center; \n} \n\n#cmsmasters_button_69f2b2e3247145_48899757 .cmsmasters_button:before { \n\tmargin-right:.5em; \n\tmargin-left:0; \n\tvertical-align:baseline; \n} \n\n#cmsmasters_button_69f2b2e3247145_48899757 .cmsmasters_button { \n\tfont-weight:normal; \n\tfont-style:normal; \n\tborder-style:solid; \n} \n#cmsmasters_button_69f2b2e3247145_48899757 .cmsmasters_button:hover { \n} \n \n#cmsmasters_divider_69f2b2e3247ff2_97869608 { \n\tborder-bottom-width:1px; \n\tborder-bottom-style:dotted; \n\tpadding-top:10px; \n\tmargin-bottom:20px; \n\tborder-bottom-color:#aaaaaa;\n} \n\n#cmsmasters_button_69f2b2e324c990_27877941 { \n\ttext-align:center; \n} \n\n#cmsmasters_button_69f2b2e324c990_27877941 .cmsmasters_button:before { \n\tmargin-right:.5em; \n\tmargin-left:0; \n\tvertical-align:baseline; \n} \n\n#cmsmasters_button_69f2b2e324c990_27877941 .cmsmasters_button { \n\tfont-weight:normal; \n\tfont-style:normal; \n\tborder-style:solid; \n} \n#cmsmasters_button_69f2b2e324c990_27877941 .cmsmasters_button:hover { \n} \n \n#cmsmasters_row_69f2b2e324cf23_23357541 .cmsmasters_row_outer_parent { \n\tpadding-top: 0px; \n} \n\n#cmsmasters_row_69f2b2e324cf23_23357541 .cmsmasters_row_outer_parent { \n\tpadding-bottom: 40px; \n} \n\n \n#cmsmasters_divider_69f2b2e324e140_74195406 { \n\tborder-bottom-width:1px; \n\tborder-bottom-style:dotted; \n\tpadding-top:10px; \n\tmargin-bottom:20px; \n\tborder-bottom-color:#aaaaaa;\n} \n\n#cmsmasters_button_69f2b2e32512c8_90129836 { \n\ttext-align:center; \n} \n\n#cmsmasters_button_69f2b2e32512c8_90129836 .cmsmasters_button:before { \n\tmargin-right:.5em; \n\tmargin-left:0; \n\tvertical-align:baseline; \n} \n\n#cmsmasters_button_69f2b2e32512c8_90129836 .cmsmasters_button { \n\tfont-weight:normal; \n\tfont-style:normal; \n\tborder-style:solid; \n} \n#cmsmasters_button_69f2b2e32512c8_90129836 .cmsmasters_button:hover { \n} \n<\/style><div id=\"cmsmasters_row_69f2b2e323f994_18662371\" class=\"cmsmasters_row cmsmasters_color_scheme_default cmsmasters_row_top_default cmsmasters_row_bot_default cmsmasters_row_boxed\">\n<div class=\"cmsmasters_row_outer_parent\">\n<div class=\"cmsmasters_row_outer\">\n<div class=\"cmsmasters_row_inner\">\n<div class=\"cmsmasters_row_margin\">\n<div class=\"cmsmasters_column one_first\">\n<div class=\"cmsmasters_text\">\n<h1><span style=\"color: #d43555;\"><strong>Covid-19 &#8211; Verlustersatz<br \/>\n<\/strong><\/span><\/h1>\n<p><em>von\u00a0<a href=\"https:\/\/www.chg.at\/profile\/daniel-tamerl\/\"> Daniel Tamerl<\/a> und <a href=\"https:\/\/www.chg.at\/profile\/thomas-rohregger\/\">Thomas Rohregger<\/a><\/em><\/p>\n<p>&nbsp;<\/p>\n<h2><span style=\"color: #d43555;\">\u00dcberblick<\/span><\/h2>\n<p>Die <strong>Covid-19-Pandemie<\/strong> stellt nicht nur den einzelnen B\u00fcrger, sondern insbesondere auch die heimische <strong>Wirtschaft<\/strong> vor <strong>enorme Herausforderungen<\/strong>. Viele Unternehmen leider unter massiven Liquidit\u00e4tsproblemen. Durch <strong>staatliche Hilfsma\u00dfnahmen<\/strong> sollen rasch finanzielle Mittel f\u00fcr \u00f6sterreichische Unternehmen bereitgestellt und diese damit vor einer drohenden Insolvenz gerettet werden..<\/p>\n<p>Das erkl\u00e4rte Ziel der Politik ist es, die heimische Wirtschaft zu sch\u00fctzen und den Wirtschaftskreislauf wieder in Schwung zu bringen. Dazu werden verschiedenste F\u00f6rderinstrumente zur Verf\u00fcgung gestellt. Im Zweis\u00e4ulenmodell des Fixkostenzuschusses der Phase II kann zwischen dem Fixkostenzuschuss 800.000 und dem Verlustersatz gew\u00e4hlt werden, eine Kombination ist jedoch nicht m\u00f6glich.<\/p>\n<p>Unternehmen, die mindestens 30 Prozent ihres Umsatzes in bestimmten Zeitr\u00e4umen verloren haben, k\u00f6nnen nun gem\u00e4\u00df der Verordnung \u00fcber die Gew\u00e4hrung eines Verlustersatzes des Bundesministers f\u00fcr Finanzen (BGBl. II Nr. 568\/2020; 16.12.2020) einen Verlustersatz beantragen. Der Verlustersatz ist eine verlustabh\u00e4ngige Unterst\u00fctzung der Republik \u00d6sterreich f\u00fcr \u00f6sterreichische Unternehmen (Der Gesamtrahmen wurde gem\u00e4\u00df Punkt 1.3 der Richtlinien mit bis zu 12 Milliarden Euro festgesetzt). Damit verbunden ergeben sich zwangsl\u00e4ufig einige Fragen, welche wir nachfolgend gerne beantworten wollen, um Ihnen einen besseren \u00dcberblick \u00fcber die gegenw\u00e4rtige Situation zu geben.<\/p>\n<p>&nbsp;<\/p>\n<h2><span style=\"color: #d43555;\">Wer kann einen Verlustersatz beantragen?<\/span><\/h2>\n<p>Gem\u00e4\u00df Punkt 3.1 der Richtlinien sind folgende Unternehmen <strong>antragsberechtigt<\/strong>:<\/p>\n<ul>\n<li>Antragsberechtigt sind Unternehmen aller Betriebsgr\u00f6\u00dfen mit Sitz oder Betriebsst\u00e4tte in \u00d6sterreich, die steuerliche Eink\u00fcnfte aus einem Gewerbe, selbstst\u00e4ndiger T\u00e4tigkeit oder Land- und Forstwirtschaft erzielen, die zu (betrieblichen) Eink\u00fcnften gem\u00e4\u00df \u00a7\u00a7 21, 22 oder 23 des EStG f\u00fchrt.<\/li>\n<li>Eine weitere Voraussetzung ist, dass das betreffende Unternehmen vor dem 16. September 2020 Ums\u00e4tze get\u00e4tigt hat.<\/li>\n<li>Zus\u00e4tzlich m\u00fcssen auch die weiteren Voraussetzungen gem\u00e4\u00df Punkt 3.1 der Richtlinien erf\u00fcllt sein, so darf das Unternehmen weder seinen Sitz noch eine Niederlassung in einem Staat haben, der in der EU-Liste der nicht kooperativen L\u00e4nder und Gebiete f\u00fcr Steuerzwecke genannt ist.<\/li>\n<li>Es darf \u00fcber den Antragsteller oder dessen gesch\u00e4ftsf\u00fchrende Organe in Aus\u00fcbung ihrer Organfunktion in den letzten 5 Jahren vor Antragsstellung keine vors\u00e4tzliche rechtskr\u00e4ftige Finanzstrafe oder entsprechende Verbandsgeldbu\u00dfen verh\u00e4ngt worden sein. Zudem darf im Zeitpunkt der Antragstellung kein Insolvenzverfahren gegen den Antragsteller anh\u00e4ngig sein.<\/li>\n<li>Dar\u00fcber hinaus darf sich das antragstellende Unternehmen per 31.12.2019 nicht in Schwierigkeiten gem\u00e4\u00df Art. 2 Z 18 der Verordnung Nr. 651\/2014 (Allgemeine Gruppenfreistellungsverordnung \u2013 AGVO) befunden haben.<\/li>\n<li>Ein Umsatzausfall in den antragsgegenst\u00e4ndlichen Betrachtungszeitr\u00e4umen von mindestens 30 % wird ebenso vorausgesetzt wie die Setzung von schadensmindernden Ma\u00dfnahmen im Rahmen einer Gesamtstrategie zur Reduktion der zu deckenden Verluste (ex-ante Betrachtung).<\/li>\n<\/ul>\n<p>&nbsp;<\/p>\n<h2><span style=\"color: #d43555;\">Wer ist von der Beantragung ausgenommen?<\/span><\/h2>\n<p>Gem\u00e4\u00df Punkt 3.2 der Richtlinien sind folgende Unternehmen <strong>nicht antragsberechtigt<\/strong>:<\/p>\n<ul>\n<li><strong>Beaufsichtigte Rechtstr\u00e4ger des Finanzsektors<\/strong>, welche im Inland, in einem Mitgliedstaat (\u00a7 2 Z 5 BWG) oder einem Drittland (\u00a7 2 Z 8 BWG) registriert oder zugelassen sind und hinsichtlich ihrer T\u00e4tigkeit prudentiellen Aufsichtsbestimmungen unterliegen.<\/li>\n<li><strong>Einrichtungen<\/strong>, die im alleinigen bzw. mehrheitlichen (mit Eigendeckungsgrad iHv &lt;75%) Eigentum (mittelbar oder unmittelbar) von Gebietsk\u00f6rperschaften und sonstigen Einrichtungen <strong>\u00f6ffentlichen Rechts<\/strong><\/li>\n<li>Unternehmen, die zum 31. Dezember 2019 mehr als 250 Mitarbeiter gemessen in Vollzeit\u00e4quivalenten besch\u00e4ftigt und im Betrachtungszeitraum mehr als 3<strong>% der Mitarbeiter<\/strong> gek\u00fcndigt haben, <strong>statt Kurzarbeit<\/strong> in Anspruch zu nehmen.<\/li>\n<li>Unternehmen, die Zahlungen aus dem Non-Profit-Organisationen Unterst\u00fctzungsfonds beziehen.<\/li>\n<li>Neu gegr\u00fcndete Unternehmen, die vor dem 16. September 2020 noch keine Ums\u00e4tze gem\u00e4\u00df erzielt haben.<\/li>\n<\/ul>\n<p>&nbsp;<\/p>\n<h2><span style=\"color: #d43555;\">Wie erfolgt die Antragstellung?<\/span><\/h2>\n<p>Der Antrag auf Gew\u00e4hrung eines Verlustersatzes muss durch einen <strong>Steuerberater, Wirtschaftspr\u00fcfer <\/strong>oder <strong>Bilanzbuchhalter<\/strong> eingebracht werden. F\u00fcr die Vertretung bei der Antragstellung \u00fcber FinanzOnline ist eine ausreichende schriftliche Vollmacht vom antragstellenden Unternehmen erforderlich.<\/p>\n<p>&nbsp;<\/p>\n<h2><span style=\"color: #d43555;\">Wie erfolgt die Berechnung?<\/span><\/h2>\n<p>Der Verlustersatz ist ein <strong>Zuschuss<\/strong>, der einen Teil der Verluste in den gew\u00e4hlten Betrachtungszeitr\u00e4umen kompensieren soll. Dem Verlustersatz wird der Verlust der <strong>Betrachtungszeitr\u00e4ume<\/strong> zu Grunde gelegt. Die H\u00f6he dieses Verlustes ist die Differenz zwischen den Ertr\u00e4gen und den damit unmittelbar und mittelbar zusammenh\u00e4ngenden Aufwendungen des Unternehmens, jeweils bezogen auf die antragsgegenst\u00e4ndlichen Betrachtungszeitr\u00e4ume:<\/p>\n<p>Es k\u00f6nnen Zusch\u00fcsse <strong>f\u00fcr bis zu zehn Betrachtungszeitr\u00e4ume<\/strong> im Zeitraum 16. September 2020 bis 30. Juni 2021 gew\u00e4hrt werden. Voraussetzung ist ein Umsatzausfall von mindestens 30 Prozent gegen\u00fcber den entsprechenden Vergleichszeitr\u00e4umen im Jahr.<\/p>\n<p>Die ausgew\u00e4hlten Betrachtungszeitr\u00e4ume m\u00fcssen <strong>unmittelbar zusammenh\u00e4ngen<\/strong>. Eine Ausnahme besteht, wenn Umsatzersatz bezogen wurde &#8211; solche Zeitr\u00e4ume d\u00fcrfen die Betrachtungszeitr\u00e4ume im Verlustersatz unterbrechen.<\/p>\n<p>Ma\u00dfgebend f\u00fcr die Berechnung des Umsatzentfalls sind die <strong>Waren- und\/oder Leistungserl\u00f6se<\/strong> der Einkommen- oder K\u00f6rperschaftsteuerveranlagung. Dabei sind die Ums\u00e4tze der beantragten Betrachtungszeitr\u00e4ume in den Jahren 2020 bzw 2021 den Ums\u00e4tzen der entsprechenden Vergleichszeitr\u00e4ume 2019 gegen\u00fcberzustellen.<\/p>\n<p>F\u00fcr die Berechnung des Umsatzausfalls k\u00f6nnen bis zu zehn der folgenden Betrachtungszeitr\u00e4ume gew\u00e4hlt werden:<\/p>\n<ul>\n<li>Betrachtungszeitraum 1: 16. September 2020 bis 30. September 2020<\/li>\n<li>Betrachtungszeitraum 2: Oktober 2020<\/li>\n<li>Betrachtungszeitraum 3: November 2020<\/li>\n<li>Betrachtungszeitraum 4: Dezember 2020<\/li>\n<li>Betrachtungszeitraum 5: J\u00e4nner 2021<\/li>\n<li>Betrachtungszeitraum 6: Februar 2021<\/li>\n<li>Betrachtungszeitraum 7: M\u00e4rz 2021<\/li>\n<li>Betrachtungszeitraum 8: April 2021<\/li>\n<li>Betrachtungszeitraum 9: Mai 2021<\/li>\n<li>Betrachtungszeitraum 10: Juni 2021<\/li>\n<\/ul>\n<p>Es k\u00f6nnen f\u00fcr bis zu <strong>maximal zehn Betrachtungszeitr\u00e4ume<\/strong> Antr\u00e4ge gestellt werden. Die Betrachtungszeitr\u00e4ume sind derart zu w\u00e4hlen, dass alle zeitlich zusammenh\u00e4ngen.<\/p>\n<p>&nbsp;<\/p>\n<h2><span style=\"color: #d43555;\">Wie hoch ist der Verlustersatz?<\/span><\/h2>\n<p><strong>Gro\u00dfe und mittlere Unternehmen<\/strong> (mehr als 50 Mitarbeiter und Jahresumsatz oder Bilanzsumme von mehr als zehn Millionen Euro) erhalten bis zu <strong>70%<\/strong> ihres Verlustes. <strong>Kleine und Kleinst-Unternehmen<\/strong> (bis 49 Mitarbeiter und Jahresumsatz oder Bilanzsumme von weniger als zehn Millionen Euro) k\u00f6nnen bis zu 90% ihres Verlustes aus dem Vergleichszeitraum lukrieren. Der <strong>maximale f\u00f6rderbare Betrag<\/strong> beim Verlustersatz ist mit <strong>3 Millionen Euro<\/strong> gedeckelt. Der Verlustersatz wird jedoch nur dann ausbezahlt, wenn sich der errechnete Ersatzbetrag auf mindestens 500 Euro bel\u00e4uft.<\/p>\n<p>&nbsp;<\/p>\n<h2><span style=\"color: #d43555;\">Wie wird der Verlustersatz ausbezahlt?<\/span><\/h2>\n<p>Die Auszahlung erfolgt in zwei Tranchen, die separat beantragt werden m\u00fcssen. Die <strong>erste Tranche<\/strong> umfasst <strong>70 %<\/strong> des voraussichtlichen Verlustersatzes. Die <strong>zweite Tranche<\/strong> umfasst grunds\u00e4tzlich den Restbetrag von <strong>30 %<\/strong>, wobei aber auch allf\u00e4llige Korrekturen im Zuge dieser Tranche zu ber\u00fccksichtigen sind. Die erste Tranche kann seit 16. Dezember 2020 beantragt werden. F\u00fcr die Beantragung der ersten Tranche sind die H\u00f6he des Umsatzausfalles sowie des Verlustes bestm\u00f6glich anhand einer <strong>Prognoserechnung<\/strong> zu sch\u00e4tzen (auf Basis von Vorjahresdaten sowie auf Daten aus dem unternehmensrechtlichen Rechnungswesen).<\/p>\n<p>Die zweite Tranche kann ab dem 1. Juli 2021 bis zum 31. Dezember 2021 beantragt werden. Bei der Beantragung der zweiten Tranche m\u00fcssen die tats\u00e4chlich erlittenen Umsatzr\u00fcckg\u00e4nge und Verluste anhand einer gutachterlichen Stellungnahme eines Steuerberaters belegt werden<\/p>\n<p>&nbsp;<\/p>\n<h2><span style=\"color: #d43555;\">Welche Fristen sind zu beachten?<\/span><\/h2>\n<p>Die <strong>erste Tranche<\/strong> ist sp\u00e4testens bis zum <strong>30. Juni 2021<\/strong> zu beantragen. Der Antrag betreffend die <strong>zweite Tranche<\/strong> kann fr\u00fchestens ab <strong>1. Juli 2021<\/strong> bis sp\u00e4testens <strong>31. Dezember 2021<\/strong> beantragt werden. Im Zuge der zweiten Tranche erfolgt die Endabrechnung. Die zweite Tranche inkludiert eine Endabrechnung.<\/p>\n<p>&nbsp;<\/p>\n<h2><span style=\"color: #d43555;\">Zusammenfassung<\/span><\/h2>\n<ul>\n<li>Keine Kumulierung des Fixkostenzuschuss 800.000 und des Verlustersatzes;<\/li>\n<li>nur Unternehmen mit Sitz in \u00d6sterreich sind antragsberechtigt;<\/li>\n<li>Umsatzausf\u00e4lle von mindestens 30%;<\/li>\n<li>Verlust ist durch schadensmindernde Ma\u00dfnahmen zu verringern;<\/li>\n<li>Verluste datieren auf den Zeitraum 16. September 2020 bis zum 30. Juni 2021;<\/li>\n<li>maximal 70% Verlustersatz f\u00fcr gro\u00dfe und mittlere Unternehmen und 90% f\u00fcr Klein- oder Kleinstunternehmen;<\/li>\n<li>Deckelung mit drei Millionen Euro;<\/li>\n<li>Maximal 10 Betrachtungszeitr\u00e4ume im Zeitraum 16. September 2020 bis 30. Juni 2021;<\/li>\n<li>Antrag nur durch Steuerberater, Wirtschaftspr\u00fcfer oder Bilanzbuchhalter;<\/li>\n<li>Auszahlung erfolgt in zwei Tranchen;<\/li>\n<li>Verlustersatz ist pro Unternehmen mit h\u00f6chstens EUR 3 Millionen begrenzt;<\/li>\n<li>Fristen:\n<ul>\n<li>erste Tranche bis sp\u00e4testens 30. Juni 2021 zu beantragen;<\/li>\n<li>zweite Tranche kann fr\u00fchestens ab 1. Juli 2021 bis sp\u00e4testens 31. Dezember 2021 beantragt werden<\/li>\n<\/ul>\n<\/li>\n<\/ul>\n<p>&nbsp;<\/p>\n<p>Diese Ausf\u00fchrungen sollen Ihnen einen \u00dcberblick \u00fcber den Covid-19 &#8211; Verlustersatz geben, k\u00f6nnen die Beratung im Einzelfall allerdings nicht ersetzen. Gerne stehen Ihnen unsere Experten f\u00fcr Fragen rund um den Fixkostenzuschuss zur Verf\u00fcgung.<\/p>\n<p>&nbsp;<\/p>\n<p><a href=\"https:\/\/www.chg.at\/profile\/daniel-tamerl\/\">Dr. Daniel Tamerl<\/a> ist Partner, <a href=\"https:\/\/www.chg.at\/profile\/thomas-rohregger\/\">Mag. Thomas Rohregger, BSc. <\/a>ist Rechtsanwaltsanw\u00e4rter bei CHG Czernich Rechtsanw\u00e4lte.<\/p>\n<\/div>\n<\/div>\n<\/div>\n<\/div>\n<\/div>\n<\/div>\n<\/div>\n<div id=\"cmsmasters_row_69f2b2e3244f86_81185010\" class=\"cmsmasters_row cmsmasters_color_scheme_default cmsmasters_row_top_default cmsmasters_row_bot_default cmsmasters_row_boxed\">\n<div class=\"cmsmasters_row_outer_parent\">\n<div class=\"cmsmasters_row_outer\">\n<div class=\"cmsmasters_row_inner\">\n<div class=\"cmsmasters_row_margin\">\n<div class=\"cmsmasters_column one_half\">\n\n<div id=\"cmsmasters_divider_69f2b2e3246106_99488261\" class=\"cmsmasters_divider cmsmasters_divider_width_long cmsmasters_divider_pos_left\"><\/div>\n<div class=\"cmsmasters_text\">\n<p>Hier steht Ihnen der Text zum Download als PDF zur Verf\u00fcgung:<\/p>\n<\/div>\n\n<div id=\"cmsmasters_button_69f2b2e3247145_48899757\" class=\"button_wrap\"><a href=\"https:\/\/www.chg.at\/wp-content\/uploads\/2021\/03\/TA_RO_Verlustersatz.pdf\" class=\"ripple cmsmasters_button\" data-animation=\"fadeInUp\" data-delay=\"0\"><span>Zum Text<\/span><\/a><\/div>\n<\/div>\n<div class=\"cmsmasters_column one_half\">\n\n<div id=\"cmsmasters_divider_69f2b2e3247ff2_97869608\" class=\"cmsmasters_divider cmsmasters_divider_width_long cmsmasters_divider_pos_left\"><\/div>\n<div class=\"cmsmasters_img  cmsmasters_image_n with_caption\">\n<img src=\"https:\/\/www.chg.at\/wp-content\/uploads\/2016\/01\/CHG-Rechtsanwaelte-Daniel-Tamerl-thumbnail-300x300.jpg\" \/>\n<p class=\"cmsmasters_img_caption\">Dr. Daniel Tamerl<\/p><\/div>\n<div class=\"cmsmasters_text\">\n<p><\/p>\n<\/div>\n\n<div id=\"cmsmasters_button_69f2b2e324c990_27877941\" class=\"button_wrap\"><a href=\"https:\/\/www.chg.at\/profile\/daniel-tamerl\/\" class=\"ripple cmsmasters_button\" data-animation=\"fadeInUp\" data-delay=\"0\"><span>Zum Profil<\/span><\/a><\/div>\n<\/div>\n<\/div>\n<\/div>\n<\/div>\n<\/div>\n<\/div>\n<div id=\"cmsmasters_row_69f2b2e324cf23_23357541\" class=\"cmsmasters_row cmsmasters_color_scheme_default cmsmasters_row_top_default cmsmasters_row_bot_default cmsmasters_row_boxed\">\n<div class=\"cmsmasters_row_outer_parent\">\n<div class=\"cmsmasters_row_outer\">\n<div class=\"cmsmasters_row_inner\">\n<div class=\"cmsmasters_row_margin\">\n<div class=\"cmsmasters_column one_half\">\n<\/div>\n<div class=\"cmsmasters_column one_half\">\n\n<div id=\"cmsmasters_divider_69f2b2e324e140_74195406\" class=\"cmsmasters_divider cmsmasters_divider_width_long cmsmasters_divider_pos_left\"><\/div>\n<div class=\"cmsmasters_img  cmsmasters_image_n with_caption\">\n<img src=\"https:\/\/www.chg.at\/wp-content\/uploads\/2016\/01\/CHG-Rechtsanwaelte-Thomas-Rohregger-thumbnail-300x300.jpg\" \/>\n<p class=\"cmsmasters_img_caption\">Mag. Thomas Rohregger, BSc.<\/p><\/div>\n<div class=\"cmsmasters_text\">\n<p><\/p>\n<\/div>\n\n<div id=\"cmsmasters_button_69f2b2e32512c8_90129836\" class=\"button_wrap\"><a href=\"https:\/\/www.chg.at\/profile\/thomas-rohregger\/\" class=\"ripple cmsmasters_button\" data-animation=\"fadeInUp\" data-delay=\"0\"><span>Zum Profil<\/span><\/a><\/div>\n<\/div>\n<\/div>\n<\/div>\n<\/div>\n<\/div>\n<\/div>\n\n","protected":false},"excerpt":{"rendered":"<p>Ein Beitrag von CHG-Juristen Daniel Tamerl und Thomas Rohregger<\/p>\n","protected":false},"author":10,"featured_media":12341,"comment_status":"closed","ping_status":"open","sticky":false,"template":"","format":"image","meta":{"inline_featured_image":false},"categories":[6,8,68],"tags":[],"yoast_head":"<!-- This site is optimized with the Yoast SEO plugin v19.8 - https:\/\/yoast.com\/wordpress\/plugins\/seo\/ -->\n<title>Antragstellung Covid-19 Verlustersatz. CHG Czernich Rechtsanw\u00e4lte<\/title>\n<meta name=\"description\" content=\"Daniel Tamerl und Thomas Rohregger beantworten in ihrem Beitrag Fragen zur Antragstellung des Covid-19 - Verlustersatzes.\" \/>\n<meta name=\"robots\" content=\"index, follow, max-snippet:-1, max-image-preview:large, max-video-preview:-1\" \/>\n<link rel=\"canonical\" href=\"https:\/\/www.chg.at\/en\/covid-19-verlustersatz\/\" \/>\n<meta property=\"og:locale\" content=\"en_US\" \/>\n<meta property=\"og:type\" content=\"article\" \/>\n<meta property=\"og:title\" content=\"CHG\" \/>\n<meta property=\"og:description\" content=\"CHG\" \/>\n<meta property=\"og:url\" content=\"https:\/\/www.chg.at\/en\/covid-19-verlustersatz\/\" \/>\n<meta property=\"og:site_name\" content=\"CHG Czernich Rechtsanw\u00e4lte \u2013 Wir bewegen Wirtschaft\" \/>\n<meta property=\"article:published_time\" content=\"2021-03-22T12:37:12+00:00\" \/>\n<meta property=\"article:modified_time\" content=\"2021-03-22T21:14:13+00:00\" \/>\n<meta property=\"og:image\" content=\"https:\/\/www.chg.at\/wp-content\/uploads\/2020\/04\/Recht-und-Corona.png\" \/>\n\t<meta property=\"og:image:width\" content=\"1160\" \/>\n\t<meta property=\"og:image:height\" content=\"580\" \/>\n\t<meta property=\"og:image:type\" content=\"image\/png\" \/>\n<meta name=\"author\" content=\"Lorenz Held\" \/>\n<meta name=\"twitter:card\" content=\"summary_large_image\" \/>\n<meta name=\"twitter:label1\" content=\"Written by\" \/>\n\t<meta name=\"twitter:data1\" content=\"Lorenz Held\" \/>\n\t<meta name=\"twitter:label2\" content=\"Est. reading time\" \/>\n\t<meta name=\"twitter:data2\" content=\"8 minutes\" \/>\n<script type=\"application\/ld+json\" class=\"yoast-schema-graph\">{\"@context\":\"https:\/\/schema.org\",\"@graph\":[{\"@type\":\"Article\",\"@id\":\"https:\/\/www.chg.at\/en\/covid-19-verlustersatz\/#article\",\"isPartOf\":{\"@id\":\"https:\/\/www.chg.at\/en\/covid-19-verlustersatz\/\"},\"author\":{\"name\":\"Lorenz Held\",\"@id\":\"https:\/\/www.chg.at\/en\/#\/schema\/person\/767a36d24c2ac329c1c5e1c10929e2b6\"},\"headline\":\"Covid-19 &#8211; Verlustersatz\",\"datePublished\":\"2021-03-22T12:37:12+00:00\",\"dateModified\":\"2021-03-22T21:14:13+00:00\",\"mainEntityOfPage\":{\"@id\":\"https:\/\/www.chg.at\/en\/covid-19-verlustersatz\/\"},\"wordCount\":1604,\"publisher\":{\"@id\":\"https:\/\/www.chg.at\/en\/#organization\"},\"articleSection\":[\"Business Tipps\",\"CHG News\",\"Recht und Corona\"],\"inLanguage\":\"en-US\"},{\"@type\":\"WebPage\",\"@id\":\"https:\/\/www.chg.at\/en\/covid-19-verlustersatz\/\",\"url\":\"https:\/\/www.chg.at\/en\/covid-19-verlustersatz\/\",\"name\":\"Antragstellung Covid-19 Verlustersatz. CHG Czernich Rechtsanw\u00e4lte\",\"isPartOf\":{\"@id\":\"https:\/\/www.chg.at\/en\/#website\"},\"datePublished\":\"2021-03-22T12:37:12+00:00\",\"dateModified\":\"2021-03-22T21:14:13+00:00\",\"description\":\"Daniel Tamerl und Thomas Rohregger beantworten in ihrem Beitrag Fragen zur Antragstellung des Covid-19 - Verlustersatzes.\",\"breadcrumb\":{\"@id\":\"https:\/\/www.chg.at\/en\/covid-19-verlustersatz\/#breadcrumb\"},\"inLanguage\":\"en-US\",\"potentialAction\":[{\"@type\":\"ReadAction\",\"target\":[\"https:\/\/www.chg.at\/en\/covid-19-verlustersatz\/\"]}]},{\"@type\":\"BreadcrumbList\",\"@id\":\"https:\/\/www.chg.at\/en\/covid-19-verlustersatz\/#breadcrumb\",\"itemListElement\":[{\"@type\":\"ListItem\",\"position\":1,\"name\":\"Startseite\",\"item\":\"https:\/\/www.chg.at\/en\/\"},{\"@type\":\"ListItem\",\"position\":2,\"name\":\"Covid-19 &#8211; Verlustersatz\"}]},{\"@type\":\"WebSite\",\"@id\":\"https:\/\/www.chg.at\/en\/#website\",\"url\":\"https:\/\/www.chg.at\/en\/\",\"name\":\"CHG Czernich Rechtsanw\u00e4lte \u2013 Wir bewegen Wirtschaft\",\"description\":\"Wir sorgen f\u00fcr Klarheit, wenn es rechtlich kompliziert wird. In jeder Phase Ihrer Unternehmungen. Sie ergreifen die Chancen. Wir verwandeln Risiken in L\u00f6sungen.\",\"publisher\":{\"@id\":\"https:\/\/www.chg.at\/en\/#organization\"},\"potentialAction\":[{\"@type\":\"SearchAction\",\"target\":{\"@type\":\"EntryPoint\",\"urlTemplate\":\"https:\/\/www.chg.at\/en\/?s={search_term_string}\"},\"query-input\":\"required name=search_term_string\"}],\"inLanguage\":\"en-US\"},{\"@type\":\"Organization\",\"@id\":\"https:\/\/www.chg.at\/en\/#organization\",\"name\":\"CHG Czernich Rechtsanw\u00e4lte\",\"url\":\"https:\/\/www.chg.at\/en\/\",\"sameAs\":[\"https:\/\/www.linkedin.com\/company\/12773263\/admin\/dashboard\/\"],\"logo\":{\"@type\":\"ImageObject\",\"inLanguage\":\"en-US\",\"@id\":\"https:\/\/www.chg.at\/en\/#\/schema\/logo\/image\/\",\"url\":\"https:\/\/www.chg.at\/wp-content\/uploads\/2016\/08\/CHG_logo_250_1.png\",\"contentUrl\":\"https:\/\/www.chg.at\/wp-content\/uploads\/2016\/08\/CHG_logo_250_1.png\",\"width\":250,\"height\":33,\"caption\":\"CHG Czernich Rechtsanw\u00e4lte\"},\"image\":{\"@id\":\"https:\/\/www.chg.at\/en\/#\/schema\/logo\/image\/\"}},{\"@type\":\"Person\",\"@id\":\"https:\/\/www.chg.at\/en\/#\/schema\/person\/767a36d24c2ac329c1c5e1c10929e2b6\",\"name\":\"Lorenz Held\",\"sameAs\":[\"https:\/\/www.chg.at\"]}]}<\/script>\n<!-- \/ Yoast SEO plugin. -->","yoast_head_json":{"title":"Antragstellung Covid-19 Verlustersatz. CHG Czernich Rechtsanw\u00e4lte","description":"Daniel Tamerl und Thomas Rohregger beantworten in ihrem Beitrag Fragen zur Antragstellung des Covid-19 - Verlustersatzes.","robots":{"index":"index","follow":"follow","max-snippet":"max-snippet:-1","max-image-preview":"max-image-preview:large","max-video-preview":"max-video-preview:-1"},"canonical":"https:\/\/www.chg.at\/en\/covid-19-verlustersatz\/","og_locale":"en_US","og_type":"article","og_title":"CHG","og_description":"CHG","og_url":"https:\/\/www.chg.at\/en\/covid-19-verlustersatz\/","og_site_name":"CHG Czernich Rechtsanw\u00e4lte \u2013 Wir bewegen Wirtschaft","article_published_time":"2021-03-22T12:37:12+00:00","article_modified_time":"2021-03-22T21:14:13+00:00","og_image":[{"width":1160,"height":580,"url":"https:\/\/www.chg.at\/wp-content\/uploads\/2020\/04\/Recht-und-Corona.png","type":"image\/png"}],"author":"Lorenz Held","twitter_card":"summary_large_image","twitter_misc":{"Written by":"Lorenz Held","Est. reading time":"8 minutes"},"schema":{"@context":"https:\/\/schema.org","@graph":[{"@type":"Article","@id":"https:\/\/www.chg.at\/en\/covid-19-verlustersatz\/#article","isPartOf":{"@id":"https:\/\/www.chg.at\/en\/covid-19-verlustersatz\/"},"author":{"name":"Lorenz Held","@id":"https:\/\/www.chg.at\/en\/#\/schema\/person\/767a36d24c2ac329c1c5e1c10929e2b6"},"headline":"Covid-19 &#8211; Verlustersatz","datePublished":"2021-03-22T12:37:12+00:00","dateModified":"2021-03-22T21:14:13+00:00","mainEntityOfPage":{"@id":"https:\/\/www.chg.at\/en\/covid-19-verlustersatz\/"},"wordCount":1604,"publisher":{"@id":"https:\/\/www.chg.at\/en\/#organization"},"articleSection":["Business Tipps","CHG News","Recht und Corona"],"inLanguage":"en-US"},{"@type":"WebPage","@id":"https:\/\/www.chg.at\/en\/covid-19-verlustersatz\/","url":"https:\/\/www.chg.at\/en\/covid-19-verlustersatz\/","name":"Antragstellung Covid-19 Verlustersatz. CHG Czernich Rechtsanw\u00e4lte","isPartOf":{"@id":"https:\/\/www.chg.at\/en\/#website"},"datePublished":"2021-03-22T12:37:12+00:00","dateModified":"2021-03-22T21:14:13+00:00","description":"Daniel Tamerl und Thomas Rohregger beantworten in ihrem Beitrag Fragen zur Antragstellung des Covid-19 - Verlustersatzes.","breadcrumb":{"@id":"https:\/\/www.chg.at\/en\/covid-19-verlustersatz\/#breadcrumb"},"inLanguage":"en-US","potentialAction":[{"@type":"ReadAction","target":["https:\/\/www.chg.at\/en\/covid-19-verlustersatz\/"]}]},{"@type":"BreadcrumbList","@id":"https:\/\/www.chg.at\/en\/covid-19-verlustersatz\/#breadcrumb","itemListElement":[{"@type":"ListItem","position":1,"name":"Startseite","item":"https:\/\/www.chg.at\/en\/"},{"@type":"ListItem","position":2,"name":"Covid-19 &#8211; Verlustersatz"}]},{"@type":"WebSite","@id":"https:\/\/www.chg.at\/en\/#website","url":"https:\/\/www.chg.at\/en\/","name":"CHG Czernich Rechtsanw\u00e4lte \u2013 Wir bewegen Wirtschaft","description":"Wir sorgen f\u00fcr Klarheit, wenn es rechtlich kompliziert wird. In jeder Phase Ihrer Unternehmungen. Sie ergreifen die Chancen. Wir verwandeln Risiken in L\u00f6sungen.","publisher":{"@id":"https:\/\/www.chg.at\/en\/#organization"},"potentialAction":[{"@type":"SearchAction","target":{"@type":"EntryPoint","urlTemplate":"https:\/\/www.chg.at\/en\/?s={search_term_string}"},"query-input":"required name=search_term_string"}],"inLanguage":"en-US"},{"@type":"Organization","@id":"https:\/\/www.chg.at\/en\/#organization","name":"CHG Czernich Rechtsanw\u00e4lte","url":"https:\/\/www.chg.at\/en\/","sameAs":["https:\/\/www.linkedin.com\/company\/12773263\/admin\/dashboard\/"],"logo":{"@type":"ImageObject","inLanguage":"en-US","@id":"https:\/\/www.chg.at\/en\/#\/schema\/logo\/image\/","url":"https:\/\/www.chg.at\/wp-content\/uploads\/2016\/08\/CHG_logo_250_1.png","contentUrl":"https:\/\/www.chg.at\/wp-content\/uploads\/2016\/08\/CHG_logo_250_1.png","width":250,"height":33,"caption":"CHG Czernich Rechtsanw\u00e4lte"},"image":{"@id":"https:\/\/www.chg.at\/en\/#\/schema\/logo\/image\/"}},{"@type":"Person","@id":"https:\/\/www.chg.at\/en\/#\/schema\/person\/767a36d24c2ac329c1c5e1c10929e2b6","name":"Lorenz Held","sameAs":["https:\/\/www.chg.at"]}]}},"_links":{"self":[{"href":"https:\/\/www.chg.at\/en\/wp-json\/wp\/v2\/posts\/16326"}],"collection":[{"href":"https:\/\/www.chg.at\/en\/wp-json\/wp\/v2\/posts"}],"about":[{"href":"https:\/\/www.chg.at\/en\/wp-json\/wp\/v2\/types\/post"}],"author":[{"embeddable":true,"href":"https:\/\/www.chg.at\/en\/wp-json\/wp\/v2\/users\/10"}],"replies":[{"embeddable":true,"href":"https:\/\/www.chg.at\/en\/wp-json\/wp\/v2\/comments?post=16326"}],"version-history":[{"count":8,"href":"https:\/\/www.chg.at\/en\/wp-json\/wp\/v2\/posts\/16326\/revisions"}],"predecessor-version":[{"id":16338,"href":"https:\/\/www.chg.at\/en\/wp-json\/wp\/v2\/posts\/16326\/revisions\/16338"}],"wp:featuredmedia":[{"embeddable":true,"href":"https:\/\/www.chg.at\/en\/wp-json\/wp\/v2\/media\/12341"}],"wp:attachment":[{"href":"https:\/\/www.chg.at\/en\/wp-json\/wp\/v2\/media?parent=16326"}],"wp:term":[{"taxonomy":"category","embeddable":true,"href":"https:\/\/www.chg.at\/en\/wp-json\/wp\/v2\/categories?post=16326"},{"taxonomy":"post_tag","embeddable":true,"href":"https:\/\/www.chg.at\/en\/wp-json\/wp\/v2\/tags?post=16326"}],"curies":[{"name":"wp","href":"https:\/\/api.w.org\/{rel}","templated":true}]}}