{"id":16507,"date":"2021-04-18T20:13:48","date_gmt":"2021-04-18T18:13:48","guid":{"rendered":"https:\/\/www.chg.at\/?p=16507"},"modified":"2021-04-20T13:56:31","modified_gmt":"2021-04-20T11:56:31","slug":"auskunftsrechte-nach-der-dsgvo","status":"publish","type":"post","link":"https:\/\/www.chg.at\/en\/auskunftsrechte-nach-der-dsgvo\/","title":{"rendered":"Auskunftsrechte nach der DSGVO"},"content":{"rendered":"<style type=\"text\/css\"> \n#cmsmasters_row_69f2cd17c25f72_22433357 .cmsmasters_row_outer_parent { \n\tpadding-top: 0px; \n} \n\n#cmsmasters_row_69f2cd17c25f72_22433357 .cmsmasters_row_outer_parent { \n\tpadding-bottom: 0px; \n} \n\n \n#cmsmasters_row_69f2cd17c27f05_05843266 .cmsmasters_row_outer_parent { \n\tpadding-top: 0px; \n} \n\n#cmsmasters_row_69f2cd17c27f05_05843266 .cmsmasters_row_outer_parent { \n\tpadding-bottom: 40px; \n} \n\n \n#cmsmasters_divider_69f2cd17c28c55_35718112 { \n\tborder-bottom-width:1px; \n\tborder-bottom-style:dotted; \n\tpadding-top:10px; \n\tmargin-bottom:20px; \n\tborder-bottom-color:#aaaaaa;\n} \n\n#cmsmasters_button_69f2cd17c298b7_02416266 { \n\ttext-align:center; \n} \n\n#cmsmasters_button_69f2cd17c298b7_02416266 .cmsmasters_button:before { \n\tmargin-right:.5em; \n\tmargin-left:0; \n\tvertical-align:baseline; \n} \n\n#cmsmasters_button_69f2cd17c298b7_02416266 .cmsmasters_button { \n\tfont-weight:normal; \n\tfont-style:normal; \n\tborder-style:solid; \n} \n#cmsmasters_button_69f2cd17c298b7_02416266 .cmsmasters_button:hover { \n} \n \n#cmsmasters_divider_69f2cd17c2a5b1_63622091 { \n\tborder-bottom-width:1px; \n\tborder-bottom-style:dotted; \n\tpadding-top:10px; \n\tmargin-bottom:20px; \n\tborder-bottom-color:#aaaaaa;\n} \n \n#cmsmasters_divider_69f2cd17c30795_38932499 { \n\tborder-bottom-width:1px; \n\tborder-bottom-style:dotted; \n\tpadding-top:10px; \n\tmargin-bottom:20px; \n\tborder-bottom-color:#aaaaaa;\n} \n\n#cmsmasters_button_69f2cd17c31652_40814472 { \n\ttext-align:center; \n} \n\n#cmsmasters_button_69f2cd17c31652_40814472 .cmsmasters_button:before { \n\tmargin-right:.5em; \n\tmargin-left:0; \n\tvertical-align:baseline; \n} \n\n#cmsmasters_button_69f2cd17c31652_40814472 .cmsmasters_button { \n\tfont-weight:normal; \n\tfont-style:normal; \n\tborder-style:solid; \n} \n#cmsmasters_button_69f2cd17c31652_40814472 .cmsmasters_button:hover { \n} \n<\/style><div id=\"cmsmasters_row_69f2cd17c25f72_22433357\" class=\"cmsmasters_row cmsmasters_color_scheme_default cmsmasters_row_top_default cmsmasters_row_bot_default cmsmasters_row_boxed\">\n<div class=\"cmsmasters_row_outer_parent\">\n<div class=\"cmsmasters_row_outer\">\n<div class=\"cmsmasters_row_inner\">\n<div class=\"cmsmasters_row_margin\">\n<div class=\"cmsmasters_column one_first\">\n<div class=\"cmsmasters_text\">\n<h1><span lang=\"DE\" style=\"color: #d43555;\">Verpflichtende namentliche Nennung von Empf\u00e4ngern personenbezogener Daten im Rahmen des Auskunftsrechts nach der DSGVO?<\/span><\/h1>\n<p><span style=\"color: #000000;\"><em>von RA Mag. <a href=\"https:\/\/www.chg.at\/profile\/clemens-handl\/\">Clemens Handl<\/a><\/em><\/span><\/p>\n<p>&nbsp;<\/p>\n<h2><span style=\"color: #d43555;\">Einleitung<\/span><\/h2>\n<p>Die DSGVO sieht \u2013 neben Pflichten f\u00fcr Personen, Unternehmen oder Stellen, die \u00fcber die Verarbeitung von personenbezogenen Daten nat\u00fcrlicher Personen entscheiden (\u201eVerantwortliche\u201c) &#8211; umfassende Rechte f\u00fcr Personen vor, deren Daten verarbeitet wurden (\u201eBetroffene\u201c). Dem Betroffenen steht unter anderem das Recht zu, vom Verantwortlichen dar\u00fcber informiert zu werden, wem gegen\u00fcber Daten offengelegt oder \u00fcbermittelt wurden (\u201eEmpf\u00e4nger\u201c).<\/p>\n<p>Der Umfang dieses Auskunftsrechts war k\u00fcrzlich Gegenstand einer Entscheidung des Obersten Gerichtshofs (OGH 18.02.2021, 6 Ob 159\/20f). Strittig ist im Wesentlichen, ob die Empf\u00e4nger vom Verantwortlichen nur abstrakt nach ihrer Kategorie (zB Bank, Versicherungsunternehmen etc.) oder konkret (zB. AB Bank AG, XY Versicherungs GmbH etc.) beauskunftet werden m\u00fcssen.<\/p>\n<p>&nbsp;<\/p>\n<h2><span style=\"color: #d43555;\">Auskunftsrecht des Betroffenen<\/span><\/h2>\n<p>Nach Art 15 Abs 1 lit c DSGVO hat der Betroffene das Recht, Auskunft dar\u00fcber zu verlangen, an welche Empf\u00e4nger oder Kategorien von Empf\u00e4ngern Daten offengelegt wurden oder noch offengelegt werden.<\/p>\n<p>Nach dem Wortlaut der Bestimmung kommen drei unterschiedliche Auslegungsvarianten in Betracht: (i) Entweder der Betroffene kann w\u00e4hlen, ob er die konkreten Empf\u00e4nger oder blo\u00df die Kategorien der Empf\u00e4nger erfahren will, oder (ii) der Verantwortliche kann diese Entscheidung treffen. Nach einer dritten Variante besteht kein Wahlrecht, sondern (iii) der Verantwortliche muss zwingend so pr\u00e4zise wie m\u00f6glich beauskunften. Hat der Verantwortliche die Daten Dritten noch nicht offengelegt, muss er so konkret wie m\u00f6glich angeben, wem gegen\u00fcber er die Daten offenlegen will. Steht der konkrete Empf\u00e4nger bereits fest oder wurden die Daten bereits \u00fcbermittelt, so muss der Name des Empf\u00e4ngers offengelegt werden. Ist noch nicht absehbar, wer Empf\u00e4nger sein soll, was beispielsweise dann der Fall sein k\u00f6nnte, wenn ein Lieferant noch nicht beauftragt wurde, so w\u00e4re in diesem Fall lediglich die Kategorie (zB Hostingprovider) bekannt zu geben.<\/p>\n<p>Der Oberste Gerichtshof hat in seiner Entscheidung festgestellt, dass eher ein Wahlrecht des Betroffenen vorliegt, da in Art 15 Abs 1 DSGVO ein Recht des Betroffenen und keine Pflicht des Verantwortlichen geregelt wird. Nach dieser Bestimmung soll der Betroffene das Recht haben, Auskunft \u00fcber die Empf\u00e4nger oder die Kategorien der Empf\u00e4nger zu erhalten. Auch der Erw\u00e4gungsgrund 63 spreche daf\u00fcr, da dort erl\u00e4utert wird, dass der Betroffene erfahren k\u00f6nnen soll, wem gegen\u00fcber seine Daten offengelegt wurden. Letztlich lasse der Wortlaut von Art 15 DSGVO aber keine eindeutige Auslegung zu. Diese Frage wurde daher dem f\u00fcr die Auslegung zust\u00e4ndigen Europ\u00e4ischen Gerichtshof (\u201eEuGH\u201c) zur Entscheidung vorgelegt.<\/p>\n<p>&nbsp;<\/p>\n<h2><span style=\"color: #d43555;\">Empfehlung<\/span><\/h2>\n<p>Insgesamt handelt es sich bei dem Umfang des Auskunftsrechts um eine Frage besonderer praktischer Bedeutung. Verantwortliche sind h\u00e4ufig mit Auskunftsanfragen von Betroffenen konfrontiert. Folgt der EuGH der Auffassung des Obersten Gerichtshofs, so f\u00e4llt ein erheblicher Mehraufwand f\u00fcr die korrekte Beantwortung der Anfragen beim Verantwortlichen an. Unternehmen sollten daher \u2013 unabh\u00e4ngig von einem Auskunftsbegehren \u2013 eine Liste mit Unternehmen erstellen, an die personenbezogene Daten offengelegt werden. Mit dieser Liste k\u00f6nnen allf\u00e4llige Anfragen der Datenschutzbeh\u00f6rde oder des Betroffenen schnell und korrekt beantwortet werden. \u00dcber die Entscheidung des EuGH werden wir nat\u00fcrlich wieder berichten.<\/p>\n<p>&nbsp;<\/p>\n<h2><span style=\"color: #d43555;\">Disclaimer<\/span><\/h2>\n<p>Die vorstehenden Ausf\u00fchrungen geben einen allgemeinen \u00dcberblick. Der Beitrag kann die Beratung im Einzelfall allerdings nicht ersetzen. Gerne stehen wir Ihnen f\u00fcr datenschutzrechtliche Fragen zur Verf\u00fcgung.<\/p>\n<p>&nbsp;<\/p>\n<p><a href=\"https:\/\/www.chg.at\/profile\/clemens-handl\/\">Clemens Handl<\/a> ist Partner bei CHG Czernich Rechtsanw\u00e4lte.<\/p>\n<\/div>\n<\/div>\n<\/div>\n<\/div>\n<\/div>\n<\/div>\n<\/div>\n<div id=\"cmsmasters_row_69f2cd17c27f05_05843266\" class=\"cmsmasters_row cmsmasters_color_scheme_default cmsmasters_row_top_default cmsmasters_row_bot_default cmsmasters_row_boxed\">\n<div class=\"cmsmasters_row_outer_parent\">\n<div class=\"cmsmasters_row_outer\">\n<div class=\"cmsmasters_row_inner\">\n<div class=\"cmsmasters_row_margin\">\n<div class=\"cmsmasters_column one_half\">\n\n<div id=\"cmsmasters_divider_69f2cd17c28c55_35718112\" class=\"cmsmasters_divider cmsmasters_divider_width_long cmsmasters_divider_pos_left\"><\/div>\n<div class=\"cmsmasters_text\">\n<p>Hier steht Ihnen der Text zum Download als PDF zur Verf\u00fcgung:<\/p>\n<\/div>\n\n<div id=\"cmsmasters_button_69f2cd17c298b7_02416266\" class=\"button_wrap\"><a href=\"https:\/\/www.chg.at\/wp-content\/uploads\/2021\/04\/News_Umfang-Auskunftsanspruch-DSGVO_13042021.pdf\" class=\"ripple cmsmasters_button\" data-animation=\"fadeInUp\" data-delay=\"0\"><span>Zum Text<\/span><\/a><\/div>\n<\/div>\n<div class=\"cmsmasters_column one_half\">\n\n<div id=\"cmsmasters_divider_69f2cd17c2a5b1_63622091\" class=\"cmsmasters_divider cmsmasters_divider_width_long cmsmasters_divider_pos_left\"><\/div>\n<div class=\"cmsmasters_img  cmsmasters_image_n with_caption\">\n<img src=\"https:\/\/www.chg.at\/wp-content\/uploads\/2016\/01\/CHG-Rechtsanwaelte-Clemens-Handl-thumbnail.jpg\" \/>\n<p class=\"cmsmasters_img_caption\">Mag. Clemens Handl<\/p><\/div>\n\n\n<div id=\"cmsmasters_divider_69f2cd17c30795_38932499\" class=\"cmsmasters_divider cmsmasters_divider_width_long cmsmasters_divider_pos_left\"><\/div>\n<div class=\"cmsmasters_text\">\n<p><\/p>\n<\/div>\n\n<div id=\"cmsmasters_button_69f2cd17c31652_40814472\" class=\"button_wrap\"><a href=\"https:\/\/www.chg.at\/profile\/clemens-handl\/\" class=\"ripple cmsmasters_button\" data-animation=\"fadeInUp\" data-delay=\"0\"><span>Zum Profil<\/span><\/a><\/div>\n<\/div>\n<\/div>\n<\/div>\n<\/div>\n<\/div>\n<\/div>\n\n","protected":false},"excerpt":{"rendered":"<p>Ein Beitrag von CHG-Jurist Clemens Handl<\/p>\n","protected":false},"author":10,"featured_media":16512,"comment_status":"closed","ping_status":"open","sticky":false,"template":"","format":"image","meta":{"inline_featured_image":false},"categories":[6,8,58,57,68],"tags":[],"yoast_head":"<!-- This site is optimized with the Yoast SEO plugin v19.8 - https:\/\/yoast.com\/wordpress\/plugins\/seo\/ -->\n<title>DSGVO: Verpflichtende namentliche Nennung von Empf\u00e4ngern<\/title>\n<meta name=\"description\" content=\"Verpflichtende namentliche Nennung von Empf\u00e4ngern personenbezogener Daten im Rahmen des Auskunftsrechts nach der DSGVO?\" \/>\n<meta name=\"robots\" content=\"index, follow, max-snippet:-1, max-image-preview:large, max-video-preview:-1\" \/>\n<link rel=\"canonical\" href=\"https:\/\/www.chg.at\/en\/auskunftsrechte-nach-der-dsgvo\/\" \/>\n<meta property=\"og:locale\" content=\"en_US\" \/>\n<meta property=\"og:type\" content=\"article\" \/>\n<meta property=\"og:title\" content=\"CHG\" \/>\n<meta property=\"og:description\" content=\"CHG\" \/>\n<meta property=\"og:url\" content=\"https:\/\/www.chg.at\/en\/auskunftsrechte-nach-der-dsgvo\/\" \/>\n<meta property=\"og:site_name\" content=\"CHG Czernich Rechtsanw\u00e4lte \u2013 Wir bewegen Wirtschaft\" \/>\n<meta property=\"article:published_time\" content=\"2021-04-18T18:13:48+00:00\" \/>\n<meta property=\"article:modified_time\" content=\"2021-04-20T11:56:31+00:00\" \/>\n<meta property=\"og:image\" content=\"https:\/\/www.chg.at\/wp-content\/uploads\/2021\/04\/markus-spiske-Skf7HxARcoc-unsplash.jpg\" \/>\n\t<meta property=\"og:image:width\" content=\"1160\" \/>\n\t<meta property=\"og:image:height\" content=\"580\" \/>\n\t<meta property=\"og:image:type\" content=\"image\/jpeg\" \/>\n<meta name=\"author\" content=\"Lorenz Held\" \/>\n<meta name=\"twitter:card\" content=\"summary_large_image\" \/>\n<meta name=\"twitter:label1\" content=\"Written by\" \/>\n\t<meta name=\"twitter:data1\" content=\"Lorenz Held\" \/>\n\t<meta name=\"twitter:label2\" content=\"Est. reading time\" \/>\n\t<meta name=\"twitter:data2\" content=\"4 minutes\" \/>\n<script type=\"application\/ld+json\" class=\"yoast-schema-graph\">{\"@context\":\"https:\/\/schema.org\",\"@graph\":[{\"@type\":\"Article\",\"@id\":\"https:\/\/www.chg.at\/en\/auskunftsrechte-nach-der-dsgvo\/#article\",\"isPartOf\":{\"@id\":\"https:\/\/www.chg.at\/en\/auskunftsrechte-nach-der-dsgvo\/\"},\"author\":{\"name\":\"Lorenz Held\",\"@id\":\"https:\/\/www.chg.at\/en\/#\/schema\/person\/767a36d24c2ac329c1c5e1c10929e2b6\"},\"headline\":\"Auskunftsrechte nach der DSGVO\",\"datePublished\":\"2021-04-18T18:13:48+00:00\",\"dateModified\":\"2021-04-20T11:56:31+00:00\",\"mainEntityOfPage\":{\"@id\":\"https:\/\/www.chg.at\/en\/auskunftsrechte-nach-der-dsgvo\/\"},\"wordCount\":811,\"publisher\":{\"@id\":\"https:\/\/www.chg.at\/en\/#organization\"},\"articleSection\":[\"Business Tipps\",\"CHG News\",\"Datenschutz\",\"DSGVO\",\"Recht und Corona\"],\"inLanguage\":\"en-US\"},{\"@type\":\"WebPage\",\"@id\":\"https:\/\/www.chg.at\/en\/auskunftsrechte-nach-der-dsgvo\/\",\"url\":\"https:\/\/www.chg.at\/en\/auskunftsrechte-nach-der-dsgvo\/\",\"name\":\"DSGVO: Verpflichtende namentliche Nennung von Empf\u00e4ngern\",\"isPartOf\":{\"@id\":\"https:\/\/www.chg.at\/en\/#website\"},\"datePublished\":\"2021-04-18T18:13:48+00:00\",\"dateModified\":\"2021-04-20T11:56:31+00:00\",\"description\":\"Verpflichtende namentliche Nennung von Empf\u00e4ngern personenbezogener Daten im Rahmen des Auskunftsrechts nach der DSGVO?\",\"breadcrumb\":{\"@id\":\"https:\/\/www.chg.at\/en\/auskunftsrechte-nach-der-dsgvo\/#breadcrumb\"},\"inLanguage\":\"en-US\",\"potentialAction\":[{\"@type\":\"ReadAction\",\"target\":[\"https:\/\/www.chg.at\/en\/auskunftsrechte-nach-der-dsgvo\/\"]}]},{\"@type\":\"BreadcrumbList\",\"@id\":\"https:\/\/www.chg.at\/en\/auskunftsrechte-nach-der-dsgvo\/#breadcrumb\",\"itemListElement\":[{\"@type\":\"ListItem\",\"position\":1,\"name\":\"Startseite\",\"item\":\"https:\/\/www.chg.at\/en\/\"},{\"@type\":\"ListItem\",\"position\":2,\"name\":\"Auskunftsrechte nach der DSGVO\"}]},{\"@type\":\"WebSite\",\"@id\":\"https:\/\/www.chg.at\/en\/#website\",\"url\":\"https:\/\/www.chg.at\/en\/\",\"name\":\"CHG Czernich Rechtsanw\u00e4lte \u2013 Wir bewegen Wirtschaft\",\"description\":\"Wir sorgen f\u00fcr Klarheit, wenn es rechtlich kompliziert wird. In jeder Phase Ihrer Unternehmungen. Sie ergreifen die Chancen. Wir verwandeln Risiken in L\u00f6sungen.\",\"publisher\":{\"@id\":\"https:\/\/www.chg.at\/en\/#organization\"},\"potentialAction\":[{\"@type\":\"SearchAction\",\"target\":{\"@type\":\"EntryPoint\",\"urlTemplate\":\"https:\/\/www.chg.at\/en\/?s={search_term_string}\"},\"query-input\":\"required name=search_term_string\"}],\"inLanguage\":\"en-US\"},{\"@type\":\"Organization\",\"@id\":\"https:\/\/www.chg.at\/en\/#organization\",\"name\":\"CHG Czernich Rechtsanw\u00e4lte\",\"url\":\"https:\/\/www.chg.at\/en\/\",\"sameAs\":[\"https:\/\/www.linkedin.com\/company\/12773263\/admin\/dashboard\/\"],\"logo\":{\"@type\":\"ImageObject\",\"inLanguage\":\"en-US\",\"@id\":\"https:\/\/www.chg.at\/en\/#\/schema\/logo\/image\/\",\"url\":\"https:\/\/www.chg.at\/wp-content\/uploads\/2016\/08\/CHG_logo_250_1.png\",\"contentUrl\":\"https:\/\/www.chg.at\/wp-content\/uploads\/2016\/08\/CHG_logo_250_1.png\",\"width\":250,\"height\":33,\"caption\":\"CHG Czernich Rechtsanw\u00e4lte\"},\"image\":{\"@id\":\"https:\/\/www.chg.at\/en\/#\/schema\/logo\/image\/\"}},{\"@type\":\"Person\",\"@id\":\"https:\/\/www.chg.at\/en\/#\/schema\/person\/767a36d24c2ac329c1c5e1c10929e2b6\",\"name\":\"Lorenz Held\",\"sameAs\":[\"https:\/\/www.chg.at\"]}]}<\/script>\n<!-- \/ Yoast SEO plugin. -->","yoast_head_json":{"title":"DSGVO: Verpflichtende namentliche Nennung von Empf\u00e4ngern","description":"Verpflichtende namentliche Nennung von Empf\u00e4ngern personenbezogener Daten im Rahmen des Auskunftsrechts nach der DSGVO?","robots":{"index":"index","follow":"follow","max-snippet":"max-snippet:-1","max-image-preview":"max-image-preview:large","max-video-preview":"max-video-preview:-1"},"canonical":"https:\/\/www.chg.at\/en\/auskunftsrechte-nach-der-dsgvo\/","og_locale":"en_US","og_type":"article","og_title":"CHG","og_description":"CHG","og_url":"https:\/\/www.chg.at\/en\/auskunftsrechte-nach-der-dsgvo\/","og_site_name":"CHG Czernich Rechtsanw\u00e4lte \u2013 Wir bewegen Wirtschaft","article_published_time":"2021-04-18T18:13:48+00:00","article_modified_time":"2021-04-20T11:56:31+00:00","og_image":[{"width":1160,"height":580,"url":"https:\/\/www.chg.at\/wp-content\/uploads\/2021\/04\/markus-spiske-Skf7HxARcoc-unsplash.jpg","type":"image\/jpeg"}],"author":"Lorenz Held","twitter_card":"summary_large_image","twitter_misc":{"Written by":"Lorenz Held","Est. reading time":"4 minutes"},"schema":{"@context":"https:\/\/schema.org","@graph":[{"@type":"Article","@id":"https:\/\/www.chg.at\/en\/auskunftsrechte-nach-der-dsgvo\/#article","isPartOf":{"@id":"https:\/\/www.chg.at\/en\/auskunftsrechte-nach-der-dsgvo\/"},"author":{"name":"Lorenz Held","@id":"https:\/\/www.chg.at\/en\/#\/schema\/person\/767a36d24c2ac329c1c5e1c10929e2b6"},"headline":"Auskunftsrechte nach der DSGVO","datePublished":"2021-04-18T18:13:48+00:00","dateModified":"2021-04-20T11:56:31+00:00","mainEntityOfPage":{"@id":"https:\/\/www.chg.at\/en\/auskunftsrechte-nach-der-dsgvo\/"},"wordCount":811,"publisher":{"@id":"https:\/\/www.chg.at\/en\/#organization"},"articleSection":["Business Tipps","CHG News","Datenschutz","DSGVO","Recht und Corona"],"inLanguage":"en-US"},{"@type":"WebPage","@id":"https:\/\/www.chg.at\/en\/auskunftsrechte-nach-der-dsgvo\/","url":"https:\/\/www.chg.at\/en\/auskunftsrechte-nach-der-dsgvo\/","name":"DSGVO: Verpflichtende namentliche Nennung von Empf\u00e4ngern","isPartOf":{"@id":"https:\/\/www.chg.at\/en\/#website"},"datePublished":"2021-04-18T18:13:48+00:00","dateModified":"2021-04-20T11:56:31+00:00","description":"Verpflichtende namentliche Nennung von Empf\u00e4ngern personenbezogener Daten im Rahmen des Auskunftsrechts nach der DSGVO?","breadcrumb":{"@id":"https:\/\/www.chg.at\/en\/auskunftsrechte-nach-der-dsgvo\/#breadcrumb"},"inLanguage":"en-US","potentialAction":[{"@type":"ReadAction","target":["https:\/\/www.chg.at\/en\/auskunftsrechte-nach-der-dsgvo\/"]}]},{"@type":"BreadcrumbList","@id":"https:\/\/www.chg.at\/en\/auskunftsrechte-nach-der-dsgvo\/#breadcrumb","itemListElement":[{"@type":"ListItem","position":1,"name":"Startseite","item":"https:\/\/www.chg.at\/en\/"},{"@type":"ListItem","position":2,"name":"Auskunftsrechte nach der DSGVO"}]},{"@type":"WebSite","@id":"https:\/\/www.chg.at\/en\/#website","url":"https:\/\/www.chg.at\/en\/","name":"CHG Czernich Rechtsanw\u00e4lte \u2013 Wir bewegen Wirtschaft","description":"Wir sorgen f\u00fcr Klarheit, wenn es rechtlich kompliziert wird. In jeder Phase Ihrer Unternehmungen. Sie ergreifen die Chancen. Wir verwandeln Risiken in L\u00f6sungen.","publisher":{"@id":"https:\/\/www.chg.at\/en\/#organization"},"potentialAction":[{"@type":"SearchAction","target":{"@type":"EntryPoint","urlTemplate":"https:\/\/www.chg.at\/en\/?s={search_term_string}"},"query-input":"required name=search_term_string"}],"inLanguage":"en-US"},{"@type":"Organization","@id":"https:\/\/www.chg.at\/en\/#organization","name":"CHG Czernich Rechtsanw\u00e4lte","url":"https:\/\/www.chg.at\/en\/","sameAs":["https:\/\/www.linkedin.com\/company\/12773263\/admin\/dashboard\/"],"logo":{"@type":"ImageObject","inLanguage":"en-US","@id":"https:\/\/www.chg.at\/en\/#\/schema\/logo\/image\/","url":"https:\/\/www.chg.at\/wp-content\/uploads\/2016\/08\/CHG_logo_250_1.png","contentUrl":"https:\/\/www.chg.at\/wp-content\/uploads\/2016\/08\/CHG_logo_250_1.png","width":250,"height":33,"caption":"CHG Czernich Rechtsanw\u00e4lte"},"image":{"@id":"https:\/\/www.chg.at\/en\/#\/schema\/logo\/image\/"}},{"@type":"Person","@id":"https:\/\/www.chg.at\/en\/#\/schema\/person\/767a36d24c2ac329c1c5e1c10929e2b6","name":"Lorenz Held","sameAs":["https:\/\/www.chg.at"]}]}},"_links":{"self":[{"href":"https:\/\/www.chg.at\/en\/wp-json\/wp\/v2\/posts\/16507"}],"collection":[{"href":"https:\/\/www.chg.at\/en\/wp-json\/wp\/v2\/posts"}],"about":[{"href":"https:\/\/www.chg.at\/en\/wp-json\/wp\/v2\/types\/post"}],"author":[{"embeddable":true,"href":"https:\/\/www.chg.at\/en\/wp-json\/wp\/v2\/users\/10"}],"replies":[{"embeddable":true,"href":"https:\/\/www.chg.at\/en\/wp-json\/wp\/v2\/comments?post=16507"}],"version-history":[{"count":6,"href":"https:\/\/www.chg.at\/en\/wp-json\/wp\/v2\/posts\/16507\/revisions"}],"predecessor-version":[{"id":16571,"href":"https:\/\/www.chg.at\/en\/wp-json\/wp\/v2\/posts\/16507\/revisions\/16571"}],"wp:featuredmedia":[{"embeddable":true,"href":"https:\/\/www.chg.at\/en\/wp-json\/wp\/v2\/media\/16512"}],"wp:attachment":[{"href":"https:\/\/www.chg.at\/en\/wp-json\/wp\/v2\/media?parent=16507"}],"wp:term":[{"taxonomy":"category","embeddable":true,"href":"https:\/\/www.chg.at\/en\/wp-json\/wp\/v2\/categories?post=16507"},{"taxonomy":"post_tag","embeddable":true,"href":"https:\/\/www.chg.at\/en\/wp-json\/wp\/v2\/tags?post=16507"}],"curies":[{"name":"wp","href":"https:\/\/api.w.org\/{rel}","templated":true}]}}