{"id":16577,"date":"2021-04-19T22:23:44","date_gmt":"2021-04-19T20:23:44","guid":{"rendered":"https:\/\/www.chg.at\/?p=16577"},"modified":"2022-06-10T08:59:33","modified_gmt":"2022-06-10T06:59:33","slug":"chg-juristen-bei-der-kommunalmatinee-der-kufgem","status":"publish","type":"post","link":"https:\/\/www.chg.at\/en\/chg-juristen-bei-der-kommunalmatinee-der-kufgem\/","title":{"rendered":"CHG-Juristen bei der Kommunalmatinee der Kufgem"},"content":{"rendered":"<style type=\"text\/css\"> \n#cmsmasters_row_69f2bd6c248be3_89782146 .cmsmasters_row_outer_parent { \n\tpadding-top: 0px; \n} \n\n#cmsmasters_row_69f2bd6c248be3_89782146 .cmsmasters_row_outer_parent { \n\tpadding-bottom: 0px; \n} \n\n \n#cmsmasters_row_69f2bd6c24a0d0_48672698 .cmsmasters_row_outer_parent { \n\tpadding-top: 0px; \n} \n\n#cmsmasters_row_69f2bd6c24a0d0_48672698 .cmsmasters_row_outer_parent { \n\tpadding-bottom: 40px; \n} \n\n \n#cmsmasters_divider_69f2bd6c24b3c6_07091287 { \n\tborder-bottom-width:1px; \n\tborder-bottom-style:dotted; \n\tpadding-top:10px; \n\tmargin-bottom:20px; \n\tborder-bottom-color:#aaaaaa;\n} \n \n#cmsmasters_divider_69f2bd6c24f8a4_71642384 { \n\tborder-bottom-width:1px; \n\tborder-bottom-style:dotted; \n\tpadding-top:10px; \n\tmargin-bottom:20px; \n\tborder-bottom-color:#aaaaaa;\n} \n\n#cmsmasters_button_69f2bd6c250122_10961552 { \n\ttext-align:center; \n} \n\n#cmsmasters_button_69f2bd6c250122_10961552 .cmsmasters_button:before { \n\tmargin-right:.5em; \n\tmargin-left:0; \n\tvertical-align:baseline; \n} \n\n#cmsmasters_button_69f2bd6c250122_10961552 .cmsmasters_button { \n\tfont-weight:normal; \n\tfont-style:normal; \n\tborder-style:solid; \n} \n#cmsmasters_button_69f2bd6c250122_10961552 .cmsmasters_button:hover { \n} \n \n#cmsmasters_divider_69f2bd6c250f42_85685281 { \n\tborder-bottom-width:1px; \n\tborder-bottom-style:dotted; \n\tpadding-top:10px; \n\tmargin-bottom:20px; \n\tborder-bottom-color:#aaaaaa;\n} \n \n#cmsmasters_divider_69f2bd6c256af4_72461025 { \n\tborder-bottom-width:1px; \n\tborder-bottom-style:dotted; \n\tpadding-top:10px; \n\tmargin-bottom:20px; \n\tborder-bottom-color:#aaaaaa;\n} \n\n#cmsmasters_button_69f2bd6c257277_46563296 { \n\ttext-align:center; \n} \n\n#cmsmasters_button_69f2bd6c257277_46563296 .cmsmasters_button:before { \n\tmargin-right:.5em; \n\tmargin-left:0; \n\tvertical-align:baseline; \n} \n\n#cmsmasters_button_69f2bd6c257277_46563296 .cmsmasters_button { \n\tfont-weight:normal; \n\tfont-style:normal; \n\tborder-style:solid; \n} \n#cmsmasters_button_69f2bd6c257277_46563296 .cmsmasters_button:hover { \n} \n<\/style><div id=\"cmsmasters_row_69f2bd6c248be3_89782146\" class=\"cmsmasters_row cmsmasters_color_scheme_default cmsmasters_row_top_default cmsmasters_row_bot_default cmsmasters_row_boxed\">\n<div class=\"cmsmasters_row_outer_parent\">\n<div class=\"cmsmasters_row_outer\">\n<div class=\"cmsmasters_row_inner\">\n<div class=\"cmsmasters_row_margin\">\n<div class=\"cmsmasters_column one_first\">\n<div class=\"cmsmasters_text\">\n<h1><span style=\"color: #d43555;\"><strong>CHG-Vergaberechtsexperten bei der Kufgem Kommunalmatinee<br \/>\n<\/strong><\/span><\/h1>\n<p>Am vergangenen Dienstag , 13.4., ist die erste Kommunalmatinee der Kufgem \u00fcber die B\u00fchne gegangen. Die Kufgem, ein Tochterunternehmen der Stadtwerke Kufstein, betreut nahezu alle Gemeinden in Tirol und Salzburg in Sachen EDV umfassend. In Online-Vortr\u00e4gen werden von FachexptertInnen aktuelle Themen der Gemeindearbeit er\u00f6rtert. Unsere Vergaberechts-Experten <a href=\"https:\/\/www.chg.at\/profile\/guenther-gast\/\">Dr. G\u00fcnther Gast<\/a> und <a href=\"https:\/\/www.chg.at\/profile\/laura-Gleinser\/\">Dr. Laura Schindl<\/a> \u00fcbernahmen das Thema Vergaberecht.<\/p>\n<p>&nbsp;<\/p>\n<\/div>\n<\/div>\n<\/div>\n<\/div>\n<\/div>\n<\/div>\n<\/div>\n<div id=\"cmsmasters_row_69f2bd6c24a0d0_48672698\" class=\"cmsmasters_row cmsmasters_color_scheme_default cmsmasters_row_top_default cmsmasters_row_bot_default cmsmasters_row_boxed\">\n<div class=\"cmsmasters_row_outer_parent\">\n<div class=\"cmsmasters_row_outer\">\n<div class=\"cmsmasters_row_inner\">\n<div class=\"cmsmasters_row_margin\">\n<div class=\"cmsmasters_column one_half\">\n\n<div id=\"cmsmasters_divider_69f2bd6c24b3c6_07091287\" class=\"cmsmasters_divider cmsmasters_divider_width_long cmsmasters_divider_pos_left\"><\/div>\n<div class=\"cmsmasters_img  cmsmasters_image_l with_caption\">\n<img src=\"https:\/\/www.chg.at\/wp-content\/uploads\/2016\/01\/CHG-Rechtsanwaelte-Guenther-Gast-thumbnail-300x300.jpg\" \/>\n<p class=\"cmsmasters_img_caption\">Dr. G\u00fcnther Gast, LL.M.<\/p><\/div>\n\n\n<div id=\"cmsmasters_divider_69f2bd6c24f8a4_71642384\" class=\"cmsmasters_divider cmsmasters_divider_width_long cmsmasters_divider_pos_left\"><\/div>\n\n<div id=\"cmsmasters_button_69f2bd6c250122_10961552\" class=\"button_wrap\"><a href=\"https:\/\/www.chg.at\/profile\/guenther-gast\/\" class=\"ripple cmsmasters_button\" data-animation=\"fadeInUp\" data-delay=\"0\"><span>Zum Profil<\/span><\/a><\/div>\n<\/div>\n<div class=\"cmsmasters_column one_half\">\n\n<div id=\"cmsmasters_divider_69f2bd6c250f42_85685281\" class=\"cmsmasters_divider cmsmasters_divider_width_long cmsmasters_divider_pos_left\"><\/div>\n<div class=\"cmsmasters_img  cmsmasters_image_l with_caption\">\n<img src=\"https:\/\/www.chg.at\/wp-content\/uploads\/2022\/06\/CHG-Rechtsanwaelte-Laura-Gleinser-Portrait-500x500-1.jpg\" alt=\"CHG Rechtsanw\u00e4lte - Laura Gleinser Portrait\" \/>\n<p class=\"cmsmasters_img_caption\">Dr. Laura Gleinser, LL.M.<\/p><\/div>\n\n\n<div id=\"cmsmasters_divider_69f2bd6c256af4_72461025\" class=\"cmsmasters_divider cmsmasters_divider_width_long cmsmasters_divider_pos_left\"><\/div>\n\n<div id=\"cmsmasters_button_69f2bd6c257277_46563296\" class=\"button_wrap\"><a href=\"https:\/\/www.chg.at\/profile\/laura-gleinser\/\" class=\"ripple cmsmasters_button\" data-animation=\"fadeInUp\" data-delay=\"0\"><span>Zum Profil<\/span><\/a><\/div>\n<\/div>\n<\/div>\n<\/div>\n<\/div>\n<\/div>\n<\/div>\n\n","protected":false},"excerpt":{"rendered":"<p>Dr. G\u00fcnther Gast und Dr. Laura Schindl pr\u00e4sentieren das Thema Vergaberecht<\/p>\n","protected":false},"author":3,"featured_media":19764,"comment_status":"closed","ping_status":"open","sticky":false,"template":"","format":"image","meta":{"inline_featured_image":false},"categories":[8,33],"tags":[],"yoast_head":"<!-- This site is optimized with the Yoast SEO plugin v19.8 - https:\/\/yoast.com\/wordpress\/plugins\/seo\/ -->\n<title>CHG-Juristen pr\u00e4sentieren Vergaberecht bei 1. Kufgem Kommunalmatinee<\/title>\n<meta name=\"description\" content=\"G\u00fcnther Gast und Laura Gleinser, Vergaberchts-Experten bei CHG, \u00fcbernehmen das Thema Vergaberecht beim 1. Kommunalmatinee der Kufgem\" \/>\n<meta name=\"robots\" content=\"index, follow, max-snippet:-1, max-image-preview:large, max-video-preview:-1\" \/>\n<link rel=\"canonical\" href=\"https:\/\/www.chg.at\/en\/chg-juristen-bei-der-kommunalmatinee-der-kufgem\/\" \/>\n<meta property=\"og:locale\" content=\"en_US\" \/>\n<meta property=\"og:type\" content=\"article\" \/>\n<meta property=\"og:title\" content=\"CHG\" \/>\n<meta property=\"og:description\" content=\"CHG\" \/>\n<meta property=\"og:url\" content=\"https:\/\/www.chg.at\/en\/chg-juristen-bei-der-kommunalmatinee-der-kufgem\/\" \/>\n<meta property=\"og:site_name\" content=\"CHG Czernich Rechtsanw\u00e4lte \u2013 Wir bewegen Wirtschaft\" \/>\n<meta property=\"article:published_time\" content=\"2021-04-19T20:23:44+00:00\" \/>\n<meta property=\"article:modified_time\" content=\"2022-06-10T06:59:33+00:00\" \/>\n<meta property=\"og:image\" content=\"https:\/\/www.chg.at\/wp-content\/uploads\/2021\/04\/CHG_Gast_Schindl_Kufgem_042021-1.jpg\" \/>\n\t<meta property=\"og:image:width\" content=\"1160\" \/>\n\t<meta property=\"og:image:height\" content=\"580\" \/>\n\t<meta property=\"og:image:type\" content=\"image\/jpeg\" \/>\n<meta name=\"author\" content=\"Diana B\u00f6hme\" \/>\n<meta name=\"twitter:card\" content=\"summary_large_image\" \/>\n<meta name=\"twitter:label1\" content=\"Written by\" \/>\n\t<meta name=\"twitter:data1\" content=\"Diana B\u00f6hme\" \/>\n\t<meta name=\"twitter:label2\" content=\"Est. reading time\" \/>\n\t<meta name=\"twitter:data2\" content=\"2 minutes\" \/>\n<script type=\"application\/ld+json\" class=\"yoast-schema-graph\">{\"@context\":\"https:\/\/schema.org\",\"@graph\":[{\"@type\":\"Article\",\"@id\":\"https:\/\/www.chg.at\/en\/chg-juristen-bei-der-kommunalmatinee-der-kufgem\/#article\",\"isPartOf\":{\"@id\":\"https:\/\/www.chg.at\/en\/chg-juristen-bei-der-kommunalmatinee-der-kufgem\/\"},\"author\":{\"name\":\"Diana B\u00f6hme\",\"@id\":\"https:\/\/www.chg.at\/en\/#\/schema\/person\/b3b2cd248a314cf8acc3db22217f03b4\"},\"headline\":\"CHG-Juristen bei der Kommunalmatinee der Kufgem\",\"datePublished\":\"2021-04-19T20:23:44+00:00\",\"dateModified\":\"2022-06-10T06:59:33+00:00\",\"mainEntityOfPage\":{\"@id\":\"https:\/\/www.chg.at\/en\/chg-juristen-bei-der-kommunalmatinee-der-kufgem\/\"},\"wordCount\":335,\"publisher\":{\"@id\":\"https:\/\/www.chg.at\/en\/#organization\"},\"articleSection\":[\"CHG News\",\"Veranstaltung\"],\"inLanguage\":\"en-US\"},{\"@type\":\"WebPage\",\"@id\":\"https:\/\/www.chg.at\/en\/chg-juristen-bei-der-kommunalmatinee-der-kufgem\/\",\"url\":\"https:\/\/www.chg.at\/en\/chg-juristen-bei-der-kommunalmatinee-der-kufgem\/\",\"name\":\"CHG-Juristen pr\u00e4sentieren Vergaberecht bei 1. Kufgem Kommunalmatinee\",\"isPartOf\":{\"@id\":\"https:\/\/www.chg.at\/en\/#website\"},\"datePublished\":\"2021-04-19T20:23:44+00:00\",\"dateModified\":\"2022-06-10T06:59:33+00:00\",\"description\":\"G\u00fcnther Gast und Laura Gleinser, Vergaberchts-Experten bei CHG, \u00fcbernehmen das Thema Vergaberecht beim 1. Kommunalmatinee der Kufgem\",\"breadcrumb\":{\"@id\":\"https:\/\/www.chg.at\/en\/chg-juristen-bei-der-kommunalmatinee-der-kufgem\/#breadcrumb\"},\"inLanguage\":\"en-US\",\"potentialAction\":[{\"@type\":\"ReadAction\",\"target\":[\"https:\/\/www.chg.at\/en\/chg-juristen-bei-der-kommunalmatinee-der-kufgem\/\"]}]},{\"@type\":\"BreadcrumbList\",\"@id\":\"https:\/\/www.chg.at\/en\/chg-juristen-bei-der-kommunalmatinee-der-kufgem\/#breadcrumb\",\"itemListElement\":[{\"@type\":\"ListItem\",\"position\":1,\"name\":\"Startseite\",\"item\":\"https:\/\/www.chg.at\/en\/\"},{\"@type\":\"ListItem\",\"position\":2,\"name\":\"CHG-Juristen bei der Kommunalmatinee der Kufgem\"}]},{\"@type\":\"WebSite\",\"@id\":\"https:\/\/www.chg.at\/en\/#website\",\"url\":\"https:\/\/www.chg.at\/en\/\",\"name\":\"CHG Czernich Rechtsanw\u00e4lte \u2013 Wir bewegen Wirtschaft\",\"description\":\"Wir sorgen f\u00fcr Klarheit, wenn es rechtlich kompliziert wird. In jeder Phase Ihrer Unternehmungen. Sie ergreifen die Chancen. Wir verwandeln Risiken in L\u00f6sungen.\",\"publisher\":{\"@id\":\"https:\/\/www.chg.at\/en\/#organization\"},\"potentialAction\":[{\"@type\":\"SearchAction\",\"target\":{\"@type\":\"EntryPoint\",\"urlTemplate\":\"https:\/\/www.chg.at\/en\/?s={search_term_string}\"},\"query-input\":\"required name=search_term_string\"}],\"inLanguage\":\"en-US\"},{\"@type\":\"Organization\",\"@id\":\"https:\/\/www.chg.at\/en\/#organization\",\"name\":\"CHG Czernich Rechtsanw\u00e4lte\",\"url\":\"https:\/\/www.chg.at\/en\/\",\"sameAs\":[\"https:\/\/www.linkedin.com\/company\/12773263\/admin\/dashboard\/\"],\"logo\":{\"@type\":\"ImageObject\",\"inLanguage\":\"en-US\",\"@id\":\"https:\/\/www.chg.at\/en\/#\/schema\/logo\/image\/\",\"url\":\"https:\/\/www.chg.at\/wp-content\/uploads\/2016\/08\/CHG_logo_250_1.png\",\"contentUrl\":\"https:\/\/www.chg.at\/wp-content\/uploads\/2016\/08\/CHG_logo_250_1.png\",\"width\":250,\"height\":33,\"caption\":\"CHG Czernich Rechtsanw\u00e4lte\"},\"image\":{\"@id\":\"https:\/\/www.chg.at\/en\/#\/schema\/logo\/image\/\"}},{\"@type\":\"Person\",\"@id\":\"https:\/\/www.chg.at\/en\/#\/schema\/person\/b3b2cd248a314cf8acc3db22217f03b4\",\"name\":\"Diana B\u00f6hme\"}]}<\/script>\n<!-- \/ Yoast SEO plugin. -->","yoast_head_json":{"title":"CHG-Juristen pr\u00e4sentieren Vergaberecht bei 1. Kufgem Kommunalmatinee","description":"G\u00fcnther Gast und Laura Gleinser, Vergaberchts-Experten bei CHG, \u00fcbernehmen das Thema Vergaberecht beim 1. Kommunalmatinee der Kufgem","robots":{"index":"index","follow":"follow","max-snippet":"max-snippet:-1","max-image-preview":"max-image-preview:large","max-video-preview":"max-video-preview:-1"},"canonical":"https:\/\/www.chg.at\/en\/chg-juristen-bei-der-kommunalmatinee-der-kufgem\/","og_locale":"en_US","og_type":"article","og_title":"CHG","og_description":"CHG","og_url":"https:\/\/www.chg.at\/en\/chg-juristen-bei-der-kommunalmatinee-der-kufgem\/","og_site_name":"CHG Czernich Rechtsanw\u00e4lte \u2013 Wir bewegen Wirtschaft","article_published_time":"2021-04-19T20:23:44+00:00","article_modified_time":"2022-06-10T06:59:33+00:00","og_image":[{"width":1160,"height":580,"url":"https:\/\/www.chg.at\/wp-content\/uploads\/2021\/04\/CHG_Gast_Schindl_Kufgem_042021-1.jpg","type":"image\/jpeg"}],"author":"Diana B\u00f6hme","twitter_card":"summary_large_image","twitter_misc":{"Written by":"Diana B\u00f6hme","Est. reading time":"2 minutes"},"schema":{"@context":"https:\/\/schema.org","@graph":[{"@type":"Article","@id":"https:\/\/www.chg.at\/en\/chg-juristen-bei-der-kommunalmatinee-der-kufgem\/#article","isPartOf":{"@id":"https:\/\/www.chg.at\/en\/chg-juristen-bei-der-kommunalmatinee-der-kufgem\/"},"author":{"name":"Diana B\u00f6hme","@id":"https:\/\/www.chg.at\/en\/#\/schema\/person\/b3b2cd248a314cf8acc3db22217f03b4"},"headline":"CHG-Juristen bei der Kommunalmatinee der Kufgem","datePublished":"2021-04-19T20:23:44+00:00","dateModified":"2022-06-10T06:59:33+00:00","mainEntityOfPage":{"@id":"https:\/\/www.chg.at\/en\/chg-juristen-bei-der-kommunalmatinee-der-kufgem\/"},"wordCount":335,"publisher":{"@id":"https:\/\/www.chg.at\/en\/#organization"},"articleSection":["CHG News","Veranstaltung"],"inLanguage":"en-US"},{"@type":"WebPage","@id":"https:\/\/www.chg.at\/en\/chg-juristen-bei-der-kommunalmatinee-der-kufgem\/","url":"https:\/\/www.chg.at\/en\/chg-juristen-bei-der-kommunalmatinee-der-kufgem\/","name":"CHG-Juristen pr\u00e4sentieren Vergaberecht bei 1. Kufgem Kommunalmatinee","isPartOf":{"@id":"https:\/\/www.chg.at\/en\/#website"},"datePublished":"2021-04-19T20:23:44+00:00","dateModified":"2022-06-10T06:59:33+00:00","description":"G\u00fcnther Gast und Laura Gleinser, Vergaberchts-Experten bei CHG, \u00fcbernehmen das Thema Vergaberecht beim 1. Kommunalmatinee der Kufgem","breadcrumb":{"@id":"https:\/\/www.chg.at\/en\/chg-juristen-bei-der-kommunalmatinee-der-kufgem\/#breadcrumb"},"inLanguage":"en-US","potentialAction":[{"@type":"ReadAction","target":["https:\/\/www.chg.at\/en\/chg-juristen-bei-der-kommunalmatinee-der-kufgem\/"]}]},{"@type":"BreadcrumbList","@id":"https:\/\/www.chg.at\/en\/chg-juristen-bei-der-kommunalmatinee-der-kufgem\/#breadcrumb","itemListElement":[{"@type":"ListItem","position":1,"name":"Startseite","item":"https:\/\/www.chg.at\/en\/"},{"@type":"ListItem","position":2,"name":"CHG-Juristen bei der Kommunalmatinee der Kufgem"}]},{"@type":"WebSite","@id":"https:\/\/www.chg.at\/en\/#website","url":"https:\/\/www.chg.at\/en\/","name":"CHG Czernich Rechtsanw\u00e4lte \u2013 Wir bewegen Wirtschaft","description":"Wir sorgen f\u00fcr Klarheit, wenn es rechtlich kompliziert wird. In jeder Phase Ihrer Unternehmungen. Sie ergreifen die Chancen. Wir verwandeln Risiken in L\u00f6sungen.","publisher":{"@id":"https:\/\/www.chg.at\/en\/#organization"},"potentialAction":[{"@type":"SearchAction","target":{"@type":"EntryPoint","urlTemplate":"https:\/\/www.chg.at\/en\/?s={search_term_string}"},"query-input":"required name=search_term_string"}],"inLanguage":"en-US"},{"@type":"Organization","@id":"https:\/\/www.chg.at\/en\/#organization","name":"CHG Czernich Rechtsanw\u00e4lte","url":"https:\/\/www.chg.at\/en\/","sameAs":["https:\/\/www.linkedin.com\/company\/12773263\/admin\/dashboard\/"],"logo":{"@type":"ImageObject","inLanguage":"en-US","@id":"https:\/\/www.chg.at\/en\/#\/schema\/logo\/image\/","url":"https:\/\/www.chg.at\/wp-content\/uploads\/2016\/08\/CHG_logo_250_1.png","contentUrl":"https:\/\/www.chg.at\/wp-content\/uploads\/2016\/08\/CHG_logo_250_1.png","width":250,"height":33,"caption":"CHG Czernich Rechtsanw\u00e4lte"},"image":{"@id":"https:\/\/www.chg.at\/en\/#\/schema\/logo\/image\/"}},{"@type":"Person","@id":"https:\/\/www.chg.at\/en\/#\/schema\/person\/b3b2cd248a314cf8acc3db22217f03b4","name":"Diana B\u00f6hme"}]}},"_links":{"self":[{"href":"https:\/\/www.chg.at\/en\/wp-json\/wp\/v2\/posts\/16577"}],"collection":[{"href":"https:\/\/www.chg.at\/en\/wp-json\/wp\/v2\/posts"}],"about":[{"href":"https:\/\/www.chg.at\/en\/wp-json\/wp\/v2\/types\/post"}],"author":[{"embeddable":true,"href":"https:\/\/www.chg.at\/en\/wp-json\/wp\/v2\/users\/3"}],"replies":[{"embeddable":true,"href":"https:\/\/www.chg.at\/en\/wp-json\/wp\/v2\/comments?post=16577"}],"version-history":[{"count":8,"href":"https:\/\/www.chg.at\/en\/wp-json\/wp\/v2\/posts\/16577\/revisions"}],"predecessor-version":[{"id":19767,"href":"https:\/\/www.chg.at\/en\/wp-json\/wp\/v2\/posts\/16577\/revisions\/19767"}],"wp:featuredmedia":[{"embeddable":true,"href":"https:\/\/www.chg.at\/en\/wp-json\/wp\/v2\/media\/19764"}],"wp:attachment":[{"href":"https:\/\/www.chg.at\/en\/wp-json\/wp\/v2\/media?parent=16577"}],"wp:term":[{"taxonomy":"category","embeddable":true,"href":"https:\/\/www.chg.at\/en\/wp-json\/wp\/v2\/categories?post=16577"},{"taxonomy":"post_tag","embeddable":true,"href":"https:\/\/www.chg.at\/en\/wp-json\/wp\/v2\/tags?post=16577"}],"curies":[{"name":"wp","href":"https:\/\/api.w.org\/{rel}","templated":true}]}}