{"id":17103,"date":"2021-06-23T10:08:46","date_gmt":"2021-06-23T08:08:46","guid":{"rendered":"https:\/\/www.chg.at\/?p=17103"},"modified":"2021-06-23T10:12:14","modified_gmt":"2021-06-23T08:12:14","slug":"chg-team-beim-bundesfinale-des-moot-court-zivilrecht","status":"publish","type":"post","link":"https:\/\/www.chg.at\/en\/chg-team-beim-bundesfinale-des-moot-court-zivilrecht\/","title":{"rendered":"CHG-Team beim Bundesfinale des Moot Court Zivilrecht"},"content":{"rendered":"<style type=\"text\/css\"> \n#cmsmasters_row_69f18240a7c426_82978024 .cmsmasters_row_outer_parent { \n\tpadding-top: 0px; \n} \n\n#cmsmasters_row_69f18240a7c426_82978024 .cmsmasters_row_outer_parent { \n\tpadding-bottom: 50px; \n} \n\n<\/style><div id=\"cmsmasters_row_69f18240a7c426_82978024\" class=\"cmsmasters_row cmsmasters_color_scheme_default cmsmasters_row_top_default cmsmasters_row_bot_default cmsmasters_row_boxed\">\n<div class=\"cmsmasters_row_outer_parent\">\n<div class=\"cmsmasters_row_outer\">\n<div class=\"cmsmasters_row_inner\">\n<div class=\"cmsmasters_row_margin\">\n<div class=\"cmsmasters_column one_first\">\n<div class=\"cmsmasters_text\">\n<h1><span style=\"color: #d43555;\">Sonderpreis beim Bundesfinale des Moot Court Zivilrecht 2021 f\u00fcr CHG-Team in Wien<\/span><\/h1>\n<p>Am 18.06.2021 fand im Festsaal der Wirtschaftsuniversit\u00e4t Wien das Bundesfinale des Franz von Zeiller Moot Court aus Zivilrecht statt, f\u00fcr den sich als jeweilige Landessieger 6 Teams aus ganz \u00d6sterreich qualifizierten. Den Vorsitz des hochkar\u00e4tig besetzten Richtersenats nahm niemand geringeres als die Pr\u00e4sidentin des Obersten Gerichtshofs, Elisabeth Lovrek, ein. Mit ihr urteilten die renommierte Rechtsanw\u00e4ltin Christine Kolbitsch und Chris Tomale von der Rechtswissenschaftlichen Fakult\u00e4t der Universit\u00e4t Wien \u00fcber die hervorragenden m\u00fcndlichen und schriftlichen Leistungen der Studierenden.<\/p>\n<p>Das von unserer Kanzlei \u2013 namentlich von\u00a0<a href=\"https:\/\/www.chg.at\/profile\/mag-florian-mueller\/\">Florian M\u00fcller<\/a>\u00a0und\u00a0<a href=\"https:\/\/www.chg.at\/profile\/daniel-tamerl\/\">Daniel Tamerl<\/a> \u2013 sowie von Samantha Pechtl (Institut f\u00fcr Arbeits- und Sozialrecht, Universit\u00e4t Innsbruck) betreute Team, bestehend aus Claudia Eller, Sonja Freudenschuss und Melanie Eder, zeigte abermals eine herausragende Leistung und konnte \u2013 aufgrund der Aussichtslosigkeit des zugelosten Falles \u2013 einen Sonderpreis ergattern.<\/p>\n<p>Wir gratulieren unserem Team zu dieser hervorragenden Leistung recht herzlich! Auch allen anderen Teams gratulieren wir an dieser Stelle und bedanken uns bei den Organisatoren f\u00fcr die sehr gelungene Veranstaltung.<\/p>\n<p>&nbsp;<\/p>\n<\/div>\n<div class=\"cmsmasters_text\">\n<p>&nbsp;<\/p>\n<\/div>\n<script type=\"text\/javascript\">jQuery(document).ready(function () { jQuery(\"#cmsmasters_hover_slider_69f18240a7e3e1_37840166\").cmsmastersHoverSlider( { sliderBlock : \"#cmsmasters_hover_slider_69f18240a7e3e1_37840166\", sliderItems : \".cmsmasters_hover_slider_items\", thumbWidth : \"100\", thumbHeight : \"60\", activeSlide : 1, pauseTime : 5000, pauseOnHover : true } );} );<\/script><div id=\"cmsmasters_hover_slider_69f18240a7e3e1_37840166\" class=\"cmsmasters_hover_slider\">\n<ul class=\"cmsmasters_hover_slider_items\">\n<li><figure class=\"cmsmasters_hover_slider_full_img\"><img width=\"860\" height=\"420\" src=\"https:\/\/www.chg.at\/wp-content\/uploads\/2021\/06\/IMG_20210618_101234-860x420.jpg\" class=\"attachment-post-thumbnail size-post-thumbnail\" alt=\"\" loading=\"lazy\" \/><\/figure><\/li><li><figure class=\"cmsmasters_hover_slider_full_img\"><img width=\"860\" height=\"420\" src=\"https:\/\/www.chg.at\/wp-content\/uploads\/2021\/06\/IMG_20210618_093046-860x420.jpg\" class=\"attachment-post-thumbnail size-post-thumbnail\" alt=\"\" loading=\"lazy\" \/><\/figure><\/li><li><figure class=\"cmsmasters_hover_slider_full_img\"><img width=\"860\" height=\"420\" src=\"https:\/\/www.chg.at\/wp-content\/uploads\/2021\/06\/IMG_20210618_093105-860x420.jpg\" class=\"attachment-post-thumbnail size-post-thumbnail\" alt=\"\" loading=\"lazy\" \/><\/figure><\/li><\/ul>\n<\/div>\n<div class=\"cmsmasters_text\">\n<p>&nbsp;<\/p>\n<\/div>\n<\/div>\n<\/div>\n<\/div>\n<\/div>\n<\/div>\n<\/div>\n\n","protected":false},"excerpt":{"rendered":"<p>Herzliche Gratulation an unser Team!<\/p>\n","protected":false},"author":10,"featured_media":17112,"comment_status":"closed","ping_status":"open","sticky":false,"template":"","format":"image","meta":{"inline_featured_image":false},"categories":[8,9,62,33],"tags":[],"yoast_head":"<!-- This site is optimized with the Yoast SEO plugin v19.8 - https:\/\/yoast.com\/wordpress\/plugins\/seo\/ -->\n<title>CHG-Team beim Bundesfinale des Moot Court Zivilrecht<\/title>\n<meta name=\"description\" content=\"Ein kurzer R\u00fcckblick auf das Bundesfinale des Franz von Zeiler Moot Courts aus Zivilrecht unter Beteiligung von CHG Czernich Rechtsanw\u00e4lte.\" \/>\n<meta name=\"robots\" content=\"index, follow, max-snippet:-1, max-image-preview:large, max-video-preview:-1\" \/>\n<link rel=\"canonical\" href=\"https:\/\/www.chg.at\/en\/chg-team-beim-bundesfinale-des-moot-court-zivilrecht\/\" \/>\n<meta property=\"og:locale\" content=\"en_US\" \/>\n<meta property=\"og:type\" content=\"article\" \/>\n<meta property=\"og:title\" content=\"CHG\" \/>\n<meta property=\"og:description\" content=\"CHG\" \/>\n<meta property=\"og:url\" content=\"https:\/\/www.chg.at\/en\/chg-team-beim-bundesfinale-des-moot-court-zivilrecht\/\" \/>\n<meta property=\"og:site_name\" content=\"CHG Czernich Rechtsanw\u00e4lte \u2013 Wir bewegen Wirtschaft\" \/>\n<meta property=\"article:published_time\" content=\"2021-06-23T08:08:46+00:00\" \/>\n<meta property=\"article:modified_time\" content=\"2021-06-23T08:12:14+00:00\" \/>\n<meta property=\"og:image\" content=\"https:\/\/www.chg.at\/wp-content\/uploads\/2021\/06\/IMG_20210618_101234.jpg\" \/>\n\t<meta property=\"og:image:width\" content=\"1160\" \/>\n\t<meta property=\"og:image:height\" content=\"580\" \/>\n\t<meta property=\"og:image:type\" content=\"image\/jpeg\" \/>\n<meta name=\"author\" content=\"Lorenz Held\" \/>\n<meta name=\"twitter:card\" content=\"summary_large_image\" \/>\n<meta name=\"twitter:label1\" content=\"Written by\" \/>\n\t<meta name=\"twitter:data1\" content=\"Lorenz Held\" \/>\n\t<meta name=\"twitter:label2\" content=\"Est. reading time\" \/>\n\t<meta name=\"twitter:data2\" content=\"1 minute\" \/>\n<script type=\"application\/ld+json\" class=\"yoast-schema-graph\">{\"@context\":\"https:\/\/schema.org\",\"@graph\":[{\"@type\":\"Article\",\"@id\":\"https:\/\/www.chg.at\/en\/chg-team-beim-bundesfinale-des-moot-court-zivilrecht\/#article\",\"isPartOf\":{\"@id\":\"https:\/\/www.chg.at\/en\/chg-team-beim-bundesfinale-des-moot-court-zivilrecht\/\"},\"author\":{\"name\":\"Lorenz Held\",\"@id\":\"https:\/\/www.chg.at\/en\/#\/schema\/person\/767a36d24c2ac329c1c5e1c10929e2b6\"},\"headline\":\"CHG-Team beim Bundesfinale des Moot Court Zivilrecht\",\"datePublished\":\"2021-06-23T08:08:46+00:00\",\"dateModified\":\"2021-06-23T08:12:14+00:00\",\"mainEntityOfPage\":{\"@id\":\"https:\/\/www.chg.at\/en\/chg-team-beim-bundesfinale-des-moot-court-zivilrecht\/\"},\"wordCount\":290,\"publisher\":{\"@id\":\"https:\/\/www.chg.at\/en\/#organization\"},\"articleSection\":[\"CHG News\",\"Kanzlei\",\"Karriere\",\"Veranstaltung\"],\"inLanguage\":\"en-US\"},{\"@type\":\"WebPage\",\"@id\":\"https:\/\/www.chg.at\/en\/chg-team-beim-bundesfinale-des-moot-court-zivilrecht\/\",\"url\":\"https:\/\/www.chg.at\/en\/chg-team-beim-bundesfinale-des-moot-court-zivilrecht\/\",\"name\":\"CHG-Team beim Bundesfinale des Moot Court Zivilrecht\",\"isPartOf\":{\"@id\":\"https:\/\/www.chg.at\/en\/#website\"},\"datePublished\":\"2021-06-23T08:08:46+00:00\",\"dateModified\":\"2021-06-23T08:12:14+00:00\",\"description\":\"Ein kurzer R\u00fcckblick auf das Bundesfinale des Franz von Zeiler Moot Courts aus Zivilrecht unter Beteiligung von CHG Czernich Rechtsanw\u00e4lte.\",\"breadcrumb\":{\"@id\":\"https:\/\/www.chg.at\/en\/chg-team-beim-bundesfinale-des-moot-court-zivilrecht\/#breadcrumb\"},\"inLanguage\":\"en-US\",\"potentialAction\":[{\"@type\":\"ReadAction\",\"target\":[\"https:\/\/www.chg.at\/en\/chg-team-beim-bundesfinale-des-moot-court-zivilrecht\/\"]}]},{\"@type\":\"BreadcrumbList\",\"@id\":\"https:\/\/www.chg.at\/en\/chg-team-beim-bundesfinale-des-moot-court-zivilrecht\/#breadcrumb\",\"itemListElement\":[{\"@type\":\"ListItem\",\"position\":1,\"name\":\"Startseite\",\"item\":\"https:\/\/www.chg.at\/en\/\"},{\"@type\":\"ListItem\",\"position\":2,\"name\":\"CHG-Team beim Bundesfinale des Moot Court Zivilrecht\"}]},{\"@type\":\"WebSite\",\"@id\":\"https:\/\/www.chg.at\/en\/#website\",\"url\":\"https:\/\/www.chg.at\/en\/\",\"name\":\"CHG Czernich Rechtsanw\u00e4lte \u2013 Wir bewegen Wirtschaft\",\"description\":\"Wir sorgen f\u00fcr Klarheit, wenn es rechtlich kompliziert wird. In jeder Phase Ihrer Unternehmungen. Sie ergreifen die Chancen. Wir verwandeln Risiken in L\u00f6sungen.\",\"publisher\":{\"@id\":\"https:\/\/www.chg.at\/en\/#organization\"},\"potentialAction\":[{\"@type\":\"SearchAction\",\"target\":{\"@type\":\"EntryPoint\",\"urlTemplate\":\"https:\/\/www.chg.at\/en\/?s={search_term_string}\"},\"query-input\":\"required name=search_term_string\"}],\"inLanguage\":\"en-US\"},{\"@type\":\"Organization\",\"@id\":\"https:\/\/www.chg.at\/en\/#organization\",\"name\":\"CHG Czernich Rechtsanw\u00e4lte\",\"url\":\"https:\/\/www.chg.at\/en\/\",\"sameAs\":[\"https:\/\/www.linkedin.com\/company\/12773263\/admin\/dashboard\/\"],\"logo\":{\"@type\":\"ImageObject\",\"inLanguage\":\"en-US\",\"@id\":\"https:\/\/www.chg.at\/en\/#\/schema\/logo\/image\/\",\"url\":\"https:\/\/www.chg.at\/wp-content\/uploads\/2016\/08\/CHG_logo_250_1.png\",\"contentUrl\":\"https:\/\/www.chg.at\/wp-content\/uploads\/2016\/08\/CHG_logo_250_1.png\",\"width\":250,\"height\":33,\"caption\":\"CHG Czernich Rechtsanw\u00e4lte\"},\"image\":{\"@id\":\"https:\/\/www.chg.at\/en\/#\/schema\/logo\/image\/\"}},{\"@type\":\"Person\",\"@id\":\"https:\/\/www.chg.at\/en\/#\/schema\/person\/767a36d24c2ac329c1c5e1c10929e2b6\",\"name\":\"Lorenz Held\",\"sameAs\":[\"https:\/\/www.chg.at\"]}]}<\/script>\n<!-- \/ Yoast SEO plugin. -->","yoast_head_json":{"title":"CHG-Team beim Bundesfinale des Moot Court Zivilrecht","description":"Ein kurzer R\u00fcckblick auf das Bundesfinale des Franz von Zeiler Moot Courts aus Zivilrecht unter Beteiligung von CHG Czernich Rechtsanw\u00e4lte.","robots":{"index":"index","follow":"follow","max-snippet":"max-snippet:-1","max-image-preview":"max-image-preview:large","max-video-preview":"max-video-preview:-1"},"canonical":"https:\/\/www.chg.at\/en\/chg-team-beim-bundesfinale-des-moot-court-zivilrecht\/","og_locale":"en_US","og_type":"article","og_title":"CHG","og_description":"CHG","og_url":"https:\/\/www.chg.at\/en\/chg-team-beim-bundesfinale-des-moot-court-zivilrecht\/","og_site_name":"CHG Czernich Rechtsanw\u00e4lte \u2013 Wir bewegen Wirtschaft","article_published_time":"2021-06-23T08:08:46+00:00","article_modified_time":"2021-06-23T08:12:14+00:00","og_image":[{"width":1160,"height":580,"url":"https:\/\/www.chg.at\/wp-content\/uploads\/2021\/06\/IMG_20210618_101234.jpg","type":"image\/jpeg"}],"author":"Lorenz Held","twitter_card":"summary_large_image","twitter_misc":{"Written by":"Lorenz Held","Est. reading time":"1 minute"},"schema":{"@context":"https:\/\/schema.org","@graph":[{"@type":"Article","@id":"https:\/\/www.chg.at\/en\/chg-team-beim-bundesfinale-des-moot-court-zivilrecht\/#article","isPartOf":{"@id":"https:\/\/www.chg.at\/en\/chg-team-beim-bundesfinale-des-moot-court-zivilrecht\/"},"author":{"name":"Lorenz Held","@id":"https:\/\/www.chg.at\/en\/#\/schema\/person\/767a36d24c2ac329c1c5e1c10929e2b6"},"headline":"CHG-Team beim Bundesfinale des Moot Court Zivilrecht","datePublished":"2021-06-23T08:08:46+00:00","dateModified":"2021-06-23T08:12:14+00:00","mainEntityOfPage":{"@id":"https:\/\/www.chg.at\/en\/chg-team-beim-bundesfinale-des-moot-court-zivilrecht\/"},"wordCount":290,"publisher":{"@id":"https:\/\/www.chg.at\/en\/#organization"},"articleSection":["CHG News","Kanzlei","Karriere","Veranstaltung"],"inLanguage":"en-US"},{"@type":"WebPage","@id":"https:\/\/www.chg.at\/en\/chg-team-beim-bundesfinale-des-moot-court-zivilrecht\/","url":"https:\/\/www.chg.at\/en\/chg-team-beim-bundesfinale-des-moot-court-zivilrecht\/","name":"CHG-Team beim Bundesfinale des Moot Court Zivilrecht","isPartOf":{"@id":"https:\/\/www.chg.at\/en\/#website"},"datePublished":"2021-06-23T08:08:46+00:00","dateModified":"2021-06-23T08:12:14+00:00","description":"Ein kurzer R\u00fcckblick auf das Bundesfinale des Franz von Zeiler Moot Courts aus Zivilrecht unter Beteiligung von CHG Czernich Rechtsanw\u00e4lte.","breadcrumb":{"@id":"https:\/\/www.chg.at\/en\/chg-team-beim-bundesfinale-des-moot-court-zivilrecht\/#breadcrumb"},"inLanguage":"en-US","potentialAction":[{"@type":"ReadAction","target":["https:\/\/www.chg.at\/en\/chg-team-beim-bundesfinale-des-moot-court-zivilrecht\/"]}]},{"@type":"BreadcrumbList","@id":"https:\/\/www.chg.at\/en\/chg-team-beim-bundesfinale-des-moot-court-zivilrecht\/#breadcrumb","itemListElement":[{"@type":"ListItem","position":1,"name":"Startseite","item":"https:\/\/www.chg.at\/en\/"},{"@type":"ListItem","position":2,"name":"CHG-Team beim Bundesfinale des Moot Court Zivilrecht"}]},{"@type":"WebSite","@id":"https:\/\/www.chg.at\/en\/#website","url":"https:\/\/www.chg.at\/en\/","name":"CHG Czernich Rechtsanw\u00e4lte \u2013 Wir bewegen Wirtschaft","description":"Wir sorgen f\u00fcr Klarheit, wenn es rechtlich kompliziert wird. In jeder Phase Ihrer Unternehmungen. Sie ergreifen die Chancen. Wir verwandeln Risiken in L\u00f6sungen.","publisher":{"@id":"https:\/\/www.chg.at\/en\/#organization"},"potentialAction":[{"@type":"SearchAction","target":{"@type":"EntryPoint","urlTemplate":"https:\/\/www.chg.at\/en\/?s={search_term_string}"},"query-input":"required name=search_term_string"}],"inLanguage":"en-US"},{"@type":"Organization","@id":"https:\/\/www.chg.at\/en\/#organization","name":"CHG Czernich Rechtsanw\u00e4lte","url":"https:\/\/www.chg.at\/en\/","sameAs":["https:\/\/www.linkedin.com\/company\/12773263\/admin\/dashboard\/"],"logo":{"@type":"ImageObject","inLanguage":"en-US","@id":"https:\/\/www.chg.at\/en\/#\/schema\/logo\/image\/","url":"https:\/\/www.chg.at\/wp-content\/uploads\/2016\/08\/CHG_logo_250_1.png","contentUrl":"https:\/\/www.chg.at\/wp-content\/uploads\/2016\/08\/CHG_logo_250_1.png","width":250,"height":33,"caption":"CHG Czernich Rechtsanw\u00e4lte"},"image":{"@id":"https:\/\/www.chg.at\/en\/#\/schema\/logo\/image\/"}},{"@type":"Person","@id":"https:\/\/www.chg.at\/en\/#\/schema\/person\/767a36d24c2ac329c1c5e1c10929e2b6","name":"Lorenz Held","sameAs":["https:\/\/www.chg.at"]}]}},"_links":{"self":[{"href":"https:\/\/www.chg.at\/en\/wp-json\/wp\/v2\/posts\/17103"}],"collection":[{"href":"https:\/\/www.chg.at\/en\/wp-json\/wp\/v2\/posts"}],"about":[{"href":"https:\/\/www.chg.at\/en\/wp-json\/wp\/v2\/types\/post"}],"author":[{"embeddable":true,"href":"https:\/\/www.chg.at\/en\/wp-json\/wp\/v2\/users\/10"}],"replies":[{"embeddable":true,"href":"https:\/\/www.chg.at\/en\/wp-json\/wp\/v2\/comments?post=17103"}],"version-history":[{"count":5,"href":"https:\/\/www.chg.at\/en\/wp-json\/wp\/v2\/posts\/17103\/revisions"}],"predecessor-version":[{"id":17118,"href":"https:\/\/www.chg.at\/en\/wp-json\/wp\/v2\/posts\/17103\/revisions\/17118"}],"wp:featuredmedia":[{"embeddable":true,"href":"https:\/\/www.chg.at\/en\/wp-json\/wp\/v2\/media\/17112"}],"wp:attachment":[{"href":"https:\/\/www.chg.at\/en\/wp-json\/wp\/v2\/media?parent=17103"}],"wp:term":[{"taxonomy":"category","embeddable":true,"href":"https:\/\/www.chg.at\/en\/wp-json\/wp\/v2\/categories?post=17103"},{"taxonomy":"post_tag","embeddable":true,"href":"https:\/\/www.chg.at\/en\/wp-json\/wp\/v2\/tags?post=17103"}],"curies":[{"name":"wp","href":"https:\/\/api.w.org\/{rel}","templated":true}]}}