{"id":17244,"date":"2021-07-29T12:44:59","date_gmt":"2021-07-29T10:44:59","guid":{"rendered":"https:\/\/www.chg.at\/?p=17244"},"modified":"2021-07-31T18:03:17","modified_gmt":"2021-07-31T16:03:17","slug":"clemens-handl-als-datenschutzbeauftragter-zertifiziert","status":"publish","type":"post","link":"https:\/\/www.chg.at\/en\/clemens-handl-als-datenschutzbeauftragter-zertifiziert\/","title":{"rendered":"Clemens Handl als Datenschutzbeauftragter zertifiziert"},"content":{"rendered":"<style type=\"text\/css\"> \n#cmsmasters_row_69f192d72016c4_27814565 .cmsmasters_row_outer_parent { \n\tpadding-top: 0px; \n} \n\n#cmsmasters_row_69f192d72016c4_27814565 .cmsmasters_row_outer_parent { \n\tpadding-bottom: 50px; \n} \n\n \n#cmsmasters_divider_69f192d7202cc6_09278472 { \n\tborder-bottom-width:1px; \n\tborder-bottom-style:solid; \n\tpadding-top:50px; \n\tmargin-bottom:50px; \n} \n \n#cmsmasters_row_69f192d72030e9_28384037 .cmsmasters_row_outer_parent { \n\tpadding-top: 0px; \n} \n\n#cmsmasters_row_69f192d72030e9_28384037 .cmsmasters_row_outer_parent { \n\tpadding-bottom: 50px; \n} \n\n\n#cmsmasters_button_69f192d720c211_19318089 { \n\ttext-align:center; \n} \n\n#cmsmasters_button_69f192d720c211_19318089 .cmsmasters_button:before { \n\tmargin-right:.5em; \n\tmargin-left:0; \n\tvertical-align:baseline; \n} \n\n#cmsmasters_button_69f192d720c211_19318089 .cmsmasters_button { \n\tfont-weight:normal; \n\tfont-style:normal; \n\tborder-style:solid; \n} \n#cmsmasters_button_69f192d720c211_19318089 .cmsmasters_button:hover { \n} \n<\/style><div id=\"cmsmasters_row_69f192d72016c4_27814565\" class=\"cmsmasters_row cmsmasters_color_scheme_default cmsmasters_row_top_default cmsmasters_row_bot_default cmsmasters_row_boxed\">\n<div class=\"cmsmasters_row_outer_parent\">\n<div class=\"cmsmasters_row_outer\">\n<div class=\"cmsmasters_row_inner\">\n<div class=\"cmsmasters_row_margin\">\n<div class=\"cmsmasters_column one_first\">\n<div class=\"cmsmasters_text\">\n<h1><span style=\"color: #d43555;\">Clemens Handl als Datenschutzbeauftragter zertifiziert<\/span><\/h1>\n<p>CHG-Anwalt <a href=\"https:\/\/www.chg.at\/profile\/clemens-handl\/\">Clemens Handl<\/a> ist Mitglied der Praxisgruppe Corporate\/M&amp;A und auf die Bereiche IT-Recht und Datenschutz spezialisiert. Die Spezialisierung im Datenschutzrecht wurde nun durch die International Association of Privacy Professionals mit Sitz in New Hampshire, USA best\u00e4tigt und Clemens Handl als Datenschutzbeauftragter (Certified Information Privacy Professional\/Europe, kurz \u201eCIPP\/E\u201c) zertifiziert. Die Zertifizierung ist international g\u00fcltig und best\u00e4tigt profundes Wissen im Bereich des Datenschutzes, insbesondere bei der Umsetzung der DSGVO in Unternehmen. Zur Aufrechterhaltung sind laufende Fortbildungen erforderlich.<\/p>\n<p>Nach der DSGVO sind Unternehmen verpflichtet, die Einhaltung der datenschutzrechtlichen Verpflichtungen auch nachweisen und belegen zu k\u00f6nnen. Dieser Nachweis kann unter anderem dadurch erbracht werden, dass Mitarbeiter des Unternehmens im Datenschutz geschult werden. F\u00fcr die Durchf\u00fchrung von Datenschutz-Workshops sowie f\u00fcr alle Fragen des Datenschutzrechts steht Ihnen Clemens Handl gerne zur Verf\u00fcgung.<\/p>\n<p><a href=\"https:\/\/www.chg.at\/profile\/clemens-handl\/\">Mag. Clemens Handl<\/a> ist Rechtsanwalt und Partner bei CHG-Czernich Rechtsanw\u00e4lte.<\/p>\n<\/div>\n\n<div id=\"cmsmasters_divider_69f192d7202cc6_09278472\" class=\"cmsmasters_divider cmsmasters_divider_width_long cmsmasters_divider_pos_center\"><\/div>\n<\/div>\n<\/div>\n<\/div>\n<\/div>\n<\/div>\n<\/div>\n<div id=\"cmsmasters_row_69f192d72030e9_28384037\" class=\"cmsmasters_row cmsmasters_color_scheme_default cmsmasters_row_top_default cmsmasters_row_bot_default cmsmasters_row_boxed\">\n<div class=\"cmsmasters_row_outer_parent\">\n<div class=\"cmsmasters_row_outer\">\n<div class=\"cmsmasters_row_inner\">\n<div class=\"cmsmasters_row_margin\">\n<div class=\"cmsmasters_column one_half\">\n<div class=\"cmsmasters_img  cmsmasters_image_n with_caption\">\n<img src=\"https:\/\/www.chg.at\/wp-content\/uploads\/2016\/01\/CHG-Rechtsanwaelte-Clemens-Handl-thumbnail.jpg\" \/>\n<p class=\"cmsmasters_img_caption\">Mag. Clemens Handl<\/p><\/div>\n\n<div id=\"cmsmasters_button_69f192d720c211_19318089\" class=\"button_wrap\"><a href=\"https:\/\/www.chg.at\/profile\/clemens-handl\/\" class=\"ripple cmsmasters_button\"><span>zum Profil<\/span><\/a><\/div>\n<\/div>\n<div class=\"cmsmasters_column one_half\">\n<\/div>\n<\/div>\n<\/div>\n<\/div>\n<\/div>\n<\/div>\n\n","protected":false},"excerpt":{"rendered":"<p>Herzliche Gratulation zur Zertifizierung als Datenschutzbeauftragter.<\/p>\n","protected":false},"author":10,"featured_media":10605,"comment_status":"closed","ping_status":"open","sticky":false,"template":"","format":"image","meta":{"inline_featured_image":false},"categories":[8,58,57,9,62],"tags":[],"yoast_head":"<!-- This site is optimized with the Yoast SEO plugin v19.8 - https:\/\/yoast.com\/wordpress\/plugins\/seo\/ -->\n<title>Clemens Handl als Datenschutzbeauftragter zertifiziert<\/title>\n<meta name=\"description\" content=\"CHG Czernich Rechtsanw\u00e4lte gratuliert Rechtsanwalt Mag. Clemens Handl zur Zertifizierung als Datenschutzbeauftragter.\" \/>\n<meta name=\"robots\" content=\"index, follow, max-snippet:-1, max-image-preview:large, max-video-preview:-1\" \/>\n<link rel=\"canonical\" href=\"https:\/\/www.chg.at\/en\/clemens-handl-als-datenschutzbeauftragter-zertifiziert\/\" \/>\n<meta property=\"og:locale\" content=\"en_US\" \/>\n<meta property=\"og:type\" content=\"article\" \/>\n<meta property=\"og:title\" content=\"CHG\" \/>\n<meta property=\"og:description\" content=\"CHG\" \/>\n<meta property=\"og:url\" content=\"https:\/\/www.chg.at\/en\/clemens-handl-als-datenschutzbeauftragter-zertifiziert\/\" \/>\n<meta property=\"og:site_name\" content=\"CHG Czernich Rechtsanw\u00e4lte \u2013 Wir bewegen Wirtschaft\" \/>\n<meta property=\"article:published_time\" content=\"2021-07-29T10:44:59+00:00\" \/>\n<meta property=\"article:modified_time\" content=\"2021-07-31T16:03:17+00:00\" \/>\n<meta property=\"og:image\" content=\"https:\/\/www.chg.at\/wp-content\/uploads\/2016\/01\/CHG-Rechtsanwaelte-Clemens-Handl-Portrait.jpg\" \/>\n\t<meta property=\"og:image:width\" content=\"1160\" \/>\n\t<meta property=\"og:image:height\" content=\"700\" \/>\n\t<meta property=\"og:image:type\" content=\"image\/jpeg\" \/>\n<meta name=\"author\" content=\"Lorenz Held\" \/>\n<meta name=\"twitter:card\" content=\"summary_large_image\" \/>\n<meta name=\"twitter:label1\" content=\"Written by\" \/>\n\t<meta name=\"twitter:data1\" content=\"Lorenz Held\" \/>\n\t<meta name=\"twitter:label2\" content=\"Est. reading time\" \/>\n\t<meta name=\"twitter:data2\" content=\"2 minutes\" \/>\n<script type=\"application\/ld+json\" class=\"yoast-schema-graph\">{\"@context\":\"https:\/\/schema.org\",\"@graph\":[{\"@type\":\"Article\",\"@id\":\"https:\/\/www.chg.at\/en\/clemens-handl-als-datenschutzbeauftragter-zertifiziert\/#article\",\"isPartOf\":{\"@id\":\"https:\/\/www.chg.at\/en\/clemens-handl-als-datenschutzbeauftragter-zertifiziert\/\"},\"author\":{\"name\":\"Lorenz Held\",\"@id\":\"https:\/\/www.chg.at\/en\/#\/schema\/person\/767a36d24c2ac329c1c5e1c10929e2b6\"},\"headline\":\"Clemens Handl als Datenschutzbeauftragter zertifiziert\",\"datePublished\":\"2021-07-29T10:44:59+00:00\",\"dateModified\":\"2021-07-31T16:03:17+00:00\",\"mainEntityOfPage\":{\"@id\":\"https:\/\/www.chg.at\/en\/clemens-handl-als-datenschutzbeauftragter-zertifiziert\/\"},\"wordCount\":347,\"publisher\":{\"@id\":\"https:\/\/www.chg.at\/en\/#organization\"},\"articleSection\":[\"CHG News\",\"Datenschutz\",\"DSGVO\",\"Kanzlei\",\"Karriere\"],\"inLanguage\":\"en-US\"},{\"@type\":\"WebPage\",\"@id\":\"https:\/\/www.chg.at\/en\/clemens-handl-als-datenschutzbeauftragter-zertifiziert\/\",\"url\":\"https:\/\/www.chg.at\/en\/clemens-handl-als-datenschutzbeauftragter-zertifiziert\/\",\"name\":\"Clemens Handl als Datenschutzbeauftragter zertifiziert\",\"isPartOf\":{\"@id\":\"https:\/\/www.chg.at\/en\/#website\"},\"datePublished\":\"2021-07-29T10:44:59+00:00\",\"dateModified\":\"2021-07-31T16:03:17+00:00\",\"description\":\"CHG Czernich Rechtsanw\u00e4lte gratuliert Rechtsanwalt Mag. Clemens Handl zur Zertifizierung als Datenschutzbeauftragter.\",\"breadcrumb\":{\"@id\":\"https:\/\/www.chg.at\/en\/clemens-handl-als-datenschutzbeauftragter-zertifiziert\/#breadcrumb\"},\"inLanguage\":\"en-US\",\"potentialAction\":[{\"@type\":\"ReadAction\",\"target\":[\"https:\/\/www.chg.at\/en\/clemens-handl-als-datenschutzbeauftragter-zertifiziert\/\"]}]},{\"@type\":\"BreadcrumbList\",\"@id\":\"https:\/\/www.chg.at\/en\/clemens-handl-als-datenschutzbeauftragter-zertifiziert\/#breadcrumb\",\"itemListElement\":[{\"@type\":\"ListItem\",\"position\":1,\"name\":\"Startseite\",\"item\":\"https:\/\/www.chg.at\/en\/\"},{\"@type\":\"ListItem\",\"position\":2,\"name\":\"Clemens Handl als Datenschutzbeauftragter zertifiziert\"}]},{\"@type\":\"WebSite\",\"@id\":\"https:\/\/www.chg.at\/en\/#website\",\"url\":\"https:\/\/www.chg.at\/en\/\",\"name\":\"CHG Czernich Rechtsanw\u00e4lte \u2013 Wir bewegen Wirtschaft\",\"description\":\"Wir sorgen f\u00fcr Klarheit, wenn es rechtlich kompliziert wird. In jeder Phase Ihrer Unternehmungen. Sie ergreifen die Chancen. Wir verwandeln Risiken in L\u00f6sungen.\",\"publisher\":{\"@id\":\"https:\/\/www.chg.at\/en\/#organization\"},\"potentialAction\":[{\"@type\":\"SearchAction\",\"target\":{\"@type\":\"EntryPoint\",\"urlTemplate\":\"https:\/\/www.chg.at\/en\/?s={search_term_string}\"},\"query-input\":\"required name=search_term_string\"}],\"inLanguage\":\"en-US\"},{\"@type\":\"Organization\",\"@id\":\"https:\/\/www.chg.at\/en\/#organization\",\"name\":\"CHG Czernich Rechtsanw\u00e4lte\",\"url\":\"https:\/\/www.chg.at\/en\/\",\"sameAs\":[\"https:\/\/www.linkedin.com\/company\/12773263\/admin\/dashboard\/\"],\"logo\":{\"@type\":\"ImageObject\",\"inLanguage\":\"en-US\",\"@id\":\"https:\/\/www.chg.at\/en\/#\/schema\/logo\/image\/\",\"url\":\"https:\/\/www.chg.at\/wp-content\/uploads\/2016\/08\/CHG_logo_250_1.png\",\"contentUrl\":\"https:\/\/www.chg.at\/wp-content\/uploads\/2016\/08\/CHG_logo_250_1.png\",\"width\":250,\"height\":33,\"caption\":\"CHG Czernich Rechtsanw\u00e4lte\"},\"image\":{\"@id\":\"https:\/\/www.chg.at\/en\/#\/schema\/logo\/image\/\"}},{\"@type\":\"Person\",\"@id\":\"https:\/\/www.chg.at\/en\/#\/schema\/person\/767a36d24c2ac329c1c5e1c10929e2b6\",\"name\":\"Lorenz Held\",\"sameAs\":[\"https:\/\/www.chg.at\"]}]}<\/script>\n<!-- \/ Yoast SEO plugin. -->","yoast_head_json":{"title":"Clemens Handl als Datenschutzbeauftragter zertifiziert","description":"CHG Czernich Rechtsanw\u00e4lte gratuliert Rechtsanwalt Mag. Clemens Handl zur Zertifizierung als Datenschutzbeauftragter.","robots":{"index":"index","follow":"follow","max-snippet":"max-snippet:-1","max-image-preview":"max-image-preview:large","max-video-preview":"max-video-preview:-1"},"canonical":"https:\/\/www.chg.at\/en\/clemens-handl-als-datenschutzbeauftragter-zertifiziert\/","og_locale":"en_US","og_type":"article","og_title":"CHG","og_description":"CHG","og_url":"https:\/\/www.chg.at\/en\/clemens-handl-als-datenschutzbeauftragter-zertifiziert\/","og_site_name":"CHG Czernich Rechtsanw\u00e4lte \u2013 Wir bewegen Wirtschaft","article_published_time":"2021-07-29T10:44:59+00:00","article_modified_time":"2021-07-31T16:03:17+00:00","og_image":[{"width":1160,"height":700,"url":"https:\/\/www.chg.at\/wp-content\/uploads\/2016\/01\/CHG-Rechtsanwaelte-Clemens-Handl-Portrait.jpg","type":"image\/jpeg"}],"author":"Lorenz Held","twitter_card":"summary_large_image","twitter_misc":{"Written by":"Lorenz Held","Est. reading time":"2 minutes"},"schema":{"@context":"https:\/\/schema.org","@graph":[{"@type":"Article","@id":"https:\/\/www.chg.at\/en\/clemens-handl-als-datenschutzbeauftragter-zertifiziert\/#article","isPartOf":{"@id":"https:\/\/www.chg.at\/en\/clemens-handl-als-datenschutzbeauftragter-zertifiziert\/"},"author":{"name":"Lorenz Held","@id":"https:\/\/www.chg.at\/en\/#\/schema\/person\/767a36d24c2ac329c1c5e1c10929e2b6"},"headline":"Clemens Handl als Datenschutzbeauftragter zertifiziert","datePublished":"2021-07-29T10:44:59+00:00","dateModified":"2021-07-31T16:03:17+00:00","mainEntityOfPage":{"@id":"https:\/\/www.chg.at\/en\/clemens-handl-als-datenschutzbeauftragter-zertifiziert\/"},"wordCount":347,"publisher":{"@id":"https:\/\/www.chg.at\/en\/#organization"},"articleSection":["CHG News","Datenschutz","DSGVO","Kanzlei","Karriere"],"inLanguage":"en-US"},{"@type":"WebPage","@id":"https:\/\/www.chg.at\/en\/clemens-handl-als-datenschutzbeauftragter-zertifiziert\/","url":"https:\/\/www.chg.at\/en\/clemens-handl-als-datenschutzbeauftragter-zertifiziert\/","name":"Clemens Handl als Datenschutzbeauftragter zertifiziert","isPartOf":{"@id":"https:\/\/www.chg.at\/en\/#website"},"datePublished":"2021-07-29T10:44:59+00:00","dateModified":"2021-07-31T16:03:17+00:00","description":"CHG Czernich Rechtsanw\u00e4lte gratuliert Rechtsanwalt Mag. Clemens Handl zur Zertifizierung als Datenschutzbeauftragter.","breadcrumb":{"@id":"https:\/\/www.chg.at\/en\/clemens-handl-als-datenschutzbeauftragter-zertifiziert\/#breadcrumb"},"inLanguage":"en-US","potentialAction":[{"@type":"ReadAction","target":["https:\/\/www.chg.at\/en\/clemens-handl-als-datenschutzbeauftragter-zertifiziert\/"]}]},{"@type":"BreadcrumbList","@id":"https:\/\/www.chg.at\/en\/clemens-handl-als-datenschutzbeauftragter-zertifiziert\/#breadcrumb","itemListElement":[{"@type":"ListItem","position":1,"name":"Startseite","item":"https:\/\/www.chg.at\/en\/"},{"@type":"ListItem","position":2,"name":"Clemens Handl als Datenschutzbeauftragter zertifiziert"}]},{"@type":"WebSite","@id":"https:\/\/www.chg.at\/en\/#website","url":"https:\/\/www.chg.at\/en\/","name":"CHG Czernich Rechtsanw\u00e4lte \u2013 Wir bewegen Wirtschaft","description":"Wir sorgen f\u00fcr Klarheit, wenn es rechtlich kompliziert wird. In jeder Phase Ihrer Unternehmungen. Sie ergreifen die Chancen. Wir verwandeln Risiken in L\u00f6sungen.","publisher":{"@id":"https:\/\/www.chg.at\/en\/#organization"},"potentialAction":[{"@type":"SearchAction","target":{"@type":"EntryPoint","urlTemplate":"https:\/\/www.chg.at\/en\/?s={search_term_string}"},"query-input":"required name=search_term_string"}],"inLanguage":"en-US"},{"@type":"Organization","@id":"https:\/\/www.chg.at\/en\/#organization","name":"CHG Czernich Rechtsanw\u00e4lte","url":"https:\/\/www.chg.at\/en\/","sameAs":["https:\/\/www.linkedin.com\/company\/12773263\/admin\/dashboard\/"],"logo":{"@type":"ImageObject","inLanguage":"en-US","@id":"https:\/\/www.chg.at\/en\/#\/schema\/logo\/image\/","url":"https:\/\/www.chg.at\/wp-content\/uploads\/2016\/08\/CHG_logo_250_1.png","contentUrl":"https:\/\/www.chg.at\/wp-content\/uploads\/2016\/08\/CHG_logo_250_1.png","width":250,"height":33,"caption":"CHG Czernich Rechtsanw\u00e4lte"},"image":{"@id":"https:\/\/www.chg.at\/en\/#\/schema\/logo\/image\/"}},{"@type":"Person","@id":"https:\/\/www.chg.at\/en\/#\/schema\/person\/767a36d24c2ac329c1c5e1c10929e2b6","name":"Lorenz Held","sameAs":["https:\/\/www.chg.at"]}]}},"_links":{"self":[{"href":"https:\/\/www.chg.at\/en\/wp-json\/wp\/v2\/posts\/17244"}],"collection":[{"href":"https:\/\/www.chg.at\/en\/wp-json\/wp\/v2\/posts"}],"about":[{"href":"https:\/\/www.chg.at\/en\/wp-json\/wp\/v2\/types\/post"}],"author":[{"embeddable":true,"href":"https:\/\/www.chg.at\/en\/wp-json\/wp\/v2\/users\/10"}],"replies":[{"embeddable":true,"href":"https:\/\/www.chg.at\/en\/wp-json\/wp\/v2\/comments?post=17244"}],"version-history":[{"count":4,"href":"https:\/\/www.chg.at\/en\/wp-json\/wp\/v2\/posts\/17244\/revisions"}],"predecessor-version":[{"id":17263,"href":"https:\/\/www.chg.at\/en\/wp-json\/wp\/v2\/posts\/17244\/revisions\/17263"}],"wp:featuredmedia":[{"embeddable":true,"href":"https:\/\/www.chg.at\/en\/wp-json\/wp\/v2\/media\/10605"}],"wp:attachment":[{"href":"https:\/\/www.chg.at\/en\/wp-json\/wp\/v2\/media?parent=17244"}],"wp:term":[{"taxonomy":"category","embeddable":true,"href":"https:\/\/www.chg.at\/en\/wp-json\/wp\/v2\/categories?post=17244"},{"taxonomy":"post_tag","embeddable":true,"href":"https:\/\/www.chg.at\/en\/wp-json\/wp\/v2\/tags?post=17244"}],"curies":[{"name":"wp","href":"https:\/\/api.w.org\/{rel}","templated":true}]}}