{"id":17352,"date":"2021-08-31T07:56:01","date_gmt":"2021-08-31T05:56:01","guid":{"rendered":"https:\/\/www.chg.at\/?p=17352"},"modified":"2021-08-31T10:30:34","modified_gmt":"2021-08-31T08:30:34","slug":"stellenausschreibung-rechtsanwaltsanwaerter-in-2","status":"publish","type":"post","link":"https:\/\/www.chg.at\/en\/stellenausschreibung-rechtsanwaltsanwaerter-in-2\/","title":{"rendered":"Stellenausschreibung: Rechtsanwaltsanw\u00e4rter\/in"},"content":{"rendered":"<style type=\"text\/css\"> \n#cmsmasters_row_69f1a19b7bb9e0_27361160 .cmsmasters_row_outer_parent { \n\tpadding-top: 0px; \n} \n\n#cmsmasters_row_69f1a19b7bb9e0_27361160 .cmsmasters_row_outer_parent { \n\tpadding-bottom: 50px; \n} \n\n<\/style><div id=\"cmsmasters_row_69f1a19b7bb9e0_27361160\" class=\"cmsmasters_row cmsmasters_color_scheme_default cmsmasters_row_top_default cmsmasters_row_bot_default cmsmasters_row_boxed\">\n<div class=\"cmsmasters_row_outer_parent\">\n<div class=\"cmsmasters_row_outer\">\n<div class=\"cmsmasters_row_inner\">\n<div class=\"cmsmasters_row_margin\">\n<div class=\"cmsmasters_column one_first\">\n<div class=\"cmsmasters_text\">\n<h1 style=\"text-align: left;\">Rechtsanwaltsanw\u00e4rter\/in<\/h1>\n<h3 style=\"text-align: left;\"><span style=\"color: #d43555;\">Stellenausschreibung<br \/>\n<\/span><\/h3>\n<p><span lang=\"DE-AT\">Wir sind eine\u00a0 f\u00fchrende, auf Wirtschaftsrecht spezialisierte Rechtsanwaltskanzlei in West\u00f6sterreich. Wir suchen eine\/n<br \/>\n<\/span><\/p>\n<h1 style=\"text-align: left;\"><span style=\"color: #d43555;\">Rechtsanwaltsanw\u00e4rter\/in<\/span><\/h1>\n<p><span lang=\"DE-AT\">f\u00fcr unsere <a href=\"https:\/\/www.chg.at\/praxisgruppe-oeffentliches-wirtschaftsrecht-und-vergaberecht\/\">Praxisgruppe \u00f6ffentliches Wirtschaftsrecht\/Vergaberecht<\/a> und\/oder unsere <a href=\"https:\/\/www.chg.at\/praxisgruppe-immobilienrecht\/\">Praxisgruppe Immobilienrecht<\/a>. In der Praxisgruppe \u00f6ffentliches Wirtschaftsrecht\/Vergaberecht liegt der Schwerpunkt beim Verfassen von Ausschreibungsunterlagen in unterschiedlichen Sparten, der Durchf\u00fchrung von Vergabeverfahren f\u00fcr \u00f6ffentliche Auftraggeber, dem Verfassen von Vertr\u00e4gen und Gutachten sowie der Durchf\u00fchrung von Vergabenachpr\u00fcfungsverfahren vor den Vergabekontrollbeh\u00f6rden. In der Praxisgruppe Immobilienrecht liegt der Schwerpunkt beim Verfassen und Abwickeln von Bautr\u00e4gervertr\u00e4gen, Immobilienkaufvertr\u00e4gen und bei streitigen Auseinandersetzungen im Zusammenhang mit Immobilienvergtr\u00e4gen. Die Ausbildung zur Rechtsanw\u00e4ltin \/ zum Rechtsanwalt wird durch T\u00e4tigkeiten in anderen Rechtsgebieten gew\u00e4hrleistet.<\/span><\/p>\n<p><span lang=\"DE-AT\">Wir bieten eine leistungsgerechte Entlohnung (Mindestgehalt EUR 2.350,- brutto p.m., je nach Qualifikation, \u00dcbernahme der Pensionszahlungen f\u00fcr die TRAK und der Seminare), laufende Fortbildungsm\u00f6glichkeiten und die Perspektive f\u00fcr eine langfristige Zusammenarbeit in einem motivierten Team.<\/span><\/p>\n<p>Wir wenden uns an junge Pers\u00f6nlichkeiten, die Interessa an herausfordernden Beratungen anspruchsvoller MandantInnen im Wirtschaftsrecht haben. Neben einem hervorragenden Betriebsklima bieten wir die M\u00f6glichkeit zur Teamarbeit.<\/p>\n<p>Wir freuen uns auf Ihre Bewerbung an<br \/>\n<strong>CHG Czernich Haidlen Gast &amp; Partner Rechtsanw\u00e4lte GmbH<\/strong><br \/>\nHerrn Rechtsanwalt Dr. G\u00fcnther Gast,<br \/>\nBoznerplatz 4, 6020 Innsbruck<br \/>\n<a href=\"mailto:innsbruck@chg.at\"><span lang=\"DE-AT\">gast@chg.at<\/span><\/a><\/p>\n<p>&nbsp;<\/p>\n<p><a href=\"https:\/\/www.chg.at\/wp-content\/uploads\/2021\/08\/CHG-sucht-KonzipientIn-2021-09.pdf\">Stellenausschreibung als PDF<\/a><\/p>\n<\/div>\n<\/div>\n<\/div>\n<\/div>\n<\/div>\n<\/div>\n<\/div>\n\n","protected":false},"excerpt":{"rendered":"<p>Wir suchen eine\/n Rechtsanwaltsanw\u00e4rter\/in f\u00fcr unsere Praxisgruppe \u00f6ffentliches Wirtschaftsrecht\/Vergaberecht und\/oder Immobilienrecht<\/p>\n","protected":false},"author":3,"featured_media":11286,"comment_status":"closed","ping_status":"open","sticky":false,"template":"","format":"image","meta":{"inline_featured_image":false},"categories":[8,62],"tags":[],"yoast_head":"<!-- This site is optimized with the Yoast SEO plugin v19.8 - https:\/\/yoast.com\/wordpress\/plugins\/seo\/ -->\n<title>Stellenausschreibung: CHG sucht Rechtsanwaltsanw\u00e4rter\/in<\/title>\n<meta name=\"description\" content=\"Wir suchen eine\/n Rechtsanwaltsanw\u00e4rter\/in f\u00fcr unsere Praxisgruppe \u00f6ffentliches Wirtschaftsrecht\/Vergaberecht und\/oder Immobilienrecht\" \/>\n<meta name=\"robots\" content=\"index, follow, max-snippet:-1, max-image-preview:large, max-video-preview:-1\" \/>\n<link rel=\"canonical\" href=\"https:\/\/www.chg.at\/en\/stellenausschreibung-rechtsanwaltsanwaerter-in-2\/\" \/>\n<meta property=\"og:locale\" content=\"en_US\" \/>\n<meta property=\"og:type\" content=\"article\" \/>\n<meta property=\"og:title\" content=\"CHG\" \/>\n<meta property=\"og:description\" content=\"CHG\" \/>\n<meta property=\"og:url\" content=\"https:\/\/www.chg.at\/en\/stellenausschreibung-rechtsanwaltsanwaerter-in-2\/\" \/>\n<meta property=\"og:site_name\" content=\"CHG Czernich Rechtsanw\u00e4lte \u2013 Wir bewegen Wirtschaft\" \/>\n<meta property=\"article:published_time\" content=\"2021-08-31T05:56:01+00:00\" \/>\n<meta property=\"article:modified_time\" content=\"2021-08-31T08:30:34+00:00\" \/>\n<meta property=\"og:image\" content=\"https:\/\/www.chg.at\/wp-content\/uploads\/2019\/12\/chg-stellenanzeige-1160x580px-2.jpg\" \/>\n\t<meta property=\"og:image:width\" content=\"1160\" \/>\n\t<meta property=\"og:image:height\" content=\"580\" \/>\n\t<meta property=\"og:image:type\" content=\"image\/jpeg\" \/>\n<meta name=\"author\" content=\"Diana B\u00f6hme\" \/>\n<meta name=\"twitter:card\" content=\"summary_large_image\" \/>\n<meta name=\"twitter:label1\" content=\"Written by\" \/>\n\t<meta name=\"twitter:data1\" content=\"Diana B\u00f6hme\" \/>\n\t<meta name=\"twitter:label2\" content=\"Est. reading time\" \/>\n\t<meta name=\"twitter:data2\" content=\"1 minute\" \/>\n<script type=\"application\/ld+json\" class=\"yoast-schema-graph\">{\"@context\":\"https:\/\/schema.org\",\"@graph\":[{\"@type\":\"Article\",\"@id\":\"https:\/\/www.chg.at\/en\/stellenausschreibung-rechtsanwaltsanwaerter-in-2\/#article\",\"isPartOf\":{\"@id\":\"https:\/\/www.chg.at\/en\/stellenausschreibung-rechtsanwaltsanwaerter-in-2\/\"},\"author\":{\"name\":\"Diana B\u00f6hme\",\"@id\":\"https:\/\/www.chg.at\/en\/#\/schema\/person\/b3b2cd248a314cf8acc3db22217f03b4\"},\"headline\":\"Stellenausschreibung: Rechtsanwaltsanw\u00e4rter\/in\",\"datePublished\":\"2021-08-31T05:56:01+00:00\",\"dateModified\":\"2021-08-31T08:30:34+00:00\",\"mainEntityOfPage\":{\"@id\":\"https:\/\/www.chg.at\/en\/stellenausschreibung-rechtsanwaltsanwaerter-in-2\/\"},\"wordCount\":277,\"publisher\":{\"@id\":\"https:\/\/www.chg.at\/en\/#organization\"},\"articleSection\":[\"CHG News\",\"Karriere\"],\"inLanguage\":\"en-US\"},{\"@type\":\"WebPage\",\"@id\":\"https:\/\/www.chg.at\/en\/stellenausschreibung-rechtsanwaltsanwaerter-in-2\/\",\"url\":\"https:\/\/www.chg.at\/en\/stellenausschreibung-rechtsanwaltsanwaerter-in-2\/\",\"name\":\"Stellenausschreibung: CHG sucht Rechtsanwaltsanw\u00e4rter\/in\",\"isPartOf\":{\"@id\":\"https:\/\/www.chg.at\/en\/#website\"},\"datePublished\":\"2021-08-31T05:56:01+00:00\",\"dateModified\":\"2021-08-31T08:30:34+00:00\",\"description\":\"Wir suchen eine\/n Rechtsanwaltsanw\u00e4rter\/in f\u00fcr unsere Praxisgruppe \u00f6ffentliches Wirtschaftsrecht\/Vergaberecht und\/oder Immobilienrecht\",\"breadcrumb\":{\"@id\":\"https:\/\/www.chg.at\/en\/stellenausschreibung-rechtsanwaltsanwaerter-in-2\/#breadcrumb\"},\"inLanguage\":\"en-US\",\"potentialAction\":[{\"@type\":\"ReadAction\",\"target\":[\"https:\/\/www.chg.at\/en\/stellenausschreibung-rechtsanwaltsanwaerter-in-2\/\"]}]},{\"@type\":\"BreadcrumbList\",\"@id\":\"https:\/\/www.chg.at\/en\/stellenausschreibung-rechtsanwaltsanwaerter-in-2\/#breadcrumb\",\"itemListElement\":[{\"@type\":\"ListItem\",\"position\":1,\"name\":\"Startseite\",\"item\":\"https:\/\/www.chg.at\/en\/\"},{\"@type\":\"ListItem\",\"position\":2,\"name\":\"Stellenausschreibung: Rechtsanwaltsanw\u00e4rter\/in\"}]},{\"@type\":\"WebSite\",\"@id\":\"https:\/\/www.chg.at\/en\/#website\",\"url\":\"https:\/\/www.chg.at\/en\/\",\"name\":\"CHG Czernich Rechtsanw\u00e4lte \u2013 Wir bewegen Wirtschaft\",\"description\":\"Wir sorgen f\u00fcr Klarheit, wenn es rechtlich kompliziert wird. In jeder Phase Ihrer Unternehmungen. Sie ergreifen die Chancen. Wir verwandeln Risiken in L\u00f6sungen.\",\"publisher\":{\"@id\":\"https:\/\/www.chg.at\/en\/#organization\"},\"potentialAction\":[{\"@type\":\"SearchAction\",\"target\":{\"@type\":\"EntryPoint\",\"urlTemplate\":\"https:\/\/www.chg.at\/en\/?s={search_term_string}\"},\"query-input\":\"required name=search_term_string\"}],\"inLanguage\":\"en-US\"},{\"@type\":\"Organization\",\"@id\":\"https:\/\/www.chg.at\/en\/#organization\",\"name\":\"CHG Czernich Rechtsanw\u00e4lte\",\"url\":\"https:\/\/www.chg.at\/en\/\",\"sameAs\":[\"https:\/\/www.linkedin.com\/company\/12773263\/admin\/dashboard\/\"],\"logo\":{\"@type\":\"ImageObject\",\"inLanguage\":\"en-US\",\"@id\":\"https:\/\/www.chg.at\/en\/#\/schema\/logo\/image\/\",\"url\":\"https:\/\/www.chg.at\/wp-content\/uploads\/2016\/08\/CHG_logo_250_1.png\",\"contentUrl\":\"https:\/\/www.chg.at\/wp-content\/uploads\/2016\/08\/CHG_logo_250_1.png\",\"width\":250,\"height\":33,\"caption\":\"CHG Czernich Rechtsanw\u00e4lte\"},\"image\":{\"@id\":\"https:\/\/www.chg.at\/en\/#\/schema\/logo\/image\/\"}},{\"@type\":\"Person\",\"@id\":\"https:\/\/www.chg.at\/en\/#\/schema\/person\/b3b2cd248a314cf8acc3db22217f03b4\",\"name\":\"Diana B\u00f6hme\"}]}<\/script>\n<!-- \/ Yoast SEO plugin. -->","yoast_head_json":{"title":"Stellenausschreibung: CHG sucht Rechtsanwaltsanw\u00e4rter\/in","description":"Wir suchen eine\/n Rechtsanwaltsanw\u00e4rter\/in f\u00fcr unsere Praxisgruppe \u00f6ffentliches Wirtschaftsrecht\/Vergaberecht und\/oder Immobilienrecht","robots":{"index":"index","follow":"follow","max-snippet":"max-snippet:-1","max-image-preview":"max-image-preview:large","max-video-preview":"max-video-preview:-1"},"canonical":"https:\/\/www.chg.at\/en\/stellenausschreibung-rechtsanwaltsanwaerter-in-2\/","og_locale":"en_US","og_type":"article","og_title":"CHG","og_description":"CHG","og_url":"https:\/\/www.chg.at\/en\/stellenausschreibung-rechtsanwaltsanwaerter-in-2\/","og_site_name":"CHG Czernich Rechtsanw\u00e4lte \u2013 Wir bewegen Wirtschaft","article_published_time":"2021-08-31T05:56:01+00:00","article_modified_time":"2021-08-31T08:30:34+00:00","og_image":[{"width":1160,"height":580,"url":"https:\/\/www.chg.at\/wp-content\/uploads\/2019\/12\/chg-stellenanzeige-1160x580px-2.jpg","type":"image\/jpeg"}],"author":"Diana B\u00f6hme","twitter_card":"summary_large_image","twitter_misc":{"Written by":"Diana B\u00f6hme","Est. reading time":"1 minute"},"schema":{"@context":"https:\/\/schema.org","@graph":[{"@type":"Article","@id":"https:\/\/www.chg.at\/en\/stellenausschreibung-rechtsanwaltsanwaerter-in-2\/#article","isPartOf":{"@id":"https:\/\/www.chg.at\/en\/stellenausschreibung-rechtsanwaltsanwaerter-in-2\/"},"author":{"name":"Diana B\u00f6hme","@id":"https:\/\/www.chg.at\/en\/#\/schema\/person\/b3b2cd248a314cf8acc3db22217f03b4"},"headline":"Stellenausschreibung: Rechtsanwaltsanw\u00e4rter\/in","datePublished":"2021-08-31T05:56:01+00:00","dateModified":"2021-08-31T08:30:34+00:00","mainEntityOfPage":{"@id":"https:\/\/www.chg.at\/en\/stellenausschreibung-rechtsanwaltsanwaerter-in-2\/"},"wordCount":277,"publisher":{"@id":"https:\/\/www.chg.at\/en\/#organization"},"articleSection":["CHG News","Karriere"],"inLanguage":"en-US"},{"@type":"WebPage","@id":"https:\/\/www.chg.at\/en\/stellenausschreibung-rechtsanwaltsanwaerter-in-2\/","url":"https:\/\/www.chg.at\/en\/stellenausschreibung-rechtsanwaltsanwaerter-in-2\/","name":"Stellenausschreibung: CHG sucht Rechtsanwaltsanw\u00e4rter\/in","isPartOf":{"@id":"https:\/\/www.chg.at\/en\/#website"},"datePublished":"2021-08-31T05:56:01+00:00","dateModified":"2021-08-31T08:30:34+00:00","description":"Wir suchen eine\/n Rechtsanwaltsanw\u00e4rter\/in f\u00fcr unsere Praxisgruppe \u00f6ffentliches Wirtschaftsrecht\/Vergaberecht und\/oder Immobilienrecht","breadcrumb":{"@id":"https:\/\/www.chg.at\/en\/stellenausschreibung-rechtsanwaltsanwaerter-in-2\/#breadcrumb"},"inLanguage":"en-US","potentialAction":[{"@type":"ReadAction","target":["https:\/\/www.chg.at\/en\/stellenausschreibung-rechtsanwaltsanwaerter-in-2\/"]}]},{"@type":"BreadcrumbList","@id":"https:\/\/www.chg.at\/en\/stellenausschreibung-rechtsanwaltsanwaerter-in-2\/#breadcrumb","itemListElement":[{"@type":"ListItem","position":1,"name":"Startseite","item":"https:\/\/www.chg.at\/en\/"},{"@type":"ListItem","position":2,"name":"Stellenausschreibung: Rechtsanwaltsanw\u00e4rter\/in"}]},{"@type":"WebSite","@id":"https:\/\/www.chg.at\/en\/#website","url":"https:\/\/www.chg.at\/en\/","name":"CHG Czernich Rechtsanw\u00e4lte \u2013 Wir bewegen Wirtschaft","description":"Wir sorgen f\u00fcr Klarheit, wenn es rechtlich kompliziert wird. In jeder Phase Ihrer Unternehmungen. Sie ergreifen die Chancen. Wir verwandeln Risiken in L\u00f6sungen.","publisher":{"@id":"https:\/\/www.chg.at\/en\/#organization"},"potentialAction":[{"@type":"SearchAction","target":{"@type":"EntryPoint","urlTemplate":"https:\/\/www.chg.at\/en\/?s={search_term_string}"},"query-input":"required name=search_term_string"}],"inLanguage":"en-US"},{"@type":"Organization","@id":"https:\/\/www.chg.at\/en\/#organization","name":"CHG Czernich Rechtsanw\u00e4lte","url":"https:\/\/www.chg.at\/en\/","sameAs":["https:\/\/www.linkedin.com\/company\/12773263\/admin\/dashboard\/"],"logo":{"@type":"ImageObject","inLanguage":"en-US","@id":"https:\/\/www.chg.at\/en\/#\/schema\/logo\/image\/","url":"https:\/\/www.chg.at\/wp-content\/uploads\/2016\/08\/CHG_logo_250_1.png","contentUrl":"https:\/\/www.chg.at\/wp-content\/uploads\/2016\/08\/CHG_logo_250_1.png","width":250,"height":33,"caption":"CHG Czernich Rechtsanw\u00e4lte"},"image":{"@id":"https:\/\/www.chg.at\/en\/#\/schema\/logo\/image\/"}},{"@type":"Person","@id":"https:\/\/www.chg.at\/en\/#\/schema\/person\/b3b2cd248a314cf8acc3db22217f03b4","name":"Diana B\u00f6hme"}]}},"_links":{"self":[{"href":"https:\/\/www.chg.at\/en\/wp-json\/wp\/v2\/posts\/17352"}],"collection":[{"href":"https:\/\/www.chg.at\/en\/wp-json\/wp\/v2\/posts"}],"about":[{"href":"https:\/\/www.chg.at\/en\/wp-json\/wp\/v2\/types\/post"}],"author":[{"embeddable":true,"href":"https:\/\/www.chg.at\/en\/wp-json\/wp\/v2\/users\/3"}],"replies":[{"embeddable":true,"href":"https:\/\/www.chg.at\/en\/wp-json\/wp\/v2\/comments?post=17352"}],"version-history":[{"count":6,"href":"https:\/\/www.chg.at\/en\/wp-json\/wp\/v2\/posts\/17352\/revisions"}],"predecessor-version":[{"id":17361,"href":"https:\/\/www.chg.at\/en\/wp-json\/wp\/v2\/posts\/17352\/revisions\/17361"}],"wp:featuredmedia":[{"embeddable":true,"href":"https:\/\/www.chg.at\/en\/wp-json\/wp\/v2\/media\/11286"}],"wp:attachment":[{"href":"https:\/\/www.chg.at\/en\/wp-json\/wp\/v2\/media?parent=17352"}],"wp:term":[{"taxonomy":"category","embeddable":true,"href":"https:\/\/www.chg.at\/en\/wp-json\/wp\/v2\/categories?post=17352"},{"taxonomy":"post_tag","embeddable":true,"href":"https:\/\/www.chg.at\/en\/wp-json\/wp\/v2\/tags?post=17352"}],"curies":[{"name":"wp","href":"https:\/\/api.w.org\/{rel}","templated":true}]}}