{"id":17415,"date":"2021-09-28T15:28:06","date_gmt":"2021-09-28T13:28:06","guid":{"rendered":"https:\/\/www.chg.at\/?p=17415"},"modified":"2021-10-07T09:50:10","modified_gmt":"2021-10-07T07:50:10","slug":"verleihung-des-bundesverdienstkreuzes-an-honorarkonsul-dietmar-czernich","status":"publish","type":"post","link":"https:\/\/www.chg.at\/en\/verleihung-des-bundesverdienstkreuzes-an-honorarkonsul-dietmar-czernich\/","title":{"rendered":"Verleihung des Bundesverdienstkreuzes an Honorarkonsul Dietmar Czernich"},"content":{"rendered":"<style type=\"text\/css\"> \n#cmsmasters_row_69f2be18ec85d5_10291442 .cmsmasters_row_outer_parent { \n\tpadding-top: 0px; \n} \n\n#cmsmasters_row_69f2be18ec85d5_10291442 .cmsmasters_row_outer_parent { \n\tpadding-bottom: 0px; \n} \n\n\r\n\t\t\t\t#cmsmasters_gallery_69f2be18ecb0a4_07670283 .cmsmasters_gallery {\r\n\t\t\t\t\tmargin:0 0 0 -10px;\r\n\t\t\t\t}\r\n\t\t\t\t\r\n\t\t\t\t#cmsmasters_gallery_69f2be18ecb0a4_07670283 .cmsmasters_gallery .cmsmasters_gallery_item {\r\n\t\t\t\t\tpadding:0 0 10px 10px;\r\n\t\t\t\t}\r\n\t\t\t<\/style><div id=\"cmsmasters_row_69f2be18ec85d5_10291442\" class=\"cmsmasters_row cmsmasters_color_scheme_default cmsmasters_row_top_default cmsmasters_row_bot_default cmsmasters_row_boxed\">\n<div class=\"cmsmasters_row_outer_parent\">\n<div class=\"cmsmasters_row_outer\">\n<div class=\"cmsmasters_row_inner\">\n<div class=\"cmsmasters_row_margin\">\n<div class=\"cmsmasters_column one_first\">\n<div class=\"cmsmasters_text\">\n<h1><strong>Verleihung des Bundesverdienstkreuzes der Bundesrepublik Deutschland<\/strong><\/h1>\n<h3><span style=\"color: #d43555;\">Honorarkonsul Dr. Dietmar Czernich wurde mit dem Bundesverdienstkreuz am Bande f\u00fcr Verdienste rund um die Bundesrepublik Deutschland ausgezeichnet.<br \/>\n<\/span><\/h3>\n<p>27.09.2021 &#8211; ein Tag, den Kanzleigr\u00fcnder Dr. Dietmar Czernich, Honorarkonsul der Bundesrepublik Deutschland, wohl nie vergessen wird. In Anwesenheit von Landeshauptmann G\u00fcnther Platter, sowie zahlreichen Tiroler Spitzenpolitikern, W\u00fcrdentr\u00e4gern und Unternehmern, wurde ihm von Ralf Beste, Botschafter der Bundesrepublik Deutschland in der Republik \u00d6sterreich, das Bundesverdienstkreuz am Bande f\u00fcr Verdienste rund um die Bundesrepublik Deutschland verliehen.<\/p>\n<p>Die Verleihung fand \u00fcber den D\u00e4chern von Innsbruck im Szenelokal &#8220;Lichtblick&#8221; statt. Nach strenger Kontrolle der 3-G Regeln und einem Aperitif in der Bar &#8220;36oGrad&#8221;\u00a0 er\u00f6ffnete Botschafter Ralf Beste die Feierlichkeiten. In seiner ehrenvollen Laudatio ging der Botschafter auf die besondere Position von Dietmar Czernich im Land Tirol ein. So bezeichnete Ralf Beste ihn nicht nur als Honorarkonsul Deutschlands, sondern auch als Botschafter Tirols. Insbesondere wurde auf Dietmar Czernichs unerm\u00fcdliche Unterst\u00fctzung w\u00e4hrend der Corona-Krise eingegangen, als er federf\u00fchrend die Ausreise mehrerer hundert deutscher Staatsb\u00fcrger zur\u00fcck in die Heimat organisierte. Insbesondere f\u00fcr seine Verdienste w\u00e4hrend dieser Zeit, habe er sich des Bundesverdienstkreuzes als w\u00fcrdig erwiesen.<\/p>\n<p>Hocherfreut nahm Dietmar Czernich den Orden entgegen. In seiner Dankesrede betont er eindringlich, dass die Freundschaft zwischen Tirol und Deutschland nie wieder eine solche Entfremdung, wie sie zu Corona-Zeiten stattgefunden hat, erfahren d\u00fcrfe. Als \u00fcberzeugter Europ\u00e4er untermauerte Dietmar Czernich die Wichtigkeit und Notwendigkeit der offenen Grenzen innerhalb Europas.<\/p>\n<p>Nach abschlie\u00dfender Festrede von Landeshauptmann G\u00fcnther Platter und einem mehrg\u00e4ngigen Men\u00fc fanden die Feierlichkeiten am fr\u00fchen Nachmittag einen gem\u00fctlichen Ausklang.<\/p>\n<p>Wir als CHG Czernich Rechtsanw\u00e4lte sind au\u00dferordentlich stolz auf unseren Kanzleigr\u00fcnder Dr. Dietmar Czernich und m\u00f6chten ihm auf diesem Wege nochmals herzlichst zu dieser Auszeichnung gratulieren.<\/p>\n<p>&nbsp;<\/p>\n<p>Hier finden Sie noch ausgew\u00e4hlte Bilder der Veranstaltung:<\/p>\n<p>&nbsp;<\/p>\n<\/div>\n<div id=\"cmsmasters_gallery_69f2be18ecb0a4_07670283\" class=\"cmsmasters_gallery_wrap\"><ul class=\"cmsmasters_gallery cmsmasters_1 cmsmasters_more_items_loader\"><li class=\"cmsmasters_gallery_item cmsmasters_caption\"><figure><a href=\"https:\/\/www.chg.at\/wp-content\/uploads\/2021\/09\/DieFotografen056-scaled.jpg\" rel=\"ilightbox[69f2be18ecb0a4_07670283]\"><img width=\"860\" height=\"573\" src=\"https:\/\/www.chg.at\/wp-content\/uploads\/2021\/09\/DieFotografen056-860x573.jpg\" class=\"attachment-cmsmasters-masonry-thumb size-cmsmasters-masonry-thumb\" alt=\"\" loading=\"lazy\" srcset=\"https:\/\/www.chg.at\/wp-content\/uploads\/2021\/09\/DieFotografen056-860x573.jpg 860w, https:\/\/www.chg.at\/wp-content\/uploads\/2021\/09\/DieFotografen056-300x200.jpg 300w, https:\/\/www.chg.at\/wp-content\/uploads\/2021\/09\/DieFotografen056-1024x683.jpg 1024w, https:\/\/www.chg.at\/wp-content\/uploads\/2021\/09\/DieFotografen056-768x512.jpg 768w, https:\/\/www.chg.at\/wp-content\/uploads\/2021\/09\/DieFotografen056-1536x1024.jpg 1536w, https:\/\/www.chg.at\/wp-content\/uploads\/2021\/09\/DieFotografen056-2048x1365.jpg 2048w, https:\/\/www.chg.at\/wp-content\/uploads\/2021\/09\/DieFotografen056-580x387.jpg 580w, https:\/\/www.chg.at\/wp-content\/uploads\/2021\/09\/DieFotografen056-1160x773.jpg 1160w\" sizes=\"(max-width: 860px) 100vw, 860px\" \/><\/a><figcaption>Botschafter Ralf Beste, Honorarkonsul Dietmar Czernich und Landeshauptmann G\u00fcnther Platter \u00a9Die Fotografen<\/figcaption><\/figure><\/li><li class=\"cmsmasters_gallery_item cmsmasters_caption\"><figure><a href=\"https:\/\/www.chg.at\/wp-content\/uploads\/2021\/09\/DieFotografen028-scaled.jpg\" rel=\"ilightbox[69f2be18ecb0a4_07670283]\"><img width=\"860\" height=\"573\" src=\"https:\/\/www.chg.at\/wp-content\/uploads\/2021\/09\/DieFotografen028-860x573.jpg\" class=\"attachment-cmsmasters-masonry-thumb size-cmsmasters-masonry-thumb\" alt=\"\" loading=\"lazy\" srcset=\"https:\/\/www.chg.at\/wp-content\/uploads\/2021\/09\/DieFotografen028-860x573.jpg 860w, https:\/\/www.chg.at\/wp-content\/uploads\/2021\/09\/DieFotografen028-300x200.jpg 300w, https:\/\/www.chg.at\/wp-content\/uploads\/2021\/09\/DieFotografen028-1024x683.jpg 1024w, https:\/\/www.chg.at\/wp-content\/uploads\/2021\/09\/DieFotografen028-768x512.jpg 768w, https:\/\/www.chg.at\/wp-content\/uploads\/2021\/09\/DieFotografen028-1536x1024.jpg 1536w, https:\/\/www.chg.at\/wp-content\/uploads\/2021\/09\/DieFotografen028-2048x1365.jpg 2048w, https:\/\/www.chg.at\/wp-content\/uploads\/2021\/09\/DieFotografen028-580x387.jpg 580w, https:\/\/www.chg.at\/wp-content\/uploads\/2021\/09\/DieFotografen028-1160x773.jpg 1160w\" sizes=\"(max-width: 860px) 100vw, 860px\" \/><\/a><figcaption>\u00a9Die Fotografen<\/figcaption><\/figure><\/li><li class=\"cmsmasters_gallery_item cmsmasters_caption\"><figure><a href=\"https:\/\/www.chg.at\/wp-content\/uploads\/2021\/09\/DieFotografen061-scaled.jpg\" rel=\"ilightbox[69f2be18ecb0a4_07670283]\"><img width=\"860\" height=\"573\" src=\"https:\/\/www.chg.at\/wp-content\/uploads\/2021\/09\/DieFotografen061-860x573.jpg\" class=\"attachment-cmsmasters-masonry-thumb size-cmsmasters-masonry-thumb\" alt=\"\" loading=\"lazy\" srcset=\"https:\/\/www.chg.at\/wp-content\/uploads\/2021\/09\/DieFotografen061-860x573.jpg 860w, https:\/\/www.chg.at\/wp-content\/uploads\/2021\/09\/DieFotografen061-300x200.jpg 300w, https:\/\/www.chg.at\/wp-content\/uploads\/2021\/09\/DieFotografen061-1024x683.jpg 1024w, https:\/\/www.chg.at\/wp-content\/uploads\/2021\/09\/DieFotografen061-768x512.jpg 768w, https:\/\/www.chg.at\/wp-content\/uploads\/2021\/09\/DieFotografen061-1536x1024.jpg 1536w, https:\/\/www.chg.at\/wp-content\/uploads\/2021\/09\/DieFotografen061-2048x1365.jpg 2048w, https:\/\/www.chg.at\/wp-content\/uploads\/2021\/09\/DieFotografen061-580x387.jpg 580w, https:\/\/www.chg.at\/wp-content\/uploads\/2021\/09\/DieFotografen061-1160x773.jpg 1160w\" sizes=\"(max-width: 860px) 100vw, 860px\" \/><\/a><figcaption>\u00a9Die Fotografen<\/figcaption><\/figure><\/li><li class=\"cmsmasters_gallery_item cmsmasters_caption\"><figure><a href=\"https:\/\/www.chg.at\/wp-content\/uploads\/2021\/09\/DieFotografen036-scaled.jpg\" rel=\"ilightbox[69f2be18ecb0a4_07670283]\"><img width=\"860\" height=\"573\" src=\"https:\/\/www.chg.at\/wp-content\/uploads\/2021\/09\/DieFotografen036-860x573.jpg\" class=\"attachment-cmsmasters-masonry-thumb size-cmsmasters-masonry-thumb\" alt=\"\" loading=\"lazy\" srcset=\"https:\/\/www.chg.at\/wp-content\/uploads\/2021\/09\/DieFotografen036-860x573.jpg 860w, https:\/\/www.chg.at\/wp-content\/uploads\/2021\/09\/DieFotografen036-300x200.jpg 300w, https:\/\/www.chg.at\/wp-content\/uploads\/2021\/09\/DieFotografen036-1024x683.jpg 1024w, https:\/\/www.chg.at\/wp-content\/uploads\/2021\/09\/DieFotografen036-768x512.jpg 768w, https:\/\/www.chg.at\/wp-content\/uploads\/2021\/09\/DieFotografen036-1536x1024.jpg 1536w, https:\/\/www.chg.at\/wp-content\/uploads\/2021\/09\/DieFotografen036-2048x1365.jpg 2048w, https:\/\/www.chg.at\/wp-content\/uploads\/2021\/09\/DieFotografen036-580x387.jpg 580w, https:\/\/www.chg.at\/wp-content\/uploads\/2021\/09\/DieFotografen036-1160x773.jpg 1160w\" sizes=\"(max-width: 860px) 100vw, 860px\" \/><\/a><figcaption>\u00a9Die Fotografen<\/figcaption><\/figure><\/li><li class=\"cmsmasters_gallery_item cmsmasters_caption\"><figure><a href=\"https:\/\/www.chg.at\/wp-content\/uploads\/2021\/09\/DieFotografen032-scaled.jpg\" rel=\"ilightbox[69f2be18ecb0a4_07670283]\"><img width=\"860\" height=\"573\" src=\"https:\/\/www.chg.at\/wp-content\/uploads\/2021\/09\/DieFotografen032-860x573.jpg\" class=\"attachment-cmsmasters-masonry-thumb size-cmsmasters-masonry-thumb\" alt=\"\" loading=\"lazy\" srcset=\"https:\/\/www.chg.at\/wp-content\/uploads\/2021\/09\/DieFotografen032-860x573.jpg 860w, https:\/\/www.chg.at\/wp-content\/uploads\/2021\/09\/DieFotografen032-300x200.jpg 300w, https:\/\/www.chg.at\/wp-content\/uploads\/2021\/09\/DieFotografen032-1024x683.jpg 1024w, https:\/\/www.chg.at\/wp-content\/uploads\/2021\/09\/DieFotografen032-768x512.jpg 768w, https:\/\/www.chg.at\/wp-content\/uploads\/2021\/09\/DieFotografen032-1536x1024.jpg 1536w, https:\/\/www.chg.at\/wp-content\/uploads\/2021\/09\/DieFotografen032-2048x1365.jpg 2048w, https:\/\/www.chg.at\/wp-content\/uploads\/2021\/09\/DieFotografen032-580x387.jpg 580w, https:\/\/www.chg.at\/wp-content\/uploads\/2021\/09\/DieFotografen032-1160x773.jpg 1160w\" sizes=\"(max-width: 860px) 100vw, 860px\" \/><\/a><figcaption>Botschafter Ralf Beste \u00a9Die Fotografen<\/figcaption><\/figure><\/li><li class=\"cmsmasters_gallery_item cmsmasters_caption\"><figure><a href=\"https:\/\/www.chg.at\/wp-content\/uploads\/2021\/09\/DieFotografen055-scaled.jpg\" rel=\"ilightbox[69f2be18ecb0a4_07670283]\"><img width=\"860\" height=\"573\" src=\"https:\/\/www.chg.at\/wp-content\/uploads\/2021\/09\/DieFotografen055-860x573.jpg\" class=\"attachment-cmsmasters-masonry-thumb size-cmsmasters-masonry-thumb\" alt=\"\" loading=\"lazy\" srcset=\"https:\/\/www.chg.at\/wp-content\/uploads\/2021\/09\/DieFotografen055-860x573.jpg 860w, https:\/\/www.chg.at\/wp-content\/uploads\/2021\/09\/DieFotografen055-300x200.jpg 300w, https:\/\/www.chg.at\/wp-content\/uploads\/2021\/09\/DieFotografen055-1024x683.jpg 1024w, https:\/\/www.chg.at\/wp-content\/uploads\/2021\/09\/DieFotografen055-768x512.jpg 768w, https:\/\/www.chg.at\/wp-content\/uploads\/2021\/09\/DieFotografen055-1536x1024.jpg 1536w, https:\/\/www.chg.at\/wp-content\/uploads\/2021\/09\/DieFotografen055-2048x1365.jpg 2048w, https:\/\/www.chg.at\/wp-content\/uploads\/2021\/09\/DieFotografen055-580x387.jpg 580w, https:\/\/www.chg.at\/wp-content\/uploads\/2021\/09\/DieFotografen055-1160x773.jpg 1160w\" sizes=\"(max-width: 860px) 100vw, 860px\" \/><\/a><figcaption>\u00a9Die Fotografen<\/figcaption><\/figure><\/li><li class=\"cmsmasters_gallery_item cmsmasters_caption\"><figure><a href=\"https:\/\/www.chg.at\/wp-content\/uploads\/2021\/09\/DieFotografen046-scaled.jpg\" rel=\"ilightbox[69f2be18ecb0a4_07670283]\"><img width=\"860\" height=\"573\" src=\"https:\/\/www.chg.at\/wp-content\/uploads\/2021\/09\/DieFotografen046-860x573.jpg\" class=\"attachment-cmsmasters-masonry-thumb size-cmsmasters-masonry-thumb\" alt=\"\" loading=\"lazy\" srcset=\"https:\/\/www.chg.at\/wp-content\/uploads\/2021\/09\/DieFotografen046-860x573.jpg 860w, https:\/\/www.chg.at\/wp-content\/uploads\/2021\/09\/DieFotografen046-300x200.jpg 300w, https:\/\/www.chg.at\/wp-content\/uploads\/2021\/09\/DieFotografen046-1024x683.jpg 1024w, https:\/\/www.chg.at\/wp-content\/uploads\/2021\/09\/DieFotografen046-768x512.jpg 768w, https:\/\/www.chg.at\/wp-content\/uploads\/2021\/09\/DieFotografen046-1536x1024.jpg 1536w, https:\/\/www.chg.at\/wp-content\/uploads\/2021\/09\/DieFotografen046-2048x1365.jpg 2048w, https:\/\/www.chg.at\/wp-content\/uploads\/2021\/09\/DieFotografen046-580x387.jpg 580w, https:\/\/www.chg.at\/wp-content\/uploads\/2021\/09\/DieFotografen046-1160x773.jpg 1160w\" sizes=\"(max-width: 860px) 100vw, 860px\" \/><\/a><figcaption>Honorarkonsul Dietmar Czernich \u00a9Die Fotografen<\/figcaption><\/figure><\/li><li class=\"cmsmasters_gallery_item cmsmasters_caption\"><figure><a href=\"https:\/\/www.chg.at\/wp-content\/uploads\/2021\/09\/DieFotografen023-scaled.jpg\" rel=\"ilightbox[69f2be18ecb0a4_07670283]\"><img width=\"860\" height=\"573\" src=\"https:\/\/www.chg.at\/wp-content\/uploads\/2021\/09\/DieFotografen023-860x573.jpg\" class=\"attachment-cmsmasters-masonry-thumb size-cmsmasters-masonry-thumb\" alt=\"\" loading=\"lazy\" srcset=\"https:\/\/www.chg.at\/wp-content\/uploads\/2021\/09\/DieFotografen023-860x573.jpg 860w, https:\/\/www.chg.at\/wp-content\/uploads\/2021\/09\/DieFotografen023-300x200.jpg 300w, https:\/\/www.chg.at\/wp-content\/uploads\/2021\/09\/DieFotografen023-1024x683.jpg 1024w, https:\/\/www.chg.at\/wp-content\/uploads\/2021\/09\/DieFotografen023-768x512.jpg 768w, https:\/\/www.chg.at\/wp-content\/uploads\/2021\/09\/DieFotografen023-1536x1024.jpg 1536w, https:\/\/www.chg.at\/wp-content\/uploads\/2021\/09\/DieFotografen023-2048x1365.jpg 2048w, https:\/\/www.chg.at\/wp-content\/uploads\/2021\/09\/DieFotografen023-580x387.jpg 580w, https:\/\/www.chg.at\/wp-content\/uploads\/2021\/09\/DieFotografen023-1160x773.jpg 1160w\" sizes=\"(max-width: 860px) 100vw, 860px\" \/><\/a><figcaption>\u00a9Die Fotografen<\/figcaption><\/figure><\/li><li class=\"cmsmasters_gallery_item cmsmasters_caption\"><figure><a href=\"https:\/\/www.chg.at\/wp-content\/uploads\/2021\/09\/DieFotografen052-scaled.jpg\" rel=\"ilightbox[69f2be18ecb0a4_07670283]\"><img width=\"860\" height=\"573\" src=\"https:\/\/www.chg.at\/wp-content\/uploads\/2021\/09\/DieFotografen052-860x573.jpg\" class=\"attachment-cmsmasters-masonry-thumb size-cmsmasters-masonry-thumb\" alt=\"\" loading=\"lazy\" srcset=\"https:\/\/www.chg.at\/wp-content\/uploads\/2021\/09\/DieFotografen052-860x573.jpg 860w, https:\/\/www.chg.at\/wp-content\/uploads\/2021\/09\/DieFotografen052-300x200.jpg 300w, https:\/\/www.chg.at\/wp-content\/uploads\/2021\/09\/DieFotografen052-1024x683.jpg 1024w, https:\/\/www.chg.at\/wp-content\/uploads\/2021\/09\/DieFotografen052-768x512.jpg 768w, https:\/\/www.chg.at\/wp-content\/uploads\/2021\/09\/DieFotografen052-1536x1024.jpg 1536w, https:\/\/www.chg.at\/wp-content\/uploads\/2021\/09\/DieFotografen052-2048x1365.jpg 2048w, https:\/\/www.chg.at\/wp-content\/uploads\/2021\/09\/DieFotografen052-580x387.jpg 580w, https:\/\/www.chg.at\/wp-content\/uploads\/2021\/09\/DieFotografen052-1160x773.jpg 1160w\" sizes=\"(max-width: 860px) 100vw, 860px\" \/><\/a><figcaption>Landeshauptmann G\u00fcnther Platter \u00a9Die Fotografen<\/figcaption><\/figure><\/li><li class=\"cmsmasters_gallery_item cmsmasters_caption\"><figure><a href=\"https:\/\/www.chg.at\/wp-content\/uploads\/2021\/09\/DieFotografen039-scaled.jpg\" rel=\"ilightbox[69f2be18ecb0a4_07670283]\"><img width=\"860\" height=\"573\" src=\"https:\/\/www.chg.at\/wp-content\/uploads\/2021\/09\/DieFotografen039-860x573.jpg\" class=\"attachment-cmsmasters-masonry-thumb size-cmsmasters-masonry-thumb\" alt=\"\" loading=\"lazy\" srcset=\"https:\/\/www.chg.at\/wp-content\/uploads\/2021\/09\/DieFotografen039-860x573.jpg 860w, https:\/\/www.chg.at\/wp-content\/uploads\/2021\/09\/DieFotografen039-300x200.jpg 300w, https:\/\/www.chg.at\/wp-content\/uploads\/2021\/09\/DieFotografen039-1024x683.jpg 1024w, https:\/\/www.chg.at\/wp-content\/uploads\/2021\/09\/DieFotografen039-768x512.jpg 768w, https:\/\/www.chg.at\/wp-content\/uploads\/2021\/09\/DieFotografen039-1536x1024.jpg 1536w, https:\/\/www.chg.at\/wp-content\/uploads\/2021\/09\/DieFotografen039-2048x1365.jpg 2048w, https:\/\/www.chg.at\/wp-content\/uploads\/2021\/09\/DieFotografen039-580x387.jpg 580w, https:\/\/www.chg.at\/wp-content\/uploads\/2021\/09\/DieFotografen039-1160x773.jpg 1160w\" sizes=\"(max-width: 860px) 100vw, 860px\" \/><\/a><figcaption>\u00a9Die Fotografen<\/figcaption><\/figure><\/li><li class=\"cmsmasters_gallery_item cmsmasters_caption\"><figure><a href=\"https:\/\/www.chg.at\/wp-content\/uploads\/2021\/09\/DieFotografen054-scaled.jpg\" rel=\"ilightbox[69f2be18ecb0a4_07670283]\"><img width=\"860\" height=\"573\" src=\"https:\/\/www.chg.at\/wp-content\/uploads\/2021\/09\/DieFotografen054-860x573.jpg\" class=\"attachment-cmsmasters-masonry-thumb size-cmsmasters-masonry-thumb\" alt=\"\" loading=\"lazy\" srcset=\"https:\/\/www.chg.at\/wp-content\/uploads\/2021\/09\/DieFotografen054-860x573.jpg 860w, https:\/\/www.chg.at\/wp-content\/uploads\/2021\/09\/DieFotografen054-300x200.jpg 300w, https:\/\/www.chg.at\/wp-content\/uploads\/2021\/09\/DieFotografen054-1024x683.jpg 1024w, https:\/\/www.chg.at\/wp-content\/uploads\/2021\/09\/DieFotografen054-768x512.jpg 768w, https:\/\/www.chg.at\/wp-content\/uploads\/2021\/09\/DieFotografen054-1536x1024.jpg 1536w, https:\/\/www.chg.at\/wp-content\/uploads\/2021\/09\/DieFotografen054-2048x1365.jpg 2048w, https:\/\/www.chg.at\/wp-content\/uploads\/2021\/09\/DieFotografen054-580x387.jpg 580w, https:\/\/www.chg.at\/wp-content\/uploads\/2021\/09\/DieFotografen054-1160x773.jpg 1160w\" sizes=\"(max-width: 860px) 100vw, 860px\" \/><\/a><figcaption>\u00a9Die Fotografen<\/figcaption><\/figure><\/li><li class=\"cmsmasters_gallery_item cmsmasters_caption\"><figure><a href=\"https:\/\/www.chg.at\/wp-content\/uploads\/2021\/09\/DieFotografen025-scaled.jpg\" rel=\"ilightbox[69f2be18ecb0a4_07670283]\"><img width=\"860\" height=\"573\" src=\"https:\/\/www.chg.at\/wp-content\/uploads\/2021\/09\/DieFotografen025-860x573.jpg\" class=\"attachment-cmsmasters-masonry-thumb size-cmsmasters-masonry-thumb\" alt=\"\" loading=\"lazy\" srcset=\"https:\/\/www.chg.at\/wp-content\/uploads\/2021\/09\/DieFotografen025-860x573.jpg 860w, https:\/\/www.chg.at\/wp-content\/uploads\/2021\/09\/DieFotografen025-300x200.jpg 300w, https:\/\/www.chg.at\/wp-content\/uploads\/2021\/09\/DieFotografen025-1024x683.jpg 1024w, https:\/\/www.chg.at\/wp-content\/uploads\/2021\/09\/DieFotografen025-768x512.jpg 768w, https:\/\/www.chg.at\/wp-content\/uploads\/2021\/09\/DieFotografen025-1536x1024.jpg 1536w, https:\/\/www.chg.at\/wp-content\/uploads\/2021\/09\/DieFotografen025-2048x1365.jpg 2048w, https:\/\/www.chg.at\/wp-content\/uploads\/2021\/09\/DieFotografen025-580x387.jpg 580w, https:\/\/www.chg.at\/wp-content\/uploads\/2021\/09\/DieFotografen025-1160x773.jpg 1160w\" sizes=\"(max-width: 860px) 100vw, 860px\" \/><\/a><figcaption>\u00a9Die Fotografen<\/figcaption><\/figure><\/li><li class=\"cmsmasters_gallery_item cmsmasters_caption\"><figure><a href=\"https:\/\/www.chg.at\/wp-content\/uploads\/2021\/09\/DieFotografen038-scaled.jpg\" rel=\"ilightbox[69f2be18ecb0a4_07670283]\"><img width=\"860\" height=\"573\" src=\"https:\/\/www.chg.at\/wp-content\/uploads\/2021\/09\/DieFotografen038-860x573.jpg\" class=\"attachment-cmsmasters-masonry-thumb size-cmsmasters-masonry-thumb\" alt=\"\" loading=\"lazy\" srcset=\"https:\/\/www.chg.at\/wp-content\/uploads\/2021\/09\/DieFotografen038-860x573.jpg 860w, https:\/\/www.chg.at\/wp-content\/uploads\/2021\/09\/DieFotografen038-300x200.jpg 300w, https:\/\/www.chg.at\/wp-content\/uploads\/2021\/09\/DieFotografen038-1024x683.jpg 1024w, https:\/\/www.chg.at\/wp-content\/uploads\/2021\/09\/DieFotografen038-768x512.jpg 768w, https:\/\/www.chg.at\/wp-content\/uploads\/2021\/09\/DieFotografen038-1536x1024.jpg 1536w, https:\/\/www.chg.at\/wp-content\/uploads\/2021\/09\/DieFotografen038-2048x1365.jpg 2048w, https:\/\/www.chg.at\/wp-content\/uploads\/2021\/09\/DieFotografen038-580x387.jpg 580w, https:\/\/www.chg.at\/wp-content\/uploads\/2021\/09\/DieFotografen038-1160x773.jpg 1160w\" sizes=\"(max-width: 860px) 100vw, 860px\" \/><\/a><figcaption>\u00a9Die Fotografen<\/figcaption><\/figure><\/li><li class=\"cmsmasters_gallery_item cmsmasters_caption\"><figure><a href=\"https:\/\/www.chg.at\/wp-content\/uploads\/2021\/09\/DieFotografen010-scaled.jpg\" rel=\"ilightbox[69f2be18ecb0a4_07670283]\"><img width=\"860\" height=\"573\" src=\"https:\/\/www.chg.at\/wp-content\/uploads\/2021\/09\/DieFotografen010-860x573.jpg\" class=\"attachment-cmsmasters-masonry-thumb size-cmsmasters-masonry-thumb\" alt=\"\" loading=\"lazy\" srcset=\"https:\/\/www.chg.at\/wp-content\/uploads\/2021\/09\/DieFotografen010-860x573.jpg 860w, https:\/\/www.chg.at\/wp-content\/uploads\/2021\/09\/DieFotografen010-300x200.jpg 300w, https:\/\/www.chg.at\/wp-content\/uploads\/2021\/09\/DieFotografen010-1024x683.jpg 1024w, https:\/\/www.chg.at\/wp-content\/uploads\/2021\/09\/DieFotografen010-768x512.jpg 768w, https:\/\/www.chg.at\/wp-content\/uploads\/2021\/09\/DieFotografen010-1536x1024.jpg 1536w, https:\/\/www.chg.at\/wp-content\/uploads\/2021\/09\/DieFotografen010-2048x1365.jpg 2048w, https:\/\/www.chg.at\/wp-content\/uploads\/2021\/09\/DieFotografen010-580x387.jpg 580w, https:\/\/www.chg.at\/wp-content\/uploads\/2021\/09\/DieFotografen010-1160x773.jpg 1160w\" sizes=\"(max-width: 860px) 100vw, 860px\" \/><\/a><figcaption>\u00a9Die Fotografen<\/figcaption><\/figure><\/li><li class=\"cmsmasters_gallery_item cmsmasters_caption\"><figure><a href=\"https:\/\/www.chg.at\/wp-content\/uploads\/2021\/09\/DieFotografen048-scaled.jpg\" rel=\"ilightbox[69f2be18ecb0a4_07670283]\"><img width=\"860\" height=\"573\" src=\"https:\/\/www.chg.at\/wp-content\/uploads\/2021\/09\/DieFotografen048-860x573.jpg\" class=\"attachment-cmsmasters-masonry-thumb size-cmsmasters-masonry-thumb\" alt=\"\" loading=\"lazy\" srcset=\"https:\/\/www.chg.at\/wp-content\/uploads\/2021\/09\/DieFotografen048-860x573.jpg 860w, https:\/\/www.chg.at\/wp-content\/uploads\/2021\/09\/DieFotografen048-300x200.jpg 300w, https:\/\/www.chg.at\/wp-content\/uploads\/2021\/09\/DieFotografen048-1024x683.jpg 1024w, https:\/\/www.chg.at\/wp-content\/uploads\/2021\/09\/DieFotografen048-768x512.jpg 768w, https:\/\/www.chg.at\/wp-content\/uploads\/2021\/09\/DieFotografen048-1536x1024.jpg 1536w, https:\/\/www.chg.at\/wp-content\/uploads\/2021\/09\/DieFotografen048-2048x1365.jpg 2048w, https:\/\/www.chg.at\/wp-content\/uploads\/2021\/09\/DieFotografen048-580x387.jpg 580w, https:\/\/www.chg.at\/wp-content\/uploads\/2021\/09\/DieFotografen048-1160x773.jpg 1160w\" sizes=\"(max-width: 860px) 100vw, 860px\" \/><\/a><figcaption>\u00a9Die Fotografen<\/figcaption><\/figure><\/li><li class=\"cmsmasters_gallery_item cmsmasters_caption\"><figure><a href=\"https:\/\/www.chg.at\/wp-content\/uploads\/2021\/09\/DieFotografen011-scaled.jpg\" rel=\"ilightbox[69f2be18ecb0a4_07670283]\"><img width=\"860\" height=\"573\" src=\"https:\/\/www.chg.at\/wp-content\/uploads\/2021\/09\/DieFotografen011-860x573.jpg\" class=\"attachment-cmsmasters-masonry-thumb size-cmsmasters-masonry-thumb\" alt=\"\" loading=\"lazy\" srcset=\"https:\/\/www.chg.at\/wp-content\/uploads\/2021\/09\/DieFotografen011-860x573.jpg 860w, https:\/\/www.chg.at\/wp-content\/uploads\/2021\/09\/DieFotografen011-300x200.jpg 300w, https:\/\/www.chg.at\/wp-content\/uploads\/2021\/09\/DieFotografen011-1024x683.jpg 1024w, https:\/\/www.chg.at\/wp-content\/uploads\/2021\/09\/DieFotografen011-768x512.jpg 768w, https:\/\/www.chg.at\/wp-content\/uploads\/2021\/09\/DieFotografen011-1536x1024.jpg 1536w, https:\/\/www.chg.at\/wp-content\/uploads\/2021\/09\/DieFotografen011-2048x1365.jpg 2048w, https:\/\/www.chg.at\/wp-content\/uploads\/2021\/09\/DieFotografen011-580x387.jpg 580w, https:\/\/www.chg.at\/wp-content\/uploads\/2021\/09\/DieFotografen011-1160x773.jpg 1160w\" sizes=\"(max-width: 860px) 100vw, 860px\" \/><\/a><figcaption>\u00a9Die Fotografen<\/figcaption><\/figure><\/li><li class=\"cmsmasters_gallery_item cmsmasters_caption\"><figure><a href=\"https:\/\/www.chg.at\/wp-content\/uploads\/2021\/09\/DieFotografen034-scaled.jpg\" rel=\"ilightbox[69f2be18ecb0a4_07670283]\"><img width=\"860\" height=\"573\" src=\"https:\/\/www.chg.at\/wp-content\/uploads\/2021\/09\/DieFotografen034-860x573.jpg\" class=\"attachment-cmsmasters-masonry-thumb size-cmsmasters-masonry-thumb\" alt=\"\" loading=\"lazy\" srcset=\"https:\/\/www.chg.at\/wp-content\/uploads\/2021\/09\/DieFotografen034-860x573.jpg 860w, https:\/\/www.chg.at\/wp-content\/uploads\/2021\/09\/DieFotografen034-300x200.jpg 300w, https:\/\/www.chg.at\/wp-content\/uploads\/2021\/09\/DieFotografen034-1024x683.jpg 1024w, https:\/\/www.chg.at\/wp-content\/uploads\/2021\/09\/DieFotografen034-768x512.jpg 768w, https:\/\/www.chg.at\/wp-content\/uploads\/2021\/09\/DieFotografen034-1536x1024.jpg 1536w, https:\/\/www.chg.at\/wp-content\/uploads\/2021\/09\/DieFotografen034-2048x1365.jpg 2048w, https:\/\/www.chg.at\/wp-content\/uploads\/2021\/09\/DieFotografen034-580x387.jpg 580w, https:\/\/www.chg.at\/wp-content\/uploads\/2021\/09\/DieFotografen034-1160x773.jpg 1160w\" sizes=\"(max-width: 860px) 100vw, 860px\" \/><\/a><figcaption>\u00a9Die Fotografen<\/figcaption><\/figure><\/li><li class=\"cmsmasters_gallery_item cmsmasters_caption\"><figure><a href=\"https:\/\/www.chg.at\/wp-content\/uploads\/2021\/09\/DieFotografen007-scaled.jpg\" rel=\"ilightbox[69f2be18ecb0a4_07670283]\"><img width=\"860\" height=\"573\" src=\"https:\/\/www.chg.at\/wp-content\/uploads\/2021\/09\/DieFotografen007-860x573.jpg\" class=\"attachment-cmsmasters-masonry-thumb size-cmsmasters-masonry-thumb\" alt=\"\" loading=\"lazy\" srcset=\"https:\/\/www.chg.at\/wp-content\/uploads\/2021\/09\/DieFotografen007-860x573.jpg 860w, https:\/\/www.chg.at\/wp-content\/uploads\/2021\/09\/DieFotografen007-300x200.jpg 300w, https:\/\/www.chg.at\/wp-content\/uploads\/2021\/09\/DieFotografen007-1024x683.jpg 1024w, https:\/\/www.chg.at\/wp-content\/uploads\/2021\/09\/DieFotografen007-768x512.jpg 768w, https:\/\/www.chg.at\/wp-content\/uploads\/2021\/09\/DieFotografen007-1536x1024.jpg 1536w, https:\/\/www.chg.at\/wp-content\/uploads\/2021\/09\/DieFotografen007-2048x1365.jpg 2048w, https:\/\/www.chg.at\/wp-content\/uploads\/2021\/09\/DieFotografen007-580x387.jpg 580w, https:\/\/www.chg.at\/wp-content\/uploads\/2021\/09\/DieFotografen007-1160x773.jpg 1160w\" sizes=\"(max-width: 860px) 100vw, 860px\" \/><\/a><figcaption>\u00a9Die Fotografen<\/figcaption><\/figure><\/li><li class=\"cmsmasters_gallery_item cmsmasters_caption\"><figure><a href=\"https:\/\/www.chg.at\/wp-content\/uploads\/2021\/09\/DieFotografen016-scaled.jpg\" rel=\"ilightbox[69f2be18ecb0a4_07670283]\"><img width=\"860\" height=\"573\" src=\"https:\/\/www.chg.at\/wp-content\/uploads\/2021\/09\/DieFotografen016-860x573.jpg\" class=\"attachment-cmsmasters-masonry-thumb size-cmsmasters-masonry-thumb\" alt=\"\" loading=\"lazy\" srcset=\"https:\/\/www.chg.at\/wp-content\/uploads\/2021\/09\/DieFotografen016-860x573.jpg 860w, https:\/\/www.chg.at\/wp-content\/uploads\/2021\/09\/DieFotografen016-300x200.jpg 300w, https:\/\/www.chg.at\/wp-content\/uploads\/2021\/09\/DieFotografen016-1024x683.jpg 1024w, https:\/\/www.chg.at\/wp-content\/uploads\/2021\/09\/DieFotografen016-768x512.jpg 768w, https:\/\/www.chg.at\/wp-content\/uploads\/2021\/09\/DieFotografen016-1536x1024.jpg 1536w, https:\/\/www.chg.at\/wp-content\/uploads\/2021\/09\/DieFotografen016-2048x1365.jpg 2048w, https:\/\/www.chg.at\/wp-content\/uploads\/2021\/09\/DieFotografen016-580x387.jpg 580w, https:\/\/www.chg.at\/wp-content\/uploads\/2021\/09\/DieFotografen016-1160x773.jpg 1160w\" sizes=\"(max-width: 860px) 100vw, 860px\" \/><\/a><figcaption>\u00a9Die Fotografen<\/figcaption><\/figure><\/li><li class=\"cmsmasters_gallery_item cmsmasters_caption\"><figure><a href=\"https:\/\/www.chg.at\/wp-content\/uploads\/2021\/09\/DieFotografen022-scaled.jpg\" rel=\"ilightbox[69f2be18ecb0a4_07670283]\"><img width=\"860\" height=\"573\" src=\"https:\/\/www.chg.at\/wp-content\/uploads\/2021\/09\/DieFotografen022-860x573.jpg\" class=\"attachment-cmsmasters-masonry-thumb size-cmsmasters-masonry-thumb\" alt=\"\" loading=\"lazy\" srcset=\"https:\/\/www.chg.at\/wp-content\/uploads\/2021\/09\/DieFotografen022-860x573.jpg 860w, https:\/\/www.chg.at\/wp-content\/uploads\/2021\/09\/DieFotografen022-300x200.jpg 300w, https:\/\/www.chg.at\/wp-content\/uploads\/2021\/09\/DieFotografen022-1024x683.jpg 1024w, https:\/\/www.chg.at\/wp-content\/uploads\/2021\/09\/DieFotografen022-768x512.jpg 768w, https:\/\/www.chg.at\/wp-content\/uploads\/2021\/09\/DieFotografen022-1536x1024.jpg 1536w, https:\/\/www.chg.at\/wp-content\/uploads\/2021\/09\/DieFotografen022-2048x1365.jpg 2048w, https:\/\/www.chg.at\/wp-content\/uploads\/2021\/09\/DieFotografen022-580x387.jpg 580w, https:\/\/www.chg.at\/wp-content\/uploads\/2021\/09\/DieFotografen022-1160x773.jpg 1160w\" sizes=\"(max-width: 860px) 100vw, 860px\" \/><\/a><figcaption>\u00a9Die Fotografen<\/figcaption><\/figure><\/li><li class=\"cmsmasters_gallery_item cmsmasters_caption\"><figure><a href=\"https:\/\/www.chg.at\/wp-content\/uploads\/2021\/09\/DieFotografen013-scaled.jpg\" rel=\"ilightbox[69f2be18ecb0a4_07670283]\"><img width=\"860\" height=\"573\" src=\"https:\/\/www.chg.at\/wp-content\/uploads\/2021\/09\/DieFotografen013-860x573.jpg\" class=\"attachment-cmsmasters-masonry-thumb size-cmsmasters-masonry-thumb\" alt=\"\" loading=\"lazy\" srcset=\"https:\/\/www.chg.at\/wp-content\/uploads\/2021\/09\/DieFotografen013-860x573.jpg 860w, https:\/\/www.chg.at\/wp-content\/uploads\/2021\/09\/DieFotografen013-300x200.jpg 300w, https:\/\/www.chg.at\/wp-content\/uploads\/2021\/09\/DieFotografen013-1024x683.jpg 1024w, https:\/\/www.chg.at\/wp-content\/uploads\/2021\/09\/DieFotografen013-768x512.jpg 768w, https:\/\/www.chg.at\/wp-content\/uploads\/2021\/09\/DieFotografen013-1536x1024.jpg 1536w, https:\/\/www.chg.at\/wp-content\/uploads\/2021\/09\/DieFotografen013-2048x1365.jpg 2048w, https:\/\/www.chg.at\/wp-content\/uploads\/2021\/09\/DieFotografen013-580x387.jpg 580w, https:\/\/www.chg.at\/wp-content\/uploads\/2021\/09\/DieFotografen013-1160x773.jpg 1160w\" sizes=\"(max-width: 860px) 100vw, 860px\" \/><\/a><figcaption>\u00a9Die Fotografen<\/figcaption><\/figure><\/li><li class=\"cmsmasters_gallery_item cmsmasters_caption\"><figure><a href=\"https:\/\/www.chg.at\/wp-content\/uploads\/2021\/09\/DieFotografen015-scaled.jpg\" rel=\"ilightbox[69f2be18ecb0a4_07670283]\"><img width=\"860\" height=\"573\" src=\"https:\/\/www.chg.at\/wp-content\/uploads\/2021\/09\/DieFotografen015-860x573.jpg\" class=\"attachment-cmsmasters-masonry-thumb size-cmsmasters-masonry-thumb\" alt=\"\" loading=\"lazy\" srcset=\"https:\/\/www.chg.at\/wp-content\/uploads\/2021\/09\/DieFotografen015-860x573.jpg 860w, https:\/\/www.chg.at\/wp-content\/uploads\/2021\/09\/DieFotografen015-300x200.jpg 300w, https:\/\/www.chg.at\/wp-content\/uploads\/2021\/09\/DieFotografen015-1024x683.jpg 1024w, https:\/\/www.chg.at\/wp-content\/uploads\/2021\/09\/DieFotografen015-768x512.jpg 768w, https:\/\/www.chg.at\/wp-content\/uploads\/2021\/09\/DieFotografen015-1536x1024.jpg 1536w, https:\/\/www.chg.at\/wp-content\/uploads\/2021\/09\/DieFotografen015-2048x1365.jpg 2048w, https:\/\/www.chg.at\/wp-content\/uploads\/2021\/09\/DieFotografen015-580x387.jpg 580w, https:\/\/www.chg.at\/wp-content\/uploads\/2021\/09\/DieFotografen015-1160x773.jpg 1160w\" sizes=\"(max-width: 860px) 100vw, 860px\" \/><\/a><figcaption>\u00a9Die Fotografen<\/figcaption><\/figure><\/li><li class=\"cmsmasters_gallery_item cmsmasters_caption\"><figure><a href=\"https:\/\/www.chg.at\/wp-content\/uploads\/2021\/09\/DieFotografen006-scaled.jpg\" rel=\"ilightbox[69f2be18ecb0a4_07670283]\"><img width=\"860\" height=\"573\" src=\"https:\/\/www.chg.at\/wp-content\/uploads\/2021\/09\/DieFotografen006-860x573.jpg\" class=\"attachment-cmsmasters-masonry-thumb size-cmsmasters-masonry-thumb\" alt=\"\" loading=\"lazy\" srcset=\"https:\/\/www.chg.at\/wp-content\/uploads\/2021\/09\/DieFotografen006-860x573.jpg 860w, https:\/\/www.chg.at\/wp-content\/uploads\/2021\/09\/DieFotografen006-300x200.jpg 300w, https:\/\/www.chg.at\/wp-content\/uploads\/2021\/09\/DieFotografen006-1024x683.jpg 1024w, https:\/\/www.chg.at\/wp-content\/uploads\/2021\/09\/DieFotografen006-768x512.jpg 768w, https:\/\/www.chg.at\/wp-content\/uploads\/2021\/09\/DieFotografen006-1536x1024.jpg 1536w, https:\/\/www.chg.at\/wp-content\/uploads\/2021\/09\/DieFotografen006-2048x1365.jpg 2048w, https:\/\/www.chg.at\/wp-content\/uploads\/2021\/09\/DieFotografen006-580x387.jpg 580w, https:\/\/www.chg.at\/wp-content\/uploads\/2021\/09\/DieFotografen006-1160x773.jpg 1160w\" sizes=\"(max-width: 860px) 100vw, 860px\" \/><\/a><figcaption>\u00a9Die Fotografen<\/figcaption><\/figure><\/li><li class=\"cmsmasters_gallery_item cmsmasters_caption\"><figure><a href=\"https:\/\/www.chg.at\/wp-content\/uploads\/2021\/09\/DieFotografen009-scaled.jpg\" rel=\"ilightbox[69f2be18ecb0a4_07670283]\"><img width=\"860\" height=\"573\" src=\"https:\/\/www.chg.at\/wp-content\/uploads\/2021\/09\/DieFotografen009-860x573.jpg\" class=\"attachment-cmsmasters-masonry-thumb size-cmsmasters-masonry-thumb\" alt=\"\" loading=\"lazy\" srcset=\"https:\/\/www.chg.at\/wp-content\/uploads\/2021\/09\/DieFotografen009-860x573.jpg 860w, https:\/\/www.chg.at\/wp-content\/uploads\/2021\/09\/DieFotografen009-300x200.jpg 300w, https:\/\/www.chg.at\/wp-content\/uploads\/2021\/09\/DieFotografen009-1024x683.jpg 1024w, https:\/\/www.chg.at\/wp-content\/uploads\/2021\/09\/DieFotografen009-768x512.jpg 768w, https:\/\/www.chg.at\/wp-content\/uploads\/2021\/09\/DieFotografen009-1536x1024.jpg 1536w, https:\/\/www.chg.at\/wp-content\/uploads\/2021\/09\/DieFotografen009-2048x1365.jpg 2048w, https:\/\/www.chg.at\/wp-content\/uploads\/2021\/09\/DieFotografen009-580x387.jpg 580w, https:\/\/www.chg.at\/wp-content\/uploads\/2021\/09\/DieFotografen009-1160x773.jpg 1160w\" sizes=\"(max-width: 860px) 100vw, 860px\" \/><\/a><figcaption>\u00a9Die Fotografen<\/figcaption><\/figure><\/li><li class=\"cmsmasters_gallery_item cmsmasters_caption\"><figure><a href=\"https:\/\/www.chg.at\/wp-content\/uploads\/2021\/09\/DieFotografen008-scaled.jpg\" rel=\"ilightbox[69f2be18ecb0a4_07670283]\"><img width=\"860\" height=\"573\" src=\"https:\/\/www.chg.at\/wp-content\/uploads\/2021\/09\/DieFotografen008-860x573.jpg\" class=\"attachment-cmsmasters-masonry-thumb size-cmsmasters-masonry-thumb\" alt=\"\" loading=\"lazy\" srcset=\"https:\/\/www.chg.at\/wp-content\/uploads\/2021\/09\/DieFotografen008-860x573.jpg 860w, https:\/\/www.chg.at\/wp-content\/uploads\/2021\/09\/DieFotografen008-300x200.jpg 300w, https:\/\/www.chg.at\/wp-content\/uploads\/2021\/09\/DieFotografen008-1024x683.jpg 1024w, https:\/\/www.chg.at\/wp-content\/uploads\/2021\/09\/DieFotografen008-768x512.jpg 768w, https:\/\/www.chg.at\/wp-content\/uploads\/2021\/09\/DieFotografen008-1536x1024.jpg 1536w, https:\/\/www.chg.at\/wp-content\/uploads\/2021\/09\/DieFotografen008-2048x1365.jpg 2048w, https:\/\/www.chg.at\/wp-content\/uploads\/2021\/09\/DieFotografen008-580x387.jpg 580w, https:\/\/www.chg.at\/wp-content\/uploads\/2021\/09\/DieFotografen008-1160x773.jpg 1160w\" sizes=\"(max-width: 860px) 100vw, 860px\" \/><\/a><figcaption>\u00a9Die Fotografen<\/figcaption><\/figure><\/li><\/ul><script type=\"text\/javascript\">\r\n\t\t\t\tjQuery(document).ready(function () {\r\n\t\t\t\t\t(function ($) {\r\n\t\t\t\t\t\tif ($('#cmsmasters_gallery_69f2be18ecb0a4_07670283').find('.cmsmasters_gallery_item').length == '0') {\r\n\t\t\t\t\t\t\treturn false;\r\n\t\t\t\t\t\t}\r\n\t\t\t\t\t\t\r\n\t\t\t\t\t\t\r\n\t\t\t\t\t\tstartGallery( \r\n\t\t\t\t\t\t\t'69f2be18ecb0a4_07670283', \r\n\t\t\t\t\t\t\t'masonry', \r\n\t\t\t\t\t\t\t'false', \r\n\t\t\t\t\t\t\t'false'\r\n\t\t\t\t\t\t);\r\n\t\t\t\t\t} )(jQuery);\r\n\t\t\t\t} );\r\n\t\t\t<\/script>\r\n\t\t\t<\/div>\n<\/div>\n<\/div>\n<\/div>\n<\/div>\n<\/div>\n<\/div>\n\n","protected":false},"excerpt":{"rendered":"<p>Bundesverdienstkreuz der Bundesrepublik Deutschland f\u00fcr Honorarkonsul Dr. Dietmar Czernich<\/p>\n","protected":false},"author":10,"featured_media":17604,"comment_status":"closed","ping_status":"open","sticky":false,"template":"","format":"image","meta":{"inline_featured_image":false},"categories":[65,33],"tags":[],"yoast_head":"<!-- This site is optimized with the Yoast SEO plugin v19.8 - https:\/\/yoast.com\/wordpress\/plugins\/seo\/ -->\n<title>Verleihung des Bundesverdienstkreuzes an Dietmar Czernich<\/title>\n<meta name=\"description\" content=\"Am 27.09.2021 wurde Dr. Dietmar Czernich, Honorarkonsul der Bundesrepublik Deutschland in Innsbruck das Bundesverdienstkreuz verliehen.\" \/>\n<meta name=\"robots\" content=\"index, follow, max-snippet:-1, max-image-preview:large, max-video-preview:-1\" \/>\n<link rel=\"canonical\" href=\"https:\/\/www.chg.at\/en\/verleihung-des-bundesverdienstkreuzes-an-honorarkonsul-dietmar-czernich\/\" \/>\n<meta property=\"og:locale\" content=\"en_US\" \/>\n<meta property=\"og:type\" content=\"article\" \/>\n<meta property=\"og:title\" content=\"CHG\" \/>\n<meta property=\"og:description\" content=\"CHG\" \/>\n<meta property=\"og:url\" content=\"https:\/\/www.chg.at\/en\/verleihung-des-bundesverdienstkreuzes-an-honorarkonsul-dietmar-czernich\/\" \/>\n<meta property=\"og:site_name\" content=\"CHG Czernich Rechtsanw\u00e4lte \u2013 Wir bewegen Wirtschaft\" \/>\n<meta property=\"article:published_time\" content=\"2021-09-28T13:28:06+00:00\" \/>\n<meta property=\"article:modified_time\" content=\"2021-10-07T07:50:10+00:00\" \/>\n<meta property=\"og:image\" content=\"https:\/\/www.chg.at\/wp-content\/uploads\/2021\/09\/DieFotografen061-scaled.jpg\" \/>\n\t<meta property=\"og:image:width\" content=\"2560\" \/>\n\t<meta property=\"og:image:height\" content=\"1707\" \/>\n\t<meta property=\"og:image:type\" content=\"image\/jpeg\" \/>\n<meta name=\"author\" content=\"Lorenz Held\" \/>\n<meta name=\"twitter:card\" content=\"summary_large_image\" \/>\n<meta name=\"twitter:label1\" content=\"Written by\" \/>\n\t<meta name=\"twitter:data1\" content=\"Lorenz Held\" \/>\n\t<meta name=\"twitter:label2\" content=\"Est. reading time\" \/>\n\t<meta name=\"twitter:data2\" content=\"3 minutes\" \/>\n<script type=\"application\/ld+json\" class=\"yoast-schema-graph\">{\"@context\":\"https:\/\/schema.org\",\"@graph\":[{\"@type\":\"Article\",\"@id\":\"https:\/\/www.chg.at\/en\/verleihung-des-bundesverdienstkreuzes-an-honorarkonsul-dietmar-czernich\/#article\",\"isPartOf\":{\"@id\":\"https:\/\/www.chg.at\/en\/verleihung-des-bundesverdienstkreuzes-an-honorarkonsul-dietmar-czernich\/\"},\"author\":{\"name\":\"Lorenz Held\",\"@id\":\"https:\/\/www.chg.at\/en\/#\/schema\/person\/767a36d24c2ac329c1c5e1c10929e2b6\"},\"headline\":\"Verleihung des Bundesverdienstkreuzes an Honorarkonsul Dietmar Czernich\",\"datePublished\":\"2021-09-28T13:28:06+00:00\",\"dateModified\":\"2021-10-07T07:50:10+00:00\",\"mainEntityOfPage\":{\"@id\":\"https:\/\/www.chg.at\/en\/verleihung-des-bundesverdienstkreuzes-an-honorarkonsul-dietmar-czernich\/\"},\"wordCount\":628,\"publisher\":{\"@id\":\"https:\/\/www.chg.at\/en\/#organization\"},\"articleSection\":[\"Honorarkonsul Deutschland\",\"Veranstaltung\"],\"inLanguage\":\"en-US\"},{\"@type\":\"WebPage\",\"@id\":\"https:\/\/www.chg.at\/en\/verleihung-des-bundesverdienstkreuzes-an-honorarkonsul-dietmar-czernich\/\",\"url\":\"https:\/\/www.chg.at\/en\/verleihung-des-bundesverdienstkreuzes-an-honorarkonsul-dietmar-czernich\/\",\"name\":\"Verleihung des Bundesverdienstkreuzes an Dietmar Czernich\",\"isPartOf\":{\"@id\":\"https:\/\/www.chg.at\/en\/#website\"},\"datePublished\":\"2021-09-28T13:28:06+00:00\",\"dateModified\":\"2021-10-07T07:50:10+00:00\",\"description\":\"Am 27.09.2021 wurde Dr. Dietmar Czernich, Honorarkonsul der Bundesrepublik Deutschland in Innsbruck das Bundesverdienstkreuz verliehen.\",\"breadcrumb\":{\"@id\":\"https:\/\/www.chg.at\/en\/verleihung-des-bundesverdienstkreuzes-an-honorarkonsul-dietmar-czernich\/#breadcrumb\"},\"inLanguage\":\"en-US\",\"potentialAction\":[{\"@type\":\"ReadAction\",\"target\":[\"https:\/\/www.chg.at\/en\/verleihung-des-bundesverdienstkreuzes-an-honorarkonsul-dietmar-czernich\/\"]}]},{\"@type\":\"BreadcrumbList\",\"@id\":\"https:\/\/www.chg.at\/en\/verleihung-des-bundesverdienstkreuzes-an-honorarkonsul-dietmar-czernich\/#breadcrumb\",\"itemListElement\":[{\"@type\":\"ListItem\",\"position\":1,\"name\":\"Startseite\",\"item\":\"https:\/\/www.chg.at\/en\/\"},{\"@type\":\"ListItem\",\"position\":2,\"name\":\"Verleihung des Bundesverdienstkreuzes an Honorarkonsul Dietmar Czernich\"}]},{\"@type\":\"WebSite\",\"@id\":\"https:\/\/www.chg.at\/en\/#website\",\"url\":\"https:\/\/www.chg.at\/en\/\",\"name\":\"CHG Czernich Rechtsanw\u00e4lte \u2013 Wir bewegen Wirtschaft\",\"description\":\"Wir sorgen f\u00fcr Klarheit, wenn es rechtlich kompliziert wird. In jeder Phase Ihrer Unternehmungen. Sie ergreifen die Chancen. Wir verwandeln Risiken in L\u00f6sungen.\",\"publisher\":{\"@id\":\"https:\/\/www.chg.at\/en\/#organization\"},\"potentialAction\":[{\"@type\":\"SearchAction\",\"target\":{\"@type\":\"EntryPoint\",\"urlTemplate\":\"https:\/\/www.chg.at\/en\/?s={search_term_string}\"},\"query-input\":\"required name=search_term_string\"}],\"inLanguage\":\"en-US\"},{\"@type\":\"Organization\",\"@id\":\"https:\/\/www.chg.at\/en\/#organization\",\"name\":\"CHG Czernich Rechtsanw\u00e4lte\",\"url\":\"https:\/\/www.chg.at\/en\/\",\"sameAs\":[\"https:\/\/www.linkedin.com\/company\/12773263\/admin\/dashboard\/\"],\"logo\":{\"@type\":\"ImageObject\",\"inLanguage\":\"en-US\",\"@id\":\"https:\/\/www.chg.at\/en\/#\/schema\/logo\/image\/\",\"url\":\"https:\/\/www.chg.at\/wp-content\/uploads\/2016\/08\/CHG_logo_250_1.png\",\"contentUrl\":\"https:\/\/www.chg.at\/wp-content\/uploads\/2016\/08\/CHG_logo_250_1.png\",\"width\":250,\"height\":33,\"caption\":\"CHG Czernich Rechtsanw\u00e4lte\"},\"image\":{\"@id\":\"https:\/\/www.chg.at\/en\/#\/schema\/logo\/image\/\"}},{\"@type\":\"Person\",\"@id\":\"https:\/\/www.chg.at\/en\/#\/schema\/person\/767a36d24c2ac329c1c5e1c10929e2b6\",\"name\":\"Lorenz Held\",\"sameAs\":[\"https:\/\/www.chg.at\"]}]}<\/script>\n<!-- \/ Yoast SEO plugin. -->","yoast_head_json":{"title":"Verleihung des Bundesverdienstkreuzes an Dietmar Czernich","description":"Am 27.09.2021 wurde Dr. Dietmar Czernich, Honorarkonsul der Bundesrepublik Deutschland in Innsbruck das Bundesverdienstkreuz verliehen.","robots":{"index":"index","follow":"follow","max-snippet":"max-snippet:-1","max-image-preview":"max-image-preview:large","max-video-preview":"max-video-preview:-1"},"canonical":"https:\/\/www.chg.at\/en\/verleihung-des-bundesverdienstkreuzes-an-honorarkonsul-dietmar-czernich\/","og_locale":"en_US","og_type":"article","og_title":"CHG","og_description":"CHG","og_url":"https:\/\/www.chg.at\/en\/verleihung-des-bundesverdienstkreuzes-an-honorarkonsul-dietmar-czernich\/","og_site_name":"CHG Czernich Rechtsanw\u00e4lte \u2013 Wir bewegen Wirtschaft","article_published_time":"2021-09-28T13:28:06+00:00","article_modified_time":"2021-10-07T07:50:10+00:00","og_image":[{"width":2560,"height":1707,"url":"https:\/\/www.chg.at\/wp-content\/uploads\/2021\/09\/DieFotografen061-scaled.jpg","type":"image\/jpeg"}],"author":"Lorenz Held","twitter_card":"summary_large_image","twitter_misc":{"Written by":"Lorenz Held","Est. reading time":"3 minutes"},"schema":{"@context":"https:\/\/schema.org","@graph":[{"@type":"Article","@id":"https:\/\/www.chg.at\/en\/verleihung-des-bundesverdienstkreuzes-an-honorarkonsul-dietmar-czernich\/#article","isPartOf":{"@id":"https:\/\/www.chg.at\/en\/verleihung-des-bundesverdienstkreuzes-an-honorarkonsul-dietmar-czernich\/"},"author":{"name":"Lorenz Held","@id":"https:\/\/www.chg.at\/en\/#\/schema\/person\/767a36d24c2ac329c1c5e1c10929e2b6"},"headline":"Verleihung des Bundesverdienstkreuzes an Honorarkonsul Dietmar Czernich","datePublished":"2021-09-28T13:28:06+00:00","dateModified":"2021-10-07T07:50:10+00:00","mainEntityOfPage":{"@id":"https:\/\/www.chg.at\/en\/verleihung-des-bundesverdienstkreuzes-an-honorarkonsul-dietmar-czernich\/"},"wordCount":628,"publisher":{"@id":"https:\/\/www.chg.at\/en\/#organization"},"articleSection":["Honorarkonsul Deutschland","Veranstaltung"],"inLanguage":"en-US"},{"@type":"WebPage","@id":"https:\/\/www.chg.at\/en\/verleihung-des-bundesverdienstkreuzes-an-honorarkonsul-dietmar-czernich\/","url":"https:\/\/www.chg.at\/en\/verleihung-des-bundesverdienstkreuzes-an-honorarkonsul-dietmar-czernich\/","name":"Verleihung des Bundesverdienstkreuzes an Dietmar Czernich","isPartOf":{"@id":"https:\/\/www.chg.at\/en\/#website"},"datePublished":"2021-09-28T13:28:06+00:00","dateModified":"2021-10-07T07:50:10+00:00","description":"Am 27.09.2021 wurde Dr. Dietmar Czernich, Honorarkonsul der Bundesrepublik Deutschland in Innsbruck das Bundesverdienstkreuz verliehen.","breadcrumb":{"@id":"https:\/\/www.chg.at\/en\/verleihung-des-bundesverdienstkreuzes-an-honorarkonsul-dietmar-czernich\/#breadcrumb"},"inLanguage":"en-US","potentialAction":[{"@type":"ReadAction","target":["https:\/\/www.chg.at\/en\/verleihung-des-bundesverdienstkreuzes-an-honorarkonsul-dietmar-czernich\/"]}]},{"@type":"BreadcrumbList","@id":"https:\/\/www.chg.at\/en\/verleihung-des-bundesverdienstkreuzes-an-honorarkonsul-dietmar-czernich\/#breadcrumb","itemListElement":[{"@type":"ListItem","position":1,"name":"Startseite","item":"https:\/\/www.chg.at\/en\/"},{"@type":"ListItem","position":2,"name":"Verleihung des Bundesverdienstkreuzes an Honorarkonsul Dietmar Czernich"}]},{"@type":"WebSite","@id":"https:\/\/www.chg.at\/en\/#website","url":"https:\/\/www.chg.at\/en\/","name":"CHG Czernich Rechtsanw\u00e4lte \u2013 Wir bewegen Wirtschaft","description":"Wir sorgen f\u00fcr Klarheit, wenn es rechtlich kompliziert wird. In jeder Phase Ihrer Unternehmungen. Sie ergreifen die Chancen. Wir verwandeln Risiken in L\u00f6sungen.","publisher":{"@id":"https:\/\/www.chg.at\/en\/#organization"},"potentialAction":[{"@type":"SearchAction","target":{"@type":"EntryPoint","urlTemplate":"https:\/\/www.chg.at\/en\/?s={search_term_string}"},"query-input":"required name=search_term_string"}],"inLanguage":"en-US"},{"@type":"Organization","@id":"https:\/\/www.chg.at\/en\/#organization","name":"CHG Czernich Rechtsanw\u00e4lte","url":"https:\/\/www.chg.at\/en\/","sameAs":["https:\/\/www.linkedin.com\/company\/12773263\/admin\/dashboard\/"],"logo":{"@type":"ImageObject","inLanguage":"en-US","@id":"https:\/\/www.chg.at\/en\/#\/schema\/logo\/image\/","url":"https:\/\/www.chg.at\/wp-content\/uploads\/2016\/08\/CHG_logo_250_1.png","contentUrl":"https:\/\/www.chg.at\/wp-content\/uploads\/2016\/08\/CHG_logo_250_1.png","width":250,"height":33,"caption":"CHG Czernich Rechtsanw\u00e4lte"},"image":{"@id":"https:\/\/www.chg.at\/en\/#\/schema\/logo\/image\/"}},{"@type":"Person","@id":"https:\/\/www.chg.at\/en\/#\/schema\/person\/767a36d24c2ac329c1c5e1c10929e2b6","name":"Lorenz Held","sameAs":["https:\/\/www.chg.at"]}]}},"_links":{"self":[{"href":"https:\/\/www.chg.at\/en\/wp-json\/wp\/v2\/posts\/17415"}],"collection":[{"href":"https:\/\/www.chg.at\/en\/wp-json\/wp\/v2\/posts"}],"about":[{"href":"https:\/\/www.chg.at\/en\/wp-json\/wp\/v2\/types\/post"}],"author":[{"embeddable":true,"href":"https:\/\/www.chg.at\/en\/wp-json\/wp\/v2\/users\/10"}],"replies":[{"embeddable":true,"href":"https:\/\/www.chg.at\/en\/wp-json\/wp\/v2\/comments?post=17415"}],"version-history":[{"count":9,"href":"https:\/\/www.chg.at\/en\/wp-json\/wp\/v2\/posts\/17415\/revisions"}],"predecessor-version":[{"id":17620,"href":"https:\/\/www.chg.at\/en\/wp-json\/wp\/v2\/posts\/17415\/revisions\/17620"}],"wp:featuredmedia":[{"embeddable":true,"href":"https:\/\/www.chg.at\/en\/wp-json\/wp\/v2\/media\/17604"}],"wp:attachment":[{"href":"https:\/\/www.chg.at\/en\/wp-json\/wp\/v2\/media?parent=17415"}],"wp:term":[{"taxonomy":"category","embeddable":true,"href":"https:\/\/www.chg.at\/en\/wp-json\/wp\/v2\/categories?post=17415"},{"taxonomy":"post_tag","embeddable":true,"href":"https:\/\/www.chg.at\/en\/wp-json\/wp\/v2\/tags?post=17415"}],"curies":[{"name":"wp","href":"https:\/\/api.w.org\/{rel}","templated":true}]}}