{"id":17692,"date":"2021-10-08T10:27:55","date_gmt":"2021-10-08T08:27:55","guid":{"rendered":"https:\/\/www.chg.at\/?p=17692"},"modified":"2021-10-14T15:00:24","modified_gmt":"2021-10-14T13:00:24","slug":"chg-anwalt-christoph-haidlen-auf-der-vorarlberger-seilbahntagung","status":"publish","type":"post","link":"https:\/\/www.chg.at\/en\/chg-anwalt-christoph-haidlen-auf-der-vorarlberger-seilbahntagung\/","title":{"rendered":"CHG-Anwalt Christoph Haidlen auf der Vorarlberger Seilbahntagung"},"content":{"rendered":"<style type=\"text\/css\"> \n#cmsmasters_row_69f1ab74ec7947_65736238 .cmsmasters_row_outer_parent { \n\tpadding-top: 0px; \n} \n\n#cmsmasters_row_69f1ab74ec7947_65736238 .cmsmasters_row_outer_parent { \n\tpadding-bottom: 50px; \n} \n\n \n#cmsmasters_row_69f1ab74ec8e84_81497041 .cmsmasters_row_outer_parent { \n\tpadding-top: 0px; \n} \n\n#cmsmasters_row_69f1ab74ec8e84_81497041 .cmsmasters_row_outer_parent { \n\tpadding-bottom: 40px; \n} \n\n<\/style><div id=\"cmsmasters_row_69f1ab74ec7947_65736238\" class=\"cmsmasters_row cmsmasters_color_scheme_default cmsmasters_row_top_default cmsmasters_row_bot_default cmsmasters_row_boxed\">\n<div class=\"cmsmasters_row_outer_parent\">\n<div class=\"cmsmasters_row_outer\">\n<div class=\"cmsmasters_row_inner\">\n<div class=\"cmsmasters_row_margin\">\n<div class=\"cmsmasters_column one_first\">\n<div class=\"cmsmasters_text\">\n<h1 style=\"text-align: left;\">CHG-Anwalt Christoph Haidlen bei der Vorarlberger Seilbahntagung<\/h1>\n<p>Erstmalig seit 2019 fand die Vorarlberger Seilbahntagung wieder als Pr\u00e4senzveranstaltung statt, an welcher auch Dr. Christoph Haidlen, der sich in erheblichem Umfang mit allen Fragen des Seilbahnrechts besch\u00e4ftigt (siehe auch unter <a href=\"http:\/\/www.seilbahnrecht.at\">www.seilbahnrecht.at<\/a>), teilnahm.<\/p>\n<p>Welche Bestimmungen sind f\u00fcr die kommende Wintersaison? Das war wohl die brennendste Frage auf der diesj\u00e4hrigen Tagung. Dabei wurden praxisnahe Regelungen eingefordert. Dr. Haidlen steht dazu in regem Kontakt mit Branchenvertretern und sprach insbesondere auch mit Dr. Erik Wolf,\u00a0 dem Gesch\u00e4ftsf\u00fchrer des Fachverbandes der Seilbahnen \u00d6sterreichs.<\/p>\n<p>Hier erfahren Sie mehr \u00fcber das \u00f6sterreichische Seilbahnrecht: <a href=\"http:\/\/www.seilbahnrecht.at\">www.seilbahnrecht.at<\/a><\/p>\n<p><strong>Foto:\u00a0<\/strong> <a href=\"https:\/\/www.chg.at\/profile\/christoph-haidlen\/\">CHG-Anwalt Dr. Christoph Haidlen<\/a> mit dem GEsch\u00e4ftsf\u00fchrer des Fachverrbandes der Seilbahnen \u00d6sterreichs, Dr. Erik Wolf<\/p>\n<\/div>\n<div class=\"cmsmasters_text\">\n<p>&nbsp;<\/p>\n<\/div>\n<\/div>\n<\/div>\n<\/div>\n<\/div>\n<\/div>\n<\/div>\n<div id=\"cmsmasters_row_69f1ab74ec8e84_81497041\" class=\"cmsmasters_row cmsmasters_color_scheme_default cmsmasters_row_top_default cmsmasters_row_bot_default cmsmasters_row_boxed\">\n<div class=\"cmsmasters_row_outer_parent\">\n<div class=\"cmsmasters_row_outer\">\n<div class=\"cmsmasters_row_inner\">\n<div class=\"cmsmasters_row_margin\">\n<div class=\"cmsmasters_column one_half\">\n<\/div>\n<div class=\"cmsmasters_column one_half\">\n<\/div>\n<\/div>\n<\/div>\n<\/div>\n<\/div>\n<\/div>\n\n","protected":false},"excerpt":{"rendered":"","protected":false},"author":3,"featured_media":17696,"comment_status":"closed","ping_status":"open","sticky":false,"template":"","format":"image","meta":{"inline_featured_image":false},"categories":[8,9,33],"tags":[],"yoast_head":"<!-- This site is optimized with the Yoast SEO plugin v19.8 - https:\/\/yoast.com\/wordpress\/plugins\/seo\/ -->\n<title>CHG-Anwalt Christoph Haidlen bei der Vorarlberger Seilbahntagung<\/title>\n<meta name=\"description\" content=\"Seilbahnexperte Christoph Haidlen von CHG im Austausch mit Vertretern der Branche. Welche Bestimmungen gelten in der kommenden Wintersaison?\" \/>\n<meta name=\"robots\" content=\"index, follow, max-snippet:-1, max-image-preview:large, max-video-preview:-1\" \/>\n<link rel=\"canonical\" href=\"https:\/\/www.chg.at\/en\/chg-anwalt-christoph-haidlen-auf-der-vorarlberger-seilbahntagung\/\" \/>\n<meta property=\"og:locale\" content=\"en_US\" \/>\n<meta property=\"og:type\" content=\"article\" \/>\n<meta property=\"og:title\" content=\"ABC\" \/>\n<meta property=\"og:description\" content=\"DEF\" \/>\n<meta property=\"og:url\" content=\"https:\/\/www.chg.at\/en\/chg-anwalt-christoph-haidlen-auf-der-vorarlberger-seilbahntagung\/\" \/>\n<meta property=\"og:site_name\" content=\"CHG Czernich Rechtsanw\u00e4lte \u2013 Wir bewegen Wirtschaft\" \/>\n<meta property=\"article:published_time\" content=\"2021-10-08T08:27:55+00:00\" \/>\n<meta property=\"article:modified_time\" content=\"2021-10-14T13:00:24+00:00\" \/>\n<meta property=\"og:image\" content=\"https:\/\/www.chg.at\/wp-content\/uploads\/2021\/10\/CHG-Czernich-Rechtsanw\u00e4lte-Haidlen-53.Seilbahntag_VBG_web.jpg\" \/>\n\t<meta property=\"og:image:width\" content=\"1160\" \/>\n\t<meta property=\"og:image:height\" content=\"580\" \/>\n\t<meta property=\"og:image:type\" content=\"image\/jpeg\" \/>\n<meta name=\"author\" content=\"Diana B\u00f6hme\" \/>\n<meta name=\"twitter:card\" content=\"summary_large_image\" \/>\n<meta name=\"twitter:label1\" content=\"Written by\" \/>\n\t<meta name=\"twitter:data1\" content=\"Diana B\u00f6hme\" \/>\n\t<meta name=\"twitter:label2\" content=\"Est. reading time\" \/>\n\t<meta name=\"twitter:data2\" content=\"1 minute\" \/>\n<script type=\"application\/ld+json\" class=\"yoast-schema-graph\">{\"@context\":\"https:\/\/schema.org\",\"@graph\":[{\"@type\":\"Article\",\"@id\":\"https:\/\/www.chg.at\/en\/chg-anwalt-christoph-haidlen-auf-der-vorarlberger-seilbahntagung\/#article\",\"isPartOf\":{\"@id\":\"https:\/\/www.chg.at\/en\/chg-anwalt-christoph-haidlen-auf-der-vorarlberger-seilbahntagung\/\"},\"author\":{\"name\":\"Diana B\u00f6hme\",\"@id\":\"https:\/\/www.chg.at\/en\/#\/schema\/person\/b3b2cd248a314cf8acc3db22217f03b4\"},\"headline\":\"CHG-Anwalt Christoph Haidlen auf der Vorarlberger Seilbahntagung\",\"datePublished\":\"2021-10-08T08:27:55+00:00\",\"dateModified\":\"2021-10-14T13:00:24+00:00\",\"mainEntityOfPage\":{\"@id\":\"https:\/\/www.chg.at\/en\/chg-anwalt-christoph-haidlen-auf-der-vorarlberger-seilbahntagung\/\"},\"wordCount\":225,\"publisher\":{\"@id\":\"https:\/\/www.chg.at\/en\/#organization\"},\"articleSection\":[\"CHG News\",\"Kanzlei\",\"Veranstaltung\"],\"inLanguage\":\"en-US\"},{\"@type\":\"WebPage\",\"@id\":\"https:\/\/www.chg.at\/en\/chg-anwalt-christoph-haidlen-auf-der-vorarlberger-seilbahntagung\/\",\"url\":\"https:\/\/www.chg.at\/en\/chg-anwalt-christoph-haidlen-auf-der-vorarlberger-seilbahntagung\/\",\"name\":\"CHG-Anwalt Christoph Haidlen bei der Vorarlberger Seilbahntagung\",\"isPartOf\":{\"@id\":\"https:\/\/www.chg.at\/en\/#website\"},\"datePublished\":\"2021-10-08T08:27:55+00:00\",\"dateModified\":\"2021-10-14T13:00:24+00:00\",\"description\":\"Seilbahnexperte Christoph Haidlen von CHG im Austausch mit Vertretern der Branche. Welche Bestimmungen gelten in der kommenden Wintersaison?\",\"breadcrumb\":{\"@id\":\"https:\/\/www.chg.at\/en\/chg-anwalt-christoph-haidlen-auf-der-vorarlberger-seilbahntagung\/#breadcrumb\"},\"inLanguage\":\"en-US\",\"potentialAction\":[{\"@type\":\"ReadAction\",\"target\":[\"https:\/\/www.chg.at\/en\/chg-anwalt-christoph-haidlen-auf-der-vorarlberger-seilbahntagung\/\"]}]},{\"@type\":\"BreadcrumbList\",\"@id\":\"https:\/\/www.chg.at\/en\/chg-anwalt-christoph-haidlen-auf-der-vorarlberger-seilbahntagung\/#breadcrumb\",\"itemListElement\":[{\"@type\":\"ListItem\",\"position\":1,\"name\":\"Startseite\",\"item\":\"https:\/\/www.chg.at\/en\/\"},{\"@type\":\"ListItem\",\"position\":2,\"name\":\"CHG-Anwalt Christoph Haidlen auf der Vorarlberger Seilbahntagung\"}]},{\"@type\":\"WebSite\",\"@id\":\"https:\/\/www.chg.at\/en\/#website\",\"url\":\"https:\/\/www.chg.at\/en\/\",\"name\":\"CHG Czernich Rechtsanw\u00e4lte \u2013 Wir bewegen Wirtschaft\",\"description\":\"Wir sorgen f\u00fcr Klarheit, wenn es rechtlich kompliziert wird. In jeder Phase Ihrer Unternehmungen. Sie ergreifen die Chancen. Wir verwandeln Risiken in L\u00f6sungen.\",\"publisher\":{\"@id\":\"https:\/\/www.chg.at\/en\/#organization\"},\"potentialAction\":[{\"@type\":\"SearchAction\",\"target\":{\"@type\":\"EntryPoint\",\"urlTemplate\":\"https:\/\/www.chg.at\/en\/?s={search_term_string}\"},\"query-input\":\"required name=search_term_string\"}],\"inLanguage\":\"en-US\"},{\"@type\":\"Organization\",\"@id\":\"https:\/\/www.chg.at\/en\/#organization\",\"name\":\"CHG Czernich Rechtsanw\u00e4lte\",\"url\":\"https:\/\/www.chg.at\/en\/\",\"sameAs\":[\"https:\/\/www.linkedin.com\/company\/12773263\/admin\/dashboard\/\"],\"logo\":{\"@type\":\"ImageObject\",\"inLanguage\":\"en-US\",\"@id\":\"https:\/\/www.chg.at\/en\/#\/schema\/logo\/image\/\",\"url\":\"https:\/\/www.chg.at\/wp-content\/uploads\/2016\/08\/CHG_logo_250_1.png\",\"contentUrl\":\"https:\/\/www.chg.at\/wp-content\/uploads\/2016\/08\/CHG_logo_250_1.png\",\"width\":250,\"height\":33,\"caption\":\"CHG Czernich Rechtsanw\u00e4lte\"},\"image\":{\"@id\":\"https:\/\/www.chg.at\/en\/#\/schema\/logo\/image\/\"}},{\"@type\":\"Person\",\"@id\":\"https:\/\/www.chg.at\/en\/#\/schema\/person\/b3b2cd248a314cf8acc3db22217f03b4\",\"name\":\"Diana B\u00f6hme\"}]}<\/script>\n<!-- \/ Yoast SEO plugin. -->","yoast_head_json":{"title":"CHG-Anwalt Christoph Haidlen bei der Vorarlberger Seilbahntagung","description":"Seilbahnexperte Christoph Haidlen von CHG im Austausch mit Vertretern der Branche. Welche Bestimmungen gelten in der kommenden Wintersaison?","robots":{"index":"index","follow":"follow","max-snippet":"max-snippet:-1","max-image-preview":"max-image-preview:large","max-video-preview":"max-video-preview:-1"},"canonical":"https:\/\/www.chg.at\/en\/chg-anwalt-christoph-haidlen-auf-der-vorarlberger-seilbahntagung\/","og_locale":"en_US","og_type":"article","og_title":"ABC","og_description":"DEF","og_url":"https:\/\/www.chg.at\/en\/chg-anwalt-christoph-haidlen-auf-der-vorarlberger-seilbahntagung\/","og_site_name":"CHG Czernich Rechtsanw\u00e4lte \u2013 Wir bewegen Wirtschaft","article_published_time":"2021-10-08T08:27:55+00:00","article_modified_time":"2021-10-14T13:00:24+00:00","og_image":[{"width":1160,"height":580,"url":"https:\/\/www.chg.at\/wp-content\/uploads\/2021\/10\/CHG-Czernich-Rechtsanw\u00e4lte-Haidlen-53.Seilbahntag_VBG_web.jpg","type":"image\/jpeg"}],"author":"Diana B\u00f6hme","twitter_card":"summary_large_image","twitter_misc":{"Written by":"Diana B\u00f6hme","Est. reading time":"1 minute"},"schema":{"@context":"https:\/\/schema.org","@graph":[{"@type":"Article","@id":"https:\/\/www.chg.at\/en\/chg-anwalt-christoph-haidlen-auf-der-vorarlberger-seilbahntagung\/#article","isPartOf":{"@id":"https:\/\/www.chg.at\/en\/chg-anwalt-christoph-haidlen-auf-der-vorarlberger-seilbahntagung\/"},"author":{"name":"Diana B\u00f6hme","@id":"https:\/\/www.chg.at\/en\/#\/schema\/person\/b3b2cd248a314cf8acc3db22217f03b4"},"headline":"CHG-Anwalt Christoph Haidlen auf der Vorarlberger Seilbahntagung","datePublished":"2021-10-08T08:27:55+00:00","dateModified":"2021-10-14T13:00:24+00:00","mainEntityOfPage":{"@id":"https:\/\/www.chg.at\/en\/chg-anwalt-christoph-haidlen-auf-der-vorarlberger-seilbahntagung\/"},"wordCount":225,"publisher":{"@id":"https:\/\/www.chg.at\/en\/#organization"},"articleSection":["CHG News","Kanzlei","Veranstaltung"],"inLanguage":"en-US"},{"@type":"WebPage","@id":"https:\/\/www.chg.at\/en\/chg-anwalt-christoph-haidlen-auf-der-vorarlberger-seilbahntagung\/","url":"https:\/\/www.chg.at\/en\/chg-anwalt-christoph-haidlen-auf-der-vorarlberger-seilbahntagung\/","name":"CHG-Anwalt Christoph Haidlen bei der Vorarlberger Seilbahntagung","isPartOf":{"@id":"https:\/\/www.chg.at\/en\/#website"},"datePublished":"2021-10-08T08:27:55+00:00","dateModified":"2021-10-14T13:00:24+00:00","description":"Seilbahnexperte Christoph Haidlen von CHG im Austausch mit Vertretern der Branche. Welche Bestimmungen gelten in der kommenden Wintersaison?","breadcrumb":{"@id":"https:\/\/www.chg.at\/en\/chg-anwalt-christoph-haidlen-auf-der-vorarlberger-seilbahntagung\/#breadcrumb"},"inLanguage":"en-US","potentialAction":[{"@type":"ReadAction","target":["https:\/\/www.chg.at\/en\/chg-anwalt-christoph-haidlen-auf-der-vorarlberger-seilbahntagung\/"]}]},{"@type":"BreadcrumbList","@id":"https:\/\/www.chg.at\/en\/chg-anwalt-christoph-haidlen-auf-der-vorarlberger-seilbahntagung\/#breadcrumb","itemListElement":[{"@type":"ListItem","position":1,"name":"Startseite","item":"https:\/\/www.chg.at\/en\/"},{"@type":"ListItem","position":2,"name":"CHG-Anwalt Christoph Haidlen auf der Vorarlberger Seilbahntagung"}]},{"@type":"WebSite","@id":"https:\/\/www.chg.at\/en\/#website","url":"https:\/\/www.chg.at\/en\/","name":"CHG Czernich Rechtsanw\u00e4lte \u2013 Wir bewegen Wirtschaft","description":"Wir sorgen f\u00fcr Klarheit, wenn es rechtlich kompliziert wird. In jeder Phase Ihrer Unternehmungen. Sie ergreifen die Chancen. Wir verwandeln Risiken in L\u00f6sungen.","publisher":{"@id":"https:\/\/www.chg.at\/en\/#organization"},"potentialAction":[{"@type":"SearchAction","target":{"@type":"EntryPoint","urlTemplate":"https:\/\/www.chg.at\/en\/?s={search_term_string}"},"query-input":"required name=search_term_string"}],"inLanguage":"en-US"},{"@type":"Organization","@id":"https:\/\/www.chg.at\/en\/#organization","name":"CHG Czernich Rechtsanw\u00e4lte","url":"https:\/\/www.chg.at\/en\/","sameAs":["https:\/\/www.linkedin.com\/company\/12773263\/admin\/dashboard\/"],"logo":{"@type":"ImageObject","inLanguage":"en-US","@id":"https:\/\/www.chg.at\/en\/#\/schema\/logo\/image\/","url":"https:\/\/www.chg.at\/wp-content\/uploads\/2016\/08\/CHG_logo_250_1.png","contentUrl":"https:\/\/www.chg.at\/wp-content\/uploads\/2016\/08\/CHG_logo_250_1.png","width":250,"height":33,"caption":"CHG Czernich Rechtsanw\u00e4lte"},"image":{"@id":"https:\/\/www.chg.at\/en\/#\/schema\/logo\/image\/"}},{"@type":"Person","@id":"https:\/\/www.chg.at\/en\/#\/schema\/person\/b3b2cd248a314cf8acc3db22217f03b4","name":"Diana B\u00f6hme"}]}},"_links":{"self":[{"href":"https:\/\/www.chg.at\/en\/wp-json\/wp\/v2\/posts\/17692"}],"collection":[{"href":"https:\/\/www.chg.at\/en\/wp-json\/wp\/v2\/posts"}],"about":[{"href":"https:\/\/www.chg.at\/en\/wp-json\/wp\/v2\/types\/post"}],"author":[{"embeddable":true,"href":"https:\/\/www.chg.at\/en\/wp-json\/wp\/v2\/users\/3"}],"replies":[{"embeddable":true,"href":"https:\/\/www.chg.at\/en\/wp-json\/wp\/v2\/comments?post=17692"}],"version-history":[{"count":2,"href":"https:\/\/www.chg.at\/en\/wp-json\/wp\/v2\/posts\/17692\/revisions"}],"predecessor-version":[{"id":17695,"href":"https:\/\/www.chg.at\/en\/wp-json\/wp\/v2\/posts\/17692\/revisions\/17695"}],"wp:featuredmedia":[{"embeddable":true,"href":"https:\/\/www.chg.at\/en\/wp-json\/wp\/v2\/media\/17696"}],"wp:attachment":[{"href":"https:\/\/www.chg.at\/en\/wp-json\/wp\/v2\/media?parent=17692"}],"wp:term":[{"taxonomy":"category","embeddable":true,"href":"https:\/\/www.chg.at\/en\/wp-json\/wp\/v2\/categories?post=17692"},{"taxonomy":"post_tag","embeddable":true,"href":"https:\/\/www.chg.at\/en\/wp-json\/wp\/v2\/tags?post=17692"}],"curies":[{"name":"wp","href":"https:\/\/api.w.org\/{rel}","templated":true}]}}