{"id":17701,"date":"2021-10-14T15:56:17","date_gmt":"2021-10-14T13:56:17","guid":{"rendered":"https:\/\/www.chg.at\/?p=17701"},"modified":"2021-10-19T17:10:33","modified_gmt":"2021-10-19T15:10:33","slug":"feierstunde-zum-tag-der-deutschen-einheit","status":"publish","type":"post","link":"https:\/\/www.chg.at\/en\/feierstunde-zum-tag-der-deutschen-einheit\/","title":{"rendered":"Feierstunde zum Tag der Deutschen Einheit"},"content":{"rendered":"<style type=\"text\/css\"> \n#cmsmasters_row_69f1c7da0e9022_89900870 .cmsmasters_row_outer_parent { \n\tpadding-top: 0px; \n} \n\n#cmsmasters_row_69f1c7da0e9022_89900870 .cmsmasters_row_outer_parent { \n\tpadding-bottom: 0px; \n} \n\n\r\n\t\t\t\t#cmsmasters_gallery_69f1c7da0ec5c8_97728970 .cmsmasters_gallery {\r\n\t\t\t\t\tmargin:0 0 0 -10px;\r\n\t\t\t\t}\r\n\t\t\t\t\r\n\t\t\t\t#cmsmasters_gallery_69f1c7da0ec5c8_97728970 .cmsmasters_gallery .cmsmasters_gallery_item {\r\n\t\t\t\t\tpadding:0 0 10px 10px;\r\n\t\t\t\t}\r\n\t\t\t<\/style><div id=\"cmsmasters_row_69f1c7da0e9022_89900870\" class=\"cmsmasters_row cmsmasters_color_scheme_default cmsmasters_row_top_default cmsmasters_row_bot_default cmsmasters_row_boxed\">\n<div class=\"cmsmasters_row_outer_parent\">\n<div class=\"cmsmasters_row_outer\">\n<div class=\"cmsmasters_row_inner\">\n<div class=\"cmsmasters_row_margin\">\n<div class=\"cmsmasters_column one_first\">\n<div class=\"cmsmasters_text\">\n<h1>Honorarkonsul Dietmar Czernich lud zu einem Festakt nach Kitzb\u00fchel<\/h1>\n<h3><span style=\"color: #d43555;\">Nach einj\u00e4hriger Pause konnte die Tradition zum Empfang anl\u00e4sslich des Tages der Deutschen Einheit fortgesetzt werden. <\/span><\/h3>\n<p>Am Samstag, den 2. Oktober 2021, luden <a href=\"https:\/\/www.chg.at\/profile\/dietmar-czernich\/\">Dietmar Czernich<\/a>, Honorarkonsul der Bundesrepublik Deutschland in Innsbruck, sowie Ralf Beste, Botschafter der Bundesrepublik Deutschland in \u00d6sterreich, zu einer Feierstunde nach Kitzb\u00fchel ins Schlosshotel Lebenberg ein. Zahlreiche Vertreter aus Politik, Kultur und Wirtschaft folgten der Einladung.<\/p>\n<p>Nach einem von der Musikkapelle Kitzb\u00fchel umrahmten Aperitif auf der Terrasse des Hotels wurde der Empfang im Festsaal von Ralf Beste und Dietmar Czernich er\u00f6ffnet. Im Anschluss richteten Anton Mattle, Landesrat f\u00fcr Wirtschaft und Infrastruktur des Landes Tirol, Klaus Winkler, B\u00fcrgermeister der Stadt Kitzb\u00fchel, und Christian Harisch, Obmann Kitzb\u00fchel Tourismus, ihre Gru\u00dfworte an die zahlreichen G\u00e4ste.<\/p>\n<p>Abgerundet wurde der Abend durch ein Running Buffet. Im Anschluss an die Festreden und das Buffet konnten wir mit unseren G\u00e4sten beim gem\u00fctlichen Ausklang an der Hotelbar ansto\u00dfen.<\/p>\n<p>&nbsp;<\/p>\n<p>Hier finden Sie ausgew\u00e4hlte Bilder der Veranstaltung:<\/p>\n<p>&nbsp;<\/p>\n<p>&nbsp;<\/p>\n<p>&nbsp;<\/p>\n<\/div>\n<div id=\"cmsmasters_gallery_69f1c7da0ec5c8_97728970\" class=\"cmsmasters_gallery_wrap\"><ul class=\"cmsmasters_gallery cmsmasters_1 cmsmasters_more_items_loader\"><li class=\"cmsmasters_gallery_item cmsmasters_caption\"><figure><a href=\"https:\/\/www.chg.at\/wp-content\/uploads\/2021\/10\/stil.fotografie-lebenberg-2338-scaled.jpg\" rel=\"ilightbox[69f1c7da0ec5c8_97728970]\"><img width=\"580\" height=\"422\" src=\"https:\/\/www.chg.at\/wp-content\/uploads\/2021\/10\/stil.fotografie-lebenberg-2338-580x422.jpg\" class=\"attachment-cmsmasters-project-masonry-thumb size-cmsmasters-project-masonry-thumb\" alt=\"\" loading=\"lazy\" srcset=\"https:\/\/www.chg.at\/wp-content\/uploads\/2021\/10\/stil.fotografie-lebenberg-2338-580x422.jpg 580w, https:\/\/www.chg.at\/wp-content\/uploads\/2021\/10\/stil.fotografie-lebenberg-2338-300x218.jpg 300w, https:\/\/www.chg.at\/wp-content\/uploads\/2021\/10\/stil.fotografie-lebenberg-2338-1024x745.jpg 1024w, https:\/\/www.chg.at\/wp-content\/uploads\/2021\/10\/stil.fotografie-lebenberg-2338-768x559.jpg 768w, https:\/\/www.chg.at\/wp-content\/uploads\/2021\/10\/stil.fotografie-lebenberg-2338-1536x1118.jpg 1536w, https:\/\/www.chg.at\/wp-content\/uploads\/2021\/10\/stil.fotografie-lebenberg-2338-2048x1490.jpg 2048w, https:\/\/www.chg.at\/wp-content\/uploads\/2021\/10\/stil.fotografie-lebenberg-2338-860x626.jpg 860w, https:\/\/www.chg.at\/wp-content\/uploads\/2021\/10\/stil.fotografie-lebenberg-2338-1160x844.jpg 1160w\" sizes=\"(max-width: 580px) 100vw, 580px\" \/><\/a><figcaption>Landesrat Anton Mattle, Botschafter Ralf Beste, Honorarkonsul Dietmar Czernich und B\u00fcrgermeister Klaus Winkler<\/figcaption><\/figure><\/li><li class=\"cmsmasters_gallery_item\"><figure><a href=\"https:\/\/www.chg.at\/wp-content\/uploads\/2021\/10\/stil.fotografie-lebenberg-2090-scaled.jpg\" rel=\"ilightbox[69f1c7da0ec5c8_97728970]\"><img width=\"580\" height=\"387\" src=\"https:\/\/www.chg.at\/wp-content\/uploads\/2021\/10\/stil.fotografie-lebenberg-2090-580x387.jpg\" class=\"attachment-cmsmasters-project-masonry-thumb size-cmsmasters-project-masonry-thumb\" alt=\"\" loading=\"lazy\" srcset=\"https:\/\/www.chg.at\/wp-content\/uploads\/2021\/10\/stil.fotografie-lebenberg-2090-580x387.jpg 580w, https:\/\/www.chg.at\/wp-content\/uploads\/2021\/10\/stil.fotografie-lebenberg-2090-300x200.jpg 300w, https:\/\/www.chg.at\/wp-content\/uploads\/2021\/10\/stil.fotografie-lebenberg-2090-1024x683.jpg 1024w, https:\/\/www.chg.at\/wp-content\/uploads\/2021\/10\/stil.fotografie-lebenberg-2090-768x512.jpg 768w, https:\/\/www.chg.at\/wp-content\/uploads\/2021\/10\/stil.fotografie-lebenberg-2090-1536x1024.jpg 1536w, https:\/\/www.chg.at\/wp-content\/uploads\/2021\/10\/stil.fotografie-lebenberg-2090-2048x1365.jpg 2048w, https:\/\/www.chg.at\/wp-content\/uploads\/2021\/10\/stil.fotografie-lebenberg-2090-860x573.jpg 860w, https:\/\/www.chg.at\/wp-content\/uploads\/2021\/10\/stil.fotografie-lebenberg-2090-1160x773.jpg 1160w\" sizes=\"(max-width: 580px) 100vw, 580px\" \/><\/a><\/figure><\/li><li class=\"cmsmasters_gallery_item\"><figure><a href=\"https:\/\/www.chg.at\/wp-content\/uploads\/2021\/10\/stil.fotografie-lebenberg-2191-scaled.jpg\" rel=\"ilightbox[69f1c7da0ec5c8_97728970]\"><img width=\"580\" height=\"387\" src=\"https:\/\/www.chg.at\/wp-content\/uploads\/2021\/10\/stil.fotografie-lebenberg-2191-580x387.jpg\" class=\"attachment-cmsmasters-project-masonry-thumb size-cmsmasters-project-masonry-thumb\" alt=\"\" loading=\"lazy\" srcset=\"https:\/\/www.chg.at\/wp-content\/uploads\/2021\/10\/stil.fotografie-lebenberg-2191-580x387.jpg 580w, https:\/\/www.chg.at\/wp-content\/uploads\/2021\/10\/stil.fotografie-lebenberg-2191-300x200.jpg 300w, https:\/\/www.chg.at\/wp-content\/uploads\/2021\/10\/stil.fotografie-lebenberg-2191-1024x683.jpg 1024w, https:\/\/www.chg.at\/wp-content\/uploads\/2021\/10\/stil.fotografie-lebenberg-2191-768x512.jpg 768w, https:\/\/www.chg.at\/wp-content\/uploads\/2021\/10\/stil.fotografie-lebenberg-2191-1536x1024.jpg 1536w, https:\/\/www.chg.at\/wp-content\/uploads\/2021\/10\/stil.fotografie-lebenberg-2191-2048x1365.jpg 2048w, https:\/\/www.chg.at\/wp-content\/uploads\/2021\/10\/stil.fotografie-lebenberg-2191-860x573.jpg 860w, https:\/\/www.chg.at\/wp-content\/uploads\/2021\/10\/stil.fotografie-lebenberg-2191-1160x773.jpg 1160w\" sizes=\"(max-width: 580px) 100vw, 580px\" \/><\/a><\/figure><\/li><li class=\"cmsmasters_gallery_item\"><figure><a href=\"https:\/\/www.chg.at\/wp-content\/uploads\/2021\/10\/stil.fotografie-lebenberg-0653-scaled.jpg\" rel=\"ilightbox[69f1c7da0ec5c8_97728970]\"><img width=\"580\" height=\"387\" src=\"https:\/\/www.chg.at\/wp-content\/uploads\/2021\/10\/stil.fotografie-lebenberg-0653-580x387.jpg\" class=\"attachment-cmsmasters-project-masonry-thumb size-cmsmasters-project-masonry-thumb\" alt=\"\" loading=\"lazy\" srcset=\"https:\/\/www.chg.at\/wp-content\/uploads\/2021\/10\/stil.fotografie-lebenberg-0653-580x387.jpg 580w, https:\/\/www.chg.at\/wp-content\/uploads\/2021\/10\/stil.fotografie-lebenberg-0653-300x200.jpg 300w, https:\/\/www.chg.at\/wp-content\/uploads\/2021\/10\/stil.fotografie-lebenberg-0653-1024x683.jpg 1024w, https:\/\/www.chg.at\/wp-content\/uploads\/2021\/10\/stil.fotografie-lebenberg-0653-768x512.jpg 768w, https:\/\/www.chg.at\/wp-content\/uploads\/2021\/10\/stil.fotografie-lebenberg-0653-1536x1024.jpg 1536w, https:\/\/www.chg.at\/wp-content\/uploads\/2021\/10\/stil.fotografie-lebenberg-0653-2048x1365.jpg 2048w, https:\/\/www.chg.at\/wp-content\/uploads\/2021\/10\/stil.fotografie-lebenberg-0653-860x573.jpg 860w, https:\/\/www.chg.at\/wp-content\/uploads\/2021\/10\/stil.fotografie-lebenberg-0653-1160x773.jpg 1160w\" sizes=\"(max-width: 580px) 100vw, 580px\" \/><\/a><\/figure><\/li><li class=\"cmsmasters_gallery_item cmsmasters_caption\"><figure><a href=\"https:\/\/www.chg.at\/wp-content\/uploads\/2021\/10\/stil.fotografie-lebenberg-0707-scaled.jpg\" rel=\"ilightbox[69f1c7da0ec5c8_97728970]\"><img width=\"580\" height=\"387\" src=\"https:\/\/www.chg.at\/wp-content\/uploads\/2021\/10\/stil.fotografie-lebenberg-0707-580x387.jpg\" class=\"attachment-cmsmasters-project-masonry-thumb size-cmsmasters-project-masonry-thumb\" alt=\"\" loading=\"lazy\" srcset=\"https:\/\/www.chg.at\/wp-content\/uploads\/2021\/10\/stil.fotografie-lebenberg-0707-580x387.jpg 580w, https:\/\/www.chg.at\/wp-content\/uploads\/2021\/10\/stil.fotografie-lebenberg-0707-300x200.jpg 300w, https:\/\/www.chg.at\/wp-content\/uploads\/2021\/10\/stil.fotografie-lebenberg-0707-1024x683.jpg 1024w, https:\/\/www.chg.at\/wp-content\/uploads\/2021\/10\/stil.fotografie-lebenberg-0707-768x512.jpg 768w, https:\/\/www.chg.at\/wp-content\/uploads\/2021\/10\/stil.fotografie-lebenberg-0707-1536x1024.jpg 1536w, https:\/\/www.chg.at\/wp-content\/uploads\/2021\/10\/stil.fotografie-lebenberg-0707-2048x1365.jpg 2048w, https:\/\/www.chg.at\/wp-content\/uploads\/2021\/10\/stil.fotografie-lebenberg-0707-860x573.jpg 860w, https:\/\/www.chg.at\/wp-content\/uploads\/2021\/10\/stil.fotografie-lebenberg-0707-1160x773.jpg 1160w\" sizes=\"(max-width: 580px) 100vw, 580px\" \/><\/a><figcaption>Honorarkonsul Dietmar Czernich<\/figcaption><\/figure><\/li><li class=\"cmsmasters_gallery_item cmsmasters_caption\"><figure><a href=\"https:\/\/www.chg.at\/wp-content\/uploads\/2021\/10\/stil.fotografie-lebenberg-0751-scaled.jpg\" rel=\"ilightbox[69f1c7da0ec5c8_97728970]\"><img width=\"580\" height=\"387\" src=\"https:\/\/www.chg.at\/wp-content\/uploads\/2021\/10\/stil.fotografie-lebenberg-0751-580x387.jpg\" class=\"attachment-cmsmasters-project-masonry-thumb size-cmsmasters-project-masonry-thumb\" alt=\"\" loading=\"lazy\" srcset=\"https:\/\/www.chg.at\/wp-content\/uploads\/2021\/10\/stil.fotografie-lebenberg-0751-580x387.jpg 580w, https:\/\/www.chg.at\/wp-content\/uploads\/2021\/10\/stil.fotografie-lebenberg-0751-300x200.jpg 300w, https:\/\/www.chg.at\/wp-content\/uploads\/2021\/10\/stil.fotografie-lebenberg-0751-1024x683.jpg 1024w, https:\/\/www.chg.at\/wp-content\/uploads\/2021\/10\/stil.fotografie-lebenberg-0751-768x512.jpg 768w, https:\/\/www.chg.at\/wp-content\/uploads\/2021\/10\/stil.fotografie-lebenberg-0751-1536x1024.jpg 1536w, https:\/\/www.chg.at\/wp-content\/uploads\/2021\/10\/stil.fotografie-lebenberg-0751-2048x1365.jpg 2048w, https:\/\/www.chg.at\/wp-content\/uploads\/2021\/10\/stil.fotografie-lebenberg-0751-860x573.jpg 860w, https:\/\/www.chg.at\/wp-content\/uploads\/2021\/10\/stil.fotografie-lebenberg-0751-1160x773.jpg 1160w\" sizes=\"(max-width: 580px) 100vw, 580px\" \/><\/a><figcaption>Botschafter Ralf Beste<\/figcaption><\/figure><\/li><li class=\"cmsmasters_gallery_item cmsmasters_caption\"><figure><a href=\"https:\/\/www.chg.at\/wp-content\/uploads\/2021\/10\/stil.fotografie-lebenberg-0759-scaled.jpg\" rel=\"ilightbox[69f1c7da0ec5c8_97728970]\"><img width=\"580\" height=\"387\" src=\"https:\/\/www.chg.at\/wp-content\/uploads\/2021\/10\/stil.fotografie-lebenberg-0759-580x387.jpg\" class=\"attachment-cmsmasters-project-masonry-thumb size-cmsmasters-project-masonry-thumb\" alt=\"\" loading=\"lazy\" srcset=\"https:\/\/www.chg.at\/wp-content\/uploads\/2021\/10\/stil.fotografie-lebenberg-0759-580x387.jpg 580w, https:\/\/www.chg.at\/wp-content\/uploads\/2021\/10\/stil.fotografie-lebenberg-0759-300x200.jpg 300w, https:\/\/www.chg.at\/wp-content\/uploads\/2021\/10\/stil.fotografie-lebenberg-0759-1024x683.jpg 1024w, https:\/\/www.chg.at\/wp-content\/uploads\/2021\/10\/stil.fotografie-lebenberg-0759-768x512.jpg 768w, https:\/\/www.chg.at\/wp-content\/uploads\/2021\/10\/stil.fotografie-lebenberg-0759-1536x1024.jpg 1536w, https:\/\/www.chg.at\/wp-content\/uploads\/2021\/10\/stil.fotografie-lebenberg-0759-2048x1365.jpg 2048w, https:\/\/www.chg.at\/wp-content\/uploads\/2021\/10\/stil.fotografie-lebenberg-0759-860x573.jpg 860w, https:\/\/www.chg.at\/wp-content\/uploads\/2021\/10\/stil.fotografie-lebenberg-0759-1160x773.jpg 1160w\" sizes=\"(max-width: 580px) 100vw, 580px\" \/><\/a><figcaption>Landesrat Anton Mattle<\/figcaption><\/figure><\/li><li class=\"cmsmasters_gallery_item\"><figure><a href=\"https:\/\/www.chg.at\/wp-content\/uploads\/2021\/10\/stil.fotografie-lebenberg-2263-scaled.jpg\" rel=\"ilightbox[69f1c7da0ec5c8_97728970]\"><img width=\"580\" height=\"387\" src=\"https:\/\/www.chg.at\/wp-content\/uploads\/2021\/10\/stil.fotografie-lebenberg-2263-580x387.jpg\" class=\"attachment-cmsmasters-project-masonry-thumb size-cmsmasters-project-masonry-thumb\" alt=\"\" loading=\"lazy\" srcset=\"https:\/\/www.chg.at\/wp-content\/uploads\/2021\/10\/stil.fotografie-lebenberg-2263-580x387.jpg 580w, https:\/\/www.chg.at\/wp-content\/uploads\/2021\/10\/stil.fotografie-lebenberg-2263-300x200.jpg 300w, https:\/\/www.chg.at\/wp-content\/uploads\/2021\/10\/stil.fotografie-lebenberg-2263-1024x683.jpg 1024w, https:\/\/www.chg.at\/wp-content\/uploads\/2021\/10\/stil.fotografie-lebenberg-2263-768x512.jpg 768w, https:\/\/www.chg.at\/wp-content\/uploads\/2021\/10\/stil.fotografie-lebenberg-2263-1536x1024.jpg 1536w, https:\/\/www.chg.at\/wp-content\/uploads\/2021\/10\/stil.fotografie-lebenberg-2263-2048x1365.jpg 2048w, https:\/\/www.chg.at\/wp-content\/uploads\/2021\/10\/stil.fotografie-lebenberg-2263-860x573.jpg 860w, https:\/\/www.chg.at\/wp-content\/uploads\/2021\/10\/stil.fotografie-lebenberg-2263-1160x773.jpg 1160w\" sizes=\"(max-width: 580px) 100vw, 580px\" \/><\/a><\/figure><\/li><li class=\"cmsmasters_gallery_item cmsmasters_caption\"><figure><a href=\"https:\/\/www.chg.at\/wp-content\/uploads\/2021\/10\/stil.fotografie-lebenberg-0782-scaled.jpg\" rel=\"ilightbox[69f1c7da0ec5c8_97728970]\"><img width=\"580\" height=\"387\" src=\"https:\/\/www.chg.at\/wp-content\/uploads\/2021\/10\/stil.fotografie-lebenberg-0782-580x387.jpg\" class=\"attachment-cmsmasters-project-masonry-thumb size-cmsmasters-project-masonry-thumb\" alt=\"\" loading=\"lazy\" srcset=\"https:\/\/www.chg.at\/wp-content\/uploads\/2021\/10\/stil.fotografie-lebenberg-0782-580x387.jpg 580w, https:\/\/www.chg.at\/wp-content\/uploads\/2021\/10\/stil.fotografie-lebenberg-0782-300x200.jpg 300w, https:\/\/www.chg.at\/wp-content\/uploads\/2021\/10\/stil.fotografie-lebenberg-0782-1024x683.jpg 1024w, https:\/\/www.chg.at\/wp-content\/uploads\/2021\/10\/stil.fotografie-lebenberg-0782-768x512.jpg 768w, https:\/\/www.chg.at\/wp-content\/uploads\/2021\/10\/stil.fotografie-lebenberg-0782-1536x1024.jpg 1536w, https:\/\/www.chg.at\/wp-content\/uploads\/2021\/10\/stil.fotografie-lebenberg-0782-2048x1365.jpg 2048w, https:\/\/www.chg.at\/wp-content\/uploads\/2021\/10\/stil.fotografie-lebenberg-0782-860x573.jpg 860w, https:\/\/www.chg.at\/wp-content\/uploads\/2021\/10\/stil.fotografie-lebenberg-0782-1160x773.jpg 1160w\" sizes=\"(max-width: 580px) 100vw, 580px\" \/><\/a><figcaption>B\u00fcrgermeister Klaus Winkler<\/figcaption><\/figure><\/li><li class=\"cmsmasters_gallery_item cmsmasters_caption\"><figure><a href=\"https:\/\/www.chg.at\/wp-content\/uploads\/2021\/10\/stil.fotografie-lebenberg-0800-scaled.jpg\" rel=\"ilightbox[69f1c7da0ec5c8_97728970]\"><img width=\"580\" height=\"870\" src=\"https:\/\/www.chg.at\/wp-content\/uploads\/2021\/10\/stil.fotografie-lebenberg-0800-580x870.jpg\" class=\"attachment-cmsmasters-project-masonry-thumb size-cmsmasters-project-masonry-thumb\" alt=\"\" loading=\"lazy\" srcset=\"https:\/\/www.chg.at\/wp-content\/uploads\/2021\/10\/stil.fotografie-lebenberg-0800-580x870.jpg 580w, https:\/\/www.chg.at\/wp-content\/uploads\/2021\/10\/stil.fotografie-lebenberg-0800-200x300.jpg 200w, https:\/\/www.chg.at\/wp-content\/uploads\/2021\/10\/stil.fotografie-lebenberg-0800-683x1024.jpg 683w, https:\/\/www.chg.at\/wp-content\/uploads\/2021\/10\/stil.fotografie-lebenberg-0800-768x1152.jpg 768w, https:\/\/www.chg.at\/wp-content\/uploads\/2021\/10\/stil.fotografie-lebenberg-0800-1024x1536.jpg 1024w, https:\/\/www.chg.at\/wp-content\/uploads\/2021\/10\/stil.fotografie-lebenberg-0800-1365x2048.jpg 1365w, https:\/\/www.chg.at\/wp-content\/uploads\/2021\/10\/stil.fotografie-lebenberg-0800-860x1290.jpg 860w, https:\/\/www.chg.at\/wp-content\/uploads\/2021\/10\/stil.fotografie-lebenberg-0800-1160x1740.jpg 1160w, https:\/\/www.chg.at\/wp-content\/uploads\/2021\/10\/stil.fotografie-lebenberg-0800-scaled.jpg 1707w\" sizes=\"(max-width: 580px) 100vw, 580px\" \/><\/a><figcaption>Tourismusobmann Christian Harisch<\/figcaption><\/figure><\/li><li class=\"cmsmasters_gallery_item\"><figure><a href=\"https:\/\/www.chg.at\/wp-content\/uploads\/2021\/10\/stil.fotografie-lebenberg-2223-scaled.jpg\" rel=\"ilightbox[69f1c7da0ec5c8_97728970]\"><img width=\"580\" height=\"415\" src=\"https:\/\/www.chg.at\/wp-content\/uploads\/2021\/10\/stil.fotografie-lebenberg-2223-580x415.jpg\" class=\"attachment-cmsmasters-project-masonry-thumb size-cmsmasters-project-masonry-thumb\" alt=\"\" loading=\"lazy\" srcset=\"https:\/\/www.chg.at\/wp-content\/uploads\/2021\/10\/stil.fotografie-lebenberg-2223-580x415.jpg 580w, https:\/\/www.chg.at\/wp-content\/uploads\/2021\/10\/stil.fotografie-lebenberg-2223-300x215.jpg 300w, https:\/\/www.chg.at\/wp-content\/uploads\/2021\/10\/stil.fotografie-lebenberg-2223-1024x732.jpg 1024w, https:\/\/www.chg.at\/wp-content\/uploads\/2021\/10\/stil.fotografie-lebenberg-2223-768x549.jpg 768w, https:\/\/www.chg.at\/wp-content\/uploads\/2021\/10\/stil.fotografie-lebenberg-2223-1536x1099.jpg 1536w, https:\/\/www.chg.at\/wp-content\/uploads\/2021\/10\/stil.fotografie-lebenberg-2223-2048x1465.jpg 2048w, https:\/\/www.chg.at\/wp-content\/uploads\/2021\/10\/stil.fotografie-lebenberg-2223-860x615.jpg 860w, https:\/\/www.chg.at\/wp-content\/uploads\/2021\/10\/stil.fotografie-lebenberg-2223-1160x830.jpg 1160w\" sizes=\"(max-width: 580px) 100vw, 580px\" \/><\/a><\/figure><\/li><li class=\"cmsmasters_gallery_item\"><figure><a href=\"https:\/\/www.chg.at\/wp-content\/uploads\/2021\/10\/stil.fotografie-lebenberg-0618-scaled.jpg\" rel=\"ilightbox[69f1c7da0ec5c8_97728970]\"><img width=\"580\" height=\"387\" src=\"https:\/\/www.chg.at\/wp-content\/uploads\/2021\/10\/stil.fotografie-lebenberg-0618-580x387.jpg\" class=\"attachment-cmsmasters-project-masonry-thumb size-cmsmasters-project-masonry-thumb\" alt=\"\" loading=\"lazy\" srcset=\"https:\/\/www.chg.at\/wp-content\/uploads\/2021\/10\/stil.fotografie-lebenberg-0618-580x387.jpg 580w, https:\/\/www.chg.at\/wp-content\/uploads\/2021\/10\/stil.fotografie-lebenberg-0618-300x200.jpg 300w, https:\/\/www.chg.at\/wp-content\/uploads\/2021\/10\/stil.fotografie-lebenberg-0618-1024x683.jpg 1024w, https:\/\/www.chg.at\/wp-content\/uploads\/2021\/10\/stil.fotografie-lebenberg-0618-768x512.jpg 768w, https:\/\/www.chg.at\/wp-content\/uploads\/2021\/10\/stil.fotografie-lebenberg-0618-1536x1024.jpg 1536w, https:\/\/www.chg.at\/wp-content\/uploads\/2021\/10\/stil.fotografie-lebenberg-0618-2048x1365.jpg 2048w, https:\/\/www.chg.at\/wp-content\/uploads\/2021\/10\/stil.fotografie-lebenberg-0618-860x573.jpg 860w, https:\/\/www.chg.at\/wp-content\/uploads\/2021\/10\/stil.fotografie-lebenberg-0618-1160x773.jpg 1160w\" sizes=\"(max-width: 580px) 100vw, 580px\" \/><\/a><\/figure><\/li><li class=\"cmsmasters_gallery_item\"><figure><a href=\"https:\/\/www.chg.at\/wp-content\/uploads\/2021\/10\/stil.fotografie-lebenberg-2174-scaled.jpg\" rel=\"ilightbox[69f1c7da0ec5c8_97728970]\"><img width=\"580\" height=\"387\" src=\"https:\/\/www.chg.at\/wp-content\/uploads\/2021\/10\/stil.fotografie-lebenberg-2174-580x387.jpg\" class=\"attachment-cmsmasters-project-masonry-thumb size-cmsmasters-project-masonry-thumb\" alt=\"\" loading=\"lazy\" srcset=\"https:\/\/www.chg.at\/wp-content\/uploads\/2021\/10\/stil.fotografie-lebenberg-2174-580x387.jpg 580w, https:\/\/www.chg.at\/wp-content\/uploads\/2021\/10\/stil.fotografie-lebenberg-2174-300x200.jpg 300w, https:\/\/www.chg.at\/wp-content\/uploads\/2021\/10\/stil.fotografie-lebenberg-2174-1024x683.jpg 1024w, https:\/\/www.chg.at\/wp-content\/uploads\/2021\/10\/stil.fotografie-lebenberg-2174-768x512.jpg 768w, https:\/\/www.chg.at\/wp-content\/uploads\/2021\/10\/stil.fotografie-lebenberg-2174-1536x1024.jpg 1536w, https:\/\/www.chg.at\/wp-content\/uploads\/2021\/10\/stil.fotografie-lebenberg-2174-2048x1365.jpg 2048w, https:\/\/www.chg.at\/wp-content\/uploads\/2021\/10\/stil.fotografie-lebenberg-2174-860x573.jpg 860w, https:\/\/www.chg.at\/wp-content\/uploads\/2021\/10\/stil.fotografie-lebenberg-2174-1160x773.jpg 1160w\" sizes=\"(max-width: 580px) 100vw, 580px\" \/><\/a><\/figure><\/li><li class=\"cmsmasters_gallery_item\"><figure><a href=\"https:\/\/www.chg.at\/wp-content\/uploads\/2021\/10\/stil.fotografie-lebenberg-2181-scaled.jpg\" rel=\"ilightbox[69f1c7da0ec5c8_97728970]\"><img width=\"580\" height=\"387\" src=\"https:\/\/www.chg.at\/wp-content\/uploads\/2021\/10\/stil.fotografie-lebenberg-2181-580x387.jpg\" class=\"attachment-cmsmasters-project-masonry-thumb size-cmsmasters-project-masonry-thumb\" alt=\"\" loading=\"lazy\" srcset=\"https:\/\/www.chg.at\/wp-content\/uploads\/2021\/10\/stil.fotografie-lebenberg-2181-580x387.jpg 580w, https:\/\/www.chg.at\/wp-content\/uploads\/2021\/10\/stil.fotografie-lebenberg-2181-300x200.jpg 300w, https:\/\/www.chg.at\/wp-content\/uploads\/2021\/10\/stil.fotografie-lebenberg-2181-1024x683.jpg 1024w, https:\/\/www.chg.at\/wp-content\/uploads\/2021\/10\/stil.fotografie-lebenberg-2181-768x512.jpg 768w, https:\/\/www.chg.at\/wp-content\/uploads\/2021\/10\/stil.fotografie-lebenberg-2181-1536x1024.jpg 1536w, https:\/\/www.chg.at\/wp-content\/uploads\/2021\/10\/stil.fotografie-lebenberg-2181-2048x1365.jpg 2048w, https:\/\/www.chg.at\/wp-content\/uploads\/2021\/10\/stil.fotografie-lebenberg-2181-860x573.jpg 860w, https:\/\/www.chg.at\/wp-content\/uploads\/2021\/10\/stil.fotografie-lebenberg-2181-1160x773.jpg 1160w\" sizes=\"(max-width: 580px) 100vw, 580px\" \/><\/a><\/figure><\/li><li class=\"cmsmasters_gallery_item\"><figure><a href=\"https:\/\/www.chg.at\/wp-content\/uploads\/2021\/10\/stil.fotografie-lebenberg-2403-scaled.jpg\" rel=\"ilightbox[69f1c7da0ec5c8_97728970]\"><img width=\"580\" height=\"387\" src=\"https:\/\/www.chg.at\/wp-content\/uploads\/2021\/10\/stil.fotografie-lebenberg-2403-580x387.jpg\" class=\"attachment-cmsmasters-project-masonry-thumb size-cmsmasters-project-masonry-thumb\" alt=\"\" loading=\"lazy\" srcset=\"https:\/\/www.chg.at\/wp-content\/uploads\/2021\/10\/stil.fotografie-lebenberg-2403-580x387.jpg 580w, https:\/\/www.chg.at\/wp-content\/uploads\/2021\/10\/stil.fotografie-lebenberg-2403-300x200.jpg 300w, https:\/\/www.chg.at\/wp-content\/uploads\/2021\/10\/stil.fotografie-lebenberg-2403-1024x683.jpg 1024w, https:\/\/www.chg.at\/wp-content\/uploads\/2021\/10\/stil.fotografie-lebenberg-2403-768x512.jpg 768w, https:\/\/www.chg.at\/wp-content\/uploads\/2021\/10\/stil.fotografie-lebenberg-2403-1536x1024.jpg 1536w, https:\/\/www.chg.at\/wp-content\/uploads\/2021\/10\/stil.fotografie-lebenberg-2403-2048x1365.jpg 2048w, https:\/\/www.chg.at\/wp-content\/uploads\/2021\/10\/stil.fotografie-lebenberg-2403-860x573.jpg 860w, https:\/\/www.chg.at\/wp-content\/uploads\/2021\/10\/stil.fotografie-lebenberg-2403-1160x773.jpg 1160w\" sizes=\"(max-width: 580px) 100vw, 580px\" \/><\/a><\/figure><\/li><li class=\"cmsmasters_gallery_item\"><figure><a href=\"https:\/\/www.chg.at\/wp-content\/uploads\/2021\/10\/stil.fotografie-lebenberg-2163-scaled.jpg\" rel=\"ilightbox[69f1c7da0ec5c8_97728970]\"><img width=\"580\" height=\"387\" src=\"https:\/\/www.chg.at\/wp-content\/uploads\/2021\/10\/stil.fotografie-lebenberg-2163-580x387.jpg\" class=\"attachment-cmsmasters-project-masonry-thumb size-cmsmasters-project-masonry-thumb\" alt=\"\" loading=\"lazy\" srcset=\"https:\/\/www.chg.at\/wp-content\/uploads\/2021\/10\/stil.fotografie-lebenberg-2163-580x387.jpg 580w, https:\/\/www.chg.at\/wp-content\/uploads\/2021\/10\/stil.fotografie-lebenberg-2163-300x200.jpg 300w, https:\/\/www.chg.at\/wp-content\/uploads\/2021\/10\/stil.fotografie-lebenberg-2163-1024x683.jpg 1024w, https:\/\/www.chg.at\/wp-content\/uploads\/2021\/10\/stil.fotografie-lebenberg-2163-768x512.jpg 768w, https:\/\/www.chg.at\/wp-content\/uploads\/2021\/10\/stil.fotografie-lebenberg-2163-1536x1024.jpg 1536w, https:\/\/www.chg.at\/wp-content\/uploads\/2021\/10\/stil.fotografie-lebenberg-2163-2048x1365.jpg 2048w, https:\/\/www.chg.at\/wp-content\/uploads\/2021\/10\/stil.fotografie-lebenberg-2163-860x573.jpg 860w, https:\/\/www.chg.at\/wp-content\/uploads\/2021\/10\/stil.fotografie-lebenberg-2163-1160x773.jpg 1160w\" sizes=\"(max-width: 580px) 100vw, 580px\" \/><\/a><\/figure><\/li><li class=\"cmsmasters_gallery_item\"><figure><a href=\"https:\/\/www.chg.at\/wp-content\/uploads\/2021\/10\/stil.fotografie-lebenberg-2229-scaled.jpg\" rel=\"ilightbox[69f1c7da0ec5c8_97728970]\"><img width=\"580\" height=\"390\" src=\"https:\/\/www.chg.at\/wp-content\/uploads\/2021\/10\/stil.fotografie-lebenberg-2229-580x390.jpg\" class=\"attachment-cmsmasters-project-masonry-thumb size-cmsmasters-project-masonry-thumb\" alt=\"\" loading=\"lazy\" srcset=\"https:\/\/www.chg.at\/wp-content\/uploads\/2021\/10\/stil.fotografie-lebenberg-2229-580x390.jpg 580w, https:\/\/www.chg.at\/wp-content\/uploads\/2021\/10\/stil.fotografie-lebenberg-2229-300x202.jpg 300w, https:\/\/www.chg.at\/wp-content\/uploads\/2021\/10\/stil.fotografie-lebenberg-2229-1024x688.jpg 1024w, https:\/\/www.chg.at\/wp-content\/uploads\/2021\/10\/stil.fotografie-lebenberg-2229-768x516.jpg 768w, https:\/\/www.chg.at\/wp-content\/uploads\/2021\/10\/stil.fotografie-lebenberg-2229-1536x1033.jpg 1536w, https:\/\/www.chg.at\/wp-content\/uploads\/2021\/10\/stil.fotografie-lebenberg-2229-2048x1377.jpg 2048w, https:\/\/www.chg.at\/wp-content\/uploads\/2021\/10\/stil.fotografie-lebenberg-2229-860x578.jpg 860w, https:\/\/www.chg.at\/wp-content\/uploads\/2021\/10\/stil.fotografie-lebenberg-2229-1160x780.jpg 1160w\" sizes=\"(max-width: 580px) 100vw, 580px\" \/><\/a><\/figure><\/li><li class=\"cmsmasters_gallery_item\"><figure><a href=\"https:\/\/www.chg.at\/wp-content\/uploads\/2021\/10\/stil.fotografie-lebenberg-2334-scaled.jpg\" rel=\"ilightbox[69f1c7da0ec5c8_97728970]\"><img width=\"580\" height=\"387\" src=\"https:\/\/www.chg.at\/wp-content\/uploads\/2021\/10\/stil.fotografie-lebenberg-2334-580x387.jpg\" class=\"attachment-cmsmasters-project-masonry-thumb size-cmsmasters-project-masonry-thumb\" alt=\"\" loading=\"lazy\" srcset=\"https:\/\/www.chg.at\/wp-content\/uploads\/2021\/10\/stil.fotografie-lebenberg-2334-580x387.jpg 580w, https:\/\/www.chg.at\/wp-content\/uploads\/2021\/10\/stil.fotografie-lebenberg-2334-300x200.jpg 300w, https:\/\/www.chg.at\/wp-content\/uploads\/2021\/10\/stil.fotografie-lebenberg-2334-1024x683.jpg 1024w, https:\/\/www.chg.at\/wp-content\/uploads\/2021\/10\/stil.fotografie-lebenberg-2334-768x512.jpg 768w, https:\/\/www.chg.at\/wp-content\/uploads\/2021\/10\/stil.fotografie-lebenberg-2334-1536x1024.jpg 1536w, https:\/\/www.chg.at\/wp-content\/uploads\/2021\/10\/stil.fotografie-lebenberg-2334-2048x1365.jpg 2048w, https:\/\/www.chg.at\/wp-content\/uploads\/2021\/10\/stil.fotografie-lebenberg-2334-860x573.jpg 860w, https:\/\/www.chg.at\/wp-content\/uploads\/2021\/10\/stil.fotografie-lebenberg-2334-1160x773.jpg 1160w\" sizes=\"(max-width: 580px) 100vw, 580px\" \/><\/a><\/figure><\/li><li class=\"cmsmasters_gallery_item\"><figure><a href=\"https:\/\/www.chg.at\/wp-content\/uploads\/2021\/10\/stil.fotografie-lebenberg-2357-scaled.jpg\" rel=\"ilightbox[69f1c7da0ec5c8_97728970]\"><img width=\"580\" height=\"387\" src=\"https:\/\/www.chg.at\/wp-content\/uploads\/2021\/10\/stil.fotografie-lebenberg-2357-580x387.jpg\" class=\"attachment-cmsmasters-project-masonry-thumb size-cmsmasters-project-masonry-thumb\" alt=\"\" loading=\"lazy\" srcset=\"https:\/\/www.chg.at\/wp-content\/uploads\/2021\/10\/stil.fotografie-lebenberg-2357-580x387.jpg 580w, https:\/\/www.chg.at\/wp-content\/uploads\/2021\/10\/stil.fotografie-lebenberg-2357-300x200.jpg 300w, https:\/\/www.chg.at\/wp-content\/uploads\/2021\/10\/stil.fotografie-lebenberg-2357-1024x683.jpg 1024w, https:\/\/www.chg.at\/wp-content\/uploads\/2021\/10\/stil.fotografie-lebenberg-2357-768x512.jpg 768w, https:\/\/www.chg.at\/wp-content\/uploads\/2021\/10\/stil.fotografie-lebenberg-2357-1536x1024.jpg 1536w, https:\/\/www.chg.at\/wp-content\/uploads\/2021\/10\/stil.fotografie-lebenberg-2357-2048x1365.jpg 2048w, https:\/\/www.chg.at\/wp-content\/uploads\/2021\/10\/stil.fotografie-lebenberg-2357-860x573.jpg 860w, https:\/\/www.chg.at\/wp-content\/uploads\/2021\/10\/stil.fotografie-lebenberg-2357-1160x773.jpg 1160w\" sizes=\"(max-width: 580px) 100vw, 580px\" \/><\/a><\/figure><\/li><li class=\"cmsmasters_gallery_item\"><figure><a href=\"https:\/\/www.chg.at\/wp-content\/uploads\/2021\/10\/stil.fotografie-lebenberg-2409-scaled.jpg\" rel=\"ilightbox[69f1c7da0ec5c8_97728970]\"><img width=\"580\" height=\"387\" src=\"https:\/\/www.chg.at\/wp-content\/uploads\/2021\/10\/stil.fotografie-lebenberg-2409-580x387.jpg\" class=\"attachment-cmsmasters-project-masonry-thumb size-cmsmasters-project-masonry-thumb\" alt=\"\" loading=\"lazy\" srcset=\"https:\/\/www.chg.at\/wp-content\/uploads\/2021\/10\/stil.fotografie-lebenberg-2409-580x387.jpg 580w, https:\/\/www.chg.at\/wp-content\/uploads\/2021\/10\/stil.fotografie-lebenberg-2409-300x200.jpg 300w, https:\/\/www.chg.at\/wp-content\/uploads\/2021\/10\/stil.fotografie-lebenberg-2409-1024x683.jpg 1024w, https:\/\/www.chg.at\/wp-content\/uploads\/2021\/10\/stil.fotografie-lebenberg-2409-768x512.jpg 768w, https:\/\/www.chg.at\/wp-content\/uploads\/2021\/10\/stil.fotografie-lebenberg-2409-1536x1024.jpg 1536w, https:\/\/www.chg.at\/wp-content\/uploads\/2021\/10\/stil.fotografie-lebenberg-2409-2048x1365.jpg 2048w, https:\/\/www.chg.at\/wp-content\/uploads\/2021\/10\/stil.fotografie-lebenberg-2409-860x573.jpg 860w, https:\/\/www.chg.at\/wp-content\/uploads\/2021\/10\/stil.fotografie-lebenberg-2409-1160x773.jpg 1160w\" sizes=\"(max-width: 580px) 100vw, 580px\" \/><\/a><\/figure><\/li><li class=\"cmsmasters_gallery_item\"><figure><a href=\"https:\/\/www.chg.at\/wp-content\/uploads\/2021\/10\/stil.fotografie-lebenberg-0680-scaled.jpg\" rel=\"ilightbox[69f1c7da0ec5c8_97728970]\"><img width=\"580\" height=\"390\" src=\"https:\/\/www.chg.at\/wp-content\/uploads\/2021\/10\/stil.fotografie-lebenberg-0680-580x390.jpg\" class=\"attachment-cmsmasters-project-masonry-thumb size-cmsmasters-project-masonry-thumb\" alt=\"\" loading=\"lazy\" srcset=\"https:\/\/www.chg.at\/wp-content\/uploads\/2021\/10\/stil.fotografie-lebenberg-0680-580x390.jpg 580w, https:\/\/www.chg.at\/wp-content\/uploads\/2021\/10\/stil.fotografie-lebenberg-0680-300x202.jpg 300w, https:\/\/www.chg.at\/wp-content\/uploads\/2021\/10\/stil.fotografie-lebenberg-0680-1024x688.jpg 1024w, https:\/\/www.chg.at\/wp-content\/uploads\/2021\/10\/stil.fotografie-lebenberg-0680-768x516.jpg 768w, https:\/\/www.chg.at\/wp-content\/uploads\/2021\/10\/stil.fotografie-lebenberg-0680-1536x1033.jpg 1536w, https:\/\/www.chg.at\/wp-content\/uploads\/2021\/10\/stil.fotografie-lebenberg-0680-2048x1377.jpg 2048w, https:\/\/www.chg.at\/wp-content\/uploads\/2021\/10\/stil.fotografie-lebenberg-0680-860x578.jpg 860w, https:\/\/www.chg.at\/wp-content\/uploads\/2021\/10\/stil.fotografie-lebenberg-0680-1160x780.jpg 1160w\" sizes=\"(max-width: 580px) 100vw, 580px\" \/><\/a><\/figure><\/li><li class=\"cmsmasters_gallery_item\"><figure><a href=\"https:\/\/www.chg.at\/wp-content\/uploads\/2021\/10\/stil.fotografie-lebenberg-2159-scaled.jpg\" rel=\"ilightbox[69f1c7da0ec5c8_97728970]\"><img width=\"580\" height=\"387\" src=\"https:\/\/www.chg.at\/wp-content\/uploads\/2021\/10\/stil.fotografie-lebenberg-2159-580x387.jpg\" class=\"attachment-cmsmasters-project-masonry-thumb size-cmsmasters-project-masonry-thumb\" alt=\"\" loading=\"lazy\" srcset=\"https:\/\/www.chg.at\/wp-content\/uploads\/2021\/10\/stil.fotografie-lebenberg-2159-580x387.jpg 580w, https:\/\/www.chg.at\/wp-content\/uploads\/2021\/10\/stil.fotografie-lebenberg-2159-300x200.jpg 300w, https:\/\/www.chg.at\/wp-content\/uploads\/2021\/10\/stil.fotografie-lebenberg-2159-1024x683.jpg 1024w, https:\/\/www.chg.at\/wp-content\/uploads\/2021\/10\/stil.fotografie-lebenberg-2159-768x512.jpg 768w, https:\/\/www.chg.at\/wp-content\/uploads\/2021\/10\/stil.fotografie-lebenberg-2159-1536x1024.jpg 1536w, https:\/\/www.chg.at\/wp-content\/uploads\/2021\/10\/stil.fotografie-lebenberg-2159-2048x1365.jpg 2048w, https:\/\/www.chg.at\/wp-content\/uploads\/2021\/10\/stil.fotografie-lebenberg-2159-860x573.jpg 860w, https:\/\/www.chg.at\/wp-content\/uploads\/2021\/10\/stil.fotografie-lebenberg-2159-1160x773.jpg 1160w\" sizes=\"(max-width: 580px) 100vw, 580px\" \/><\/a><\/figure><\/li><\/ul><script type=\"text\/javascript\">\r\n\t\t\t\tjQuery(document).ready(function () {\r\n\t\t\t\t\t(function ($) {\r\n\t\t\t\t\t\tif ($('#cmsmasters_gallery_69f1c7da0ec5c8_97728970').find('.cmsmasters_gallery_item').length == '0') {\r\n\t\t\t\t\t\t\treturn false;\r\n\t\t\t\t\t\t}\r\n\t\t\t\t\t\t\r\n\t\t\t\t\t\t\r\n\t\t\t\t\t\tstartGallery( \r\n\t\t\t\t\t\t\t'69f1c7da0ec5c8_97728970', \r\n\t\t\t\t\t\t\t'grid', \r\n\t\t\t\t\t\t\t'false', \r\n\t\t\t\t\t\t\t'false'\r\n\t\t\t\t\t\t);\r\n\t\t\t\t\t} )(jQuery);\r\n\t\t\t\t} );\r\n\t\t\t<\/script>\r\n\t\t\t<\/div>\n<\/div>\n<\/div>\n<\/div>\n<\/div>\n<\/div>\n<\/div>\n\n","protected":false},"excerpt":{"rendered":"<p>Festakt zum Tag der deutschen Einheit mit Botschafter Ralf Beste.<\/p>\n","protected":false},"author":10,"featured_media":17746,"comment_status":"closed","ping_status":"open","sticky":false,"template":"","format":"image","meta":{"inline_featured_image":false},"categories":[8,33],"tags":[],"yoast_head":"<!-- This site is optimized with the Yoast SEO plugin v19.8 - https:\/\/yoast.com\/wordpress\/plugins\/seo\/ -->\n<title>Empfang des Honorarkonsuls von Deutschland Dietmar Czernich<\/title>\n<meta name=\"description\" content=\"Honorarkonsul Dietmar Czernich lud zum diesj\u00e4hrigen Festakt zum Tag der deutschen Einheit wurde von nach Kitzb\u00fchel ein.\" \/>\n<meta name=\"robots\" content=\"index, follow, max-snippet:-1, max-image-preview:large, max-video-preview:-1\" \/>\n<link rel=\"canonical\" href=\"https:\/\/www.chg.at\/en\/feierstunde-zum-tag-der-deutschen-einheit\/\" \/>\n<meta property=\"og:locale\" content=\"en_US\" \/>\n<meta property=\"og:type\" content=\"article\" \/>\n<meta property=\"og:title\" content=\"ABC\" \/>\n<meta property=\"og:description\" content=\"DEF\" \/>\n<meta property=\"og:url\" content=\"https:\/\/www.chg.at\/en\/feierstunde-zum-tag-der-deutschen-einheit\/\" \/>\n<meta property=\"og:site_name\" content=\"CHG Czernich Rechtsanw\u00e4lte \u2013 Wir bewegen Wirtschaft\" \/>\n<meta property=\"article:published_time\" content=\"2021-10-14T13:56:17+00:00\" \/>\n<meta property=\"article:modified_time\" content=\"2021-10-19T15:10:33+00:00\" \/>\n<meta property=\"og:image\" content=\"https:\/\/www.chg.at\/wp-content\/uploads\/2021\/10\/Titelbild.jpg\" \/>\n\t<meta property=\"og:image:width\" content=\"1160\" \/>\n\t<meta property=\"og:image:height\" content=\"580\" \/>\n\t<meta property=\"og:image:type\" content=\"image\/jpeg\" \/>\n<meta name=\"author\" content=\"Lorenz Held\" \/>\n<meta name=\"twitter:card\" content=\"summary_large_image\" \/>\n<meta name=\"twitter:label1\" content=\"Written by\" \/>\n\t<meta name=\"twitter:data1\" content=\"Lorenz Held\" \/>\n\t<meta name=\"twitter:label2\" content=\"Est. reading time\" \/>\n\t<meta name=\"twitter:data2\" content=\"2 minutes\" \/>\n<script type=\"application\/ld+json\" class=\"yoast-schema-graph\">{\"@context\":\"https:\/\/schema.org\",\"@graph\":[{\"@type\":\"Article\",\"@id\":\"https:\/\/www.chg.at\/en\/feierstunde-zum-tag-der-deutschen-einheit\/#article\",\"isPartOf\":{\"@id\":\"https:\/\/www.chg.at\/en\/feierstunde-zum-tag-der-deutschen-einheit\/\"},\"author\":{\"name\":\"Lorenz Held\",\"@id\":\"https:\/\/www.chg.at\/en\/#\/schema\/person\/767a36d24c2ac329c1c5e1c10929e2b6\"},\"headline\":\"Feierstunde zum Tag der Deutschen Einheit\",\"datePublished\":\"2021-10-14T13:56:17+00:00\",\"dateModified\":\"2021-10-19T15:10:33+00:00\",\"mainEntityOfPage\":{\"@id\":\"https:\/\/www.chg.at\/en\/feierstunde-zum-tag-der-deutschen-einheit\/\"},\"wordCount\":483,\"publisher\":{\"@id\":\"https:\/\/www.chg.at\/en\/#organization\"},\"articleSection\":[\"CHG News\",\"Veranstaltung\"],\"inLanguage\":\"en-US\"},{\"@type\":\"WebPage\",\"@id\":\"https:\/\/www.chg.at\/en\/feierstunde-zum-tag-der-deutschen-einheit\/\",\"url\":\"https:\/\/www.chg.at\/en\/feierstunde-zum-tag-der-deutschen-einheit\/\",\"name\":\"Empfang des Honorarkonsuls von Deutschland Dietmar Czernich\",\"isPartOf\":{\"@id\":\"https:\/\/www.chg.at\/en\/#website\"},\"datePublished\":\"2021-10-14T13:56:17+00:00\",\"dateModified\":\"2021-10-19T15:10:33+00:00\",\"description\":\"Honorarkonsul Dietmar Czernich lud zum diesj\u00e4hrigen Festakt zum Tag der deutschen Einheit wurde von nach Kitzb\u00fchel ein.\",\"breadcrumb\":{\"@id\":\"https:\/\/www.chg.at\/en\/feierstunde-zum-tag-der-deutschen-einheit\/#breadcrumb\"},\"inLanguage\":\"en-US\",\"potentialAction\":[{\"@type\":\"ReadAction\",\"target\":[\"https:\/\/www.chg.at\/en\/feierstunde-zum-tag-der-deutschen-einheit\/\"]}]},{\"@type\":\"BreadcrumbList\",\"@id\":\"https:\/\/www.chg.at\/en\/feierstunde-zum-tag-der-deutschen-einheit\/#breadcrumb\",\"itemListElement\":[{\"@type\":\"ListItem\",\"position\":1,\"name\":\"Startseite\",\"item\":\"https:\/\/www.chg.at\/en\/\"},{\"@type\":\"ListItem\",\"position\":2,\"name\":\"Feierstunde zum Tag der Deutschen Einheit\"}]},{\"@type\":\"WebSite\",\"@id\":\"https:\/\/www.chg.at\/en\/#website\",\"url\":\"https:\/\/www.chg.at\/en\/\",\"name\":\"CHG Czernich Rechtsanw\u00e4lte \u2013 Wir bewegen Wirtschaft\",\"description\":\"Wir sorgen f\u00fcr Klarheit, wenn es rechtlich kompliziert wird. In jeder Phase Ihrer Unternehmungen. Sie ergreifen die Chancen. Wir verwandeln Risiken in L\u00f6sungen.\",\"publisher\":{\"@id\":\"https:\/\/www.chg.at\/en\/#organization\"},\"potentialAction\":[{\"@type\":\"SearchAction\",\"target\":{\"@type\":\"EntryPoint\",\"urlTemplate\":\"https:\/\/www.chg.at\/en\/?s={search_term_string}\"},\"query-input\":\"required name=search_term_string\"}],\"inLanguage\":\"en-US\"},{\"@type\":\"Organization\",\"@id\":\"https:\/\/www.chg.at\/en\/#organization\",\"name\":\"CHG Czernich Rechtsanw\u00e4lte\",\"url\":\"https:\/\/www.chg.at\/en\/\",\"sameAs\":[\"https:\/\/www.linkedin.com\/company\/12773263\/admin\/dashboard\/\"],\"logo\":{\"@type\":\"ImageObject\",\"inLanguage\":\"en-US\",\"@id\":\"https:\/\/www.chg.at\/en\/#\/schema\/logo\/image\/\",\"url\":\"https:\/\/www.chg.at\/wp-content\/uploads\/2016\/08\/CHG_logo_250_1.png\",\"contentUrl\":\"https:\/\/www.chg.at\/wp-content\/uploads\/2016\/08\/CHG_logo_250_1.png\",\"width\":250,\"height\":33,\"caption\":\"CHG Czernich Rechtsanw\u00e4lte\"},\"image\":{\"@id\":\"https:\/\/www.chg.at\/en\/#\/schema\/logo\/image\/\"}},{\"@type\":\"Person\",\"@id\":\"https:\/\/www.chg.at\/en\/#\/schema\/person\/767a36d24c2ac329c1c5e1c10929e2b6\",\"name\":\"Lorenz Held\",\"sameAs\":[\"https:\/\/www.chg.at\"]}]}<\/script>\n<!-- \/ Yoast SEO plugin. -->","yoast_head_json":{"title":"Empfang des Honorarkonsuls von Deutschland Dietmar Czernich","description":"Honorarkonsul Dietmar Czernich lud zum diesj\u00e4hrigen Festakt zum Tag der deutschen Einheit wurde von nach Kitzb\u00fchel ein.","robots":{"index":"index","follow":"follow","max-snippet":"max-snippet:-1","max-image-preview":"max-image-preview:large","max-video-preview":"max-video-preview:-1"},"canonical":"https:\/\/www.chg.at\/en\/feierstunde-zum-tag-der-deutschen-einheit\/","og_locale":"en_US","og_type":"article","og_title":"ABC","og_description":"DEF","og_url":"https:\/\/www.chg.at\/en\/feierstunde-zum-tag-der-deutschen-einheit\/","og_site_name":"CHG Czernich Rechtsanw\u00e4lte \u2013 Wir bewegen Wirtschaft","article_published_time":"2021-10-14T13:56:17+00:00","article_modified_time":"2021-10-19T15:10:33+00:00","og_image":[{"width":1160,"height":580,"url":"https:\/\/www.chg.at\/wp-content\/uploads\/2021\/10\/Titelbild.jpg","type":"image\/jpeg"}],"author":"Lorenz Held","twitter_card":"summary_large_image","twitter_misc":{"Written by":"Lorenz Held","Est. reading time":"2 minutes"},"schema":{"@context":"https:\/\/schema.org","@graph":[{"@type":"Article","@id":"https:\/\/www.chg.at\/en\/feierstunde-zum-tag-der-deutschen-einheit\/#article","isPartOf":{"@id":"https:\/\/www.chg.at\/en\/feierstunde-zum-tag-der-deutschen-einheit\/"},"author":{"name":"Lorenz Held","@id":"https:\/\/www.chg.at\/en\/#\/schema\/person\/767a36d24c2ac329c1c5e1c10929e2b6"},"headline":"Feierstunde zum Tag der Deutschen Einheit","datePublished":"2021-10-14T13:56:17+00:00","dateModified":"2021-10-19T15:10:33+00:00","mainEntityOfPage":{"@id":"https:\/\/www.chg.at\/en\/feierstunde-zum-tag-der-deutschen-einheit\/"},"wordCount":483,"publisher":{"@id":"https:\/\/www.chg.at\/en\/#organization"},"articleSection":["CHG News","Veranstaltung"],"inLanguage":"en-US"},{"@type":"WebPage","@id":"https:\/\/www.chg.at\/en\/feierstunde-zum-tag-der-deutschen-einheit\/","url":"https:\/\/www.chg.at\/en\/feierstunde-zum-tag-der-deutschen-einheit\/","name":"Empfang des Honorarkonsuls von Deutschland Dietmar Czernich","isPartOf":{"@id":"https:\/\/www.chg.at\/en\/#website"},"datePublished":"2021-10-14T13:56:17+00:00","dateModified":"2021-10-19T15:10:33+00:00","description":"Honorarkonsul Dietmar Czernich lud zum diesj\u00e4hrigen Festakt zum Tag der deutschen Einheit wurde von nach Kitzb\u00fchel ein.","breadcrumb":{"@id":"https:\/\/www.chg.at\/en\/feierstunde-zum-tag-der-deutschen-einheit\/#breadcrumb"},"inLanguage":"en-US","potentialAction":[{"@type":"ReadAction","target":["https:\/\/www.chg.at\/en\/feierstunde-zum-tag-der-deutschen-einheit\/"]}]},{"@type":"BreadcrumbList","@id":"https:\/\/www.chg.at\/en\/feierstunde-zum-tag-der-deutschen-einheit\/#breadcrumb","itemListElement":[{"@type":"ListItem","position":1,"name":"Startseite","item":"https:\/\/www.chg.at\/en\/"},{"@type":"ListItem","position":2,"name":"Feierstunde zum Tag der Deutschen Einheit"}]},{"@type":"WebSite","@id":"https:\/\/www.chg.at\/en\/#website","url":"https:\/\/www.chg.at\/en\/","name":"CHG Czernich Rechtsanw\u00e4lte \u2013 Wir bewegen Wirtschaft","description":"Wir sorgen f\u00fcr Klarheit, wenn es rechtlich kompliziert wird. In jeder Phase Ihrer Unternehmungen. Sie ergreifen die Chancen. Wir verwandeln Risiken in L\u00f6sungen.","publisher":{"@id":"https:\/\/www.chg.at\/en\/#organization"},"potentialAction":[{"@type":"SearchAction","target":{"@type":"EntryPoint","urlTemplate":"https:\/\/www.chg.at\/en\/?s={search_term_string}"},"query-input":"required name=search_term_string"}],"inLanguage":"en-US"},{"@type":"Organization","@id":"https:\/\/www.chg.at\/en\/#organization","name":"CHG Czernich Rechtsanw\u00e4lte","url":"https:\/\/www.chg.at\/en\/","sameAs":["https:\/\/www.linkedin.com\/company\/12773263\/admin\/dashboard\/"],"logo":{"@type":"ImageObject","inLanguage":"en-US","@id":"https:\/\/www.chg.at\/en\/#\/schema\/logo\/image\/","url":"https:\/\/www.chg.at\/wp-content\/uploads\/2016\/08\/CHG_logo_250_1.png","contentUrl":"https:\/\/www.chg.at\/wp-content\/uploads\/2016\/08\/CHG_logo_250_1.png","width":250,"height":33,"caption":"CHG Czernich Rechtsanw\u00e4lte"},"image":{"@id":"https:\/\/www.chg.at\/en\/#\/schema\/logo\/image\/"}},{"@type":"Person","@id":"https:\/\/www.chg.at\/en\/#\/schema\/person\/767a36d24c2ac329c1c5e1c10929e2b6","name":"Lorenz Held","sameAs":["https:\/\/www.chg.at"]}]}},"_links":{"self":[{"href":"https:\/\/www.chg.at\/en\/wp-json\/wp\/v2\/posts\/17701"}],"collection":[{"href":"https:\/\/www.chg.at\/en\/wp-json\/wp\/v2\/posts"}],"about":[{"href":"https:\/\/www.chg.at\/en\/wp-json\/wp\/v2\/types\/post"}],"author":[{"embeddable":true,"href":"https:\/\/www.chg.at\/en\/wp-json\/wp\/v2\/users\/10"}],"replies":[{"embeddable":true,"href":"https:\/\/www.chg.at\/en\/wp-json\/wp\/v2\/comments?post=17701"}],"version-history":[{"count":9,"href":"https:\/\/www.chg.at\/en\/wp-json\/wp\/v2\/posts\/17701\/revisions"}],"predecessor-version":[{"id":17847,"href":"https:\/\/www.chg.at\/en\/wp-json\/wp\/v2\/posts\/17701\/revisions\/17847"}],"wp:featuredmedia":[{"embeddable":true,"href":"https:\/\/www.chg.at\/en\/wp-json\/wp\/v2\/media\/17746"}],"wp:attachment":[{"href":"https:\/\/www.chg.at\/en\/wp-json\/wp\/v2\/media?parent=17701"}],"wp:term":[{"taxonomy":"category","embeddable":true,"href":"https:\/\/www.chg.at\/en\/wp-json\/wp\/v2\/categories?post=17701"},{"taxonomy":"post_tag","embeddable":true,"href":"https:\/\/www.chg.at\/en\/wp-json\/wp\/v2\/tags?post=17701"}],"curies":[{"name":"wp","href":"https:\/\/api.w.org\/{rel}","templated":true}]}}