{"id":17838,"date":"2021-10-19T15:42:36","date_gmt":"2021-10-19T13:42:36","guid":{"rendered":"https:\/\/www.chg.at\/?p=17838"},"modified":"2021-10-19T17:36:05","modified_gmt":"2021-10-19T15:36:05","slug":"erneute-top-platzierung-fuer-unsere-kanzlei","status":"publish","type":"post","link":"https:\/\/www.chg.at\/en\/erneute-top-platzierung-fuer-unsere-kanzlei\/","title":{"rendered":"Erneute Top-Platzierung f\u00fcr unsere Kanzlei!"},"content":{"rendered":"<style type=\"text\/css\"> \n#cmsmasters_row_69f1b7e13091d3_36120976 .cmsmasters_row_outer_parent { \n\tpadding-top: 0px; \n} \n\n#cmsmasters_row_69f1b7e13091d3_36120976 .cmsmasters_row_outer_parent { \n\tpadding-bottom: 50px; \n} \n\n<\/style><div id=\"cmsmasters_row_69f1b7e13091d3_36120976\" class=\"cmsmasters_row cmsmasters_color_scheme_default cmsmasters_row_top_default cmsmasters_row_bot_default cmsmasters_row_boxed\">\n<div class=\"cmsmasters_row_outer_parent\">\n<div class=\"cmsmasters_row_outer\">\n<div class=\"cmsmasters_row_inner\">\n<div class=\"cmsmasters_row_margin\">\n<div class=\"cmsmasters_column one_first\">\n<div class=\"cmsmasters_text\">\n<h1 style=\"text-align: left;\">Platz 3 der besten Ausbildungskanzleien in \u00d6sterreich f\u00fcr CHG<\/h1>\n<h3 style=\"text-align: left;\"><span style=\"color: #d43555;\">Unsere Rechtsanwaltsanw\u00e4rterInnen sind mit ihrer Ausbildung sehr zufrieden<br \/>\n<\/span><\/h3>\n<p>Im \u00f6sterreichweiten JUVE-Ranking 2021 der &#8220;beliebtesten Ausbilder&#8221; belegte CHG Czernich den dritten Platz und schafft es somit im dritten Jahr infolge unter die besten drei Kanzleien dieses Rankings. Dazu wurden \u00f6sterreichweit insgesamt 422 KonzipientInnen zu ihrer Zufriedenheit mit der Qualit\u00e4t der Ausbildung, aber auch zum Betriebsklima, Gehalt oder zur Work-Life-Balance befragt.<\/p>\n<p>Dazu wird in der aktuellen Ausgabe des JUVE-Magazins der in unserer Kanzlei m\u00f6gliche Wechsel zwischen den Praxisgruppen aber auch die flache Hierarchie, die ein internes Wissensmanagement und damit die Vorbereitung zur Rechtsanwaltspr\u00fcfung erleichtern, hervorgehoben.<\/p>\n<p><a href=\"https:\/\/www.chg.at\/profile\/guenther-gast\/\">G\u00fcnther Gast<\/a>, Managing Partner unserer Kanzlei, dazu in einer ersten Reaktion: &#8220;Wir freuen uns sehr \u00fcber diese erneute Auszeichnung und vor allem dar\u00fcber, dass unsere MitarbeiterInnen mit ihrer Ausbildung zufrieden sind. Wir sehen es als Investment in die Zukunft, die n\u00e4chste Generation an Top-Juristen auszubilden, um langfristig eine Beratung auf h\u00f6chstem Niveau sicherzustellen.&#8221;<\/p>\n<p><a href=\"https:\/\/www.juve-plus.de\/personal\/oesterreich\/zufriedenheit-ausbildung-rechtsanwaltspruefung-2021\/\">Hier<\/a> finden Sie das gesamte Ranking.<\/p>\n<\/div>\n<\/div>\n<\/div>\n<\/div>\n<\/div>\n<\/div>\n<\/div>\n\n","protected":false},"excerpt":{"rendered":"<p>Unsere Rechtsanwaltsanw\u00e4rterInnen sind mit ihrer Ausbildung bei CHG \u00fcberdurchschnittlich zufrieden<\/p>\n","protected":false},"author":10,"featured_media":17841,"comment_status":"closed","ping_status":"open","sticky":false,"template":"","format":"image","meta":{"inline_featured_image":false},"categories":[8,9,62],"tags":[],"yoast_head":"<!-- This site is optimized with the Yoast SEO plugin v19.8 - https:\/\/yoast.com\/wordpress\/plugins\/seo\/ -->\n<title>CHG auf Platz 3 der besten Ausbildungskanzleien in \u00d6sterreich<\/title>\n<meta name=\"description\" content=\"Erneut schaffte es CHG Czernich Rechtsanw\u00e4lte im JUVE-Ranking unter die besten drei Ausbildungskanzleien in \u00d6sterreich.\" \/>\n<meta name=\"robots\" content=\"index, follow, max-snippet:-1, max-image-preview:large, max-video-preview:-1\" \/>\n<link rel=\"canonical\" href=\"https:\/\/www.chg.at\/en\/erneute-top-platzierung-fuer-unsere-kanzlei\/\" \/>\n<meta property=\"og:locale\" content=\"en_US\" \/>\n<meta property=\"og:type\" content=\"article\" \/>\n<meta property=\"og:title\" content=\"CHG\" \/>\n<meta property=\"og:description\" content=\"CHG\" \/>\n<meta property=\"og:url\" content=\"https:\/\/www.chg.at\/en\/erneute-top-platzierung-fuer-unsere-kanzlei\/\" \/>\n<meta property=\"og:site_name\" content=\"CHG Czernich Rechtsanw\u00e4lte \u2013 Wir bewegen Wirtschaft\" \/>\n<meta property=\"article:published_time\" content=\"2021-10-19T13:42:36+00:00\" \/>\n<meta property=\"article:modified_time\" content=\"2021-10-19T15:36:05+00:00\" \/>\n<meta property=\"og:image\" content=\"https:\/\/www.chg.at\/wp-content\/uploads\/2021\/10\/mikhail-pavstyuk-EKy2OTRPXdw-unsplash.jpg\" \/>\n\t<meta property=\"og:image:width\" content=\"1160\" \/>\n\t<meta property=\"og:image:height\" content=\"580\" \/>\n\t<meta property=\"og:image:type\" content=\"image\/jpeg\" \/>\n<meta name=\"author\" content=\"Lorenz Held\" \/>\n<meta name=\"twitter:card\" content=\"summary_large_image\" \/>\n<meta name=\"twitter:label1\" content=\"Written by\" \/>\n\t<meta name=\"twitter:data1\" content=\"Lorenz Held\" \/>\n\t<meta name=\"twitter:label2\" content=\"Est. reading time\" \/>\n\t<meta name=\"twitter:data2\" content=\"1 minute\" \/>\n<script type=\"application\/ld+json\" class=\"yoast-schema-graph\">{\"@context\":\"https:\/\/schema.org\",\"@graph\":[{\"@type\":\"Article\",\"@id\":\"https:\/\/www.chg.at\/en\/erneute-top-platzierung-fuer-unsere-kanzlei\/#article\",\"isPartOf\":{\"@id\":\"https:\/\/www.chg.at\/en\/erneute-top-platzierung-fuer-unsere-kanzlei\/\"},\"author\":{\"name\":\"Lorenz Held\",\"@id\":\"https:\/\/www.chg.at\/en\/#\/schema\/person\/767a36d24c2ac329c1c5e1c10929e2b6\"},\"headline\":\"Erneute Top-Platzierung f\u00fcr unsere Kanzlei!\",\"datePublished\":\"2021-10-19T13:42:36+00:00\",\"dateModified\":\"2021-10-19T15:36:05+00:00\",\"mainEntityOfPage\":{\"@id\":\"https:\/\/www.chg.at\/en\/erneute-top-platzierung-fuer-unsere-kanzlei\/\"},\"wordCount\":228,\"publisher\":{\"@id\":\"https:\/\/www.chg.at\/en\/#organization\"},\"articleSection\":[\"CHG News\",\"Kanzlei\",\"Karriere\"],\"inLanguage\":\"en-US\"},{\"@type\":\"WebPage\",\"@id\":\"https:\/\/www.chg.at\/en\/erneute-top-platzierung-fuer-unsere-kanzlei\/\",\"url\":\"https:\/\/www.chg.at\/en\/erneute-top-platzierung-fuer-unsere-kanzlei\/\",\"name\":\"CHG auf Platz 3 der besten Ausbildungskanzleien in \u00d6sterreich\",\"isPartOf\":{\"@id\":\"https:\/\/www.chg.at\/en\/#website\"},\"datePublished\":\"2021-10-19T13:42:36+00:00\",\"dateModified\":\"2021-10-19T15:36:05+00:00\",\"description\":\"Erneut schaffte es CHG Czernich Rechtsanw\u00e4lte im JUVE-Ranking unter die besten drei Ausbildungskanzleien in \u00d6sterreich.\",\"breadcrumb\":{\"@id\":\"https:\/\/www.chg.at\/en\/erneute-top-platzierung-fuer-unsere-kanzlei\/#breadcrumb\"},\"inLanguage\":\"en-US\",\"potentialAction\":[{\"@type\":\"ReadAction\",\"target\":[\"https:\/\/www.chg.at\/en\/erneute-top-platzierung-fuer-unsere-kanzlei\/\"]}]},{\"@type\":\"BreadcrumbList\",\"@id\":\"https:\/\/www.chg.at\/en\/erneute-top-platzierung-fuer-unsere-kanzlei\/#breadcrumb\",\"itemListElement\":[{\"@type\":\"ListItem\",\"position\":1,\"name\":\"Startseite\",\"item\":\"https:\/\/www.chg.at\/en\/\"},{\"@type\":\"ListItem\",\"position\":2,\"name\":\"Erneute Top-Platzierung f\u00fcr unsere Kanzlei!\"}]},{\"@type\":\"WebSite\",\"@id\":\"https:\/\/www.chg.at\/en\/#website\",\"url\":\"https:\/\/www.chg.at\/en\/\",\"name\":\"CHG Czernich Rechtsanw\u00e4lte \u2013 Wir bewegen Wirtschaft\",\"description\":\"Wir sorgen f\u00fcr Klarheit, wenn es rechtlich kompliziert wird. In jeder Phase Ihrer Unternehmungen. Sie ergreifen die Chancen. Wir verwandeln Risiken in L\u00f6sungen.\",\"publisher\":{\"@id\":\"https:\/\/www.chg.at\/en\/#organization\"},\"potentialAction\":[{\"@type\":\"SearchAction\",\"target\":{\"@type\":\"EntryPoint\",\"urlTemplate\":\"https:\/\/www.chg.at\/en\/?s={search_term_string}\"},\"query-input\":\"required name=search_term_string\"}],\"inLanguage\":\"en-US\"},{\"@type\":\"Organization\",\"@id\":\"https:\/\/www.chg.at\/en\/#organization\",\"name\":\"CHG Czernich Rechtsanw\u00e4lte\",\"url\":\"https:\/\/www.chg.at\/en\/\",\"sameAs\":[\"https:\/\/www.linkedin.com\/company\/12773263\/admin\/dashboard\/\"],\"logo\":{\"@type\":\"ImageObject\",\"inLanguage\":\"en-US\",\"@id\":\"https:\/\/www.chg.at\/en\/#\/schema\/logo\/image\/\",\"url\":\"https:\/\/www.chg.at\/wp-content\/uploads\/2016\/08\/CHG_logo_250_1.png\",\"contentUrl\":\"https:\/\/www.chg.at\/wp-content\/uploads\/2016\/08\/CHG_logo_250_1.png\",\"width\":250,\"height\":33,\"caption\":\"CHG Czernich Rechtsanw\u00e4lte\"},\"image\":{\"@id\":\"https:\/\/www.chg.at\/en\/#\/schema\/logo\/image\/\"}},{\"@type\":\"Person\",\"@id\":\"https:\/\/www.chg.at\/en\/#\/schema\/person\/767a36d24c2ac329c1c5e1c10929e2b6\",\"name\":\"Lorenz Held\",\"sameAs\":[\"https:\/\/www.chg.at\"]}]}<\/script>\n<!-- \/ Yoast SEO plugin. -->","yoast_head_json":{"title":"CHG auf Platz 3 der besten Ausbildungskanzleien in \u00d6sterreich","description":"Erneut schaffte es CHG Czernich Rechtsanw\u00e4lte im JUVE-Ranking unter die besten drei Ausbildungskanzleien in \u00d6sterreich.","robots":{"index":"index","follow":"follow","max-snippet":"max-snippet:-1","max-image-preview":"max-image-preview:large","max-video-preview":"max-video-preview:-1"},"canonical":"https:\/\/www.chg.at\/en\/erneute-top-platzierung-fuer-unsere-kanzlei\/","og_locale":"en_US","og_type":"article","og_title":"CHG","og_description":"CHG","og_url":"https:\/\/www.chg.at\/en\/erneute-top-platzierung-fuer-unsere-kanzlei\/","og_site_name":"CHG Czernich Rechtsanw\u00e4lte \u2013 Wir bewegen Wirtschaft","article_published_time":"2021-10-19T13:42:36+00:00","article_modified_time":"2021-10-19T15:36:05+00:00","og_image":[{"width":1160,"height":580,"url":"https:\/\/www.chg.at\/wp-content\/uploads\/2021\/10\/mikhail-pavstyuk-EKy2OTRPXdw-unsplash.jpg","type":"image\/jpeg"}],"author":"Lorenz Held","twitter_card":"summary_large_image","twitter_misc":{"Written by":"Lorenz Held","Est. reading time":"1 minute"},"schema":{"@context":"https:\/\/schema.org","@graph":[{"@type":"Article","@id":"https:\/\/www.chg.at\/en\/erneute-top-platzierung-fuer-unsere-kanzlei\/#article","isPartOf":{"@id":"https:\/\/www.chg.at\/en\/erneute-top-platzierung-fuer-unsere-kanzlei\/"},"author":{"name":"Lorenz Held","@id":"https:\/\/www.chg.at\/en\/#\/schema\/person\/767a36d24c2ac329c1c5e1c10929e2b6"},"headline":"Erneute Top-Platzierung f\u00fcr unsere Kanzlei!","datePublished":"2021-10-19T13:42:36+00:00","dateModified":"2021-10-19T15:36:05+00:00","mainEntityOfPage":{"@id":"https:\/\/www.chg.at\/en\/erneute-top-platzierung-fuer-unsere-kanzlei\/"},"wordCount":228,"publisher":{"@id":"https:\/\/www.chg.at\/en\/#organization"},"articleSection":["CHG News","Kanzlei","Karriere"],"inLanguage":"en-US"},{"@type":"WebPage","@id":"https:\/\/www.chg.at\/en\/erneute-top-platzierung-fuer-unsere-kanzlei\/","url":"https:\/\/www.chg.at\/en\/erneute-top-platzierung-fuer-unsere-kanzlei\/","name":"CHG auf Platz 3 der besten Ausbildungskanzleien in \u00d6sterreich","isPartOf":{"@id":"https:\/\/www.chg.at\/en\/#website"},"datePublished":"2021-10-19T13:42:36+00:00","dateModified":"2021-10-19T15:36:05+00:00","description":"Erneut schaffte es CHG Czernich Rechtsanw\u00e4lte im JUVE-Ranking unter die besten drei Ausbildungskanzleien in \u00d6sterreich.","breadcrumb":{"@id":"https:\/\/www.chg.at\/en\/erneute-top-platzierung-fuer-unsere-kanzlei\/#breadcrumb"},"inLanguage":"en-US","potentialAction":[{"@type":"ReadAction","target":["https:\/\/www.chg.at\/en\/erneute-top-platzierung-fuer-unsere-kanzlei\/"]}]},{"@type":"BreadcrumbList","@id":"https:\/\/www.chg.at\/en\/erneute-top-platzierung-fuer-unsere-kanzlei\/#breadcrumb","itemListElement":[{"@type":"ListItem","position":1,"name":"Startseite","item":"https:\/\/www.chg.at\/en\/"},{"@type":"ListItem","position":2,"name":"Erneute Top-Platzierung f\u00fcr unsere Kanzlei!"}]},{"@type":"WebSite","@id":"https:\/\/www.chg.at\/en\/#website","url":"https:\/\/www.chg.at\/en\/","name":"CHG Czernich Rechtsanw\u00e4lte \u2013 Wir bewegen Wirtschaft","description":"Wir sorgen f\u00fcr Klarheit, wenn es rechtlich kompliziert wird. In jeder Phase Ihrer Unternehmungen. Sie ergreifen die Chancen. Wir verwandeln Risiken in L\u00f6sungen.","publisher":{"@id":"https:\/\/www.chg.at\/en\/#organization"},"potentialAction":[{"@type":"SearchAction","target":{"@type":"EntryPoint","urlTemplate":"https:\/\/www.chg.at\/en\/?s={search_term_string}"},"query-input":"required name=search_term_string"}],"inLanguage":"en-US"},{"@type":"Organization","@id":"https:\/\/www.chg.at\/en\/#organization","name":"CHG Czernich Rechtsanw\u00e4lte","url":"https:\/\/www.chg.at\/en\/","sameAs":["https:\/\/www.linkedin.com\/company\/12773263\/admin\/dashboard\/"],"logo":{"@type":"ImageObject","inLanguage":"en-US","@id":"https:\/\/www.chg.at\/en\/#\/schema\/logo\/image\/","url":"https:\/\/www.chg.at\/wp-content\/uploads\/2016\/08\/CHG_logo_250_1.png","contentUrl":"https:\/\/www.chg.at\/wp-content\/uploads\/2016\/08\/CHG_logo_250_1.png","width":250,"height":33,"caption":"CHG Czernich Rechtsanw\u00e4lte"},"image":{"@id":"https:\/\/www.chg.at\/en\/#\/schema\/logo\/image\/"}},{"@type":"Person","@id":"https:\/\/www.chg.at\/en\/#\/schema\/person\/767a36d24c2ac329c1c5e1c10929e2b6","name":"Lorenz Held","sameAs":["https:\/\/www.chg.at"]}]}},"_links":{"self":[{"href":"https:\/\/www.chg.at\/en\/wp-json\/wp\/v2\/posts\/17838"}],"collection":[{"href":"https:\/\/www.chg.at\/en\/wp-json\/wp\/v2\/posts"}],"about":[{"href":"https:\/\/www.chg.at\/en\/wp-json\/wp\/v2\/types\/post"}],"author":[{"embeddable":true,"href":"https:\/\/www.chg.at\/en\/wp-json\/wp\/v2\/users\/10"}],"replies":[{"embeddable":true,"href":"https:\/\/www.chg.at\/en\/wp-json\/wp\/v2\/comments?post=17838"}],"version-history":[{"count":6,"href":"https:\/\/www.chg.at\/en\/wp-json\/wp\/v2\/posts\/17838\/revisions"}],"predecessor-version":[{"id":17852,"href":"https:\/\/www.chg.at\/en\/wp-json\/wp\/v2\/posts\/17838\/revisions\/17852"}],"wp:featuredmedia":[{"embeddable":true,"href":"https:\/\/www.chg.at\/en\/wp-json\/wp\/v2\/media\/17841"}],"wp:attachment":[{"href":"https:\/\/www.chg.at\/en\/wp-json\/wp\/v2\/media?parent=17838"}],"wp:term":[{"taxonomy":"category","embeddable":true,"href":"https:\/\/www.chg.at\/en\/wp-json\/wp\/v2\/categories?post=17838"},{"taxonomy":"post_tag","embeddable":true,"href":"https:\/\/www.chg.at\/en\/wp-json\/wp\/v2\/tags?post=17838"}],"curies":[{"name":"wp","href":"https:\/\/api.w.org\/{rel}","templated":true}]}}