{"id":18478,"date":"2022-02-08T10:22:20","date_gmt":"2022-02-08T09:22:20","guid":{"rendered":"https:\/\/www.chg.at\/?p=18478"},"modified":"2022-02-08T14:21:04","modified_gmt":"2022-02-08T13:21:04","slug":"honorarkonsul-czernich-trifft-bayerische-staatsministerin-melanie-huml","status":"publish","type":"post","link":"https:\/\/www.chg.at\/en\/honorarkonsul-czernich-trifft-bayerische-staatsministerin-melanie-huml\/","title":{"rendered":"Honorarkonsul Czernich trifft bayerische Staatsministerin Melanie Huml"},"content":{"rendered":"<style type=\"text\/css\"> \n#cmsmasters_row_69f19fe6349097_02838520 .cmsmasters_row_outer_parent { \n\tpadding-top: 0px; \n} \n\n#cmsmasters_row_69f19fe6349097_02838520 .cmsmasters_row_outer_parent { \n\tpadding-bottom: 0px; \n} \n\n<\/style><div id=\"cmsmasters_row_69f19fe6349097_02838520\" class=\"cmsmasters_row cmsmasters_color_scheme_default cmsmasters_row_top_default cmsmasters_row_bot_default cmsmasters_row_boxed\">\n<div class=\"cmsmasters_row_outer_parent\">\n<div class=\"cmsmasters_row_outer\">\n<div class=\"cmsmasters_row_inner\">\n<div class=\"cmsmasters_row_margin\">\n<div class=\"cmsmasters_column one_first\">\n<div class=\"cmsmasters_text\">\n<h1>Honorarkonsul Dietmar Czernich trifft bayerische Staatsministerin<\/h1>\n<h3><span style=\"color: #d43555;\">Melanie Huml, Bayerns Staatsministerin f\u00fcr Europaangelegenheiten, zu Gast in Tirol <\/span><\/h3>\n<p>Bei ihrem Besuch in Innsbruck (<a href=\"https:\/\/www.tt.com\/artikel\/30812500\/bayern-strebt-loesung-beim-transit-an-fehlanreize-bei-maut-ueberpruefen\">die Tiroler Tageszeitung berichtete<\/a>) stand neben Gespr\u00e4chen mit dem Landeshauptmann G\u00fcnther Platter auch ein Treffen zwischen der Bayerischen Staatsministerin f\u00fcr Europaangelegenheiten und \u00a0Honorarkonsul Dietmar Czernich auf dem Programm. Themen waren die bilateralen Beziehungen im allgemeinen und die Transitproblematik im Besonderen.<\/p>\n<p>Beide unterstrichen die Notwendigkeit und den Wunsch nach guten nachbarschaftlichen Beziehungen und dass die gemeinsamen Interessen wieder in den Fokus r\u00fccken sollten.<\/p>\n<p>Als Gastgeschenk brachte die Staatsministerin einen original bayerischen Bierkrug mit, damit sich der Honorarkonsul in Zukunft Bier aus Tirol oder Bayern gut schmecken lassen kann.<\/p>\n<p>&nbsp;<\/p>\n<p>&nbsp;<\/p>\n<p>&nbsp;<\/p>\n<p>&nbsp;<\/p>\n<p>&nbsp;<\/p>\n<\/div>\n<\/div>\n<\/div>\n<\/div>\n<\/div>\n<\/div>\n<\/div>\n\n","protected":false},"excerpt":{"rendered":"<p>Staatsministerin zu Gast in Innsbruck<\/p>\n","protected":false},"author":3,"featured_media":18475,"comment_status":"closed","ping_status":"open","sticky":false,"template":"","format":"image","meta":{"inline_featured_image":false},"categories":[65],"tags":[],"yoast_head":"<!-- This site is optimized with the Yoast SEO plugin v19.8 - https:\/\/yoast.com\/wordpress\/plugins\/seo\/ -->\n<title>Honorarkonsul Dietmar Czernich tritt bayerische Staatsministerin<\/title>\n<meta name=\"description\" content=\"Melanie Huml, Staatsministerin f\u00fcr Europaangelegenheiten, und Honorarkonsul Czernich sprechen \u00fcber die deutsch-\u00f6sterrichischen Beziehungen\" \/>\n<meta name=\"robots\" content=\"index, follow, max-snippet:-1, max-image-preview:large, max-video-preview:-1\" \/>\n<link rel=\"canonical\" href=\"https:\/\/www.chg.at\/en\/honorarkonsul-czernich-trifft-bayerische-staatsministerin-melanie-huml\/\" \/>\n<meta property=\"og:locale\" content=\"en_US\" \/>\n<meta property=\"og:type\" content=\"article\" \/>\n<meta property=\"og:title\" content=\"ABC\" \/>\n<meta property=\"og:description\" content=\"DEF\" \/>\n<meta property=\"og:url\" content=\"https:\/\/www.chg.at\/en\/honorarkonsul-czernich-trifft-bayerische-staatsministerin-melanie-huml\/\" \/>\n<meta property=\"og:site_name\" content=\"CHG Czernich Rechtsanw\u00e4lte \u2013 Wir bewegen Wirtschaft\" \/>\n<meta property=\"article:published_time\" content=\"2022-02-08T09:22:20+00:00\" \/>\n<meta property=\"article:modified_time\" content=\"2022-02-08T13:21:04+00:00\" \/>\n<meta property=\"og:image\" content=\"https:\/\/www.chg.at\/wp-content\/uploads\/2022\/02\/20220204_StaatsministerinHuml_Honorarkonsul_Czernich_1160x580.jpg\" \/>\n\t<meta property=\"og:image:width\" content=\"1160\" \/>\n\t<meta property=\"og:image:height\" content=\"580\" \/>\n\t<meta property=\"og:image:type\" content=\"image\/jpeg\" \/>\n<meta name=\"author\" content=\"Diana B\u00f6hme\" \/>\n<meta name=\"twitter:card\" content=\"summary_large_image\" \/>\n<meta name=\"twitter:label1\" content=\"Written by\" \/>\n\t<meta name=\"twitter:data1\" content=\"Diana B\u00f6hme\" \/>\n\t<meta name=\"twitter:label2\" content=\"Est. reading time\" \/>\n\t<meta name=\"twitter:data2\" content=\"1 minute\" \/>\n<script type=\"application\/ld+json\" class=\"yoast-schema-graph\">{\"@context\":\"https:\/\/schema.org\",\"@graph\":[{\"@type\":\"Article\",\"@id\":\"https:\/\/www.chg.at\/en\/honorarkonsul-czernich-trifft-bayerische-staatsministerin-melanie-huml\/#article\",\"isPartOf\":{\"@id\":\"https:\/\/www.chg.at\/en\/honorarkonsul-czernich-trifft-bayerische-staatsministerin-melanie-huml\/\"},\"author\":{\"name\":\"Diana B\u00f6hme\",\"@id\":\"https:\/\/www.chg.at\/en\/#\/schema\/person\/b3b2cd248a314cf8acc3db22217f03b4\"},\"headline\":\"Honorarkonsul Czernich trifft bayerische Staatsministerin Melanie Huml\",\"datePublished\":\"2022-02-08T09:22:20+00:00\",\"dateModified\":\"2022-02-08T13:21:04+00:00\",\"mainEntityOfPage\":{\"@id\":\"https:\/\/www.chg.at\/en\/honorarkonsul-czernich-trifft-bayerische-staatsministerin-melanie-huml\/\"},\"wordCount\":161,\"publisher\":{\"@id\":\"https:\/\/www.chg.at\/en\/#organization\"},\"articleSection\":[\"Honorarkonsul Deutschland\"],\"inLanguage\":\"en-US\"},{\"@type\":\"WebPage\",\"@id\":\"https:\/\/www.chg.at\/en\/honorarkonsul-czernich-trifft-bayerische-staatsministerin-melanie-huml\/\",\"url\":\"https:\/\/www.chg.at\/en\/honorarkonsul-czernich-trifft-bayerische-staatsministerin-melanie-huml\/\",\"name\":\"Honorarkonsul Dietmar Czernich tritt bayerische Staatsministerin\",\"isPartOf\":{\"@id\":\"https:\/\/www.chg.at\/en\/#website\"},\"datePublished\":\"2022-02-08T09:22:20+00:00\",\"dateModified\":\"2022-02-08T13:21:04+00:00\",\"description\":\"Melanie Huml, Staatsministerin f\u00fcr Europaangelegenheiten, und Honorarkonsul Czernich sprechen \u00fcber die deutsch-\u00f6sterrichischen Beziehungen\",\"breadcrumb\":{\"@id\":\"https:\/\/www.chg.at\/en\/honorarkonsul-czernich-trifft-bayerische-staatsministerin-melanie-huml\/#breadcrumb\"},\"inLanguage\":\"en-US\",\"potentialAction\":[{\"@type\":\"ReadAction\",\"target\":[\"https:\/\/www.chg.at\/en\/honorarkonsul-czernich-trifft-bayerische-staatsministerin-melanie-huml\/\"]}]},{\"@type\":\"BreadcrumbList\",\"@id\":\"https:\/\/www.chg.at\/en\/honorarkonsul-czernich-trifft-bayerische-staatsministerin-melanie-huml\/#breadcrumb\",\"itemListElement\":[{\"@type\":\"ListItem\",\"position\":1,\"name\":\"Startseite\",\"item\":\"https:\/\/www.chg.at\/en\/\"},{\"@type\":\"ListItem\",\"position\":2,\"name\":\"Honorarkonsul Czernich trifft bayerische Staatsministerin Melanie Huml\"}]},{\"@type\":\"WebSite\",\"@id\":\"https:\/\/www.chg.at\/en\/#website\",\"url\":\"https:\/\/www.chg.at\/en\/\",\"name\":\"CHG Czernich Rechtsanw\u00e4lte \u2013 Wir bewegen Wirtschaft\",\"description\":\"Wir sorgen f\u00fcr Klarheit, wenn es rechtlich kompliziert wird. In jeder Phase Ihrer Unternehmungen. Sie ergreifen die Chancen. Wir verwandeln Risiken in L\u00f6sungen.\",\"publisher\":{\"@id\":\"https:\/\/www.chg.at\/en\/#organization\"},\"potentialAction\":[{\"@type\":\"SearchAction\",\"target\":{\"@type\":\"EntryPoint\",\"urlTemplate\":\"https:\/\/www.chg.at\/en\/?s={search_term_string}\"},\"query-input\":\"required name=search_term_string\"}],\"inLanguage\":\"en-US\"},{\"@type\":\"Organization\",\"@id\":\"https:\/\/www.chg.at\/en\/#organization\",\"name\":\"CHG Czernich Rechtsanw\u00e4lte\",\"url\":\"https:\/\/www.chg.at\/en\/\",\"sameAs\":[\"https:\/\/www.linkedin.com\/company\/12773263\/admin\/dashboard\/\"],\"logo\":{\"@type\":\"ImageObject\",\"inLanguage\":\"en-US\",\"@id\":\"https:\/\/www.chg.at\/en\/#\/schema\/logo\/image\/\",\"url\":\"https:\/\/www.chg.at\/wp-content\/uploads\/2016\/08\/CHG_logo_250_1.png\",\"contentUrl\":\"https:\/\/www.chg.at\/wp-content\/uploads\/2016\/08\/CHG_logo_250_1.png\",\"width\":250,\"height\":33,\"caption\":\"CHG Czernich Rechtsanw\u00e4lte\"},\"image\":{\"@id\":\"https:\/\/www.chg.at\/en\/#\/schema\/logo\/image\/\"}},{\"@type\":\"Person\",\"@id\":\"https:\/\/www.chg.at\/en\/#\/schema\/person\/b3b2cd248a314cf8acc3db22217f03b4\",\"name\":\"Diana B\u00f6hme\"}]}<\/script>\n<!-- \/ Yoast SEO plugin. -->","yoast_head_json":{"title":"Honorarkonsul Dietmar Czernich tritt bayerische Staatsministerin","description":"Melanie Huml, Staatsministerin f\u00fcr Europaangelegenheiten, und Honorarkonsul Czernich sprechen \u00fcber die deutsch-\u00f6sterrichischen Beziehungen","robots":{"index":"index","follow":"follow","max-snippet":"max-snippet:-1","max-image-preview":"max-image-preview:large","max-video-preview":"max-video-preview:-1"},"canonical":"https:\/\/www.chg.at\/en\/honorarkonsul-czernich-trifft-bayerische-staatsministerin-melanie-huml\/","og_locale":"en_US","og_type":"article","og_title":"ABC","og_description":"DEF","og_url":"https:\/\/www.chg.at\/en\/honorarkonsul-czernich-trifft-bayerische-staatsministerin-melanie-huml\/","og_site_name":"CHG Czernich Rechtsanw\u00e4lte \u2013 Wir bewegen Wirtschaft","article_published_time":"2022-02-08T09:22:20+00:00","article_modified_time":"2022-02-08T13:21:04+00:00","og_image":[{"width":1160,"height":580,"url":"https:\/\/www.chg.at\/wp-content\/uploads\/2022\/02\/20220204_StaatsministerinHuml_Honorarkonsul_Czernich_1160x580.jpg","type":"image\/jpeg"}],"author":"Diana B\u00f6hme","twitter_card":"summary_large_image","twitter_misc":{"Written by":"Diana B\u00f6hme","Est. reading time":"1 minute"},"schema":{"@context":"https:\/\/schema.org","@graph":[{"@type":"Article","@id":"https:\/\/www.chg.at\/en\/honorarkonsul-czernich-trifft-bayerische-staatsministerin-melanie-huml\/#article","isPartOf":{"@id":"https:\/\/www.chg.at\/en\/honorarkonsul-czernich-trifft-bayerische-staatsministerin-melanie-huml\/"},"author":{"name":"Diana B\u00f6hme","@id":"https:\/\/www.chg.at\/en\/#\/schema\/person\/b3b2cd248a314cf8acc3db22217f03b4"},"headline":"Honorarkonsul Czernich trifft bayerische Staatsministerin Melanie Huml","datePublished":"2022-02-08T09:22:20+00:00","dateModified":"2022-02-08T13:21:04+00:00","mainEntityOfPage":{"@id":"https:\/\/www.chg.at\/en\/honorarkonsul-czernich-trifft-bayerische-staatsministerin-melanie-huml\/"},"wordCount":161,"publisher":{"@id":"https:\/\/www.chg.at\/en\/#organization"},"articleSection":["Honorarkonsul Deutschland"],"inLanguage":"en-US"},{"@type":"WebPage","@id":"https:\/\/www.chg.at\/en\/honorarkonsul-czernich-trifft-bayerische-staatsministerin-melanie-huml\/","url":"https:\/\/www.chg.at\/en\/honorarkonsul-czernich-trifft-bayerische-staatsministerin-melanie-huml\/","name":"Honorarkonsul Dietmar Czernich tritt bayerische Staatsministerin","isPartOf":{"@id":"https:\/\/www.chg.at\/en\/#website"},"datePublished":"2022-02-08T09:22:20+00:00","dateModified":"2022-02-08T13:21:04+00:00","description":"Melanie Huml, Staatsministerin f\u00fcr Europaangelegenheiten, und Honorarkonsul Czernich sprechen \u00fcber die deutsch-\u00f6sterrichischen Beziehungen","breadcrumb":{"@id":"https:\/\/www.chg.at\/en\/honorarkonsul-czernich-trifft-bayerische-staatsministerin-melanie-huml\/#breadcrumb"},"inLanguage":"en-US","potentialAction":[{"@type":"ReadAction","target":["https:\/\/www.chg.at\/en\/honorarkonsul-czernich-trifft-bayerische-staatsministerin-melanie-huml\/"]}]},{"@type":"BreadcrumbList","@id":"https:\/\/www.chg.at\/en\/honorarkonsul-czernich-trifft-bayerische-staatsministerin-melanie-huml\/#breadcrumb","itemListElement":[{"@type":"ListItem","position":1,"name":"Startseite","item":"https:\/\/www.chg.at\/en\/"},{"@type":"ListItem","position":2,"name":"Honorarkonsul Czernich trifft bayerische Staatsministerin Melanie Huml"}]},{"@type":"WebSite","@id":"https:\/\/www.chg.at\/en\/#website","url":"https:\/\/www.chg.at\/en\/","name":"CHG Czernich Rechtsanw\u00e4lte \u2013 Wir bewegen Wirtschaft","description":"Wir sorgen f\u00fcr Klarheit, wenn es rechtlich kompliziert wird. In jeder Phase Ihrer Unternehmungen. Sie ergreifen die Chancen. Wir verwandeln Risiken in L\u00f6sungen.","publisher":{"@id":"https:\/\/www.chg.at\/en\/#organization"},"potentialAction":[{"@type":"SearchAction","target":{"@type":"EntryPoint","urlTemplate":"https:\/\/www.chg.at\/en\/?s={search_term_string}"},"query-input":"required name=search_term_string"}],"inLanguage":"en-US"},{"@type":"Organization","@id":"https:\/\/www.chg.at\/en\/#organization","name":"CHG Czernich Rechtsanw\u00e4lte","url":"https:\/\/www.chg.at\/en\/","sameAs":["https:\/\/www.linkedin.com\/company\/12773263\/admin\/dashboard\/"],"logo":{"@type":"ImageObject","inLanguage":"en-US","@id":"https:\/\/www.chg.at\/en\/#\/schema\/logo\/image\/","url":"https:\/\/www.chg.at\/wp-content\/uploads\/2016\/08\/CHG_logo_250_1.png","contentUrl":"https:\/\/www.chg.at\/wp-content\/uploads\/2016\/08\/CHG_logo_250_1.png","width":250,"height":33,"caption":"CHG Czernich Rechtsanw\u00e4lte"},"image":{"@id":"https:\/\/www.chg.at\/en\/#\/schema\/logo\/image\/"}},{"@type":"Person","@id":"https:\/\/www.chg.at\/en\/#\/schema\/person\/b3b2cd248a314cf8acc3db22217f03b4","name":"Diana B\u00f6hme"}]}},"_links":{"self":[{"href":"https:\/\/www.chg.at\/en\/wp-json\/wp\/v2\/posts\/18478"}],"collection":[{"href":"https:\/\/www.chg.at\/en\/wp-json\/wp\/v2\/posts"}],"about":[{"href":"https:\/\/www.chg.at\/en\/wp-json\/wp\/v2\/types\/post"}],"author":[{"embeddable":true,"href":"https:\/\/www.chg.at\/en\/wp-json\/wp\/v2\/users\/3"}],"replies":[{"embeddable":true,"href":"https:\/\/www.chg.at\/en\/wp-json\/wp\/v2\/comments?post=18478"}],"version-history":[{"count":9,"href":"https:\/\/www.chg.at\/en\/wp-json\/wp\/v2\/posts\/18478\/revisions"}],"predecessor-version":[{"id":18487,"href":"https:\/\/www.chg.at\/en\/wp-json\/wp\/v2\/posts\/18478\/revisions\/18487"}],"wp:featuredmedia":[{"embeddable":true,"href":"https:\/\/www.chg.at\/en\/wp-json\/wp\/v2\/media\/18475"}],"wp:attachment":[{"href":"https:\/\/www.chg.at\/en\/wp-json\/wp\/v2\/media?parent=18478"}],"wp:term":[{"taxonomy":"category","embeddable":true,"href":"https:\/\/www.chg.at\/en\/wp-json\/wp\/v2\/categories?post=18478"},{"taxonomy":"post_tag","embeddable":true,"href":"https:\/\/www.chg.at\/en\/wp-json\/wp\/v2\/tags?post=18478"}],"curies":[{"name":"wp","href":"https:\/\/api.w.org\/{rel}","templated":true}]}}