{"id":19419,"date":"2022-05-02T11:17:10","date_gmt":"2022-05-02T09:17:10","guid":{"rendered":"https:\/\/www.chg.at\/?p=19419"},"modified":"2022-05-04T10:56:50","modified_gmt":"2022-05-04T08:56:50","slug":"stellenausschreibung-rechtsanwaltsanwaerter-in-fuer-chg-innsbruck","status":"publish","type":"post","link":"https:\/\/www.chg.at\/en\/stellenausschreibung-rechtsanwaltsanwaerter-in-fuer-chg-innsbruck\/","title":{"rendered":"Stellenausschreibung: Rechtsanwaltsanw\u00e4rter\/-in f\u00fcr CHG Innsbruck"},"content":{"rendered":"<style type=\"text\/css\"> \n#cmsmasters_row_69f2f1bef1ec17_00006639 .cmsmasters_row_outer_parent { \n\tpadding-top: 0px; \n} \n\n#cmsmasters_row_69f2f1bef1ec17_00006639 .cmsmasters_row_outer_parent { \n\tpadding-bottom: 0px; \n} \n\n \n#cmsmasters_row_69f2f1bef20a71_40448574 .cmsmasters_row_outer_parent { \n\tpadding-top: 0px; \n} \n\n#cmsmasters_row_69f2f1bef20a71_40448574 .cmsmasters_row_outer_parent { \n\tpadding-bottom: 40px; \n} \n\n \n#cmsmasters_divider_69f2f1bef218d5_05965058 { \n\tborder-bottom-width:1px; \n\tborder-bottom-style:dotted; \n\tpadding-top:10px; \n\tmargin-bottom:20px; \n\tborder-bottom-color:#aaaaaa;\n} \n\n#cmsmasters_button_69f2f1bef22496_15338462 { \n\ttext-align:center; \n} \n\n#cmsmasters_button_69f2f1bef22496_15338462 .cmsmasters_button:before { \n\tmargin-right:.5em; \n\tmargin-left:0; \n\tvertical-align:baseline; \n} \n\n#cmsmasters_button_69f2f1bef22496_15338462 .cmsmasters_button { \n\tfont-weight:normal; \n\tfont-style:normal; \n\tborder-style:solid; \n} \n#cmsmasters_button_69f2f1bef22496_15338462 .cmsmasters_button:hover { \n} \n<\/style><div id=\"cmsmasters_row_69f2f1bef1de08_10415674\" class=\"cmsmasters_row cmsmasters_color_scheme_default cmsmasters_row_top_default cmsmasters_row_bot_default cmsmasters_row_boxed\">\n<div class=\"cmsmasters_row_outer_parent\">\n<div class=\"cmsmasters_row_outer\">\n<div class=\"cmsmasters_row_inner\">\n<div class=\"cmsmasters_row_margin\">\n<div class=\"cmsmasters_column one_first\">\n<div class=\"cmsmasters_text\">\n<h1><\/h1>\n<\/div>\n<\/div>\n<\/div>\n<\/div>\n<\/div>\n<\/div>\n<\/div>\n<div id=\"cmsmasters_row_69f2f1bef1ec17_00006639\" class=\"cmsmasters_row cmsmasters_color_scheme_default cmsmasters_row_top_default cmsmasters_row_bot_default cmsmasters_row_boxed\">\n<div class=\"cmsmasters_row_outer_parent\">\n<div class=\"cmsmasters_row_outer\">\n<div class=\"cmsmasters_row_inner\">\n<div class=\"cmsmasters_row_margin\">\n<div class=\"cmsmasters_column one_first\">\n<div class=\"cmsmasters_text\">\n<p>&nbsp;<\/p>\n<p>CHG Czernich Rechtsanw\u00e4lte verst\u00e4rkt sein motiviertes Team in Innsbruck und sucht eine\/n<\/p>\n<p>&nbsp;<\/p>\n<h1 style=\"text-align: center;\"><span style=\"color: #d43555;\"><strong>Rechtsanwaltsanw\u00e4rter\/in <\/strong><\/span><\/h1>\n<p>&nbsp;<\/p>\n<p>mit Pers\u00f6nlichkeit und Affinit\u00e4t zum Wirtschaftsrecht.<\/p>\n<p>&nbsp;<\/p>\n<h2><span style=\"color: #d43555;\">Welche Aufgaben erwarten dich?<\/span><\/h2>\n<ul>\n<li>Recherchen und L\u00f6sung rechtlicher Fragen<\/li>\n<li>Vorbereitung von Schrifts\u00e4tzen, Stellungnahmen und Gutachten<\/li>\n<li>Verrichtung von gerichtlichen und au\u00dfergerichtlichen Verhandlungen<\/li>\n<li>Erstellung, Pr\u00fcfung und Verhandlung von Vertr\u00e4gen<\/li>\n<li>Verfassen von Schriftst\u00fccken aller Art<\/li>\n<li>F\u00fchren von Akten<\/li>\n<\/ul>\n<p>&nbsp;<\/p>\n<h2><span style=\"color: #d43555;\">Welche Voraussetzungen solltest du mitbringen?<br \/>\n<\/span><\/h2>\n<ul>\n<li>Abgeschlossenes Studium der Rechtswissenschaften oder Wirtschaftsrecht<\/li>\n<li>F\u00e4higkeit zu verantwortungsvollem, genauem und selbst\u00e4ndigem Arbeiten<\/li>\n<li>Kommunikationsst\u00e4rke, soziale Kompetenz und Begeisterung f\u00fcr Teamarbeit<\/li>\n<li>Sehr gute Kenntnisse in MS-Office, Advokat-Kenntnisse von Vorteil<\/li>\n<li>Ausgezeichnete Deutschkenntnisse und gute Kenntnisse in Englisch<\/li>\n<\/ul>\n<p>&nbsp;<\/p>\n<h2><span style=\"color: #d43555;\">Was bieten wir dir?<\/span><\/h2>\n<ul>\n<li>Es erwartet dich ein gut eingespieltes und motiviertes Team, ein strukturiertes Onboarding-Programm und die M\u00f6glichkeit zur Spezialisierung<\/li>\n<li>\u00dcbernahme deiner Ausbildungskosten und Gew\u00e4hrung von 4 Wochen bezahltem Sonderurlaub f\u00fcr deine Rechtsanwaltspr\u00fcfung<\/li>\n<li>Benefits wie etwa das Klimaticket \u00d6sterreich<\/li>\n<li>Regelm\u00e4\u00dfige Mitarbeiteraktivit\u00e4ten<\/li>\n<li>Bruttogehalt ab EUR 2.420,00 p.m., Vollzeitbasis. Bereitschaft zur \u00dcberzahlung nach pers\u00f6nlicher Qualifikation und Erfahrung<\/li>\n<\/ul>\n<p>&nbsp;<\/p>\n<h2><span style=\"color: #d43555;\">Weitere Informationen<\/span><\/h2>\n<p>F\u00fchlst du dich angesprochen? Dann freuen wir uns auf deine vollst\u00e4ndigen Bewerbungsunterlagen inkl. Lebenslauf, Zeugnissen und Motivationsschreiben mit Foto, bevorzugt per E-Mail an <a href=\"mailto:karriere@chg.at\">karriere@chg.at<\/a>. Kontakt bei R\u00fcckfragen: Mag. Sanja Juric-Schmidhofer, T: 0512 56 73 73<\/p>\n<p>&nbsp;<\/p>\n<\/div>\n<\/div>\n<\/div>\n<\/div>\n<\/div>\n<\/div>\n<\/div>\n<div id=\"cmsmasters_row_69f2f1bef20a71_40448574\" class=\"cmsmasters_row cmsmasters_color_scheme_default cmsmasters_row_top_default cmsmasters_row_bot_default cmsmasters_row_boxed\">\n<div class=\"cmsmasters_row_outer_parent\">\n<div class=\"cmsmasters_row_outer\">\n<div class=\"cmsmasters_row_inner\">\n<div class=\"cmsmasters_row_margin\">\n<div class=\"cmsmasters_column one_half\">\n\n<div id=\"cmsmasters_divider_69f2f1bef218d5_05965058\" class=\"cmsmasters_divider cmsmasters_divider_width_long cmsmasters_divider_pos_left\"><\/div>\n<div class=\"cmsmasters_text\">\n<p>Hier steht Ihnen der Text zum Download als PDF zur Verf\u00fcgung:<\/p>\n<\/div>\n\n<div id=\"cmsmasters_button_69f2f1bef22496_15338462\" class=\"button_wrap\"><a href=\"https:\/\/www.chg.at\/wp-content\/uploads\/2022\/05\/CHG-Stellenausschreibung-RAA_IBK_Mai-2022.pdf\" class=\"ripple cmsmasters_button\" data-animation=\"fadeInUp\" data-delay=\"0\"><span>Stellenausschreibung als pdf<\/span><\/a><\/div>\n<\/div>\n<div class=\"cmsmasters_column one_half\">\n<\/div>\n<\/div>\n<\/div>\n<\/div>\n<\/div>\n<\/div>\n\n","protected":false},"excerpt":{"rendered":"<p>Wir suchen ab sofort eine\/-n Rechtsanwaltsanw\u00e4rter\/-in f\u00fcr unseren Standort in Innsbruck.<\/p>\n","protected":false},"author":14,"featured_media":11286,"comment_status":"closed","ping_status":"open","sticky":false,"template":"","format":"image","meta":{"inline_featured_image":false},"categories":[8,62],"tags":[],"yoast_head":"<!-- This site is optimized with the Yoast SEO plugin v19.8 - https:\/\/yoast.com\/wordpress\/plugins\/seo\/ -->\n<title>Rechtsanwaltsanw\u00e4rter\/in f\u00fcr CHG Czernich Rechtsanw\u00e4lte gesucht<\/title>\n<meta name=\"description\" content=\"CHG Rechtsanw\u00e4lte Innsbruck sucht eine\/-n Rechtsanwaltsanw\u00e4rter\/-in Innsbruck mit Affinit\u00e4t zum Wirtschaftsrecht\" \/>\n<meta name=\"robots\" content=\"index, follow, max-snippet:-1, max-image-preview:large, max-video-preview:-1\" \/>\n<link rel=\"canonical\" href=\"https:\/\/www.chg.at\/en\/stellenausschreibung-rechtsanwaltsanwaerter-in-fuer-chg-innsbruck\/\" \/>\n<meta property=\"og:locale\" content=\"en_US\" \/>\n<meta property=\"og:type\" content=\"article\" \/>\n<meta property=\"og:title\" content=\"CHG\" \/>\n<meta property=\"og:description\" content=\"CHG\" \/>\n<meta property=\"og:url\" content=\"https:\/\/www.chg.at\/en\/stellenausschreibung-rechtsanwaltsanwaerter-in-fuer-chg-innsbruck\/\" \/>\n<meta property=\"og:site_name\" content=\"CHG Czernich Rechtsanw\u00e4lte \u2013 Wir bewegen Wirtschaft\" \/>\n<meta property=\"article:published_time\" content=\"2022-05-02T09:17:10+00:00\" \/>\n<meta property=\"article:modified_time\" content=\"2022-05-04T08:56:50+00:00\" \/>\n<meta property=\"og:image\" content=\"https:\/\/www.chg.at\/wp-content\/uploads\/2019\/12\/chg-stellenanzeige-1160x580px-2.jpg\" \/>\n\t<meta property=\"og:image:width\" content=\"1160\" \/>\n\t<meta property=\"og:image:height\" content=\"580\" \/>\n\t<meta property=\"og:image:type\" content=\"image\/jpeg\" \/>\n<meta name=\"author\" content=\"Sandra Juric\" \/>\n<meta name=\"twitter:card\" content=\"summary_large_image\" \/>\n<meta name=\"twitter:label1\" content=\"Written by\" \/>\n\t<meta name=\"twitter:data1\" content=\"Sandra Juric\" \/>\n\t<meta name=\"twitter:label2\" content=\"Est. reading time\" \/>\n\t<meta name=\"twitter:data2\" content=\"2 minutes\" \/>\n<script type=\"application\/ld+json\" class=\"yoast-schema-graph\">{\"@context\":\"https:\/\/schema.org\",\"@graph\":[{\"@type\":\"Article\",\"@id\":\"https:\/\/www.chg.at\/en\/stellenausschreibung-rechtsanwaltsanwaerter-in-fuer-chg-innsbruck\/#article\",\"isPartOf\":{\"@id\":\"https:\/\/www.chg.at\/en\/stellenausschreibung-rechtsanwaltsanwaerter-in-fuer-chg-innsbruck\/\"},\"author\":{\"name\":\"Sandra Juric\",\"@id\":\"https:\/\/www.chg.at\/en\/#\/schema\/person\/3ef9c8cef0431344e873c7016a1e219e\"},\"headline\":\"Stellenausschreibung: Rechtsanwaltsanw\u00e4rter\/-in f\u00fcr CHG Innsbruck\",\"datePublished\":\"2022-05-02T09:17:10+00:00\",\"dateModified\":\"2022-05-04T08:56:50+00:00\",\"mainEntityOfPage\":{\"@id\":\"https:\/\/www.chg.at\/en\/stellenausschreibung-rechtsanwaltsanwaerter-in-fuer-chg-innsbruck\/\"},\"wordCount\":391,\"publisher\":{\"@id\":\"https:\/\/www.chg.at\/en\/#organization\"},\"articleSection\":[\"CHG News\",\"Karriere\"],\"inLanguage\":\"en-US\"},{\"@type\":\"WebPage\",\"@id\":\"https:\/\/www.chg.at\/en\/stellenausschreibung-rechtsanwaltsanwaerter-in-fuer-chg-innsbruck\/\",\"url\":\"https:\/\/www.chg.at\/en\/stellenausschreibung-rechtsanwaltsanwaerter-in-fuer-chg-innsbruck\/\",\"name\":\"Rechtsanwaltsanw\u00e4rter\/in f\u00fcr CHG Czernich Rechtsanw\u00e4lte gesucht\",\"isPartOf\":{\"@id\":\"https:\/\/www.chg.at\/en\/#website\"},\"datePublished\":\"2022-05-02T09:17:10+00:00\",\"dateModified\":\"2022-05-04T08:56:50+00:00\",\"description\":\"CHG Rechtsanw\u00e4lte Innsbruck sucht eine\/-n Rechtsanwaltsanw\u00e4rter\/-in Innsbruck mit Affinit\u00e4t zum Wirtschaftsrecht\",\"breadcrumb\":{\"@id\":\"https:\/\/www.chg.at\/en\/stellenausschreibung-rechtsanwaltsanwaerter-in-fuer-chg-innsbruck\/#breadcrumb\"},\"inLanguage\":\"en-US\",\"potentialAction\":[{\"@type\":\"ReadAction\",\"target\":[\"https:\/\/www.chg.at\/en\/stellenausschreibung-rechtsanwaltsanwaerter-in-fuer-chg-innsbruck\/\"]}]},{\"@type\":\"BreadcrumbList\",\"@id\":\"https:\/\/www.chg.at\/en\/stellenausschreibung-rechtsanwaltsanwaerter-in-fuer-chg-innsbruck\/#breadcrumb\",\"itemListElement\":[{\"@type\":\"ListItem\",\"position\":1,\"name\":\"Startseite\",\"item\":\"https:\/\/www.chg.at\/en\/\"},{\"@type\":\"ListItem\",\"position\":2,\"name\":\"Stellenausschreibung: Rechtsanwaltsanw\u00e4rter\/-in f\u00fcr CHG Innsbruck\"}]},{\"@type\":\"WebSite\",\"@id\":\"https:\/\/www.chg.at\/en\/#website\",\"url\":\"https:\/\/www.chg.at\/en\/\",\"name\":\"CHG Czernich Rechtsanw\u00e4lte \u2013 Wir bewegen Wirtschaft\",\"description\":\"Wir sorgen f\u00fcr Klarheit, wenn es rechtlich kompliziert wird. In jeder Phase Ihrer Unternehmungen. Sie ergreifen die Chancen. Wir verwandeln Risiken in L\u00f6sungen.\",\"publisher\":{\"@id\":\"https:\/\/www.chg.at\/en\/#organization\"},\"potentialAction\":[{\"@type\":\"SearchAction\",\"target\":{\"@type\":\"EntryPoint\",\"urlTemplate\":\"https:\/\/www.chg.at\/en\/?s={search_term_string}\"},\"query-input\":\"required name=search_term_string\"}],\"inLanguage\":\"en-US\"},{\"@type\":\"Organization\",\"@id\":\"https:\/\/www.chg.at\/en\/#organization\",\"name\":\"CHG Czernich Rechtsanw\u00e4lte\",\"url\":\"https:\/\/www.chg.at\/en\/\",\"sameAs\":[\"https:\/\/www.linkedin.com\/company\/12773263\/admin\/dashboard\/\"],\"logo\":{\"@type\":\"ImageObject\",\"inLanguage\":\"en-US\",\"@id\":\"https:\/\/www.chg.at\/en\/#\/schema\/logo\/image\/\",\"url\":\"https:\/\/www.chg.at\/wp-content\/uploads\/2016\/08\/CHG_logo_250_1.png\",\"contentUrl\":\"https:\/\/www.chg.at\/wp-content\/uploads\/2016\/08\/CHG_logo_250_1.png\",\"width\":250,\"height\":33,\"caption\":\"CHG Czernich Rechtsanw\u00e4lte\"},\"image\":{\"@id\":\"https:\/\/www.chg.at\/en\/#\/schema\/logo\/image\/\"}},{\"@type\":\"Person\",\"@id\":\"https:\/\/www.chg.at\/en\/#\/schema\/person\/3ef9c8cef0431344e873c7016a1e219e\",\"name\":\"Sandra Juric\"}]}<\/script>\n<!-- \/ Yoast SEO plugin. -->","yoast_head_json":{"title":"Rechtsanwaltsanw\u00e4rter\/in f\u00fcr CHG Czernich Rechtsanw\u00e4lte gesucht","description":"CHG Rechtsanw\u00e4lte Innsbruck sucht eine\/-n Rechtsanwaltsanw\u00e4rter\/-in Innsbruck mit Affinit\u00e4t zum Wirtschaftsrecht","robots":{"index":"index","follow":"follow","max-snippet":"max-snippet:-1","max-image-preview":"max-image-preview:large","max-video-preview":"max-video-preview:-1"},"canonical":"https:\/\/www.chg.at\/en\/stellenausschreibung-rechtsanwaltsanwaerter-in-fuer-chg-innsbruck\/","og_locale":"en_US","og_type":"article","og_title":"CHG","og_description":"CHG","og_url":"https:\/\/www.chg.at\/en\/stellenausschreibung-rechtsanwaltsanwaerter-in-fuer-chg-innsbruck\/","og_site_name":"CHG Czernich Rechtsanw\u00e4lte \u2013 Wir bewegen Wirtschaft","article_published_time":"2022-05-02T09:17:10+00:00","article_modified_time":"2022-05-04T08:56:50+00:00","og_image":[{"width":1160,"height":580,"url":"https:\/\/www.chg.at\/wp-content\/uploads\/2019\/12\/chg-stellenanzeige-1160x580px-2.jpg","type":"image\/jpeg"}],"author":"Sandra Juric","twitter_card":"summary_large_image","twitter_misc":{"Written by":"Sandra Juric","Est. reading time":"2 minutes"},"schema":{"@context":"https:\/\/schema.org","@graph":[{"@type":"Article","@id":"https:\/\/www.chg.at\/en\/stellenausschreibung-rechtsanwaltsanwaerter-in-fuer-chg-innsbruck\/#article","isPartOf":{"@id":"https:\/\/www.chg.at\/en\/stellenausschreibung-rechtsanwaltsanwaerter-in-fuer-chg-innsbruck\/"},"author":{"name":"Sandra Juric","@id":"https:\/\/www.chg.at\/en\/#\/schema\/person\/3ef9c8cef0431344e873c7016a1e219e"},"headline":"Stellenausschreibung: Rechtsanwaltsanw\u00e4rter\/-in f\u00fcr CHG Innsbruck","datePublished":"2022-05-02T09:17:10+00:00","dateModified":"2022-05-04T08:56:50+00:00","mainEntityOfPage":{"@id":"https:\/\/www.chg.at\/en\/stellenausschreibung-rechtsanwaltsanwaerter-in-fuer-chg-innsbruck\/"},"wordCount":391,"publisher":{"@id":"https:\/\/www.chg.at\/en\/#organization"},"articleSection":["CHG News","Karriere"],"inLanguage":"en-US"},{"@type":"WebPage","@id":"https:\/\/www.chg.at\/en\/stellenausschreibung-rechtsanwaltsanwaerter-in-fuer-chg-innsbruck\/","url":"https:\/\/www.chg.at\/en\/stellenausschreibung-rechtsanwaltsanwaerter-in-fuer-chg-innsbruck\/","name":"Rechtsanwaltsanw\u00e4rter\/in f\u00fcr CHG Czernich Rechtsanw\u00e4lte gesucht","isPartOf":{"@id":"https:\/\/www.chg.at\/en\/#website"},"datePublished":"2022-05-02T09:17:10+00:00","dateModified":"2022-05-04T08:56:50+00:00","description":"CHG Rechtsanw\u00e4lte Innsbruck sucht eine\/-n Rechtsanwaltsanw\u00e4rter\/-in Innsbruck mit Affinit\u00e4t zum Wirtschaftsrecht","breadcrumb":{"@id":"https:\/\/www.chg.at\/en\/stellenausschreibung-rechtsanwaltsanwaerter-in-fuer-chg-innsbruck\/#breadcrumb"},"inLanguage":"en-US","potentialAction":[{"@type":"ReadAction","target":["https:\/\/www.chg.at\/en\/stellenausschreibung-rechtsanwaltsanwaerter-in-fuer-chg-innsbruck\/"]}]},{"@type":"BreadcrumbList","@id":"https:\/\/www.chg.at\/en\/stellenausschreibung-rechtsanwaltsanwaerter-in-fuer-chg-innsbruck\/#breadcrumb","itemListElement":[{"@type":"ListItem","position":1,"name":"Startseite","item":"https:\/\/www.chg.at\/en\/"},{"@type":"ListItem","position":2,"name":"Stellenausschreibung: Rechtsanwaltsanw\u00e4rter\/-in f\u00fcr CHG Innsbruck"}]},{"@type":"WebSite","@id":"https:\/\/www.chg.at\/en\/#website","url":"https:\/\/www.chg.at\/en\/","name":"CHG Czernich Rechtsanw\u00e4lte \u2013 Wir bewegen Wirtschaft","description":"Wir sorgen f\u00fcr Klarheit, wenn es rechtlich kompliziert wird. In jeder Phase Ihrer Unternehmungen. Sie ergreifen die Chancen. Wir verwandeln Risiken in L\u00f6sungen.","publisher":{"@id":"https:\/\/www.chg.at\/en\/#organization"},"potentialAction":[{"@type":"SearchAction","target":{"@type":"EntryPoint","urlTemplate":"https:\/\/www.chg.at\/en\/?s={search_term_string}"},"query-input":"required name=search_term_string"}],"inLanguage":"en-US"},{"@type":"Organization","@id":"https:\/\/www.chg.at\/en\/#organization","name":"CHG Czernich Rechtsanw\u00e4lte","url":"https:\/\/www.chg.at\/en\/","sameAs":["https:\/\/www.linkedin.com\/company\/12773263\/admin\/dashboard\/"],"logo":{"@type":"ImageObject","inLanguage":"en-US","@id":"https:\/\/www.chg.at\/en\/#\/schema\/logo\/image\/","url":"https:\/\/www.chg.at\/wp-content\/uploads\/2016\/08\/CHG_logo_250_1.png","contentUrl":"https:\/\/www.chg.at\/wp-content\/uploads\/2016\/08\/CHG_logo_250_1.png","width":250,"height":33,"caption":"CHG Czernich Rechtsanw\u00e4lte"},"image":{"@id":"https:\/\/www.chg.at\/en\/#\/schema\/logo\/image\/"}},{"@type":"Person","@id":"https:\/\/www.chg.at\/en\/#\/schema\/person\/3ef9c8cef0431344e873c7016a1e219e","name":"Sandra Juric"}]}},"_links":{"self":[{"href":"https:\/\/www.chg.at\/en\/wp-json\/wp\/v2\/posts\/19419"}],"collection":[{"href":"https:\/\/www.chg.at\/en\/wp-json\/wp\/v2\/posts"}],"about":[{"href":"https:\/\/www.chg.at\/en\/wp-json\/wp\/v2\/types\/post"}],"author":[{"embeddable":true,"href":"https:\/\/www.chg.at\/en\/wp-json\/wp\/v2\/users\/14"}],"replies":[{"embeddable":true,"href":"https:\/\/www.chg.at\/en\/wp-json\/wp\/v2\/comments?post=19419"}],"version-history":[{"count":5,"href":"https:\/\/www.chg.at\/en\/wp-json\/wp\/v2\/posts\/19419\/revisions"}],"predecessor-version":[{"id":19450,"href":"https:\/\/www.chg.at\/en\/wp-json\/wp\/v2\/posts\/19419\/revisions\/19450"}],"wp:featuredmedia":[{"embeddable":true,"href":"https:\/\/www.chg.at\/en\/wp-json\/wp\/v2\/media\/11286"}],"wp:attachment":[{"href":"https:\/\/www.chg.at\/en\/wp-json\/wp\/v2\/media?parent=19419"}],"wp:term":[{"taxonomy":"category","embeddable":true,"href":"https:\/\/www.chg.at\/en\/wp-json\/wp\/v2\/categories?post=19419"},{"taxonomy":"post_tag","embeddable":true,"href":"https:\/\/www.chg.at\/en\/wp-json\/wp\/v2\/tags?post=19419"}],"curies":[{"name":"wp","href":"https:\/\/api.w.org\/{rel}","templated":true}]}}