{"id":20052,"date":"2022-07-07T11:31:02","date_gmt":"2022-07-07T09:31:02","guid":{"rendered":"https:\/\/www.chg.at\/?p=20052"},"modified":"2022-07-07T11:42:31","modified_gmt":"2022-07-07T09:42:31","slug":"chg-sommerpraktikantinnnen-2022","status":"publish","type":"post","link":"https:\/\/www.chg.at\/en\/chg-sommerpraktikantinnnen-2022\/","title":{"rendered":"CHG begr\u00fc\u00dft zwei Sommerpraktikant:innen"},"content":{"rendered":"<style type=\"text\/css\"> \n#cmsmasters_row_69f3f1b918eb89_47289496 .cmsmasters_row_outer_parent { \n\tpadding-top: 0px; \n} \n\n#cmsmasters_row_69f3f1b918eb89_47289496 .cmsmasters_row_outer_parent { \n\tpadding-bottom: 50px; \n} \n\n<\/style><div id=\"cmsmasters_row_69f3f1b918eb89_47289496\" class=\"cmsmasters_row cmsmasters_color_scheme_default cmsmasters_row_top_default cmsmasters_row_bot_default cmsmasters_row_boxed\">\n<div class=\"cmsmasters_row_outer_parent\">\n<div class=\"cmsmasters_row_outer\">\n<div class=\"cmsmasters_row_inner\">\n<div class=\"cmsmasters_row_margin\">\n<div class=\"cmsmasters_column one_first\">\n<div class=\"cmsmasters_text\">\n<h1><span style=\"color: #d43555;\">Welcome on Board: Valerie &amp; Federico!<\/span><\/h1>\n<p>Nach einer gelungenen \u201eWelcome-Day\u201c Veranstaltung f\u00fcr unsere Sommerpraktikant:innen letzten Freitag, d\u00fcrfen wir die ersten zwei bei uns im CHG\u2013Team willkommen hei\u00dfen: Valerie Jochum und Federico T\u00fcrtscher.<\/p>\n<p>&nbsp;<\/p>\n<p><strong>Valerie Jochum<\/strong> studiert in Innsbruck Rechtswissenschaften und hat schon l\u00e4nger nach einer Praktikumsm\u00f6glichkeit gesucht, in der sie den Alltag in einer gro\u00dfen Kanzlei miterleben und sich ein Bild von den Aufgaben machen kann. Sie interessieren verschiedene Gebiete und sie hofft, neben Praxiserfahrung, auch eine genauere Idee zu bekommen, womit sie sich in Zukunft besch\u00e4ftigen m\u00f6chte. Sie ist schon sehr gespannt auf die n\u00e4chsten Wochen.<\/p>\n<p>&nbsp;<\/p>\n<p><strong>Federico T\u00fcrtscher<\/strong>, ebenfalls Student der Rechtswissenschaften, befindet sich gerade im 4. Semester. Er ist sehr gespannt, was es hei\u00dft die Juristerei auch abseits von studentischen Aufgaben im Alltag zu nutzen und deswegen umso erfreuter, dass er in der Kanzlei relevante juristische Luft schnuppern darf.<\/p>\n<p>&nbsp;<\/p>\n<p>Die beiden Praktikant:innen durchlaufen unser CHG Sommerpraktikum \u201e4 Wochen, 4 Praxisgruppen\u201c und freuen sich auf die n\u00e4chsten spannenden Wochen und viele Einblicke in unserer Kanzlei!<\/p>\n<p>&nbsp;<\/p>\n<\/div>\n<div class=\"cmsmasters_text\">\n<p>&nbsp;<\/p>\n<\/div>\n<\/div>\n<\/div>\n<\/div>\n<\/div>\n<\/div>\n<\/div>\n\n","protected":false},"excerpt":{"rendered":"<p>CHG begr\u00fc\u00dft die ersten Sommerpraktikant:innen 2022 im Team: Valerie Jochum und Federico T\u00fcrtscher.<\/p>\n","protected":false},"author":14,"featured_media":20064,"comment_status":"closed","ping_status":"open","sticky":false,"template":"","format":"image","meta":{"inline_featured_image":false},"categories":[8,9,62],"tags":[],"yoast_head":"<!-- This site is optimized with the Yoast SEO plugin v19.8 - https:\/\/yoast.com\/wordpress\/plugins\/seo\/ -->\n<title>Welcome on Board: Valerie &amp; Federico!<\/title>\n<meta name=\"description\" content=\"Nach einer gelungenen \u201eWelcome-Day\u201c Veranstaltung f\u00fcr unsere Sommerpraktikant:innen letzten Freitag, d\u00fcrfen wir die ersten zwei bei uns im CHG\u2013Team willkommen hei\u00dfen.\" \/>\n<meta name=\"robots\" content=\"index, follow, max-snippet:-1, max-image-preview:large, max-video-preview:-1\" \/>\n<link rel=\"canonical\" href=\"https:\/\/www.chg.at\/en\/chg-sommerpraktikantinnnen-2022\/\" \/>\n<meta property=\"og:locale\" content=\"en_US\" \/>\n<meta property=\"og:type\" content=\"article\" \/>\n<meta property=\"og:title\" content=\"CHG\" \/>\n<meta property=\"og:description\" content=\"CHG\" \/>\n<meta property=\"og:url\" content=\"https:\/\/www.chg.at\/en\/chg-sommerpraktikantinnnen-2022\/\" \/>\n<meta property=\"og:site_name\" content=\"CHG Czernich Rechtsanw\u00e4lte \u2013 Wir bewegen Wirtschaft\" \/>\n<meta property=\"article:published_time\" content=\"2022-07-07T09:31:02+00:00\" \/>\n<meta property=\"article:modified_time\" content=\"2022-07-07T09:42:31+00:00\" \/>\n<meta property=\"og:image\" content=\"https:\/\/www.chg.at\/wp-content\/uploads\/2022\/07\/foto.jpg\" \/>\n\t<meta property=\"og:image:width\" content=\"1200\" \/>\n\t<meta property=\"og:image:height\" content=\"650\" \/>\n\t<meta property=\"og:image:type\" content=\"image\/jpeg\" \/>\n<meta name=\"author\" content=\"Sandra Juric\" \/>\n<meta name=\"twitter:card\" content=\"summary_large_image\" \/>\n<meta name=\"twitter:label1\" content=\"Written by\" \/>\n\t<meta name=\"twitter:data1\" content=\"Sandra Juric\" \/>\n\t<meta name=\"twitter:label2\" content=\"Est. reading time\" \/>\n\t<meta name=\"twitter:data2\" content=\"1 minute\" \/>\n<script type=\"application\/ld+json\" class=\"yoast-schema-graph\">{\"@context\":\"https:\/\/schema.org\",\"@graph\":[{\"@type\":\"Article\",\"@id\":\"https:\/\/www.chg.at\/en\/chg-sommerpraktikantinnnen-2022\/#article\",\"isPartOf\":{\"@id\":\"https:\/\/www.chg.at\/en\/chg-sommerpraktikantinnnen-2022\/\"},\"author\":{\"name\":\"Sandra Juric\",\"@id\":\"https:\/\/www.chg.at\/en\/#\/schema\/person\/3ef9c8cef0431344e873c7016a1e219e\"},\"headline\":\"CHG begr\u00fc\u00dft zwei Sommerpraktikant:innen\",\"datePublished\":\"2022-07-07T09:31:02+00:00\",\"dateModified\":\"2022-07-07T09:42:31+00:00\",\"mainEntityOfPage\":{\"@id\":\"https:\/\/www.chg.at\/en\/chg-sommerpraktikantinnnen-2022\/\"},\"wordCount\":248,\"publisher\":{\"@id\":\"https:\/\/www.chg.at\/en\/#organization\"},\"articleSection\":[\"CHG News\",\"Kanzlei\",\"Karriere\"],\"inLanguage\":\"en-US\"},{\"@type\":\"WebPage\",\"@id\":\"https:\/\/www.chg.at\/en\/chg-sommerpraktikantinnnen-2022\/\",\"url\":\"https:\/\/www.chg.at\/en\/chg-sommerpraktikantinnnen-2022\/\",\"name\":\"Welcome on Board: Valerie & Federico!\",\"isPartOf\":{\"@id\":\"https:\/\/www.chg.at\/en\/#website\"},\"datePublished\":\"2022-07-07T09:31:02+00:00\",\"dateModified\":\"2022-07-07T09:42:31+00:00\",\"description\":\"Nach einer gelungenen \u201eWelcome-Day\u201c Veranstaltung f\u00fcr unsere Sommerpraktikant:innen letzten Freitag, d\u00fcrfen wir die ersten zwei bei uns im CHG\u2013Team willkommen hei\u00dfen.\",\"breadcrumb\":{\"@id\":\"https:\/\/www.chg.at\/en\/chg-sommerpraktikantinnnen-2022\/#breadcrumb\"},\"inLanguage\":\"en-US\",\"potentialAction\":[{\"@type\":\"ReadAction\",\"target\":[\"https:\/\/www.chg.at\/en\/chg-sommerpraktikantinnnen-2022\/\"]}]},{\"@type\":\"BreadcrumbList\",\"@id\":\"https:\/\/www.chg.at\/en\/chg-sommerpraktikantinnnen-2022\/#breadcrumb\",\"itemListElement\":[{\"@type\":\"ListItem\",\"position\":1,\"name\":\"Startseite\",\"item\":\"https:\/\/www.chg.at\/en\/\"},{\"@type\":\"ListItem\",\"position\":2,\"name\":\"CHG begr\u00fc\u00dft zwei Sommerpraktikant:innen\"}]},{\"@type\":\"WebSite\",\"@id\":\"https:\/\/www.chg.at\/en\/#website\",\"url\":\"https:\/\/www.chg.at\/en\/\",\"name\":\"CHG Czernich Rechtsanw\u00e4lte \u2013 Wir bewegen Wirtschaft\",\"description\":\"Wir sorgen f\u00fcr Klarheit, wenn es rechtlich kompliziert wird. In jeder Phase Ihrer Unternehmungen. Sie ergreifen die Chancen. Wir verwandeln Risiken in L\u00f6sungen.\",\"publisher\":{\"@id\":\"https:\/\/www.chg.at\/en\/#organization\"},\"potentialAction\":[{\"@type\":\"SearchAction\",\"target\":{\"@type\":\"EntryPoint\",\"urlTemplate\":\"https:\/\/www.chg.at\/en\/?s={search_term_string}\"},\"query-input\":\"required name=search_term_string\"}],\"inLanguage\":\"en-US\"},{\"@type\":\"Organization\",\"@id\":\"https:\/\/www.chg.at\/en\/#organization\",\"name\":\"CHG Czernich Rechtsanw\u00e4lte\",\"url\":\"https:\/\/www.chg.at\/en\/\",\"sameAs\":[\"https:\/\/www.linkedin.com\/company\/12773263\/admin\/dashboard\/\"],\"logo\":{\"@type\":\"ImageObject\",\"inLanguage\":\"en-US\",\"@id\":\"https:\/\/www.chg.at\/en\/#\/schema\/logo\/image\/\",\"url\":\"https:\/\/www.chg.at\/wp-content\/uploads\/2016\/08\/CHG_logo_250_1.png\",\"contentUrl\":\"https:\/\/www.chg.at\/wp-content\/uploads\/2016\/08\/CHG_logo_250_1.png\",\"width\":250,\"height\":33,\"caption\":\"CHG Czernich Rechtsanw\u00e4lte\"},\"image\":{\"@id\":\"https:\/\/www.chg.at\/en\/#\/schema\/logo\/image\/\"}},{\"@type\":\"Person\",\"@id\":\"https:\/\/www.chg.at\/en\/#\/schema\/person\/3ef9c8cef0431344e873c7016a1e219e\",\"name\":\"Sandra Juric\"}]}<\/script>\n<!-- \/ Yoast SEO plugin. -->","yoast_head_json":{"title":"Welcome on Board: Valerie & Federico!","description":"Nach einer gelungenen \u201eWelcome-Day\u201c Veranstaltung f\u00fcr unsere Sommerpraktikant:innen letzten Freitag, d\u00fcrfen wir die ersten zwei bei uns im CHG\u2013Team willkommen hei\u00dfen.","robots":{"index":"index","follow":"follow","max-snippet":"max-snippet:-1","max-image-preview":"max-image-preview:large","max-video-preview":"max-video-preview:-1"},"canonical":"https:\/\/www.chg.at\/en\/chg-sommerpraktikantinnnen-2022\/","og_locale":"en_US","og_type":"article","og_title":"CHG","og_description":"CHG","og_url":"https:\/\/www.chg.at\/en\/chg-sommerpraktikantinnnen-2022\/","og_site_name":"CHG Czernich Rechtsanw\u00e4lte \u2013 Wir bewegen Wirtschaft","article_published_time":"2022-07-07T09:31:02+00:00","article_modified_time":"2022-07-07T09:42:31+00:00","og_image":[{"width":1200,"height":650,"url":"https:\/\/www.chg.at\/wp-content\/uploads\/2022\/07\/foto.jpg","type":"image\/jpeg"}],"author":"Sandra Juric","twitter_card":"summary_large_image","twitter_misc":{"Written by":"Sandra Juric","Est. reading time":"1 minute"},"schema":{"@context":"https:\/\/schema.org","@graph":[{"@type":"Article","@id":"https:\/\/www.chg.at\/en\/chg-sommerpraktikantinnnen-2022\/#article","isPartOf":{"@id":"https:\/\/www.chg.at\/en\/chg-sommerpraktikantinnnen-2022\/"},"author":{"name":"Sandra Juric","@id":"https:\/\/www.chg.at\/en\/#\/schema\/person\/3ef9c8cef0431344e873c7016a1e219e"},"headline":"CHG begr\u00fc\u00dft zwei Sommerpraktikant:innen","datePublished":"2022-07-07T09:31:02+00:00","dateModified":"2022-07-07T09:42:31+00:00","mainEntityOfPage":{"@id":"https:\/\/www.chg.at\/en\/chg-sommerpraktikantinnnen-2022\/"},"wordCount":248,"publisher":{"@id":"https:\/\/www.chg.at\/en\/#organization"},"articleSection":["CHG News","Kanzlei","Karriere"],"inLanguage":"en-US"},{"@type":"WebPage","@id":"https:\/\/www.chg.at\/en\/chg-sommerpraktikantinnnen-2022\/","url":"https:\/\/www.chg.at\/en\/chg-sommerpraktikantinnnen-2022\/","name":"Welcome on Board: Valerie & Federico!","isPartOf":{"@id":"https:\/\/www.chg.at\/en\/#website"},"datePublished":"2022-07-07T09:31:02+00:00","dateModified":"2022-07-07T09:42:31+00:00","description":"Nach einer gelungenen \u201eWelcome-Day\u201c Veranstaltung f\u00fcr unsere Sommerpraktikant:innen letzten Freitag, d\u00fcrfen wir die ersten zwei bei uns im CHG\u2013Team willkommen hei\u00dfen.","breadcrumb":{"@id":"https:\/\/www.chg.at\/en\/chg-sommerpraktikantinnnen-2022\/#breadcrumb"},"inLanguage":"en-US","potentialAction":[{"@type":"ReadAction","target":["https:\/\/www.chg.at\/en\/chg-sommerpraktikantinnnen-2022\/"]}]},{"@type":"BreadcrumbList","@id":"https:\/\/www.chg.at\/en\/chg-sommerpraktikantinnnen-2022\/#breadcrumb","itemListElement":[{"@type":"ListItem","position":1,"name":"Startseite","item":"https:\/\/www.chg.at\/en\/"},{"@type":"ListItem","position":2,"name":"CHG begr\u00fc\u00dft zwei Sommerpraktikant:innen"}]},{"@type":"WebSite","@id":"https:\/\/www.chg.at\/en\/#website","url":"https:\/\/www.chg.at\/en\/","name":"CHG Czernich Rechtsanw\u00e4lte \u2013 Wir bewegen Wirtschaft","description":"Wir sorgen f\u00fcr Klarheit, wenn es rechtlich kompliziert wird. In jeder Phase Ihrer Unternehmungen. Sie ergreifen die Chancen. Wir verwandeln Risiken in L\u00f6sungen.","publisher":{"@id":"https:\/\/www.chg.at\/en\/#organization"},"potentialAction":[{"@type":"SearchAction","target":{"@type":"EntryPoint","urlTemplate":"https:\/\/www.chg.at\/en\/?s={search_term_string}"},"query-input":"required name=search_term_string"}],"inLanguage":"en-US"},{"@type":"Organization","@id":"https:\/\/www.chg.at\/en\/#organization","name":"CHG Czernich Rechtsanw\u00e4lte","url":"https:\/\/www.chg.at\/en\/","sameAs":["https:\/\/www.linkedin.com\/company\/12773263\/admin\/dashboard\/"],"logo":{"@type":"ImageObject","inLanguage":"en-US","@id":"https:\/\/www.chg.at\/en\/#\/schema\/logo\/image\/","url":"https:\/\/www.chg.at\/wp-content\/uploads\/2016\/08\/CHG_logo_250_1.png","contentUrl":"https:\/\/www.chg.at\/wp-content\/uploads\/2016\/08\/CHG_logo_250_1.png","width":250,"height":33,"caption":"CHG Czernich Rechtsanw\u00e4lte"},"image":{"@id":"https:\/\/www.chg.at\/en\/#\/schema\/logo\/image\/"}},{"@type":"Person","@id":"https:\/\/www.chg.at\/en\/#\/schema\/person\/3ef9c8cef0431344e873c7016a1e219e","name":"Sandra Juric"}]}},"_links":{"self":[{"href":"https:\/\/www.chg.at\/en\/wp-json\/wp\/v2\/posts\/20052"}],"collection":[{"href":"https:\/\/www.chg.at\/en\/wp-json\/wp\/v2\/posts"}],"about":[{"href":"https:\/\/www.chg.at\/en\/wp-json\/wp\/v2\/types\/post"}],"author":[{"embeddable":true,"href":"https:\/\/www.chg.at\/en\/wp-json\/wp\/v2\/users\/14"}],"replies":[{"embeddable":true,"href":"https:\/\/www.chg.at\/en\/wp-json\/wp\/v2\/comments?post=20052"}],"version-history":[{"count":3,"href":"https:\/\/www.chg.at\/en\/wp-json\/wp\/v2\/posts\/20052\/revisions"}],"predecessor-version":[{"id":20067,"href":"https:\/\/www.chg.at\/en\/wp-json\/wp\/v2\/posts\/20052\/revisions\/20067"}],"wp:featuredmedia":[{"embeddable":true,"href":"https:\/\/www.chg.at\/en\/wp-json\/wp\/v2\/media\/20064"}],"wp:attachment":[{"href":"https:\/\/www.chg.at\/en\/wp-json\/wp\/v2\/media?parent=20052"}],"wp:term":[{"taxonomy":"category","embeddable":true,"href":"https:\/\/www.chg.at\/en\/wp-json\/wp\/v2\/categories?post=20052"},{"taxonomy":"post_tag","embeddable":true,"href":"https:\/\/www.chg.at\/en\/wp-json\/wp\/v2\/tags?post=20052"}],"curies":[{"name":"wp","href":"https:\/\/api.w.org\/{rel}","templated":true}]}}