{"id":23287,"date":"2023-11-29T08:53:06","date_gmt":"2023-11-29T07:53:06","guid":{"rendered":"https:\/\/chg.cloud02.webhome.at\/?p=23287"},"modified":"2024-02-19T09:31:48","modified_gmt":"2024-02-19T08:31:48","slug":"empfang-des-honorarkonsuls-dietmar-czernich-2023","status":"publish","type":"post","link":"https:\/\/www.chg.at\/en\/empfang-des-honorarkonsuls-dietmar-czernich-2023\/","title":{"rendered":"Empfang des Honorarkonsuls Dietmar Czernich 2023"},"content":{"rendered":"<style type=\"text\/css\"> \n#cmsmasters_row_69f45c2ec4c0b4_02502987 .cmsmasters_row_outer_parent { \n\tpadding-top: 30px; \n} \n\n#cmsmasters_row_69f45c2ec4c0b4_02502987 .cmsmasters_row_outer_parent { \n\tpadding-bottom: 0px; \n} \n\n<\/style><div id=\"cmsmasters_row_69f45c2ec4c0b4_02502987\" class=\"cmsmasters_row cmsmasters_color_scheme_default cmsmasters_row_top_default cmsmasters_row_bot_default cmsmasters_row_boxed\">\n<div class=\"cmsmasters_row_outer_parent\">\n<div class=\"cmsmasters_row_outer\">\n<div class=\"cmsmasters_row_inner\">\n<div class=\"cmsmasters_row_margin\">\n<div class=\"cmsmasters_column one_first\">\n<div class=\"cmsmasters_text\">\n<h1><span style=\"color: #d43555;\">Feierstunde des Honorarkonsuls mit hochkar\u00e4tigen G\u00e4sten<\/span><\/h1>\n<p><strong><span style=\"color: #333333;\">Neuer Deutscher Botschafter Vito Cecere und Bundesminster Brunner beim Empfang in Innsbruck<\/span><\/strong><\/p>\n<p>Am vergangenen Freitag fand der allj\u00e4hliche Empfang des Honorarkonsuls der Bundesrepublik Deutschland in Tirol, Hon.-Prof. Dr. Dietmar Czernich, statt. Er begr\u00fc\u00dfte den neuen deutschen Botschafter in \u00d6sterreich, seine Exzellenz Vito Cecere, der seit September im Amt ist und zum Antrittsbesuch nach Tirol gekommen ist. Die diesj\u00e4rhige Festrede, hielt der Bundespr\u00e4sident f\u00fcr Finanzen, Dr. Magnus Brunner zum Thema &#8220;Deutsch-\u00f6sterreichische Partnerschaft im gemeinsamen Europa&#8221;.<\/p>\n<h6>Foto: Bundesminster f\u00fcr Finanzen, Magnus Brunner, und Honorarkonsul Dietmar Czernich<\/h6>\n<\/div>\n<\/div>\n<\/div>\n<\/div>\n<\/div>\n<\/div>\n<\/div>\n\n","protected":false},"excerpt":{"rendered":"<p>Neuer deutscher Botschafter Vito Cecere und Bundesminister f\u00fcr Finanzen in Innsbruck<\/p>\n","protected":false},"author":3,"featured_media":23397,"comment_status":"closed","ping_status":"open","sticky":false,"template":"","format":"image","meta":{"inline_featured_image":false},"categories":[65,33],"tags":[],"yoast_head":"<!-- This site is optimized with the Yoast SEO plugin v19.8 - https:\/\/yoast.com\/wordpress\/plugins\/seo\/ -->\n<title>Empfang des Honorarkonsuls von Deutschland Dietmar Czernich<\/title>\n<meta name=\"description\" content=\"Feierstunde mit Botschafter Vito Cecere, Bundesfinanzminster Magnus Brunner, Landeshauptmann Anton Mattle und dem Deutschen Freundeskreis\" \/>\n<meta name=\"robots\" content=\"index, follow, max-snippet:-1, max-image-preview:large, max-video-preview:-1\" \/>\n<link rel=\"canonical\" href=\"https:\/\/www.chg.at\/en\/empfang-des-honorarkonsuls-dietmar-czernich-2023\/\" \/>\n<meta property=\"og:locale\" content=\"en_US\" \/>\n<meta property=\"og:type\" content=\"article\" \/>\n<meta property=\"og:title\" content=\"ABC\" \/>\n<meta property=\"og:description\" content=\"DEF\" \/>\n<meta property=\"og:url\" content=\"https:\/\/www.chg.at\/en\/empfang-des-honorarkonsuls-dietmar-czernich-2023\/\" \/>\n<meta property=\"og:site_name\" content=\"CHG Czernich Rechtsanw\u00e4lte \u2013 Wir bewegen Wirtschaft\" \/>\n<meta property=\"article:published_time\" content=\"2023-11-29T07:53:06+00:00\" \/>\n<meta property=\"article:modified_time\" content=\"2024-02-19T08:31:48+00:00\" \/>\n<meta property=\"og:image\" content=\"https:\/\/www.chg.at\/wp-content\/uploads\/2023\/11\/CHG-Rechtsanwaelte-Empfang.jpg\" \/>\n\t<meta property=\"og:image:width\" content=\"1160\" \/>\n\t<meta property=\"og:image:height\" content=\"870\" \/>\n\t<meta property=\"og:image:type\" content=\"image\/jpeg\" \/>\n<meta name=\"author\" content=\"Diana B\u00f6hme\" \/>\n<meta name=\"twitter:card\" content=\"summary_large_image\" \/>\n<meta name=\"twitter:label1\" content=\"Written by\" \/>\n\t<meta name=\"twitter:data1\" content=\"Diana B\u00f6hme\" \/>\n\t<meta name=\"twitter:label2\" content=\"Est. reading time\" \/>\n\t<meta name=\"twitter:data2\" content=\"1 minute\" \/>\n<script type=\"application\/ld+json\" class=\"yoast-schema-graph\">{\"@context\":\"https:\/\/schema.org\",\"@graph\":[{\"@type\":\"Article\",\"@id\":\"https:\/\/www.chg.at\/en\/empfang-des-honorarkonsuls-dietmar-czernich-2023\/#article\",\"isPartOf\":{\"@id\":\"https:\/\/www.chg.at\/en\/empfang-des-honorarkonsuls-dietmar-czernich-2023\/\"},\"author\":{\"name\":\"Diana B\u00f6hme\",\"@id\":\"https:\/\/www.chg.at\/en\/#\/schema\/person\/b3b2cd248a314cf8acc3db22217f03b4\"},\"headline\":\"Empfang des Honorarkonsuls Dietmar Czernich 2023\",\"datePublished\":\"2023-11-29T07:53:06+00:00\",\"dateModified\":\"2024-02-19T08:31:48+00:00\",\"mainEntityOfPage\":{\"@id\":\"https:\/\/www.chg.at\/en\/empfang-des-honorarkonsuls-dietmar-czernich-2023\/\"},\"wordCount\":141,\"publisher\":{\"@id\":\"https:\/\/www.chg.at\/en\/#organization\"},\"articleSection\":[\"Honorarkonsul Deutschland\",\"Veranstaltung\"],\"inLanguage\":\"en-US\"},{\"@type\":\"WebPage\",\"@id\":\"https:\/\/www.chg.at\/en\/empfang-des-honorarkonsuls-dietmar-czernich-2023\/\",\"url\":\"https:\/\/www.chg.at\/en\/empfang-des-honorarkonsuls-dietmar-czernich-2023\/\",\"name\":\"Empfang des Honorarkonsuls von Deutschland Dietmar Czernich\",\"isPartOf\":{\"@id\":\"https:\/\/www.chg.at\/en\/#website\"},\"datePublished\":\"2023-11-29T07:53:06+00:00\",\"dateModified\":\"2024-02-19T08:31:48+00:00\",\"description\":\"Feierstunde mit Botschafter Vito Cecere, Bundesfinanzminster Magnus Brunner, Landeshauptmann Anton Mattle und dem Deutschen Freundeskreis\",\"breadcrumb\":{\"@id\":\"https:\/\/www.chg.at\/en\/empfang-des-honorarkonsuls-dietmar-czernich-2023\/#breadcrumb\"},\"inLanguage\":\"en-US\",\"potentialAction\":[{\"@type\":\"ReadAction\",\"target\":[\"https:\/\/www.chg.at\/en\/empfang-des-honorarkonsuls-dietmar-czernich-2023\/\"]}]},{\"@type\":\"BreadcrumbList\",\"@id\":\"https:\/\/www.chg.at\/en\/empfang-des-honorarkonsuls-dietmar-czernich-2023\/#breadcrumb\",\"itemListElement\":[{\"@type\":\"ListItem\",\"position\":1,\"name\":\"Startseite\",\"item\":\"https:\/\/www.chg.at\/en\/\"},{\"@type\":\"ListItem\",\"position\":2,\"name\":\"Empfang des Honorarkonsuls Dietmar Czernich 2023\"}]},{\"@type\":\"WebSite\",\"@id\":\"https:\/\/www.chg.at\/en\/#website\",\"url\":\"https:\/\/www.chg.at\/en\/\",\"name\":\"CHG Czernich Rechtsanw\u00e4lte \u2013 Wir bewegen Wirtschaft\",\"description\":\"Wir sorgen f\u00fcr Klarheit, wenn es rechtlich kompliziert wird. In jeder Phase Ihrer Unternehmungen. Sie ergreifen die Chancen. Wir verwandeln Risiken in L\u00f6sungen.\",\"publisher\":{\"@id\":\"https:\/\/www.chg.at\/en\/#organization\"},\"potentialAction\":[{\"@type\":\"SearchAction\",\"target\":{\"@type\":\"EntryPoint\",\"urlTemplate\":\"https:\/\/www.chg.at\/en\/?s={search_term_string}\"},\"query-input\":\"required name=search_term_string\"}],\"inLanguage\":\"en-US\"},{\"@type\":\"Organization\",\"@id\":\"https:\/\/www.chg.at\/en\/#organization\",\"name\":\"CHG Czernich Rechtsanw\u00e4lte\",\"url\":\"https:\/\/www.chg.at\/en\/\",\"sameAs\":[\"https:\/\/www.linkedin.com\/company\/12773263\/admin\/dashboard\/\"],\"logo\":{\"@type\":\"ImageObject\",\"inLanguage\":\"en-US\",\"@id\":\"https:\/\/www.chg.at\/en\/#\/schema\/logo\/image\/\",\"url\":\"https:\/\/www.chg.at\/wp-content\/uploads\/2016\/08\/CHG_logo_250_1.png\",\"contentUrl\":\"https:\/\/www.chg.at\/wp-content\/uploads\/2016\/08\/CHG_logo_250_1.png\",\"width\":250,\"height\":33,\"caption\":\"CHG Czernich Rechtsanw\u00e4lte\"},\"image\":{\"@id\":\"https:\/\/www.chg.at\/en\/#\/schema\/logo\/image\/\"}},{\"@type\":\"Person\",\"@id\":\"https:\/\/www.chg.at\/en\/#\/schema\/person\/b3b2cd248a314cf8acc3db22217f03b4\",\"name\":\"Diana B\u00f6hme\"}]}<\/script>\n<!-- \/ Yoast SEO plugin. -->","yoast_head_json":{"title":"Empfang des Honorarkonsuls von Deutschland Dietmar Czernich","description":"Feierstunde mit Botschafter Vito Cecere, Bundesfinanzminster Magnus Brunner, Landeshauptmann Anton Mattle und dem Deutschen Freundeskreis","robots":{"index":"index","follow":"follow","max-snippet":"max-snippet:-1","max-image-preview":"max-image-preview:large","max-video-preview":"max-video-preview:-1"},"canonical":"https:\/\/www.chg.at\/en\/empfang-des-honorarkonsuls-dietmar-czernich-2023\/","og_locale":"en_US","og_type":"article","og_title":"ABC","og_description":"DEF","og_url":"https:\/\/www.chg.at\/en\/empfang-des-honorarkonsuls-dietmar-czernich-2023\/","og_site_name":"CHG Czernich Rechtsanw\u00e4lte \u2013 Wir bewegen Wirtschaft","article_published_time":"2023-11-29T07:53:06+00:00","article_modified_time":"2024-02-19T08:31:48+00:00","og_image":[{"width":1160,"height":870,"url":"https:\/\/www.chg.at\/wp-content\/uploads\/2023\/11\/CHG-Rechtsanwaelte-Empfang.jpg","type":"image\/jpeg"}],"author":"Diana B\u00f6hme","twitter_card":"summary_large_image","twitter_misc":{"Written by":"Diana B\u00f6hme","Est. reading time":"1 minute"},"schema":{"@context":"https:\/\/schema.org","@graph":[{"@type":"Article","@id":"https:\/\/www.chg.at\/en\/empfang-des-honorarkonsuls-dietmar-czernich-2023\/#article","isPartOf":{"@id":"https:\/\/www.chg.at\/en\/empfang-des-honorarkonsuls-dietmar-czernich-2023\/"},"author":{"name":"Diana B\u00f6hme","@id":"https:\/\/www.chg.at\/en\/#\/schema\/person\/b3b2cd248a314cf8acc3db22217f03b4"},"headline":"Empfang des Honorarkonsuls Dietmar Czernich 2023","datePublished":"2023-11-29T07:53:06+00:00","dateModified":"2024-02-19T08:31:48+00:00","mainEntityOfPage":{"@id":"https:\/\/www.chg.at\/en\/empfang-des-honorarkonsuls-dietmar-czernich-2023\/"},"wordCount":141,"publisher":{"@id":"https:\/\/www.chg.at\/en\/#organization"},"articleSection":["Honorarkonsul Deutschland","Veranstaltung"],"inLanguage":"en-US"},{"@type":"WebPage","@id":"https:\/\/www.chg.at\/en\/empfang-des-honorarkonsuls-dietmar-czernich-2023\/","url":"https:\/\/www.chg.at\/en\/empfang-des-honorarkonsuls-dietmar-czernich-2023\/","name":"Empfang des Honorarkonsuls von Deutschland Dietmar Czernich","isPartOf":{"@id":"https:\/\/www.chg.at\/en\/#website"},"datePublished":"2023-11-29T07:53:06+00:00","dateModified":"2024-02-19T08:31:48+00:00","description":"Feierstunde mit Botschafter Vito Cecere, Bundesfinanzminster Magnus Brunner, Landeshauptmann Anton Mattle und dem Deutschen Freundeskreis","breadcrumb":{"@id":"https:\/\/www.chg.at\/en\/empfang-des-honorarkonsuls-dietmar-czernich-2023\/#breadcrumb"},"inLanguage":"en-US","potentialAction":[{"@type":"ReadAction","target":["https:\/\/www.chg.at\/en\/empfang-des-honorarkonsuls-dietmar-czernich-2023\/"]}]},{"@type":"BreadcrumbList","@id":"https:\/\/www.chg.at\/en\/empfang-des-honorarkonsuls-dietmar-czernich-2023\/#breadcrumb","itemListElement":[{"@type":"ListItem","position":1,"name":"Startseite","item":"https:\/\/www.chg.at\/en\/"},{"@type":"ListItem","position":2,"name":"Empfang des Honorarkonsuls Dietmar Czernich 2023"}]},{"@type":"WebSite","@id":"https:\/\/www.chg.at\/en\/#website","url":"https:\/\/www.chg.at\/en\/","name":"CHG Czernich Rechtsanw\u00e4lte \u2013 Wir bewegen Wirtschaft","description":"Wir sorgen f\u00fcr Klarheit, wenn es rechtlich kompliziert wird. In jeder Phase Ihrer Unternehmungen. Sie ergreifen die Chancen. Wir verwandeln Risiken in L\u00f6sungen.","publisher":{"@id":"https:\/\/www.chg.at\/en\/#organization"},"potentialAction":[{"@type":"SearchAction","target":{"@type":"EntryPoint","urlTemplate":"https:\/\/www.chg.at\/en\/?s={search_term_string}"},"query-input":"required name=search_term_string"}],"inLanguage":"en-US"},{"@type":"Organization","@id":"https:\/\/www.chg.at\/en\/#organization","name":"CHG Czernich Rechtsanw\u00e4lte","url":"https:\/\/www.chg.at\/en\/","sameAs":["https:\/\/www.linkedin.com\/company\/12773263\/admin\/dashboard\/"],"logo":{"@type":"ImageObject","inLanguage":"en-US","@id":"https:\/\/www.chg.at\/en\/#\/schema\/logo\/image\/","url":"https:\/\/www.chg.at\/wp-content\/uploads\/2016\/08\/CHG_logo_250_1.png","contentUrl":"https:\/\/www.chg.at\/wp-content\/uploads\/2016\/08\/CHG_logo_250_1.png","width":250,"height":33,"caption":"CHG Czernich Rechtsanw\u00e4lte"},"image":{"@id":"https:\/\/www.chg.at\/en\/#\/schema\/logo\/image\/"}},{"@type":"Person","@id":"https:\/\/www.chg.at\/en\/#\/schema\/person\/b3b2cd248a314cf8acc3db22217f03b4","name":"Diana B\u00f6hme"}]}},"_links":{"self":[{"href":"https:\/\/www.chg.at\/en\/wp-json\/wp\/v2\/posts\/23287"}],"collection":[{"href":"https:\/\/www.chg.at\/en\/wp-json\/wp\/v2\/posts"}],"about":[{"href":"https:\/\/www.chg.at\/en\/wp-json\/wp\/v2\/types\/post"}],"author":[{"embeddable":true,"href":"https:\/\/www.chg.at\/en\/wp-json\/wp\/v2\/users\/3"}],"replies":[{"embeddable":true,"href":"https:\/\/www.chg.at\/en\/wp-json\/wp\/v2\/comments?post=23287"}],"version-history":[{"count":8,"href":"https:\/\/www.chg.at\/en\/wp-json\/wp\/v2\/posts\/23287\/revisions"}],"predecessor-version":[{"id":24253,"href":"https:\/\/www.chg.at\/en\/wp-json\/wp\/v2\/posts\/23287\/revisions\/24253"}],"wp:featuredmedia":[{"embeddable":true,"href":"https:\/\/www.chg.at\/en\/wp-json\/wp\/v2\/media\/23397"}],"wp:attachment":[{"href":"https:\/\/www.chg.at\/en\/wp-json\/wp\/v2\/media?parent=23287"}],"wp:term":[{"taxonomy":"category","embeddable":true,"href":"https:\/\/www.chg.at\/en\/wp-json\/wp\/v2\/categories?post=23287"},{"taxonomy":"post_tag","embeddable":true,"href":"https:\/\/www.chg.at\/en\/wp-json\/wp\/v2\/tags?post=23287"}],"curies":[{"name":"wp","href":"https:\/\/api.w.org\/{rel}","templated":true}]}}