{"id":23452,"date":"2023-11-07T14:12:05","date_gmt":"2023-11-07T13:12:05","guid":{"rendered":"https:\/\/chg.cloud02.webhome.at\/?p=23452"},"modified":"2023-11-29T14:17:16","modified_gmt":"2023-11-29T13:17:16","slug":"veranstaltungshinweis-corporate-breakfast","status":"publish","type":"post","link":"https:\/\/www.chg.at\/en\/veranstaltungshinweis-corporate-breakfast\/","title":{"rendered":"Veranstaltungshinweis: Corporate Breakfast"},"content":{"rendered":"<style type=\"text\/css\"> \n#cmsmasters_row_69f2a047df8343_46858237 .cmsmasters_row_outer_parent { \n\tpadding-top: 0px; \n} \n\n#cmsmasters_row_69f2a047df8343_46858237 .cmsmasters_row_outer_parent { \n\tpadding-bottom: 0px; \n} \n\n<\/style><div id=\"cmsmasters_row_69f2a047df8343_46858237\" class=\"cmsmasters_row cmsmasters_color_scheme_default cmsmasters_row_top_default cmsmasters_row_bot_default cmsmasters_row_boxed\">\n<div class=\"cmsmasters_row_outer_parent\">\n<div class=\"cmsmasters_row_outer\">\n<div class=\"cmsmasters_row_inner\">\n<div class=\"cmsmasters_row_margin\">\n<div class=\"cmsmasters_column one_first\">\n<div class=\"cmsmasters_text\">\n<h1><span style=\"color: #d43555;\">Corporate Breakfast &#8211; Gesellschaftsrecht f\u00fcr Aufgeweckte<br \/>\n<\/span><\/h1>\n<p>Wir laden Sie herzlich zu einem weiteren Vortrag aus unserer Veranstaltungsreihe\u00a0<b>\u201eCorporate Breakfast \u2013 Gesellschaftsrecht f\u00fcr Aufgeweckte\u201c<\/b>\u00a0, die wir gemeinsam mit der Tiroler Sparkasse pr\u00e4sentieren, ein. Diesmal referiert CHG-Anwalt Michael Huetz zu folgendem Thema:<\/p>\n<h2><strong>Verbotene Einlagenr\u00fcckgew\u00e4hr bei Umgr\u00fcndungen \u2013 Haftung bei Umgr\u00fcndungsvorg\u00e4ngen<\/strong><\/h2>\n<p><strong>Termin:\u00a0 Freitag, 1. Dezember 2023, 8:oo Uhr bis 9:30<br \/>\n<\/strong><\/p>\n<p><strong>Ort:\u00a0\u00a0\u00a0\u00a0\u00a0\u00a0\u00a0\u00a0\u00a0 Seminarraum (6. Stock) der Tiroler Sparkasse, Sparkassenplatz 1, Innsbruck<\/strong><\/p>\n<p>&nbsp;<\/p>\n<p>Im Rahmen der Veranstaltung wird ein kleines Fr\u00fchst\u00fcck serviert. Die Teilnahme ist kostenlos.<\/p>\n<p>&nbsp;<\/p>\n<p>Wir bitten um Anmeldung bis zum 27. November 2023 unter \u00a0<a href=\"mailto:office@chg.at\">office@chg.at<\/a><\/p>\n<p>&nbsp;<\/p>\n<p>Alle weiteren Termine dieser Veranstaltungsreihe finden Sie hier:\u00a0<a href=\"https:\/\/www.chg.at\/corporate-breakfast\/\">https:\/\/www.chg.at\/corporate-breakfast\/<\/a><\/p>\n<p>&nbsp;<\/p>\n<p>Wir freuen uns auf Ihre Teilnahme!<\/p>\n<p>&nbsp;<\/p>\n<h6><\/h6>\n<\/div>\n<\/div>\n<\/div>\n<\/div>\n<\/div>\n<\/div>\n<\/div>\n\n","protected":false},"excerpt":{"rendered":"<p>Wir laden Sie ganz herzlich zu einem weiteren Vortrag aus unserer Veranstaltungsreihe &#8220;Corporate Breakfast- Gesellschaftsrecht f\u00fcr Aufgeweckte&#8221; am Freitag, 1. Dezember 2023 ein.<\/p>\n","protected":false},"author":3,"featured_media":20555,"comment_status":"closed","ping_status":"open","sticky":false,"template":"","format":"image","meta":{"inline_featured_image":false},"categories":[98,33],"tags":[],"yoast_head":"<!-- This site is optimized with the Yoast SEO plugin v19.8 - https:\/\/yoast.com\/wordpress\/plugins\/seo\/ -->\n<title>Corporate Breakfast - CHG Czernich Rechtsanw\u00e4lte<\/title>\n<meta name=\"description\" content=\"Vortrag von CHG-Anwalt Michael Huetz: Verbotene Einlagenr\u00fcckgew\u00e4hr bei Umgr\u00fcndungen \u2013 Haftung bei Umgr\u00fcndungsvorg\u00e4ngen\" \/>\n<meta name=\"robots\" content=\"index, follow, max-snippet:-1, max-image-preview:large, max-video-preview:-1\" \/>\n<link rel=\"canonical\" href=\"https:\/\/www.chg.at\/en\/veranstaltungshinweis-corporate-breakfast\/\" \/>\n<meta property=\"og:locale\" content=\"en_US\" \/>\n<meta property=\"og:type\" content=\"article\" \/>\n<meta property=\"og:title\" content=\"ABC\" \/>\n<meta property=\"og:description\" content=\"DEF\" \/>\n<meta property=\"og:url\" content=\"https:\/\/www.chg.at\/en\/veranstaltungshinweis-corporate-breakfast\/\" \/>\n<meta property=\"og:site_name\" content=\"CHG Czernich Rechtsanw\u00e4lte \u2013 Wir bewegen Wirtschaft\" \/>\n<meta property=\"article:published_time\" content=\"2023-11-07T13:12:05+00:00\" \/>\n<meta property=\"article:modified_time\" content=\"2023-11-29T13:17:16+00:00\" \/>\n<meta property=\"og:image\" content=\"https:\/\/www.chg.at\/wp-content\/uploads\/2022\/08\/chg-veranstaltung-1160x580px.jpg\" \/>\n\t<meta property=\"og:image:width\" content=\"1160\" \/>\n\t<meta property=\"og:image:height\" content=\"580\" \/>\n\t<meta property=\"og:image:type\" content=\"image\/jpeg\" \/>\n<meta name=\"author\" content=\"Diana B\u00f6hme\" \/>\n<meta name=\"twitter:card\" content=\"summary_large_image\" \/>\n<meta name=\"twitter:label1\" content=\"Written by\" \/>\n\t<meta name=\"twitter:data1\" content=\"Diana B\u00f6hme\" \/>\n\t<meta name=\"twitter:label2\" content=\"Est. reading time\" \/>\n\t<meta name=\"twitter:data2\" content=\"1 minute\" \/>\n<script type=\"application\/ld+json\" class=\"yoast-schema-graph\">{\"@context\":\"https:\/\/schema.org\",\"@graph\":[{\"@type\":\"Article\",\"@id\":\"https:\/\/www.chg.at\/en\/veranstaltungshinweis-corporate-breakfast\/#article\",\"isPartOf\":{\"@id\":\"https:\/\/www.chg.at\/en\/veranstaltungshinweis-corporate-breakfast\/\"},\"author\":{\"name\":\"Diana B\u00f6hme\",\"@id\":\"https:\/\/www.chg.at\/en\/#\/schema\/person\/b3b2cd248a314cf8acc3db22217f03b4\"},\"headline\":\"Veranstaltungshinweis: Corporate Breakfast\",\"datePublished\":\"2023-11-07T13:12:05+00:00\",\"dateModified\":\"2023-11-29T13:17:16+00:00\",\"mainEntityOfPage\":{\"@id\":\"https:\/\/www.chg.at\/en\/veranstaltungshinweis-corporate-breakfast\/\"},\"wordCount\":157,\"publisher\":{\"@id\":\"https:\/\/www.chg.at\/en\/#organization\"},\"articleSection\":[\"Corporate \u2013 Gesellschaftsrecht\",\"Veranstaltung\"],\"inLanguage\":\"en-US\"},{\"@type\":\"WebPage\",\"@id\":\"https:\/\/www.chg.at\/en\/veranstaltungshinweis-corporate-breakfast\/\",\"url\":\"https:\/\/www.chg.at\/en\/veranstaltungshinweis-corporate-breakfast\/\",\"name\":\"Corporate Breakfast - CHG Czernich Rechtsanw\u00e4lte\",\"isPartOf\":{\"@id\":\"https:\/\/www.chg.at\/en\/#website\"},\"datePublished\":\"2023-11-07T13:12:05+00:00\",\"dateModified\":\"2023-11-29T13:17:16+00:00\",\"description\":\"Vortrag von CHG-Anwalt Michael Huetz: Verbotene Einlagenr\u00fcckgew\u00e4hr bei Umgr\u00fcndungen \u2013 Haftung bei Umgr\u00fcndungsvorg\u00e4ngen\",\"breadcrumb\":{\"@id\":\"https:\/\/www.chg.at\/en\/veranstaltungshinweis-corporate-breakfast\/#breadcrumb\"},\"inLanguage\":\"en-US\",\"potentialAction\":[{\"@type\":\"ReadAction\",\"target\":[\"https:\/\/www.chg.at\/en\/veranstaltungshinweis-corporate-breakfast\/\"]}]},{\"@type\":\"BreadcrumbList\",\"@id\":\"https:\/\/www.chg.at\/en\/veranstaltungshinweis-corporate-breakfast\/#breadcrumb\",\"itemListElement\":[{\"@type\":\"ListItem\",\"position\":1,\"name\":\"Startseite\",\"item\":\"https:\/\/www.chg.at\/en\/\"},{\"@type\":\"ListItem\",\"position\":2,\"name\":\"Veranstaltungshinweis: Corporate Breakfast\"}]},{\"@type\":\"WebSite\",\"@id\":\"https:\/\/www.chg.at\/en\/#website\",\"url\":\"https:\/\/www.chg.at\/en\/\",\"name\":\"CHG Czernich Rechtsanw\u00e4lte \u2013 Wir bewegen Wirtschaft\",\"description\":\"Wir sorgen f\u00fcr Klarheit, wenn es rechtlich kompliziert wird. In jeder Phase Ihrer Unternehmungen. Sie ergreifen die Chancen. Wir verwandeln Risiken in L\u00f6sungen.\",\"publisher\":{\"@id\":\"https:\/\/www.chg.at\/en\/#organization\"},\"potentialAction\":[{\"@type\":\"SearchAction\",\"target\":{\"@type\":\"EntryPoint\",\"urlTemplate\":\"https:\/\/www.chg.at\/en\/?s={search_term_string}\"},\"query-input\":\"required name=search_term_string\"}],\"inLanguage\":\"en-US\"},{\"@type\":\"Organization\",\"@id\":\"https:\/\/www.chg.at\/en\/#organization\",\"name\":\"CHG Czernich Rechtsanw\u00e4lte\",\"url\":\"https:\/\/www.chg.at\/en\/\",\"sameAs\":[\"https:\/\/www.linkedin.com\/company\/12773263\/admin\/dashboard\/\"],\"logo\":{\"@type\":\"ImageObject\",\"inLanguage\":\"en-US\",\"@id\":\"https:\/\/www.chg.at\/en\/#\/schema\/logo\/image\/\",\"url\":\"https:\/\/www.chg.at\/wp-content\/uploads\/2016\/08\/CHG_logo_250_1.png\",\"contentUrl\":\"https:\/\/www.chg.at\/wp-content\/uploads\/2016\/08\/CHG_logo_250_1.png\",\"width\":250,\"height\":33,\"caption\":\"CHG Czernich Rechtsanw\u00e4lte\"},\"image\":{\"@id\":\"https:\/\/www.chg.at\/en\/#\/schema\/logo\/image\/\"}},{\"@type\":\"Person\",\"@id\":\"https:\/\/www.chg.at\/en\/#\/schema\/person\/b3b2cd248a314cf8acc3db22217f03b4\",\"name\":\"Diana B\u00f6hme\"}]}<\/script>\n<!-- \/ Yoast SEO plugin. -->","yoast_head_json":{"title":"Corporate Breakfast - CHG Czernich Rechtsanw\u00e4lte","description":"Vortrag von CHG-Anwalt Michael Huetz: Verbotene Einlagenr\u00fcckgew\u00e4hr bei Umgr\u00fcndungen \u2013 Haftung bei Umgr\u00fcndungsvorg\u00e4ngen","robots":{"index":"index","follow":"follow","max-snippet":"max-snippet:-1","max-image-preview":"max-image-preview:large","max-video-preview":"max-video-preview:-1"},"canonical":"https:\/\/www.chg.at\/en\/veranstaltungshinweis-corporate-breakfast\/","og_locale":"en_US","og_type":"article","og_title":"ABC","og_description":"DEF","og_url":"https:\/\/www.chg.at\/en\/veranstaltungshinweis-corporate-breakfast\/","og_site_name":"CHG Czernich Rechtsanw\u00e4lte \u2013 Wir bewegen Wirtschaft","article_published_time":"2023-11-07T13:12:05+00:00","article_modified_time":"2023-11-29T13:17:16+00:00","og_image":[{"width":1160,"height":580,"url":"https:\/\/www.chg.at\/wp-content\/uploads\/2022\/08\/chg-veranstaltung-1160x580px.jpg","type":"image\/jpeg"}],"author":"Diana B\u00f6hme","twitter_card":"summary_large_image","twitter_misc":{"Written by":"Diana B\u00f6hme","Est. reading time":"1 minute"},"schema":{"@context":"https:\/\/schema.org","@graph":[{"@type":"Article","@id":"https:\/\/www.chg.at\/en\/veranstaltungshinweis-corporate-breakfast\/#article","isPartOf":{"@id":"https:\/\/www.chg.at\/en\/veranstaltungshinweis-corporate-breakfast\/"},"author":{"name":"Diana B\u00f6hme","@id":"https:\/\/www.chg.at\/en\/#\/schema\/person\/b3b2cd248a314cf8acc3db22217f03b4"},"headline":"Veranstaltungshinweis: Corporate Breakfast","datePublished":"2023-11-07T13:12:05+00:00","dateModified":"2023-11-29T13:17:16+00:00","mainEntityOfPage":{"@id":"https:\/\/www.chg.at\/en\/veranstaltungshinweis-corporate-breakfast\/"},"wordCount":157,"publisher":{"@id":"https:\/\/www.chg.at\/en\/#organization"},"articleSection":["Corporate \u2013 Gesellschaftsrecht","Veranstaltung"],"inLanguage":"en-US"},{"@type":"WebPage","@id":"https:\/\/www.chg.at\/en\/veranstaltungshinweis-corporate-breakfast\/","url":"https:\/\/www.chg.at\/en\/veranstaltungshinweis-corporate-breakfast\/","name":"Corporate Breakfast - CHG Czernich Rechtsanw\u00e4lte","isPartOf":{"@id":"https:\/\/www.chg.at\/en\/#website"},"datePublished":"2023-11-07T13:12:05+00:00","dateModified":"2023-11-29T13:17:16+00:00","description":"Vortrag von CHG-Anwalt Michael Huetz: Verbotene Einlagenr\u00fcckgew\u00e4hr bei Umgr\u00fcndungen \u2013 Haftung bei Umgr\u00fcndungsvorg\u00e4ngen","breadcrumb":{"@id":"https:\/\/www.chg.at\/en\/veranstaltungshinweis-corporate-breakfast\/#breadcrumb"},"inLanguage":"en-US","potentialAction":[{"@type":"ReadAction","target":["https:\/\/www.chg.at\/en\/veranstaltungshinweis-corporate-breakfast\/"]}]},{"@type":"BreadcrumbList","@id":"https:\/\/www.chg.at\/en\/veranstaltungshinweis-corporate-breakfast\/#breadcrumb","itemListElement":[{"@type":"ListItem","position":1,"name":"Startseite","item":"https:\/\/www.chg.at\/en\/"},{"@type":"ListItem","position":2,"name":"Veranstaltungshinweis: Corporate Breakfast"}]},{"@type":"WebSite","@id":"https:\/\/www.chg.at\/en\/#website","url":"https:\/\/www.chg.at\/en\/","name":"CHG Czernich Rechtsanw\u00e4lte \u2013 Wir bewegen Wirtschaft","description":"Wir sorgen f\u00fcr Klarheit, wenn es rechtlich kompliziert wird. In jeder Phase Ihrer Unternehmungen. Sie ergreifen die Chancen. Wir verwandeln Risiken in L\u00f6sungen.","publisher":{"@id":"https:\/\/www.chg.at\/en\/#organization"},"potentialAction":[{"@type":"SearchAction","target":{"@type":"EntryPoint","urlTemplate":"https:\/\/www.chg.at\/en\/?s={search_term_string}"},"query-input":"required name=search_term_string"}],"inLanguage":"en-US"},{"@type":"Organization","@id":"https:\/\/www.chg.at\/en\/#organization","name":"CHG Czernich Rechtsanw\u00e4lte","url":"https:\/\/www.chg.at\/en\/","sameAs":["https:\/\/www.linkedin.com\/company\/12773263\/admin\/dashboard\/"],"logo":{"@type":"ImageObject","inLanguage":"en-US","@id":"https:\/\/www.chg.at\/en\/#\/schema\/logo\/image\/","url":"https:\/\/www.chg.at\/wp-content\/uploads\/2016\/08\/CHG_logo_250_1.png","contentUrl":"https:\/\/www.chg.at\/wp-content\/uploads\/2016\/08\/CHG_logo_250_1.png","width":250,"height":33,"caption":"CHG Czernich Rechtsanw\u00e4lte"},"image":{"@id":"https:\/\/www.chg.at\/en\/#\/schema\/logo\/image\/"}},{"@type":"Person","@id":"https:\/\/www.chg.at\/en\/#\/schema\/person\/b3b2cd248a314cf8acc3db22217f03b4","name":"Diana B\u00f6hme"}]}},"_links":{"self":[{"href":"https:\/\/www.chg.at\/en\/wp-json\/wp\/v2\/posts\/23452"}],"collection":[{"href":"https:\/\/www.chg.at\/en\/wp-json\/wp\/v2\/posts"}],"about":[{"href":"https:\/\/www.chg.at\/en\/wp-json\/wp\/v2\/types\/post"}],"author":[{"embeddable":true,"href":"https:\/\/www.chg.at\/en\/wp-json\/wp\/v2\/users\/3"}],"replies":[{"embeddable":true,"href":"https:\/\/www.chg.at\/en\/wp-json\/wp\/v2\/comments?post=23452"}],"version-history":[{"count":3,"href":"https:\/\/www.chg.at\/en\/wp-json\/wp\/v2\/posts\/23452\/revisions"}],"predecessor-version":[{"id":23455,"href":"https:\/\/www.chg.at\/en\/wp-json\/wp\/v2\/posts\/23452\/revisions\/23455"}],"wp:featuredmedia":[{"embeddable":true,"href":"https:\/\/www.chg.at\/en\/wp-json\/wp\/v2\/media\/20555"}],"wp:attachment":[{"href":"https:\/\/www.chg.at\/en\/wp-json\/wp\/v2\/media?parent=23452"}],"wp:term":[{"taxonomy":"category","embeddable":true,"href":"https:\/\/www.chg.at\/en\/wp-json\/wp\/v2\/categories?post=23452"},{"taxonomy":"post_tag","embeddable":true,"href":"https:\/\/www.chg.at\/en\/wp-json\/wp\/v2\/tags?post=23452"}],"curies":[{"name":"wp","href":"https:\/\/api.w.org\/{rel}","templated":true}]}}