{"id":23669,"date":"2023-12-06T14:29:13","date_gmt":"2023-12-06T13:29:13","guid":{"rendered":"https:\/\/www.chg.at\/?p=23669"},"modified":"2024-02-19T09:19:34","modified_gmt":"2024-02-19T08:19:34","slug":"umwandlung-einer-gmbh-in-eine-flexco","status":"publish","type":"post","link":"https:\/\/www.chg.at\/en\/umwandlung-einer-gmbh-in-eine-flexco\/","title":{"rendered":"Umwandlung einer GmbH in eine FlexCo"},"content":{"rendered":"<style type=\"text\/css\"> \n#cmsmasters_row_69f1b7be3e5705_37385711 .cmsmasters_row_outer_parent { \n\tpadding-top: 0px; \n} \n\n#cmsmasters_row_69f1b7be3e5705_37385711 .cmsmasters_row_outer_parent { \n\tpadding-bottom: 0px; \n} \n\n \n#cmsmasters_row_69f1b7be3e7da3_11462705 .cmsmasters_row_outer_parent { \n\tpadding-top: 0px; \n} \n\n#cmsmasters_row_69f1b7be3e7da3_11462705 .cmsmasters_row_outer_parent { \n\tpadding-bottom: 40px; \n} \n\n<\/style><div id=\"cmsmasters_row_69f1b7be3e5705_37385711\" class=\"cmsmasters_row cmsmasters_color_scheme_default cmsmasters_row_top_default cmsmasters_row_bot_default cmsmasters_row_boxed\">\n<div class=\"cmsmasters_row_outer_parent\">\n<div class=\"cmsmasters_row_outer\">\n<div class=\"cmsmasters_row_inner\">\n<div class=\"cmsmasters_row_margin\">\n<div class=\"cmsmasters_column one_first\">\n<div class=\"cmsmasters_text\">\n<h1><span lang=\"DE\" style=\"color: #d43555;\">Umwandlung einer GmbH in eine FlexCo<br \/>\n<\/span><\/h1>\n<p><span style=\"color: #000000;\"><em>von RA<a href=\"https:\/\/www.chg.at\/profile\/stefan-humer\/\"> Mag. Stefan Humer<\/a><\/em><\/span><\/p>\n<p>Zuletzt wurde die Regierungsvorlage f\u00fcr das Gesetz \u00fcber die flexible Kapitalgesellschaft (FlexKapGG) ver\u00f6ffentlicht. Dieses soll am 01.01.2024 in Kraft treten. Ab dann wird es m\u00f6glich sein, bestehende GmbHs in FlexCos umzuwandeln. Dieser Artikel gibt einen \u00dcberblick \u00fcber m\u00f6gliche Gr\u00fcnde f\u00fcr eine solche Umwandlung sowie \u00fcber das dabei einzuhaltende Prozedere.<\/p>\n<p>&nbsp;<\/p>\n<h2><span style=\"color: #d43555;\">Gr\u00fcnde f\u00fcr eine Umwandlung<br \/>\n<\/span><\/h2>\n<p>Im Vergleich zur GmbH weist die FlexCo einige Besonderheiten auf. In nicht wenigen Situationen k\u00f6nnen sich als Vorz\u00fcge darstellen und f\u00fcr die Gesellschafterinnen einer bestehenden GmbH Anlass zur Umwandlung in eine FlexCo geben. Das gilt insbesondere f\u00fcr die folgenden Punkte:<\/p>\n<p>&nbsp;<\/p>\n<h2><span style=\"color: #d43555;\">1. Ausgabe von Unternehmenswert-Anteilen an Mitarbeiter<br \/>\n<\/span><\/h2>\n<p>Anders als bei der GmbH besteht bei der FlexCo die M\u00f6glichkeit zur Ausgabe von sogenannten Unternehmenswert-Anteilen. Diese Anteilskategorie eignet sich besonders als Instrument der Mitarbeiterbeteiligung. Mit Unternehmenswert-Anteilen k\u00f6nnen Mitarbeiter am Gewinn beteiligt werden, ohne dass ihnen ein Stimmrecht in der Generalversammlung zukommt. Bei der GmbH ist eine solche Beteiligung von Mitarbeitern eine vergleichsweise komplexe Angelegenheit.<\/p>\n<p>&nbsp;<\/p>\n<h2><span style=\"color: #d43555;\">2. Erleichterungen bei der Kapitalaufnahme<\/span><\/h2>\n<p>F\u00fcr FlexCos besteht eine erweiterte Flexibilit\u00e4t bei Finanzierungen. Bestimmte Finanzierungsformen, wie die bedingte Kapitalerh\u00f6hung oder die Ausgabe von genehmigtem Kapital, stehen den Gesellschafterinnen einer FlexCo, nicht aber jenen einer GmbH zur Verf\u00fcgung. Bei der FlexCo k\u00f6nnen zudem St\u00fcckanteile begeben werden und Gesellschafterinnen daher verschiedene Anteilsgattungen halten. Das bringt gewisse Erleichterungen f\u00fcr Finanzierungsrunden von Start-Ups.<\/p>\n<h2><\/h2>\n<h2><span lang=\"DE\" style=\"color: #d43555;\">3. Vereinfachte \u00dcbertragbarkeit von Gesch\u00e4ftsanteilen<br \/>\n<\/span><\/h2>\n<p>Gesch\u00e4ftsanteile an einer FlexCo k\u00f6nnen ohne Notariatsakt \u00fcbertragen bzw. im Wege einer Kapitalerh\u00f6hung \u00fcbernommen werden. Die Errichtung einer entsprechenden Urkunde durch einen Rechtsanwalt oder einen Notar ist ausreichend. Dies stellt eine Vereinfachung im Vergleich zur \u00dcbertragung von GmbH-Anteilen dar, wof\u00fcr es zwingend eines Notariatsaktes bedarf.<\/p>\n<h2><\/h2>\n<h2><span style=\"color: #d43555;\">4. Abbau bestimmter Formalismen<br \/>\n<\/span><\/h2>\n<p>Im Gesellschaftsvertrag einer FlexCo k\u00f6nnen bestimmte bei der GmbH bestehende Formalismen abgebaut werden. Insbesondere kann die schriftliche Beschlussfassung durch Umlaufbeschluss erm\u00f6glicht werden, ohne dass jede Gesellschafterin im Einzelfall zustimmen muss. Demgegen\u00fcber muss bei der GmbH, wenn eine Gesellschafterin die schriftliche Beschlussfassung verweigert, eine Generalversammlung einberufen werden. Au\u00dferdem kann f\u00fcr die schriftliche Abstimmung die Textform, d.h. zum Beispiel eine Stimmabgabe per E-Mail, f\u00fcr zul\u00e4ssig erkl\u00e4rt werden.<\/p>\n<p>&nbsp;<\/p>\n<h1><span lang=\"DE\" style=\"color: #d43555;\">Ablauf einer Umwandlung<br \/>\n<\/span><\/h1>\n<p>GmbH und FlexCo stellen unterschiedliche Rechtsformen dar. Eine Umwandlung in die jeweils andere Form ist m\u00f6glich. So k\u00f6nnen auch bereits existierende GmbHs in FlexCos umgewandelt werden. Die Generalversammlung der GmbH muss hierf\u00fcr einen Beschluss auf Umwandlung fassen. Die erforderliche Beschlussmehrheit ergibt sich aus dem Gesellschaftsvertrag. Gesellschafter, die durch die Umwandlung in ihren gesellschaftsvertraglich zugesicherten Rechten beschr\u00e4nkt werden w\u00fcrden, m\u00fcssen jedenfalls zustimmen. Wirksam wird die Umwandlung mit Eintragung im Firmenbuch. Besondere Ma\u00dfnahmen zum Schutz der Gl\u00e4ubigerinnen (z.B.: Gr\u00fcndungspr\u00fcfung) sind nicht notwendig.<\/p>\n<p>&nbsp;<\/p>\n<p>Im Ergebnis sollte die Umwandlung einer GmbH in eine FlexCo regelm\u00e4\u00dfig gut umsetzbar sein. Gerade Gesellschafterinnen einer GmbH, die in der Vergangenheit die sich aus den obigen Punkte ergebende Flexibilit\u00e4t vermisst haben, sollten hier\u00fcber nachdenken. Wir unterst\u00fctzen gerne dabei.<\/p>\n<p>&nbsp;<\/p>\n<p><a href=\"https:\/\/www.chg.at\/profile\/stefan-humer\/\">Stefan Humer<\/a> ist Rechtsanwalt bei CHG Czernich Rechtsanw\u00e4lte Wien.<\/p>\n<\/div>\n<\/div>\n<\/div>\n<\/div>\n<\/div>\n<\/div>\n<\/div>\n<div id=\"cmsmasters_row_69f1b7be3e7da3_11462705\" class=\"cmsmasters_row cmsmasters_color_scheme_default cmsmasters_row_top_default cmsmasters_row_bot_default cmsmasters_row_boxed\">\n<div class=\"cmsmasters_row_outer_parent\">\n<div class=\"cmsmasters_row_outer\">\n<div class=\"cmsmasters_row_inner\">\n<div class=\"cmsmasters_row_margin\">\n<div class=\"cmsmasters_column one_half\">\n<div class=\"aligncenter\">\n<div class=\"cmsmasters_img  cmsmasters_image_c with_caption\">\n<a href=\"https:\/\/www.chg.at\/profile\/stefan-humer\/\"><img src=\"https:\/\/www.chg.at\/wp-content\/uploads\/2016\/01\/CHG-Rechtsanwaelte-Stefan-Humer-Profilfoto-oK.jpg\" \/><\/a>\n<p class=\"cmsmasters_img_caption\">Mag. Stefan Humer, LL.M.<\/p><\/div>\n<\/div>\n<\/div>\n<div class=\"cmsmasters_column one_half\">\n<\/div>\n<\/div>\n<\/div>\n<\/div>\n<\/div>\n<\/div>\n\n","protected":false},"excerpt":{"rendered":"<p>Zuletzt wurde die Regierungsvorlage f\u00fcr das Gesetz \u00fcber die flexible Kapitalgesellschaft (FlexKapGG) ver\u00f6ffentlicht. Dieses soll am 01.01.2024 in Kraft treten. Ab dann wird es m\u00f6glich sein, bestehende GmbHs in FlexCos umzuwandeln. Dieser Artikel gibt einen \u00dcberblick \u00fcber m\u00f6gliche Gr\u00fcnde f\u00fcr eine solche Umwandlung sowie \u00fcber das dabei einzuhaltende Prozedere.<\/p>\n","protected":false},"author":14,"featured_media":23677,"comment_status":"closed","ping_status":"open","sticky":false,"template":"","format":"image","meta":{"inline_featured_image":false},"categories":[8,98],"tags":[200,204,203,206],"yoast_head":"<!-- This site is optimized with the Yoast SEO plugin v19.8 - https:\/\/yoast.com\/wordpress\/plugins\/seo\/ -->\n<title>Umwandlung einer GmbH in eine FlexCo<\/title>\n<meta name=\"description\" content=\"Zuletzt wurde die Regierungsvorlage f\u00fcr das Gesetz \u00fcber die flexible Kapitalgesellschaft (FlexKapGG) ver\u00f6ffentlicht. Dieses soll am 01.01.2024 in Kraft treten. Ab dann wird es m\u00f6glich sein, bestehende GmbHs in FlexCos umzuwandeln. Dieser Artikel gibt einen \u00dcberblick \u00fcber m\u00f6gliche Gr\u00fcnde f\u00fcr eine solche Umwandlung sowie \u00fcber das dabei einzuhaltende Prozedere.\" \/>\n<meta name=\"robots\" content=\"index, follow, max-snippet:-1, max-image-preview:large, max-video-preview:-1\" \/>\n<link rel=\"canonical\" href=\"https:\/\/www.chg.at\/en\/umwandlung-einer-gmbh-in-eine-flexco\/\" \/>\n<meta property=\"og:locale\" content=\"en_US\" \/>\n<meta property=\"og:type\" content=\"article\" \/>\n<meta property=\"og:title\" content=\"CHG\" \/>\n<meta property=\"og:description\" content=\"CHG\" \/>\n<meta property=\"og:url\" content=\"https:\/\/www.chg.at\/en\/umwandlung-einer-gmbh-in-eine-flexco\/\" \/>\n<meta property=\"og:site_name\" content=\"CHG Czernich Rechtsanw\u00e4lte \u2013 Wir bewegen Wirtschaft\" \/>\n<meta property=\"article:published_time\" content=\"2023-12-06T13:29:13+00:00\" \/>\n<meta property=\"article:modified_time\" content=\"2024-02-19T08:19:34+00:00\" \/>\n<meta property=\"og:image\" content=\"https:\/\/www.chg.at\/wp-content\/uploads\/2023\/12\/FlexCo.jpg\" \/>\n\t<meta property=\"og:image:width\" content=\"960\" \/>\n\t<meta property=\"og:image:height\" content=\"640\" \/>\n\t<meta property=\"og:image:type\" content=\"image\/jpeg\" \/>\n<meta name=\"author\" content=\"Sandra Juric\" \/>\n<meta name=\"twitter:card\" content=\"summary_large_image\" \/>\n<meta name=\"twitter:label1\" content=\"Written by\" \/>\n\t<meta name=\"twitter:data1\" content=\"Sandra Juric\" \/>\n\t<meta name=\"twitter:label2\" content=\"Est. reading time\" \/>\n\t<meta name=\"twitter:data2\" content=\"3 minutes\" \/>\n<script type=\"application\/ld+json\" class=\"yoast-schema-graph\">{\"@context\":\"https:\/\/schema.org\",\"@graph\":[{\"@type\":\"Article\",\"@id\":\"https:\/\/www.chg.at\/en\/umwandlung-einer-gmbh-in-eine-flexco\/#article\",\"isPartOf\":{\"@id\":\"https:\/\/www.chg.at\/en\/umwandlung-einer-gmbh-in-eine-flexco\/\"},\"author\":{\"name\":\"Sandra Juric\",\"@id\":\"https:\/\/www.chg.at\/en\/#\/schema\/person\/3ef9c8cef0431344e873c7016a1e219e\"},\"headline\":\"Umwandlung einer GmbH in eine FlexCo\",\"datePublished\":\"2023-12-06T13:29:13+00:00\",\"dateModified\":\"2024-02-19T08:19:34+00:00\",\"mainEntityOfPage\":{\"@id\":\"https:\/\/www.chg.at\/en\/umwandlung-einer-gmbh-in-eine-flexco\/\"},\"wordCount\":634,\"publisher\":{\"@id\":\"https:\/\/www.chg.at\/en\/#organization\"},\"keywords\":[\"FlexCo\",\"Flexible Company\",\"flexible Kapitalgesellschaft\",\"Umwandlung\"],\"articleSection\":[\"CHG News\",\"Corporate \u2013 Gesellschaftsrecht\"],\"inLanguage\":\"en-US\"},{\"@type\":\"WebPage\",\"@id\":\"https:\/\/www.chg.at\/en\/umwandlung-einer-gmbh-in-eine-flexco\/\",\"url\":\"https:\/\/www.chg.at\/en\/umwandlung-einer-gmbh-in-eine-flexco\/\",\"name\":\"Umwandlung einer GmbH in eine FlexCo\",\"isPartOf\":{\"@id\":\"https:\/\/www.chg.at\/en\/#website\"},\"datePublished\":\"2023-12-06T13:29:13+00:00\",\"dateModified\":\"2024-02-19T08:19:34+00:00\",\"description\":\"Zuletzt wurde die Regierungsvorlage f\u00fcr das Gesetz \u00fcber die flexible Kapitalgesellschaft (FlexKapGG) ver\u00f6ffentlicht. Dieses soll am 01.01.2024 in Kraft treten. Ab dann wird es m\u00f6glich sein, bestehende GmbHs in FlexCos umzuwandeln. Dieser Artikel gibt einen \u00dcberblick \u00fcber m\u00f6gliche Gr\u00fcnde f\u00fcr eine solche Umwandlung sowie \u00fcber das dabei einzuhaltende Prozedere.\",\"breadcrumb\":{\"@id\":\"https:\/\/www.chg.at\/en\/umwandlung-einer-gmbh-in-eine-flexco\/#breadcrumb\"},\"inLanguage\":\"en-US\",\"potentialAction\":[{\"@type\":\"ReadAction\",\"target\":[\"https:\/\/www.chg.at\/en\/umwandlung-einer-gmbh-in-eine-flexco\/\"]}]},{\"@type\":\"BreadcrumbList\",\"@id\":\"https:\/\/www.chg.at\/en\/umwandlung-einer-gmbh-in-eine-flexco\/#breadcrumb\",\"itemListElement\":[{\"@type\":\"ListItem\",\"position\":1,\"name\":\"Startseite\",\"item\":\"https:\/\/www.chg.at\/en\/\"},{\"@type\":\"ListItem\",\"position\":2,\"name\":\"Umwandlung einer GmbH in eine FlexCo\"}]},{\"@type\":\"WebSite\",\"@id\":\"https:\/\/www.chg.at\/en\/#website\",\"url\":\"https:\/\/www.chg.at\/en\/\",\"name\":\"CHG Czernich Rechtsanw\u00e4lte \u2013 Wir bewegen Wirtschaft\",\"description\":\"Wir sorgen f\u00fcr Klarheit, wenn es rechtlich kompliziert wird. In jeder Phase Ihrer Unternehmungen. Sie ergreifen die Chancen. Wir verwandeln Risiken in L\u00f6sungen.\",\"publisher\":{\"@id\":\"https:\/\/www.chg.at\/en\/#organization\"},\"potentialAction\":[{\"@type\":\"SearchAction\",\"target\":{\"@type\":\"EntryPoint\",\"urlTemplate\":\"https:\/\/www.chg.at\/en\/?s={search_term_string}\"},\"query-input\":\"required name=search_term_string\"}],\"inLanguage\":\"en-US\"},{\"@type\":\"Organization\",\"@id\":\"https:\/\/www.chg.at\/en\/#organization\",\"name\":\"CHG Czernich Rechtsanw\u00e4lte\",\"url\":\"https:\/\/www.chg.at\/en\/\",\"sameAs\":[\"https:\/\/www.linkedin.com\/company\/12773263\/admin\/dashboard\/\"],\"logo\":{\"@type\":\"ImageObject\",\"inLanguage\":\"en-US\",\"@id\":\"https:\/\/www.chg.at\/en\/#\/schema\/logo\/image\/\",\"url\":\"https:\/\/www.chg.at\/wp-content\/uploads\/2016\/08\/CHG_logo_250_1.png\",\"contentUrl\":\"https:\/\/www.chg.at\/wp-content\/uploads\/2016\/08\/CHG_logo_250_1.png\",\"width\":250,\"height\":33,\"caption\":\"CHG Czernich Rechtsanw\u00e4lte\"},\"image\":{\"@id\":\"https:\/\/www.chg.at\/en\/#\/schema\/logo\/image\/\"}},{\"@type\":\"Person\",\"@id\":\"https:\/\/www.chg.at\/en\/#\/schema\/person\/3ef9c8cef0431344e873c7016a1e219e\",\"name\":\"Sandra Juric\"}]}<\/script>\n<!-- \/ Yoast SEO plugin. -->","yoast_head_json":{"title":"Umwandlung einer GmbH in eine FlexCo","description":"Zuletzt wurde die Regierungsvorlage f\u00fcr das Gesetz \u00fcber die flexible Kapitalgesellschaft (FlexKapGG) ver\u00f6ffentlicht. Dieses soll am 01.01.2024 in Kraft treten. Ab dann wird es m\u00f6glich sein, bestehende GmbHs in FlexCos umzuwandeln. Dieser Artikel gibt einen \u00dcberblick \u00fcber m\u00f6gliche Gr\u00fcnde f\u00fcr eine solche Umwandlung sowie \u00fcber das dabei einzuhaltende Prozedere.","robots":{"index":"index","follow":"follow","max-snippet":"max-snippet:-1","max-image-preview":"max-image-preview:large","max-video-preview":"max-video-preview:-1"},"canonical":"https:\/\/www.chg.at\/en\/umwandlung-einer-gmbh-in-eine-flexco\/","og_locale":"en_US","og_type":"article","og_title":"CHG","og_description":"CHG","og_url":"https:\/\/www.chg.at\/en\/umwandlung-einer-gmbh-in-eine-flexco\/","og_site_name":"CHG Czernich Rechtsanw\u00e4lte \u2013 Wir bewegen Wirtschaft","article_published_time":"2023-12-06T13:29:13+00:00","article_modified_time":"2024-02-19T08:19:34+00:00","og_image":[{"width":960,"height":640,"url":"https:\/\/www.chg.at\/wp-content\/uploads\/2023\/12\/FlexCo.jpg","type":"image\/jpeg"}],"author":"Sandra Juric","twitter_card":"summary_large_image","twitter_misc":{"Written by":"Sandra Juric","Est. reading time":"3 minutes"},"schema":{"@context":"https:\/\/schema.org","@graph":[{"@type":"Article","@id":"https:\/\/www.chg.at\/en\/umwandlung-einer-gmbh-in-eine-flexco\/#article","isPartOf":{"@id":"https:\/\/www.chg.at\/en\/umwandlung-einer-gmbh-in-eine-flexco\/"},"author":{"name":"Sandra Juric","@id":"https:\/\/www.chg.at\/en\/#\/schema\/person\/3ef9c8cef0431344e873c7016a1e219e"},"headline":"Umwandlung einer GmbH in eine FlexCo","datePublished":"2023-12-06T13:29:13+00:00","dateModified":"2024-02-19T08:19:34+00:00","mainEntityOfPage":{"@id":"https:\/\/www.chg.at\/en\/umwandlung-einer-gmbh-in-eine-flexco\/"},"wordCount":634,"publisher":{"@id":"https:\/\/www.chg.at\/en\/#organization"},"keywords":["FlexCo","Flexible Company","flexible Kapitalgesellschaft","Umwandlung"],"articleSection":["CHG News","Corporate \u2013 Gesellschaftsrecht"],"inLanguage":"en-US"},{"@type":"WebPage","@id":"https:\/\/www.chg.at\/en\/umwandlung-einer-gmbh-in-eine-flexco\/","url":"https:\/\/www.chg.at\/en\/umwandlung-einer-gmbh-in-eine-flexco\/","name":"Umwandlung einer GmbH in eine FlexCo","isPartOf":{"@id":"https:\/\/www.chg.at\/en\/#website"},"datePublished":"2023-12-06T13:29:13+00:00","dateModified":"2024-02-19T08:19:34+00:00","description":"Zuletzt wurde die Regierungsvorlage f\u00fcr das Gesetz \u00fcber die flexible Kapitalgesellschaft (FlexKapGG) ver\u00f6ffentlicht. Dieses soll am 01.01.2024 in Kraft treten. Ab dann wird es m\u00f6glich sein, bestehende GmbHs in FlexCos umzuwandeln. Dieser Artikel gibt einen \u00dcberblick \u00fcber m\u00f6gliche Gr\u00fcnde f\u00fcr eine solche Umwandlung sowie \u00fcber das dabei einzuhaltende Prozedere.","breadcrumb":{"@id":"https:\/\/www.chg.at\/en\/umwandlung-einer-gmbh-in-eine-flexco\/#breadcrumb"},"inLanguage":"en-US","potentialAction":[{"@type":"ReadAction","target":["https:\/\/www.chg.at\/en\/umwandlung-einer-gmbh-in-eine-flexco\/"]}]},{"@type":"BreadcrumbList","@id":"https:\/\/www.chg.at\/en\/umwandlung-einer-gmbh-in-eine-flexco\/#breadcrumb","itemListElement":[{"@type":"ListItem","position":1,"name":"Startseite","item":"https:\/\/www.chg.at\/en\/"},{"@type":"ListItem","position":2,"name":"Umwandlung einer GmbH in eine FlexCo"}]},{"@type":"WebSite","@id":"https:\/\/www.chg.at\/en\/#website","url":"https:\/\/www.chg.at\/en\/","name":"CHG Czernich Rechtsanw\u00e4lte \u2013 Wir bewegen Wirtschaft","description":"Wir sorgen f\u00fcr Klarheit, wenn es rechtlich kompliziert wird. In jeder Phase Ihrer Unternehmungen. Sie ergreifen die Chancen. Wir verwandeln Risiken in L\u00f6sungen.","publisher":{"@id":"https:\/\/www.chg.at\/en\/#organization"},"potentialAction":[{"@type":"SearchAction","target":{"@type":"EntryPoint","urlTemplate":"https:\/\/www.chg.at\/en\/?s={search_term_string}"},"query-input":"required name=search_term_string"}],"inLanguage":"en-US"},{"@type":"Organization","@id":"https:\/\/www.chg.at\/en\/#organization","name":"CHG Czernich Rechtsanw\u00e4lte","url":"https:\/\/www.chg.at\/en\/","sameAs":["https:\/\/www.linkedin.com\/company\/12773263\/admin\/dashboard\/"],"logo":{"@type":"ImageObject","inLanguage":"en-US","@id":"https:\/\/www.chg.at\/en\/#\/schema\/logo\/image\/","url":"https:\/\/www.chg.at\/wp-content\/uploads\/2016\/08\/CHG_logo_250_1.png","contentUrl":"https:\/\/www.chg.at\/wp-content\/uploads\/2016\/08\/CHG_logo_250_1.png","width":250,"height":33,"caption":"CHG Czernich Rechtsanw\u00e4lte"},"image":{"@id":"https:\/\/www.chg.at\/en\/#\/schema\/logo\/image\/"}},{"@type":"Person","@id":"https:\/\/www.chg.at\/en\/#\/schema\/person\/3ef9c8cef0431344e873c7016a1e219e","name":"Sandra Juric"}]}},"_links":{"self":[{"href":"https:\/\/www.chg.at\/en\/wp-json\/wp\/v2\/posts\/23669"}],"collection":[{"href":"https:\/\/www.chg.at\/en\/wp-json\/wp\/v2\/posts"}],"about":[{"href":"https:\/\/www.chg.at\/en\/wp-json\/wp\/v2\/types\/post"}],"author":[{"embeddable":true,"href":"https:\/\/www.chg.at\/en\/wp-json\/wp\/v2\/users\/14"}],"replies":[{"embeddable":true,"href":"https:\/\/www.chg.at\/en\/wp-json\/wp\/v2\/comments?post=23669"}],"version-history":[{"count":10,"href":"https:\/\/www.chg.at\/en\/wp-json\/wp\/v2\/posts\/23669\/revisions"}],"predecessor-version":[{"id":24246,"href":"https:\/\/www.chg.at\/en\/wp-json\/wp\/v2\/posts\/23669\/revisions\/24246"}],"wp:featuredmedia":[{"embeddable":true,"href":"https:\/\/www.chg.at\/en\/wp-json\/wp\/v2\/media\/23677"}],"wp:attachment":[{"href":"https:\/\/www.chg.at\/en\/wp-json\/wp\/v2\/media?parent=23669"}],"wp:term":[{"taxonomy":"category","embeddable":true,"href":"https:\/\/www.chg.at\/en\/wp-json\/wp\/v2\/categories?post=23669"},{"taxonomy":"post_tag","embeddable":true,"href":"https:\/\/www.chg.at\/en\/wp-json\/wp\/v2\/tags?post=23669"}],"curies":[{"name":"wp","href":"https:\/\/api.w.org\/{rel}","templated":true}]}}