{"id":23686,"date":"2023-12-11T14:46:10","date_gmt":"2023-12-11T13:46:10","guid":{"rendered":"https:\/\/www.chg.at\/?p=23686"},"modified":"2023-12-11T14:46:10","modified_gmt":"2023-12-11T13:46:10","slug":"innsbrucker-forum-fuer-bank-und-versicherungsrecht","status":"publish","type":"post","link":"https:\/\/www.chg.at\/en\/innsbrucker-forum-fuer-bank-und-versicherungsrecht\/","title":{"rendered":"Innsbrucker Forum f\u00fcr Bank-und Versicherungsrecht"},"content":{"rendered":"<style type=\"text\/css\"> \n#cmsmasters_row_69f1ab5a8b78e4_72964746 .cmsmasters_row_outer_parent { \n\tpadding-top: 0px; \n} \n\n#cmsmasters_row_69f1ab5a8b78e4_72964746 .cmsmasters_row_outer_parent { \n\tpadding-bottom: 50px; \n} \n\n<\/style><div id=\"cmsmasters_row_69f1ab5a8b78e4_72964746\" class=\"cmsmasters_row cmsmasters_color_scheme_default cmsmasters_row_top_default cmsmasters_row_bot_default cmsmasters_row_boxed\">\n<div class=\"cmsmasters_row_outer_parent\">\n<div class=\"cmsmasters_row_outer\">\n<div class=\"cmsmasters_row_inner\">\n<div class=\"cmsmasters_row_margin\">\n<div class=\"cmsmasters_column one_first\">\n<div class=\"cmsmasters_text\">\n<h1><span style=\"color: #d43555;\">Innsbrucker Forum f\u00fcr Bank- und Versicherungsrecht<\/span><\/h1>\n<p>&nbsp;<\/p>\n<p>Wir freuen uns mitteilen zu k\u00f6nnen, dass unser Partner und Leiter unserer Praxisgruppe Banking &amp; Finance, Daniel Tamerl, zum Vorsitzenden des Praxisbeirats des neuen Innsbrucker Forums f\u00fcr Bank- und Versicherungsrecht bestellt wurde. Weitere Mitglieder des Praxisbeirats sind Franz Mair, Vorstandsvorsitzender der TIROLER VERSICHERUNG V.a.G. und Klaus Diem, Head of Legal der Hypo Vorarlberg.<\/p>\n<p>&nbsp;<\/p>\n<p>Das Innsbrucker Forum f\u00fcr Bank- und Versicherungsrecht wurde gegr\u00fcndet, um in West\u00f6sterreich, S\u00fcdtirol und Liechtenstein eine neue Plattform f\u00fcr einen Austausch zwischen Wissenschaft und Praxis zu schaffen, den Bank- und Versicherungsstandort zu st\u00e4rken und Forschungsaktivit\u00e4ten an der Universit\u00e4t Innsbruck zu unterst\u00fctzen.<\/p>\n<p>&nbsp;<\/p>\n<p>Am 16.11.2023 fand die feierliche Auftaktveranstaltung des Forums in der Wirtschaftskammer Tirol mit einem Festvortrag von Univ.-Prof. Dr. Stefan Perner zum Thema \u201eVerbandsklage NEU \u2013 Auswirkungen auf das Finanzmarktrecht\u201c statt.<\/p>\n<p>&nbsp;<\/p>\n<p>&nbsp;<\/p>\n<p>Am Foto (v.l.n.r.): Christoph Kronthaler (Leopold-Franzens Universit\u00e4t Innsbruck), Franz Mair (TIROLER VERSICHERUNG V.a.G.), Stefan Perner (WU (Wirtschaftsuniversit\u00e4t Wien)), Daniel Tamerl (CHG Czernich Rechtsanw\u00e4lte), Klaus Diem (Hypo Vorarlberg), Simon Laimer (Leopold-Franzens Universit\u00e4t Innsbruck).<\/p>\n<\/div>\n<\/div>\n<\/div>\n<\/div>\n<\/div>\n<\/div>\n<\/div>\n\n","protected":false},"excerpt":{"rendered":"<p>Wir freuen uns mitteilen zu k\u00f6nnen, dass unser Partner und Leiter der Praxisgruppe Banking &#038; Finance, Daniel Tamerl, zum Vorsitzenden des Praxisbeirats des neuen Innsbrucker Forums f\u00fcr Bank- und Versicherungsrecht bestellt wurde.<\/p>\n","protected":false},"author":14,"featured_media":23688,"comment_status":"closed","ping_status":"open","sticky":false,"template":"","format":"image","meta":{"inline_featured_image":false},"categories":[108,8,9],"tags":[],"yoast_head":"<!-- This site is optimized with the Yoast SEO plugin v19.8 - https:\/\/yoast.com\/wordpress\/plugins\/seo\/ -->\n<title>Innsbrucker Forum f\u00fcr Bank- und Versicherungsrecht<\/title>\n<meta name=\"description\" content=\"Daniel Tamerl, Partner bei CHG Rechtsanw\u00e4lte und Leiter der Praxisgruppe Banking &amp; Finance, wurde zum Vorsitzenden des Praxisbeirats des neuen Innsbrucker Forums f\u00fcr Bank- und Versicherungsrecht bestellt.\" \/>\n<meta name=\"robots\" content=\"index, follow, max-snippet:-1, max-image-preview:large, max-video-preview:-1\" \/>\n<link rel=\"canonical\" href=\"https:\/\/www.chg.at\/en\/innsbrucker-forum-fuer-bank-und-versicherungsrecht\/\" \/>\n<meta property=\"og:locale\" content=\"en_US\" \/>\n<meta property=\"og:type\" content=\"article\" \/>\n<meta property=\"og:title\" content=\"CHG\" \/>\n<meta property=\"og:description\" content=\"CHG\" \/>\n<meta property=\"og:url\" content=\"https:\/\/www.chg.at\/en\/innsbrucker-forum-fuer-bank-und-versicherungsrecht\/\" \/>\n<meta property=\"og:site_name\" content=\"CHG Czernich Rechtsanw\u00e4lte \u2013 Wir bewegen Wirtschaft\" \/>\n<meta property=\"article:published_time\" content=\"2023-12-11T13:46:10+00:00\" \/>\n<meta name=\"author\" content=\"Sandra Juric\" \/>\n<meta name=\"twitter:card\" content=\"summary_large_image\" \/>\n<meta name=\"twitter:image\" content=\"https:\/\/www.chg.at\/wp-content\/uploads\/2023\/12\/Innsbrucker-Forum-fuer-Bank-und-Versicherungsrecht-2023.jpg\" \/>\n<meta name=\"twitter:label1\" content=\"Written by\" \/>\n\t<meta name=\"twitter:data1\" content=\"Sandra Juric\" \/>\n\t<meta name=\"twitter:label2\" content=\"Est. reading time\" \/>\n\t<meta name=\"twitter:data2\" content=\"1 minute\" \/>\n<script type=\"application\/ld+json\" class=\"yoast-schema-graph\">{\"@context\":\"https:\/\/schema.org\",\"@graph\":[{\"@type\":\"Article\",\"@id\":\"https:\/\/www.chg.at\/en\/innsbrucker-forum-fuer-bank-und-versicherungsrecht\/#article\",\"isPartOf\":{\"@id\":\"https:\/\/www.chg.at\/en\/innsbrucker-forum-fuer-bank-und-versicherungsrecht\/\"},\"author\":{\"name\":\"Sandra Juric\",\"@id\":\"https:\/\/www.chg.at\/en\/#\/schema\/person\/3ef9c8cef0431344e873c7016a1e219e\"},\"headline\":\"Innsbrucker Forum f\u00fcr Bank-und Versicherungsrecht\",\"datePublished\":\"2023-12-11T13:46:10+00:00\",\"dateModified\":\"2023-12-11T13:46:10+00:00\",\"mainEntityOfPage\":{\"@id\":\"https:\/\/www.chg.at\/en\/innsbrucker-forum-fuer-bank-und-versicherungsrecht\/\"},\"wordCount\":231,\"publisher\":{\"@id\":\"https:\/\/www.chg.at\/en\/#organization\"},\"articleSection\":[\"Banking &amp; Finance\",\"CHG News\",\"Kanzlei\"],\"inLanguage\":\"en-US\"},{\"@type\":\"WebPage\",\"@id\":\"https:\/\/www.chg.at\/en\/innsbrucker-forum-fuer-bank-und-versicherungsrecht\/\",\"url\":\"https:\/\/www.chg.at\/en\/innsbrucker-forum-fuer-bank-und-versicherungsrecht\/\",\"name\":\"Innsbrucker Forum f\u00fcr Bank- und Versicherungsrecht\",\"isPartOf\":{\"@id\":\"https:\/\/www.chg.at\/en\/#website\"},\"datePublished\":\"2023-12-11T13:46:10+00:00\",\"dateModified\":\"2023-12-11T13:46:10+00:00\",\"description\":\"Daniel Tamerl, Partner bei CHG Rechtsanw\u00e4lte und Leiter der Praxisgruppe Banking & Finance, wurde zum Vorsitzenden des Praxisbeirats des neuen Innsbrucker Forums f\u00fcr Bank- und Versicherungsrecht bestellt.\",\"breadcrumb\":{\"@id\":\"https:\/\/www.chg.at\/en\/innsbrucker-forum-fuer-bank-und-versicherungsrecht\/#breadcrumb\"},\"inLanguage\":\"en-US\",\"potentialAction\":[{\"@type\":\"ReadAction\",\"target\":[\"https:\/\/www.chg.at\/en\/innsbrucker-forum-fuer-bank-und-versicherungsrecht\/\"]}]},{\"@type\":\"BreadcrumbList\",\"@id\":\"https:\/\/www.chg.at\/en\/innsbrucker-forum-fuer-bank-und-versicherungsrecht\/#breadcrumb\",\"itemListElement\":[{\"@type\":\"ListItem\",\"position\":1,\"name\":\"Startseite\",\"item\":\"https:\/\/www.chg.at\/en\/\"},{\"@type\":\"ListItem\",\"position\":2,\"name\":\"Innsbrucker Forum f\u00fcr Bank-und Versicherungsrecht\"}]},{\"@type\":\"WebSite\",\"@id\":\"https:\/\/www.chg.at\/en\/#website\",\"url\":\"https:\/\/www.chg.at\/en\/\",\"name\":\"CHG Czernich Rechtsanw\u00e4lte \u2013 Wir bewegen Wirtschaft\",\"description\":\"Wir sorgen f\u00fcr Klarheit, wenn es rechtlich kompliziert wird. In jeder Phase Ihrer Unternehmungen. Sie ergreifen die Chancen. Wir verwandeln Risiken in L\u00f6sungen.\",\"publisher\":{\"@id\":\"https:\/\/www.chg.at\/en\/#organization\"},\"potentialAction\":[{\"@type\":\"SearchAction\",\"target\":{\"@type\":\"EntryPoint\",\"urlTemplate\":\"https:\/\/www.chg.at\/en\/?s={search_term_string}\"},\"query-input\":\"required name=search_term_string\"}],\"inLanguage\":\"en-US\"},{\"@type\":\"Organization\",\"@id\":\"https:\/\/www.chg.at\/en\/#organization\",\"name\":\"CHG Czernich Rechtsanw\u00e4lte\",\"url\":\"https:\/\/www.chg.at\/en\/\",\"sameAs\":[\"https:\/\/www.linkedin.com\/company\/12773263\/admin\/dashboard\/\"],\"logo\":{\"@type\":\"ImageObject\",\"inLanguage\":\"en-US\",\"@id\":\"https:\/\/www.chg.at\/en\/#\/schema\/logo\/image\/\",\"url\":\"https:\/\/www.chg.at\/wp-content\/uploads\/2016\/08\/CHG_logo_250_1.png\",\"contentUrl\":\"https:\/\/www.chg.at\/wp-content\/uploads\/2016\/08\/CHG_logo_250_1.png\",\"width\":250,\"height\":33,\"caption\":\"CHG Czernich Rechtsanw\u00e4lte\"},\"image\":{\"@id\":\"https:\/\/www.chg.at\/en\/#\/schema\/logo\/image\/\"}},{\"@type\":\"Person\",\"@id\":\"https:\/\/www.chg.at\/en\/#\/schema\/person\/3ef9c8cef0431344e873c7016a1e219e\",\"name\":\"Sandra Juric\"}]}<\/script>\n<!-- \/ Yoast SEO plugin. -->","yoast_head_json":{"title":"Innsbrucker Forum f\u00fcr Bank- und Versicherungsrecht","description":"Daniel Tamerl, Partner bei CHG Rechtsanw\u00e4lte und Leiter der Praxisgruppe Banking & Finance, wurde zum Vorsitzenden des Praxisbeirats des neuen Innsbrucker Forums f\u00fcr Bank- und Versicherungsrecht bestellt.","robots":{"index":"index","follow":"follow","max-snippet":"max-snippet:-1","max-image-preview":"max-image-preview:large","max-video-preview":"max-video-preview:-1"},"canonical":"https:\/\/www.chg.at\/en\/innsbrucker-forum-fuer-bank-und-versicherungsrecht\/","og_locale":"en_US","og_type":"article","og_title":"CHG","og_description":"CHG","og_url":"https:\/\/www.chg.at\/en\/innsbrucker-forum-fuer-bank-und-versicherungsrecht\/","og_site_name":"CHG Czernich Rechtsanw\u00e4lte \u2013 Wir bewegen Wirtschaft","article_published_time":"2023-12-11T13:46:10+00:00","author":"Sandra Juric","twitter_card":"summary_large_image","twitter_image":"https:\/\/www.chg.at\/wp-content\/uploads\/2023\/12\/Innsbrucker-Forum-fuer-Bank-und-Versicherungsrecht-2023.jpg","twitter_misc":{"Written by":"Sandra Juric","Est. reading time":"1 minute"},"schema":{"@context":"https:\/\/schema.org","@graph":[{"@type":"Article","@id":"https:\/\/www.chg.at\/en\/innsbrucker-forum-fuer-bank-und-versicherungsrecht\/#article","isPartOf":{"@id":"https:\/\/www.chg.at\/en\/innsbrucker-forum-fuer-bank-und-versicherungsrecht\/"},"author":{"name":"Sandra Juric","@id":"https:\/\/www.chg.at\/en\/#\/schema\/person\/3ef9c8cef0431344e873c7016a1e219e"},"headline":"Innsbrucker Forum f\u00fcr Bank-und Versicherungsrecht","datePublished":"2023-12-11T13:46:10+00:00","dateModified":"2023-12-11T13:46:10+00:00","mainEntityOfPage":{"@id":"https:\/\/www.chg.at\/en\/innsbrucker-forum-fuer-bank-und-versicherungsrecht\/"},"wordCount":231,"publisher":{"@id":"https:\/\/www.chg.at\/en\/#organization"},"articleSection":["Banking &amp; Finance","CHG News","Kanzlei"],"inLanguage":"en-US"},{"@type":"WebPage","@id":"https:\/\/www.chg.at\/en\/innsbrucker-forum-fuer-bank-und-versicherungsrecht\/","url":"https:\/\/www.chg.at\/en\/innsbrucker-forum-fuer-bank-und-versicherungsrecht\/","name":"Innsbrucker Forum f\u00fcr Bank- und Versicherungsrecht","isPartOf":{"@id":"https:\/\/www.chg.at\/en\/#website"},"datePublished":"2023-12-11T13:46:10+00:00","dateModified":"2023-12-11T13:46:10+00:00","description":"Daniel Tamerl, Partner bei CHG Rechtsanw\u00e4lte und Leiter der Praxisgruppe Banking & Finance, wurde zum Vorsitzenden des Praxisbeirats des neuen Innsbrucker Forums f\u00fcr Bank- und Versicherungsrecht bestellt.","breadcrumb":{"@id":"https:\/\/www.chg.at\/en\/innsbrucker-forum-fuer-bank-und-versicherungsrecht\/#breadcrumb"},"inLanguage":"en-US","potentialAction":[{"@type":"ReadAction","target":["https:\/\/www.chg.at\/en\/innsbrucker-forum-fuer-bank-und-versicherungsrecht\/"]}]},{"@type":"BreadcrumbList","@id":"https:\/\/www.chg.at\/en\/innsbrucker-forum-fuer-bank-und-versicherungsrecht\/#breadcrumb","itemListElement":[{"@type":"ListItem","position":1,"name":"Startseite","item":"https:\/\/www.chg.at\/en\/"},{"@type":"ListItem","position":2,"name":"Innsbrucker Forum f\u00fcr Bank-und Versicherungsrecht"}]},{"@type":"WebSite","@id":"https:\/\/www.chg.at\/en\/#website","url":"https:\/\/www.chg.at\/en\/","name":"CHG Czernich Rechtsanw\u00e4lte \u2013 Wir bewegen Wirtschaft","description":"Wir sorgen f\u00fcr Klarheit, wenn es rechtlich kompliziert wird. In jeder Phase Ihrer Unternehmungen. Sie ergreifen die Chancen. Wir verwandeln Risiken in L\u00f6sungen.","publisher":{"@id":"https:\/\/www.chg.at\/en\/#organization"},"potentialAction":[{"@type":"SearchAction","target":{"@type":"EntryPoint","urlTemplate":"https:\/\/www.chg.at\/en\/?s={search_term_string}"},"query-input":"required name=search_term_string"}],"inLanguage":"en-US"},{"@type":"Organization","@id":"https:\/\/www.chg.at\/en\/#organization","name":"CHG Czernich Rechtsanw\u00e4lte","url":"https:\/\/www.chg.at\/en\/","sameAs":["https:\/\/www.linkedin.com\/company\/12773263\/admin\/dashboard\/"],"logo":{"@type":"ImageObject","inLanguage":"en-US","@id":"https:\/\/www.chg.at\/en\/#\/schema\/logo\/image\/","url":"https:\/\/www.chg.at\/wp-content\/uploads\/2016\/08\/CHG_logo_250_1.png","contentUrl":"https:\/\/www.chg.at\/wp-content\/uploads\/2016\/08\/CHG_logo_250_1.png","width":250,"height":33,"caption":"CHG Czernich Rechtsanw\u00e4lte"},"image":{"@id":"https:\/\/www.chg.at\/en\/#\/schema\/logo\/image\/"}},{"@type":"Person","@id":"https:\/\/www.chg.at\/en\/#\/schema\/person\/3ef9c8cef0431344e873c7016a1e219e","name":"Sandra Juric"}]}},"_links":{"self":[{"href":"https:\/\/www.chg.at\/en\/wp-json\/wp\/v2\/posts\/23686"}],"collection":[{"href":"https:\/\/www.chg.at\/en\/wp-json\/wp\/v2\/posts"}],"about":[{"href":"https:\/\/www.chg.at\/en\/wp-json\/wp\/v2\/types\/post"}],"author":[{"embeddable":true,"href":"https:\/\/www.chg.at\/en\/wp-json\/wp\/v2\/users\/14"}],"replies":[{"embeddable":true,"href":"https:\/\/www.chg.at\/en\/wp-json\/wp\/v2\/comments?post=23686"}],"version-history":[{"count":2,"href":"https:\/\/www.chg.at\/en\/wp-json\/wp\/v2\/posts\/23686\/revisions"}],"predecessor-version":[{"id":23690,"href":"https:\/\/www.chg.at\/en\/wp-json\/wp\/v2\/posts\/23686\/revisions\/23690"}],"wp:featuredmedia":[{"embeddable":true,"href":"https:\/\/www.chg.at\/en\/wp-json\/wp\/v2\/media\/23688"}],"wp:attachment":[{"href":"https:\/\/www.chg.at\/en\/wp-json\/wp\/v2\/media?parent=23686"}],"wp:term":[{"taxonomy":"category","embeddable":true,"href":"https:\/\/www.chg.at\/en\/wp-json\/wp\/v2\/categories?post=23686"},{"taxonomy":"post_tag","embeddable":true,"href":"https:\/\/www.chg.at\/en\/wp-json\/wp\/v2\/tags?post=23686"}],"curies":[{"name":"wp","href":"https:\/\/api.w.org\/{rel}","templated":true}]}}