{"id":23975,"date":"2023-12-14T10:38:42","date_gmt":"2023-12-14T09:38:42","guid":{"rendered":"https:\/\/www.chg.at\/?p=23975"},"modified":"2024-02-19T09:17:35","modified_gmt":"2024-02-19T08:17:35","slug":"gruendung-einer-flexiblen-kapitalgesellschaft-flexco-flexkapg","status":"publish","type":"post","link":"https:\/\/www.chg.at\/en\/gruendung-einer-flexiblen-kapitalgesellschaft-flexco-flexkapg\/","title":{"rendered":"Gr\u00fcndung einer flexiblen Kapitalgesellschaft (FlexCo, FlexKapG)"},"content":{"rendered":"<style type=\"text\/css\"> \n#cmsmasters_row_69f1b7e3d779e6_36669234 .cmsmasters_row_outer_parent { \n\tpadding-top: 0px; \n} \n\n#cmsmasters_row_69f1b7e3d779e6_36669234 .cmsmasters_row_outer_parent { \n\tpadding-bottom: 0px; \n} \n\n \n#cmsmasters_row_69f1b7e3d7a8a8_33299238 .cmsmasters_row_outer_parent { \n\tpadding-top: 0px; \n} \n\n#cmsmasters_row_69f1b7e3d7a8a8_33299238 .cmsmasters_row_outer_parent { \n\tpadding-bottom: 40px; \n} \n\n \n#cmsmasters_divider_69f1b7e3d7e596_52116882 { \n\tborder-bottom-width:0px; \n\tborder-bottom-style:dotted; \n\tpadding-top:10px; \n\tmargin-bottom:20px; \n\tborder-bottom-color:#aaaaaa;\n} \n \n#cmsmasters_row_69f1b7e3d80762_10283432 .cmsmasters_row_outer_parent { \n\tpadding-top: 0px; \n} \n\n#cmsmasters_row_69f1b7e3d80762_10283432 .cmsmasters_row_outer_parent { \n\tpadding-bottom: 50px; \n} \n\n\n#cmsmasters_button_69f1b7e3d814a8_42226936 { \n\ttext-align:center; \n} \n\n#cmsmasters_button_69f1b7e3d814a8_42226936 .cmsmasters_button:before { \n\tmargin-right:.5em; \n\tmargin-left:0; \n\tvertical-align:baseline; \n} \n\n#cmsmasters_button_69f1b7e3d814a8_42226936 .cmsmasters_button { \n\tfont-weight:normal; \n\tfont-style:normal; \n\tborder-style:solid; \n} \n#cmsmasters_button_69f1b7e3d814a8_42226936 .cmsmasters_button:hover { \n} \n<\/style><div id=\"cmsmasters_row_69f1b7e3d779e6_36669234\" class=\"cmsmasters_row cmsmasters_color_scheme_default cmsmasters_row_top_default cmsmasters_row_bot_default cmsmasters_row_boxed\">\n<div class=\"cmsmasters_row_outer_parent\">\n<div class=\"cmsmasters_row_outer\">\n<div class=\"cmsmasters_row_inner\">\n<div class=\"cmsmasters_row_margin\">\n<div class=\"cmsmasters_column one_first\">\n<div class=\"cmsmasters_text\">\n<h1><span lang=\"DE\" style=\"color: #d43555;\">GR\u00dcNDUNG EINER FLEXIBLEN KAPITALGESELLSCHAFT (FLEXCO, FLEXKAPG)<br \/>\n<\/span><\/h1>\n<p><span style=\"color: #000000;\"><em>von RA <a href=\"https:\/\/www.chg.at\/profile\/mag-clemens-handl\/\">Mag. Clemens Handl <\/a><\/em>und RAA <a href=\"https:\/\/www.chg.at\/profile\/marco-ladner\/\"><em>Marco Ladner<\/em><\/a><\/span><\/p>\n<p>&nbsp;<\/p>\n<h2><span style=\"color: #d43555;\">1. VON DER BEAUFTRAGUNG BIS ZUR UNTERZEICHNUNG DES GESELLSCHAFTSVERTRAGES<br \/>\n<\/span><\/h2>\n<p>&nbsp;<\/p>\n<h2><span style=\"color: #d43555;\">1.1 Der Gesellschaftsvertrag der FlexCo<br \/>\n<\/span><\/h2>\n<p>Bei der Gr\u00fcndung einer Flexiblen Kapitalgesellschaft (FlexCo, FlexKapG) erfolgt zun\u00e4chst in einem ersten Schritt die Konzipierung des Gesellschaftsvertrages sowie die Entscheidungsfindung \u00fcber wesentliche Vertragsinhalte. Die Ausgestaltung von Gesch\u00e4ftsanteilen und Unternehmenswert-Anteilen im Kontext des Flexible-Kapitalgesellschaft-Gesetzes (FlexKapGG) ist dabei von besonderer Relevanz.<\/p>\n<p>&nbsp;<\/p>\n<p>Ebenso werden in dieser Phase die notwendigen Begleitdokumente erstellt. Diese sind der Firmenbuchantrag, mit dem die Gesellschaft zur Anmeldung bei Gericht gebracht wird, der Gesellschafterbeschluss \u00fcber die Bestellung der Gesch\u00e4ftsf\u00fchrer sowie die Musterzeichnungen der Gesch\u00e4ftsf\u00fchrer.<\/p>\n<p>&nbsp;<\/p>\n<h2><span style=\"color: #d43555;\">1.2. Syndikatsvertrag<br \/>\n<\/span><\/h2>\n<p>Es kann auch gew\u00fcnscht sein, neben den gesellschaftsvertraglichen Bestimmungen weitere Regelungen zu treffen, die f\u00fcr die Gesellschafter ma\u00dfgeblich sind. In der Praxis hat sich f\u00fcr ein derartiges Abkommen der Begriff Syndikatsvertrag etabliert. Syndikatsvertr\u00e4ge sind im Gegensatz zum Gesellschaftsvertrag nicht \u00f6ffentlich einsehbar, weshalb hier eine diskrete Regelung von Gesellschafterrechten und -pflichten m\u00f6glich ist.<\/p>\n<h2><\/h2>\n<h2><span lang=\"DE\" style=\"color: #d43555;\">1.3. Gr\u00fcndung<br \/>\n<\/span><\/h2>\n<p>Der Abschluss des Gesellschaftsvertrages zur Gr\u00fcndung einer FlexCo erfordert f\u00fcr seine Wirksamkeit die Form eines Notariatsakts. Eine wesentliche Erleichterung bei der Terminabstimmung zwischen den Gesellschaftern und Gesch\u00e4ftsf\u00fchrern bietet die M\u00f6glichkeit der Online-Gr\u00fcndung einer FlexCo. Diese Variante der Gr\u00fcndung wird von uns in Kooperation mit einigen ausgew\u00e4hlten Notariaten regelm\u00e4\u00dfig bei GmbH-Gr\u00fcndungen angeboten und soll durch die vereinfachte Terminkoordination auch bei FlexCo-Gr\u00fcndungen eine erleichternde Alternative darstellen.<\/p>\n<h2><\/h2>\n<h2><span style=\"color: #d43555;\">2. DER NOTARTERMIN<br \/>\n<\/span><\/h2>\n<p>Die Unterzeichnung des Gesellschaftsvertrages findet in der Regel bei einem gemeinsamen Termin in unserer Kanzlei oder online statt, zu dem alle Beteiligten sowie der Notar geladen sind. Im Anschluss an die Unterzeichnung des Gesellschaftsvertrages erfolgt mittels notariell beglaubigtem Gesellschafterbeschluss die Bestellung der ersten Gesch\u00e4ftsf\u00fchrer der Gesellschaft. Ebenso geben die bestellten Gesch\u00e4ftsf\u00fchrer die notariell beglaubigte Musterzeichnung ab. Gleichzeitig wird der Firmenbuchantrag zur Anmeldung der Gesellschaft durch alle Gesch\u00e4ftsf\u00fchrer beglaubigt unterfertigt.<\/p>\n<p>&nbsp;<\/p>\n<p>Sofern ein Syndikatsvertrag besteht, der ebenfalls der Notariatsaktform bedarf, kann dieser gleichzeitig abgeschlossen werden.<\/p>\n<p>&nbsp;<\/p>\n<h2><span lang=\"DE\" style=\"color: #d43555;\">3. NACH DEM NOTARTERMIN<br \/>\n<\/span><\/h2>\n<p>F\u00fcr die Gr\u00fcndung der FlexCo ist die Er\u00f6ffnung eines Bankkontos und die Einbezahlung der Stammeinlagen erforderlich. Die H\u00f6he der einzubezahlenden Stammeinlagen richtet sich nach dem Gesellschaftsvertrag. Zur Kontoer\u00f6ffnung ist die Vorlage des unterschriebenen Gesellschaftsvertrags erforderlich. Eine (digitale) Kopie gen\u00fcgt in der Regel.<\/p>\n<p>&nbsp;<\/p>\n<p>Nach der Kontoer\u00f6ffnung sind die Stammeinlagen zu leisten. Nach Einzahlung der Stammeinlagen stellt die Bank die sogenannte \u00a7 10-Best\u00e4tigung aus, welche zwingende Voraussetzung f\u00fcr die Anmeldung der Gesellschaft im Firmenbuch ist. Wir ersuchen Sie daher, uns diese nach Erhalt ehestm\u00f6glich zu \u00fcbermitteln; allenfalls k\u00f6nnen Sie die Bank beauftragen, direkt mit uns Kontakt aufzunehmen.<\/p>\n<p>&nbsp;<\/p>\n<h2><span style=\"color: #d43555;\">4. DIE EINTRAGUNG<br \/>\n<\/span><\/h2>\n<p>Der Firmenbuchantrag, mit dem die FlexCo zur Eintragung im Firmenbuch angemeldet wird, wird beim Gr\u00fcndungstermin beglaubigt unterfertigt. Sobald die Bankbest\u00e4tigung vorliegt, stellen wir f\u00fcr Sie beim zust\u00e4ndigen Firmenbuchgericht den Antrag auf Eintragung der FlexCo. Mit der Eintragung im Firmenbuch entsteht die FlexCo. Der Eintragungsbeschluss und ein tagesaktueller Firmenbuchauszug werden Ihnen digital \u00fcbermittelt, die Originaldokumente folgen per Post.<\/p>\n<p>&nbsp;<\/p>\n<p>Clemens Handl ist Rechtsanwalt und Partner, Marco Ladner ist Rechtsanwaltsanw\u00e4rter bei CHG Czernich Rechtsanw\u00e4lte Innsbruck<\/p>\n<\/div>\n<\/div>\n<\/div>\n<\/div>\n<\/div>\n<\/div>\n<\/div>\n<div id=\"cmsmasters_row_69f1b7e3d79e94_76524050\" class=\"cmsmasters_row cmsmasters_color_scheme_default cmsmasters_row_top_default cmsmasters_row_bot_default cmsmasters_row_boxed\">\n<div class=\"cmsmasters_row_outer_parent\">\n<div class=\"cmsmasters_row_outer\">\n<div class=\"cmsmasters_row_inner\">\n<div class=\"cmsmasters_row_margin\">\n<div class=\"cmsmasters_column one_first\">\n<div class=\"cmsmasters_text\">\n<p>&nbsp;<\/p>\n<\/div>\n<\/div>\n<\/div>\n<\/div>\n<\/div>\n<\/div>\n<\/div>\n<div id=\"cmsmasters_row_69f1b7e3d7a8a8_33299238\" class=\"cmsmasters_row cmsmasters_color_scheme_default cmsmasters_row_top_default cmsmasters_row_bot_default cmsmasters_row_boxed\">\n<div class=\"cmsmasters_row_outer_parent\">\n<div class=\"cmsmasters_row_outer\">\n<div class=\"cmsmasters_row_inner\">\n<div class=\"cmsmasters_row_margin\">\n<div class=\"cmsmasters_column one_half\">\n<div class=\"cmsmasters_img  cmsmasters_image_n with_caption\">\n<a href=\"https:\/\/www.chg.at\/profile\/mag-clemens-handl\/\"><img src=\"https:\/\/www.chg.at\/wp-content\/uploads\/2023\/11\/CHG-Rechtsanwaelte-Clemens-Handl-Profilfoto.jpg\" \/><\/a>\n<p class=\"cmsmasters_img_caption\">Mag. Clemens Handl<\/p><\/div>\n\n<div id=\"cmsmasters_divider_69f1b7e3d7e596_52116882\" class=\"cl\"><\/div>\n<\/div>\n<div class=\"cmsmasters_column one_half\">\n<div class=\"cmsmasters_img  cmsmasters_image_n with_caption\">\n<a href=\"https:\/\/www.chg.at\/profile\/marco-ladner\/\"><img src=\"https:\/\/www.chg.at\/wp-content\/uploads\/2023\/11\/CHG-Rechtsanwaelte-Marco-Ladner-Profilfoto.jpg\" \/><\/a>\n<p class=\"cmsmasters_img_caption\">Marco Ladner LL.B. BSc LL.M.<\/p><\/div>\n<\/div>\n<\/div>\n<\/div>\n<\/div>\n<\/div>\n<\/div>\n<div id=\"cmsmasters_row_69f1b7e3d80762_10283432\" class=\"cmsmasters_row cmsmasters_color_scheme_default cmsmasters_row_top_default cmsmasters_row_bot_default cmsmasters_row_boxed\">\n<div class=\"cmsmasters_row_outer_parent\">\n<div class=\"cmsmasters_row_outer\">\n<div class=\"cmsmasters_row_inner\">\n<div class=\"cmsmasters_row_margin\">\n<div class=\"cmsmasters_column one_first\">\n\n<div id=\"cmsmasters_button_69f1b7e3d814a8_42226936\" class=\"button_wrap\"><a href=\"https:\/\/www.chg.at\/wp-content\/uploads\/2023\/12\/Gruendung-einer-flexiblen-Kapitalgesellschaft-FLEXCO-FLEXKAPG_Clemens-Handl_Marco-Ladner_CHG_Rechtsanwaelte_Dezember-2023.pdf\" class=\"ripple cmsmasters_button\"><span>Text in PDF<\/span><\/a><\/div>\n<\/div>\n<\/div>\n<\/div>\n<\/div>\n<\/div>\n<\/div>\n\n","protected":false},"excerpt":{"rendered":"<p>Bei der Gr\u00fcndung einer Flexiblen Kapitalgesellschaft (FlexCo, FlexKapG) erfolgt zun\u00e4chst in einem ersten Schritt die Konzipierung des Gesellschaftsvertrages sowie die Entscheidungsfindung \u00fcber wesentliche Vertragsinhalte. Die Ausgestaltung von Gesch\u00e4ftsanteilen und Unternehmenswert-Anteilen im Kontext des Flexible-Kapitalgesellschaft-Gesetzes (FlexKapGG) ist dabei von besonderer Relevanz.<\/p>\n","protected":false},"author":14,"featured_media":23984,"comment_status":"closed","ping_status":"open","sticky":false,"template":"","format":"image","meta":{"inline_featured_image":false},"categories":[8,98],"tags":[200,204,203,207],"yoast_head":"<!-- This site is optimized with the Yoast SEO plugin v19.8 - https:\/\/yoast.com\/wordpress\/plugins\/seo\/ -->\n<title>Gr\u00fcndung einer flexiblen Kapitalgesellschaft (FlexCo, FlexKapG)<\/title>\n<meta name=\"description\" content=\"Bei der Gr\u00fcndung einer Flexiblen Kapitalgesellschaft (FlexCo, FlexKapG) erfolgt zun\u00e4chst in einem ersten Schritt die Konzipierung des Gesellschaftsvertrages sowie die Entscheidungsfindung \u00fcber wesentliche Vertragsinhalte. Die Ausgestaltung von Gesch\u00e4ftsanteilen und Unternehmenswert-Anteilen im Kontext des Flexible-Kapitalgesellschaft-Gesetzes (FlexKapGG) ist dabei von besonderer Relevanz.\" \/>\n<meta name=\"robots\" content=\"index, follow, max-snippet:-1, max-image-preview:large, max-video-preview:-1\" \/>\n<link rel=\"canonical\" href=\"https:\/\/www.chg.at\/en\/gruendung-einer-flexiblen-kapitalgesellschaft-flexco-flexkapg\/\" \/>\n<meta property=\"og:locale\" content=\"en_US\" \/>\n<meta property=\"og:type\" content=\"article\" \/>\n<meta property=\"og:title\" content=\"CHG\" \/>\n<meta property=\"og:description\" content=\"CHG\" \/>\n<meta property=\"og:url\" content=\"https:\/\/www.chg.at\/en\/gruendung-einer-flexiblen-kapitalgesellschaft-flexco-flexkapg\/\" \/>\n<meta property=\"og:site_name\" content=\"CHG Czernich Rechtsanw\u00e4lte \u2013 Wir bewegen Wirtschaft\" \/>\n<meta property=\"article:published_time\" content=\"2023-12-14T09:38:42+00:00\" \/>\n<meta property=\"article:modified_time\" content=\"2024-02-19T08:17:35+00:00\" \/>\n<meta property=\"og:image\" content=\"https:\/\/www.chg.at\/wp-content\/uploads\/2023\/12\/Unterzeichnung_Flexco.jpg\" \/>\n\t<meta property=\"og:image:width\" content=\"960\" \/>\n\t<meta property=\"og:image:height\" content=\"637\" \/>\n\t<meta property=\"og:image:type\" content=\"image\/jpeg\" \/>\n<meta name=\"author\" content=\"Sandra Juric\" \/>\n<meta name=\"twitter:card\" content=\"summary_large_image\" \/>\n<meta name=\"twitter:label1\" content=\"Written by\" \/>\n\t<meta name=\"twitter:data1\" content=\"Sandra Juric\" \/>\n\t<meta name=\"twitter:label2\" content=\"Est. reading time\" \/>\n\t<meta name=\"twitter:data2\" content=\"4 minutes\" \/>\n<script type=\"application\/ld+json\" class=\"yoast-schema-graph\">{\"@context\":\"https:\/\/schema.org\",\"@graph\":[{\"@type\":\"Article\",\"@id\":\"https:\/\/www.chg.at\/en\/gruendung-einer-flexiblen-kapitalgesellschaft-flexco-flexkapg\/#article\",\"isPartOf\":{\"@id\":\"https:\/\/www.chg.at\/en\/gruendung-einer-flexiblen-kapitalgesellschaft-flexco-flexkapg\/\"},\"author\":{\"name\":\"Sandra Juric\",\"@id\":\"https:\/\/www.chg.at\/en\/#\/schema\/person\/3ef9c8cef0431344e873c7016a1e219e\"},\"headline\":\"Gr\u00fcndung einer flexiblen Kapitalgesellschaft (FlexCo, FlexKapG)\",\"datePublished\":\"2023-12-14T09:38:42+00:00\",\"dateModified\":\"2024-02-19T08:17:35+00:00\",\"mainEntityOfPage\":{\"@id\":\"https:\/\/www.chg.at\/en\/gruendung-einer-flexiblen-kapitalgesellschaft-flexco-flexkapg\/\"},\"wordCount\":805,\"publisher\":{\"@id\":\"https:\/\/www.chg.at\/en\/#organization\"},\"keywords\":[\"FlexCo\",\"Flexible Company\",\"flexible Kapitalgesellschaft\",\"Syndikatsvertrag\"],\"articleSection\":[\"CHG News\",\"Corporate \u2013 Gesellschaftsrecht\"],\"inLanguage\":\"en-US\"},{\"@type\":\"WebPage\",\"@id\":\"https:\/\/www.chg.at\/en\/gruendung-einer-flexiblen-kapitalgesellschaft-flexco-flexkapg\/\",\"url\":\"https:\/\/www.chg.at\/en\/gruendung-einer-flexiblen-kapitalgesellschaft-flexco-flexkapg\/\",\"name\":\"Gr\u00fcndung einer flexiblen Kapitalgesellschaft (FlexCo, FlexKapG)\",\"isPartOf\":{\"@id\":\"https:\/\/www.chg.at\/en\/#website\"},\"datePublished\":\"2023-12-14T09:38:42+00:00\",\"dateModified\":\"2024-02-19T08:17:35+00:00\",\"description\":\"Bei der Gr\u00fcndung einer Flexiblen Kapitalgesellschaft (FlexCo, FlexKapG) erfolgt zun\u00e4chst in einem ersten Schritt die Konzipierung des Gesellschaftsvertrages sowie die Entscheidungsfindung \u00fcber wesentliche Vertragsinhalte. Die Ausgestaltung von Gesch\u00e4ftsanteilen und Unternehmenswert-Anteilen im Kontext des Flexible-Kapitalgesellschaft-Gesetzes (FlexKapGG) ist dabei von besonderer Relevanz.\",\"breadcrumb\":{\"@id\":\"https:\/\/www.chg.at\/en\/gruendung-einer-flexiblen-kapitalgesellschaft-flexco-flexkapg\/#breadcrumb\"},\"inLanguage\":\"en-US\",\"potentialAction\":[{\"@type\":\"ReadAction\",\"target\":[\"https:\/\/www.chg.at\/en\/gruendung-einer-flexiblen-kapitalgesellschaft-flexco-flexkapg\/\"]}]},{\"@type\":\"BreadcrumbList\",\"@id\":\"https:\/\/www.chg.at\/en\/gruendung-einer-flexiblen-kapitalgesellschaft-flexco-flexkapg\/#breadcrumb\",\"itemListElement\":[{\"@type\":\"ListItem\",\"position\":1,\"name\":\"Startseite\",\"item\":\"https:\/\/www.chg.at\/en\/\"},{\"@type\":\"ListItem\",\"position\":2,\"name\":\"Gr\u00fcndung einer flexiblen Kapitalgesellschaft (FlexCo, FlexKapG)\"}]},{\"@type\":\"WebSite\",\"@id\":\"https:\/\/www.chg.at\/en\/#website\",\"url\":\"https:\/\/www.chg.at\/en\/\",\"name\":\"CHG Czernich Rechtsanw\u00e4lte \u2013 Wir bewegen Wirtschaft\",\"description\":\"Wir sorgen f\u00fcr Klarheit, wenn es rechtlich kompliziert wird. In jeder Phase Ihrer Unternehmungen. Sie ergreifen die Chancen. Wir verwandeln Risiken in L\u00f6sungen.\",\"publisher\":{\"@id\":\"https:\/\/www.chg.at\/en\/#organization\"},\"potentialAction\":[{\"@type\":\"SearchAction\",\"target\":{\"@type\":\"EntryPoint\",\"urlTemplate\":\"https:\/\/www.chg.at\/en\/?s={search_term_string}\"},\"query-input\":\"required name=search_term_string\"}],\"inLanguage\":\"en-US\"},{\"@type\":\"Organization\",\"@id\":\"https:\/\/www.chg.at\/en\/#organization\",\"name\":\"CHG Czernich Rechtsanw\u00e4lte\",\"url\":\"https:\/\/www.chg.at\/en\/\",\"sameAs\":[\"https:\/\/www.linkedin.com\/company\/12773263\/admin\/dashboard\/\"],\"logo\":{\"@type\":\"ImageObject\",\"inLanguage\":\"en-US\",\"@id\":\"https:\/\/www.chg.at\/en\/#\/schema\/logo\/image\/\",\"url\":\"https:\/\/www.chg.at\/wp-content\/uploads\/2016\/08\/CHG_logo_250_1.png\",\"contentUrl\":\"https:\/\/www.chg.at\/wp-content\/uploads\/2016\/08\/CHG_logo_250_1.png\",\"width\":250,\"height\":33,\"caption\":\"CHG Czernich Rechtsanw\u00e4lte\"},\"image\":{\"@id\":\"https:\/\/www.chg.at\/en\/#\/schema\/logo\/image\/\"}},{\"@type\":\"Person\",\"@id\":\"https:\/\/www.chg.at\/en\/#\/schema\/person\/3ef9c8cef0431344e873c7016a1e219e\",\"name\":\"Sandra Juric\"}]}<\/script>\n<!-- \/ Yoast SEO plugin. -->","yoast_head_json":{"title":"Gr\u00fcndung einer flexiblen Kapitalgesellschaft (FlexCo, FlexKapG)","description":"Bei der Gr\u00fcndung einer Flexiblen Kapitalgesellschaft (FlexCo, FlexKapG) erfolgt zun\u00e4chst in einem ersten Schritt die Konzipierung des Gesellschaftsvertrages sowie die Entscheidungsfindung \u00fcber wesentliche Vertragsinhalte. Die Ausgestaltung von Gesch\u00e4ftsanteilen und Unternehmenswert-Anteilen im Kontext des Flexible-Kapitalgesellschaft-Gesetzes (FlexKapGG) ist dabei von besonderer Relevanz.","robots":{"index":"index","follow":"follow","max-snippet":"max-snippet:-1","max-image-preview":"max-image-preview:large","max-video-preview":"max-video-preview:-1"},"canonical":"https:\/\/www.chg.at\/en\/gruendung-einer-flexiblen-kapitalgesellschaft-flexco-flexkapg\/","og_locale":"en_US","og_type":"article","og_title":"CHG","og_description":"CHG","og_url":"https:\/\/www.chg.at\/en\/gruendung-einer-flexiblen-kapitalgesellschaft-flexco-flexkapg\/","og_site_name":"CHG Czernich Rechtsanw\u00e4lte \u2013 Wir bewegen Wirtschaft","article_published_time":"2023-12-14T09:38:42+00:00","article_modified_time":"2024-02-19T08:17:35+00:00","og_image":[{"width":960,"height":637,"url":"https:\/\/www.chg.at\/wp-content\/uploads\/2023\/12\/Unterzeichnung_Flexco.jpg","type":"image\/jpeg"}],"author":"Sandra Juric","twitter_card":"summary_large_image","twitter_misc":{"Written by":"Sandra Juric","Est. reading time":"4 minutes"},"schema":{"@context":"https:\/\/schema.org","@graph":[{"@type":"Article","@id":"https:\/\/www.chg.at\/en\/gruendung-einer-flexiblen-kapitalgesellschaft-flexco-flexkapg\/#article","isPartOf":{"@id":"https:\/\/www.chg.at\/en\/gruendung-einer-flexiblen-kapitalgesellschaft-flexco-flexkapg\/"},"author":{"name":"Sandra Juric","@id":"https:\/\/www.chg.at\/en\/#\/schema\/person\/3ef9c8cef0431344e873c7016a1e219e"},"headline":"Gr\u00fcndung einer flexiblen Kapitalgesellschaft (FlexCo, FlexKapG)","datePublished":"2023-12-14T09:38:42+00:00","dateModified":"2024-02-19T08:17:35+00:00","mainEntityOfPage":{"@id":"https:\/\/www.chg.at\/en\/gruendung-einer-flexiblen-kapitalgesellschaft-flexco-flexkapg\/"},"wordCount":805,"publisher":{"@id":"https:\/\/www.chg.at\/en\/#organization"},"keywords":["FlexCo","Flexible Company","flexible Kapitalgesellschaft","Syndikatsvertrag"],"articleSection":["CHG News","Corporate \u2013 Gesellschaftsrecht"],"inLanguage":"en-US"},{"@type":"WebPage","@id":"https:\/\/www.chg.at\/en\/gruendung-einer-flexiblen-kapitalgesellschaft-flexco-flexkapg\/","url":"https:\/\/www.chg.at\/en\/gruendung-einer-flexiblen-kapitalgesellschaft-flexco-flexkapg\/","name":"Gr\u00fcndung einer flexiblen Kapitalgesellschaft (FlexCo, FlexKapG)","isPartOf":{"@id":"https:\/\/www.chg.at\/en\/#website"},"datePublished":"2023-12-14T09:38:42+00:00","dateModified":"2024-02-19T08:17:35+00:00","description":"Bei der Gr\u00fcndung einer Flexiblen Kapitalgesellschaft (FlexCo, FlexKapG) erfolgt zun\u00e4chst in einem ersten Schritt die Konzipierung des Gesellschaftsvertrages sowie die Entscheidungsfindung \u00fcber wesentliche Vertragsinhalte. Die Ausgestaltung von Gesch\u00e4ftsanteilen und Unternehmenswert-Anteilen im Kontext des Flexible-Kapitalgesellschaft-Gesetzes (FlexKapGG) ist dabei von besonderer Relevanz.","breadcrumb":{"@id":"https:\/\/www.chg.at\/en\/gruendung-einer-flexiblen-kapitalgesellschaft-flexco-flexkapg\/#breadcrumb"},"inLanguage":"en-US","potentialAction":[{"@type":"ReadAction","target":["https:\/\/www.chg.at\/en\/gruendung-einer-flexiblen-kapitalgesellschaft-flexco-flexkapg\/"]}]},{"@type":"BreadcrumbList","@id":"https:\/\/www.chg.at\/en\/gruendung-einer-flexiblen-kapitalgesellschaft-flexco-flexkapg\/#breadcrumb","itemListElement":[{"@type":"ListItem","position":1,"name":"Startseite","item":"https:\/\/www.chg.at\/en\/"},{"@type":"ListItem","position":2,"name":"Gr\u00fcndung einer flexiblen Kapitalgesellschaft (FlexCo, FlexKapG)"}]},{"@type":"WebSite","@id":"https:\/\/www.chg.at\/en\/#website","url":"https:\/\/www.chg.at\/en\/","name":"CHG Czernich Rechtsanw\u00e4lte \u2013 Wir bewegen Wirtschaft","description":"Wir sorgen f\u00fcr Klarheit, wenn es rechtlich kompliziert wird. In jeder Phase Ihrer Unternehmungen. Sie ergreifen die Chancen. Wir verwandeln Risiken in L\u00f6sungen.","publisher":{"@id":"https:\/\/www.chg.at\/en\/#organization"},"potentialAction":[{"@type":"SearchAction","target":{"@type":"EntryPoint","urlTemplate":"https:\/\/www.chg.at\/en\/?s={search_term_string}"},"query-input":"required name=search_term_string"}],"inLanguage":"en-US"},{"@type":"Organization","@id":"https:\/\/www.chg.at\/en\/#organization","name":"CHG Czernich Rechtsanw\u00e4lte","url":"https:\/\/www.chg.at\/en\/","sameAs":["https:\/\/www.linkedin.com\/company\/12773263\/admin\/dashboard\/"],"logo":{"@type":"ImageObject","inLanguage":"en-US","@id":"https:\/\/www.chg.at\/en\/#\/schema\/logo\/image\/","url":"https:\/\/www.chg.at\/wp-content\/uploads\/2016\/08\/CHG_logo_250_1.png","contentUrl":"https:\/\/www.chg.at\/wp-content\/uploads\/2016\/08\/CHG_logo_250_1.png","width":250,"height":33,"caption":"CHG Czernich Rechtsanw\u00e4lte"},"image":{"@id":"https:\/\/www.chg.at\/en\/#\/schema\/logo\/image\/"}},{"@type":"Person","@id":"https:\/\/www.chg.at\/en\/#\/schema\/person\/3ef9c8cef0431344e873c7016a1e219e","name":"Sandra Juric"}]}},"_links":{"self":[{"href":"https:\/\/www.chg.at\/en\/wp-json\/wp\/v2\/posts\/23975"}],"collection":[{"href":"https:\/\/www.chg.at\/en\/wp-json\/wp\/v2\/posts"}],"about":[{"href":"https:\/\/www.chg.at\/en\/wp-json\/wp\/v2\/types\/post"}],"author":[{"embeddable":true,"href":"https:\/\/www.chg.at\/en\/wp-json\/wp\/v2\/users\/14"}],"replies":[{"embeddable":true,"href":"https:\/\/www.chg.at\/en\/wp-json\/wp\/v2\/comments?post=23975"}],"version-history":[{"count":8,"href":"https:\/\/www.chg.at\/en\/wp-json\/wp\/v2\/posts\/23975\/revisions"}],"predecessor-version":[{"id":24244,"href":"https:\/\/www.chg.at\/en\/wp-json\/wp\/v2\/posts\/23975\/revisions\/24244"}],"wp:featuredmedia":[{"embeddable":true,"href":"https:\/\/www.chg.at\/en\/wp-json\/wp\/v2\/media\/23984"}],"wp:attachment":[{"href":"https:\/\/www.chg.at\/en\/wp-json\/wp\/v2\/media?parent=23975"}],"wp:term":[{"taxonomy":"category","embeddable":true,"href":"https:\/\/www.chg.at\/en\/wp-json\/wp\/v2\/categories?post=23975"},{"taxonomy":"post_tag","embeddable":true,"href":"https:\/\/www.chg.at\/en\/wp-json\/wp\/v2\/tags?post=23975"}],"curies":[{"name":"wp","href":"https:\/\/api.w.org\/{rel}","templated":true}]}}