{"id":24857,"date":"2024-03-08T17:08:07","date_gmt":"2024-03-08T16:08:07","guid":{"rendered":"https:\/\/www.chg.at\/?p=24857"},"modified":"2024-05-29T17:08:43","modified_gmt":"2024-05-29T15:08:43","slug":"wettbewerbsrecht-am-punkt","status":"publish","type":"post","link":"https:\/\/www.chg.at\/en\/wettbewerbsrecht-am-punkt\/","title":{"rendered":"Wettbewerbsrecht am Punkt"},"content":{"rendered":"<style type=\"text\/css\"> \n#cmsmasters_row_69f29f7d727a82_39499514 .cmsmasters_row_outer_parent { \n\tpadding-top: 30px; \n} \n\n#cmsmasters_row_69f29f7d727a82_39499514 .cmsmasters_row_outer_parent { \n\tpadding-bottom: 30px; \n} \n\n \n#cmsmasters_divider_69f29f7d72ac77_13471653 { \n\tborder-bottom-width:1px; \n\tborder-bottom-style:solid; \n\tpadding-top:50px; \n\tmargin-bottom:50px; \n} \n<\/style><div id=\"cmsmasters_row_69f29f7d727a82_39499514\" class=\"cmsmasters_row cmsmasters_color_scheme_default cmsmasters_row_top_default cmsmasters_row_bot_default cmsmasters_row_boxed\">\n<div class=\"cmsmasters_row_outer_parent\">\n<div class=\"cmsmasters_row_outer\">\n<div class=\"cmsmasters_row_inner\">\n<div class=\"cmsmasters_row_margin\">\n<div class=\"cmsmasters_column one_first\">\n<div class=\"cmsmasters_text\">\n<h1><span lang=\"DE\" style=\"color: #d43555;\">Wettbewerbsrecht am Punkt<\/span><\/h1>\n<p>Am Donnerstag, 7. M\u00e4rz 2024 fand die \u00e4u\u00dferst erfolgreiche Fortsetzung des Formats \u201eWettbewerbsrecht am Punkt\u201c in den R\u00e4umlichkeiten der Wirtschaftskammer Tirol statt.<\/p>\n<p><a href=\"https:\/\/www.chg.at\/profile\/mag-florian-mueller\/\">Florian M\u00fcller<\/a>, Leiter der Praxisgruppe Business Law, und\u00a0<a href=\"https:\/\/www.chg.at\/profile\/mario-kathrein\/\">Mario Kathrein<\/a>\u00a0beleuchteten praxisnah aus der Unternehmensperspektive die wesentlichen Aspekte des Kartellrechts. Dabei standen unter anderem drohende Geldbu\u00dfen, Schadenersatzanspr\u00fcche und Hausdurchsuchungen bei Kartellrechtsverst\u00f6\u00dfen im Fokus. Anhand von anschaulichen Praxisbeispielen wurden die Themen vertieft.<\/p>\n<p>Im Anschluss an den Vortrag genossen die Teilnehmer:Innen Drinks, Live-Musik und k\u00f6stliche H\u00e4ppchen. Die Veranstaltung, die in Zusammenarbeit mit der Wirtschaftskammer Tirol und dem Linde Verlag organisiert wurde, stie\u00df auf gro\u00dfes Interesse.<\/p>\n<p>Aufgrund der starken Nachfrage wird die Veranstaltung am\u00a0<strong>23. April um\u00a0<\/strong><strong>18:00 Uhr<\/strong>\u00a0erneut stattfinden. N\u00fctzen Sie die Chance und melden Sie sich am besten gleich unter\u00a0<a href=\"mailto:rechtsabteilung@wktirol.at\">rechtsabteilung@wktirol.at<\/a>\u00a0an \u2013 die Teilnahme ist kostenlos.<\/p>\n<p>&nbsp;<\/p>\n<p>&nbsp;<\/p>\n<p>Foto (v.l.n.r.): Florian M\u00fcller(CHG), Sarah Thaller (WKO), Zelimkhan Tungoev (WKO), Catharina Jahn (WKO), Mario Kathrein (CHG)<\/p>\n<\/div>\n\n<div id=\"cmsmasters_divider_69f29f7d72ac77_13471653\" class=\"cmsmasters_divider cmsmasters_divider_width_long cmsmasters_divider_pos_center\"><\/div>\n<\/div>\n<\/div>\n<\/div>\n<\/div>\n<\/div>\n<\/div>\n\n","protected":false},"excerpt":{"rendered":"<p>Am Donnerstag, 7. M\u00e4rz 2024 fand die \u00e4u\u00dferst erfolgreiche Fortsetzung des Formats &#8220;Wettbewerbsrecht am Punkt&#8221; in den R\u00e4umlichkeiten der Wirtschaftskammer Tirol statt.<\/p>\n","protected":false},"author":16,"featured_media":24400,"comment_status":"closed","ping_status":"open","sticky":false,"template":"","format":"image","meta":{"inline_featured_image":false},"categories":[101,8,9,33],"tags":[],"yoast_head":"<!-- This site is optimized with the Yoast SEO plugin v19.8 - https:\/\/yoast.com\/wordpress\/plugins\/seo\/ -->\n<title>Wettbewerbsrecht am Punkt<\/title>\n<meta name=\"description\" content=\"Am Donnerstag, 7. M\u00e4rz 2024 fand die \u00e4u\u00dferst erfolgreiche Fortsetzung des Formats &quot;Wettbewerbsrecht am Punkt&quot; in den R\u00e4umlichkeiten der Wirtschaftskammer Tirol statt.\" \/>\n<meta name=\"robots\" content=\"index, follow, max-snippet:-1, max-image-preview:large, max-video-preview:-1\" \/>\n<link rel=\"canonical\" href=\"https:\/\/www.chg.at\/en\/wettbewerbsrecht-am-punkt\/\" \/>\n<meta property=\"og:locale\" content=\"en_US\" \/>\n<meta property=\"og:type\" content=\"article\" \/>\n<meta property=\"og:title\" content=\"CHG\" \/>\n<meta property=\"og:description\" content=\"CHG\" \/>\n<meta property=\"og:url\" content=\"https:\/\/www.chg.at\/en\/wettbewerbsrecht-am-punkt\/\" \/>\n<meta property=\"og:site_name\" content=\"CHG Czernich Rechtsanw\u00e4lte \u2013 Wir bewegen Wirtschaft\" \/>\n<meta property=\"article:published_time\" content=\"2024-03-08T16:08:07+00:00\" \/>\n<meta property=\"article:modified_time\" content=\"2024-05-29T15:08:43+00:00\" \/>\n<meta property=\"og:image\" content=\"https:\/\/www.chg.at\/wp-content\/uploads\/2024\/03\/VA_KartellrechtsverstoesseNr.3_7.3.24._c_WKT-scaled.jpg\" \/>\n\t<meta property=\"og:image:width\" content=\"2560\" \/>\n\t<meta property=\"og:image:height\" content=\"1707\" \/>\n\t<meta property=\"og:image:type\" content=\"image\/jpeg\" \/>\n<meta name=\"author\" content=\"Selina Reichholf\" \/>\n<meta name=\"twitter:card\" content=\"summary_large_image\" \/>\n<meta name=\"twitter:label1\" content=\"Written by\" \/>\n\t<meta name=\"twitter:data1\" content=\"Selina Reichholf\" \/>\n\t<meta name=\"twitter:label2\" content=\"Est. reading time\" \/>\n\t<meta name=\"twitter:data2\" content=\"1 minute\" \/>\n<script type=\"application\/ld+json\" class=\"yoast-schema-graph\">{\"@context\":\"https:\/\/schema.org\",\"@graph\":[{\"@type\":\"Article\",\"@id\":\"https:\/\/www.chg.at\/en\/wettbewerbsrecht-am-punkt\/#article\",\"isPartOf\":{\"@id\":\"https:\/\/www.chg.at\/en\/wettbewerbsrecht-am-punkt\/\"},\"author\":{\"name\":\"Selina Reichholf\",\"@id\":\"https:\/\/www.chg.at\/en\/#\/schema\/person\/1a03a341ca78135e646a1e10d229c9f5\"},\"headline\":\"Wettbewerbsrecht am Punkt\",\"datePublished\":\"2024-03-08T16:08:07+00:00\",\"dateModified\":\"2024-05-29T15:08:43+00:00\",\"mainEntityOfPage\":{\"@id\":\"https:\/\/www.chg.at\/en\/wettbewerbsrecht-am-punkt\/\"},\"wordCount\":218,\"publisher\":{\"@id\":\"https:\/\/www.chg.at\/en\/#organization\"},\"articleSection\":[\"Business Law \/ Wirtschaftsrecht\",\"CHG News\",\"Kanzlei\",\"Veranstaltung\"],\"inLanguage\":\"en-US\"},{\"@type\":\"WebPage\",\"@id\":\"https:\/\/www.chg.at\/en\/wettbewerbsrecht-am-punkt\/\",\"url\":\"https:\/\/www.chg.at\/en\/wettbewerbsrecht-am-punkt\/\",\"name\":\"Wettbewerbsrecht am Punkt\",\"isPartOf\":{\"@id\":\"https:\/\/www.chg.at\/en\/#website\"},\"datePublished\":\"2024-03-08T16:08:07+00:00\",\"dateModified\":\"2024-05-29T15:08:43+00:00\",\"description\":\"Am Donnerstag, 7. M\u00e4rz 2024 fand die \u00e4u\u00dferst erfolgreiche Fortsetzung des Formats \\\"Wettbewerbsrecht am Punkt\\\" in den R\u00e4umlichkeiten der Wirtschaftskammer Tirol statt.\",\"breadcrumb\":{\"@id\":\"https:\/\/www.chg.at\/en\/wettbewerbsrecht-am-punkt\/#breadcrumb\"},\"inLanguage\":\"en-US\",\"potentialAction\":[{\"@type\":\"ReadAction\",\"target\":[\"https:\/\/www.chg.at\/en\/wettbewerbsrecht-am-punkt\/\"]}]},{\"@type\":\"BreadcrumbList\",\"@id\":\"https:\/\/www.chg.at\/en\/wettbewerbsrecht-am-punkt\/#breadcrumb\",\"itemListElement\":[{\"@type\":\"ListItem\",\"position\":1,\"name\":\"Startseite\",\"item\":\"https:\/\/www.chg.at\/en\/\"},{\"@type\":\"ListItem\",\"position\":2,\"name\":\"Wettbewerbsrecht am Punkt\"}]},{\"@type\":\"WebSite\",\"@id\":\"https:\/\/www.chg.at\/en\/#website\",\"url\":\"https:\/\/www.chg.at\/en\/\",\"name\":\"CHG Czernich Rechtsanw\u00e4lte \u2013 Wir bewegen Wirtschaft\",\"description\":\"Wir sorgen f\u00fcr Klarheit, wenn es rechtlich kompliziert wird. In jeder Phase Ihrer Unternehmungen. Sie ergreifen die Chancen. Wir verwandeln Risiken in L\u00f6sungen.\",\"publisher\":{\"@id\":\"https:\/\/www.chg.at\/en\/#organization\"},\"potentialAction\":[{\"@type\":\"SearchAction\",\"target\":{\"@type\":\"EntryPoint\",\"urlTemplate\":\"https:\/\/www.chg.at\/en\/?s={search_term_string}\"},\"query-input\":\"required name=search_term_string\"}],\"inLanguage\":\"en-US\"},{\"@type\":\"Organization\",\"@id\":\"https:\/\/www.chg.at\/en\/#organization\",\"name\":\"CHG Czernich Rechtsanw\u00e4lte\",\"url\":\"https:\/\/www.chg.at\/en\/\",\"sameAs\":[\"https:\/\/www.linkedin.com\/company\/12773263\/admin\/dashboard\/\"],\"logo\":{\"@type\":\"ImageObject\",\"inLanguage\":\"en-US\",\"@id\":\"https:\/\/www.chg.at\/en\/#\/schema\/logo\/image\/\",\"url\":\"https:\/\/www.chg.at\/wp-content\/uploads\/2016\/08\/CHG_logo_250_1.png\",\"contentUrl\":\"https:\/\/www.chg.at\/wp-content\/uploads\/2016\/08\/CHG_logo_250_1.png\",\"width\":250,\"height\":33,\"caption\":\"CHG Czernich Rechtsanw\u00e4lte\"},\"image\":{\"@id\":\"https:\/\/www.chg.at\/en\/#\/schema\/logo\/image\/\"}},{\"@type\":\"Person\",\"@id\":\"https:\/\/www.chg.at\/en\/#\/schema\/person\/1a03a341ca78135e646a1e10d229c9f5\",\"name\":\"Selina Reichholf\"}]}<\/script>\n<!-- \/ Yoast SEO plugin. -->","yoast_head_json":{"title":"Wettbewerbsrecht am Punkt","description":"Am Donnerstag, 7. M\u00e4rz 2024 fand die \u00e4u\u00dferst erfolgreiche Fortsetzung des Formats \"Wettbewerbsrecht am Punkt\" in den R\u00e4umlichkeiten der Wirtschaftskammer Tirol statt.","robots":{"index":"index","follow":"follow","max-snippet":"max-snippet:-1","max-image-preview":"max-image-preview:large","max-video-preview":"max-video-preview:-1"},"canonical":"https:\/\/www.chg.at\/en\/wettbewerbsrecht-am-punkt\/","og_locale":"en_US","og_type":"article","og_title":"CHG","og_description":"CHG","og_url":"https:\/\/www.chg.at\/en\/wettbewerbsrecht-am-punkt\/","og_site_name":"CHG Czernich Rechtsanw\u00e4lte \u2013 Wir bewegen Wirtschaft","article_published_time":"2024-03-08T16:08:07+00:00","article_modified_time":"2024-05-29T15:08:43+00:00","og_image":[{"width":2560,"height":1707,"url":"https:\/\/www.chg.at\/wp-content\/uploads\/2024\/03\/VA_KartellrechtsverstoesseNr.3_7.3.24._c_WKT-scaled.jpg","type":"image\/jpeg"}],"author":"Selina Reichholf","twitter_card":"summary_large_image","twitter_misc":{"Written by":"Selina Reichholf","Est. reading time":"1 minute"},"schema":{"@context":"https:\/\/schema.org","@graph":[{"@type":"Article","@id":"https:\/\/www.chg.at\/en\/wettbewerbsrecht-am-punkt\/#article","isPartOf":{"@id":"https:\/\/www.chg.at\/en\/wettbewerbsrecht-am-punkt\/"},"author":{"name":"Selina Reichholf","@id":"https:\/\/www.chg.at\/en\/#\/schema\/person\/1a03a341ca78135e646a1e10d229c9f5"},"headline":"Wettbewerbsrecht am Punkt","datePublished":"2024-03-08T16:08:07+00:00","dateModified":"2024-05-29T15:08:43+00:00","mainEntityOfPage":{"@id":"https:\/\/www.chg.at\/en\/wettbewerbsrecht-am-punkt\/"},"wordCount":218,"publisher":{"@id":"https:\/\/www.chg.at\/en\/#organization"},"articleSection":["Business Law \/ Wirtschaftsrecht","CHG News","Kanzlei","Veranstaltung"],"inLanguage":"en-US"},{"@type":"WebPage","@id":"https:\/\/www.chg.at\/en\/wettbewerbsrecht-am-punkt\/","url":"https:\/\/www.chg.at\/en\/wettbewerbsrecht-am-punkt\/","name":"Wettbewerbsrecht am Punkt","isPartOf":{"@id":"https:\/\/www.chg.at\/en\/#website"},"datePublished":"2024-03-08T16:08:07+00:00","dateModified":"2024-05-29T15:08:43+00:00","description":"Am Donnerstag, 7. M\u00e4rz 2024 fand die \u00e4u\u00dferst erfolgreiche Fortsetzung des Formats \"Wettbewerbsrecht am Punkt\" in den R\u00e4umlichkeiten der Wirtschaftskammer Tirol statt.","breadcrumb":{"@id":"https:\/\/www.chg.at\/en\/wettbewerbsrecht-am-punkt\/#breadcrumb"},"inLanguage":"en-US","potentialAction":[{"@type":"ReadAction","target":["https:\/\/www.chg.at\/en\/wettbewerbsrecht-am-punkt\/"]}]},{"@type":"BreadcrumbList","@id":"https:\/\/www.chg.at\/en\/wettbewerbsrecht-am-punkt\/#breadcrumb","itemListElement":[{"@type":"ListItem","position":1,"name":"Startseite","item":"https:\/\/www.chg.at\/en\/"},{"@type":"ListItem","position":2,"name":"Wettbewerbsrecht am Punkt"}]},{"@type":"WebSite","@id":"https:\/\/www.chg.at\/en\/#website","url":"https:\/\/www.chg.at\/en\/","name":"CHG Czernich Rechtsanw\u00e4lte \u2013 Wir bewegen Wirtschaft","description":"Wir sorgen f\u00fcr Klarheit, wenn es rechtlich kompliziert wird. In jeder Phase Ihrer Unternehmungen. Sie ergreifen die Chancen. Wir verwandeln Risiken in L\u00f6sungen.","publisher":{"@id":"https:\/\/www.chg.at\/en\/#organization"},"potentialAction":[{"@type":"SearchAction","target":{"@type":"EntryPoint","urlTemplate":"https:\/\/www.chg.at\/en\/?s={search_term_string}"},"query-input":"required name=search_term_string"}],"inLanguage":"en-US"},{"@type":"Organization","@id":"https:\/\/www.chg.at\/en\/#organization","name":"CHG Czernich Rechtsanw\u00e4lte","url":"https:\/\/www.chg.at\/en\/","sameAs":["https:\/\/www.linkedin.com\/company\/12773263\/admin\/dashboard\/"],"logo":{"@type":"ImageObject","inLanguage":"en-US","@id":"https:\/\/www.chg.at\/en\/#\/schema\/logo\/image\/","url":"https:\/\/www.chg.at\/wp-content\/uploads\/2016\/08\/CHG_logo_250_1.png","contentUrl":"https:\/\/www.chg.at\/wp-content\/uploads\/2016\/08\/CHG_logo_250_1.png","width":250,"height":33,"caption":"CHG Czernich Rechtsanw\u00e4lte"},"image":{"@id":"https:\/\/www.chg.at\/en\/#\/schema\/logo\/image\/"}},{"@type":"Person","@id":"https:\/\/www.chg.at\/en\/#\/schema\/person\/1a03a341ca78135e646a1e10d229c9f5","name":"Selina Reichholf"}]}},"_links":{"self":[{"href":"https:\/\/www.chg.at\/en\/wp-json\/wp\/v2\/posts\/24857"}],"collection":[{"href":"https:\/\/www.chg.at\/en\/wp-json\/wp\/v2\/posts"}],"about":[{"href":"https:\/\/www.chg.at\/en\/wp-json\/wp\/v2\/types\/post"}],"author":[{"embeddable":true,"href":"https:\/\/www.chg.at\/en\/wp-json\/wp\/v2\/users\/16"}],"replies":[{"embeddable":true,"href":"https:\/\/www.chg.at\/en\/wp-json\/wp\/v2\/comments?post=24857"}],"version-history":[{"count":2,"href":"https:\/\/www.chg.at\/en\/wp-json\/wp\/v2\/posts\/24857\/revisions"}],"predecessor-version":[{"id":24859,"href":"https:\/\/www.chg.at\/en\/wp-json\/wp\/v2\/posts\/24857\/revisions\/24859"}],"wp:featuredmedia":[{"embeddable":true,"href":"https:\/\/www.chg.at\/en\/wp-json\/wp\/v2\/media\/24400"}],"wp:attachment":[{"href":"https:\/\/www.chg.at\/en\/wp-json\/wp\/v2\/media?parent=24857"}],"wp:term":[{"taxonomy":"category","embeddable":true,"href":"https:\/\/www.chg.at\/en\/wp-json\/wp\/v2\/categories?post=24857"},{"taxonomy":"post_tag","embeddable":true,"href":"https:\/\/www.chg.at\/en\/wp-json\/wp\/v2\/tags?post=24857"}],"curies":[{"name":"wp","href":"https:\/\/api.w.org\/{rel}","templated":true}]}}