{"id":24880,"date":"2022-09-08T12:33:07","date_gmt":"2022-09-08T10:33:07","guid":{"rendered":"https:\/\/www.chg.at\/?p=24880"},"modified":"2024-06-03T12:46:07","modified_gmt":"2024-06-03T10:46:07","slug":"chg-begruesst-zwei-neue-praktikantinnen-2","status":"publish","type":"post","link":"https:\/\/www.chg.at\/en\/chg-begruesst-zwei-neue-praktikantinnen-2\/","title":{"rendered":"CHG begr\u00fc\u00dft zwei neue Praktikant:innen"},"content":{"rendered":"<style type=\"text\/css\"> \n#cmsmasters_row_69f1b7ce27e553_75130118 .cmsmasters_row_outer_parent { \n\tpadding-top: 30px; \n} \n\n#cmsmasters_row_69f1b7ce27e553_75130118 .cmsmasters_row_outer_parent { \n\tpadding-bottom: 30px; \n} \n\n \n#cmsmasters_divider_69f1b7ce27fd13_07402418 { \n\tborder-bottom-width:1px; \n\tborder-bottom-style:solid; \n\tpadding-top:50px; \n\tmargin-bottom:50px; \n} \n<\/style><div id=\"cmsmasters_row_69f1b7ce27e553_75130118\" class=\"cmsmasters_row cmsmasters_color_scheme_default cmsmasters_row_top_default cmsmasters_row_bot_default cmsmasters_row_boxed\">\n<div class=\"cmsmasters_row_outer_parent\">\n<div class=\"cmsmasters_row_outer\">\n<div class=\"cmsmasters_row_inner\">\n<div class=\"cmsmasters_row_margin\">\n<div class=\"cmsmasters_column one_first\">\n<div class=\"cmsmasters_text\">\n<h1><span lang=\"DE\" style=\"color: #d43555;\">Welcome on Board: Raphael &amp; Alina!<\/span><\/h1>\n<p><strong>Raphael Wibmer<\/strong>\u00a0studiert in Innsbruck Rechtswissenschaften und freut sich seine Erfahrungen, die er im Studium und Beruf als technischer Mitarbeiter eines Architekturb\u00fcros gesammelt hat, nun im Alltag einer Wirtschaftskanzlei zu testen. F\u00fcr die n\u00e4chsten Wochen erhofft er sich m\u00f6glichst viel zu lernen und Eindr\u00fccke des Kanzleilebens zu sammeln.<\/p>\n<p>&nbsp;<\/p>\n<p><strong>Alina Schiestl<\/strong>\u00a0befindet sich derzeit am Beginn des 3. Abschnitts ihres Studiums der Rechtswissenschaften. Sie freut sich darauf einen Einblick in den Alltag einer Kanzlei zu bekommen und Bereiche, die sie bereits als technische Zeichnerin kennenlernen durfte, nun auch von der rechtlichen Seite betrachten zu k\u00f6nnen. Das Praktikum bei CHG Czernich Rechtsanw\u00e4lte sieht ich als M\u00f6glichkeit herauszufinden in welchem Bereich sie nach ihrem Studium t\u00e4tig werden m\u00f6chte.<\/p>\n<p>&nbsp;<\/p>\n<p>Wir hei\u00dfen Raphael und Alina herzlich willkommen in unserem CHG-Team. Auf beide warten spannende 4 Wochen und viele Einblicke in unserer Kanzlei!<\/p>\n<\/div>\n\n<div id=\"cmsmasters_divider_69f1b7ce27fd13_07402418\" class=\"cmsmasters_divider cmsmasters_divider_width_long cmsmasters_divider_pos_center\"><\/div>\n<\/div>\n<\/div>\n<\/div>\n<\/div>\n<\/div>\n<\/div>\n\n","protected":false},"excerpt":{"rendered":"<p>CHG begr\u00fc\u00dft im September zwei neue Praktikant:innen.<\/p>\n","protected":false},"author":16,"featured_media":20284,"comment_status":"closed","ping_status":"open","sticky":false,"template":"","format":"image","meta":{"inline_featured_image":false},"categories":[8,9,62],"tags":[],"yoast_head":"<!-- This site is optimized with the Yoast SEO plugin v19.8 - https:\/\/yoast.com\/wordpress\/plugins\/seo\/ -->\n<title>CHG begr\u00fc\u00dft zwei neue Praktikant:innen<\/title>\n<meta name=\"description\" content=\"CHG begr\u00fc\u00dft im September zwei neue Praktikant:innen.\" \/>\n<meta name=\"robots\" content=\"index, follow, max-snippet:-1, max-image-preview:large, max-video-preview:-1\" \/>\n<link rel=\"canonical\" href=\"https:\/\/www.chg.at\/en\/chg-begruesst-zwei-neue-praktikantinnen-2\/\" \/>\n<meta property=\"og:locale\" content=\"en_US\" \/>\n<meta property=\"og:type\" content=\"article\" \/>\n<meta property=\"og:title\" content=\"CHG\" \/>\n<meta property=\"og:description\" content=\"CHG\" \/>\n<meta property=\"og:url\" content=\"https:\/\/www.chg.at\/en\/chg-begruesst-zwei-neue-praktikantinnen-2\/\" \/>\n<meta property=\"og:site_name\" content=\"CHG Czernich Rechtsanw\u00e4lte \u2013 Wir bewegen Wirtschaft\" \/>\n<meta property=\"article:published_time\" content=\"2022-09-08T10:33:07+00:00\" \/>\n<meta property=\"article:modified_time\" content=\"2024-06-03T10:46:07+00:00\" \/>\n<meta property=\"og:image\" content=\"https:\/\/www.chg.at\/wp-content\/uploads\/2022\/09\/Praktikantinnen_September22-neu-scaled.jpg\" \/>\n\t<meta property=\"og:image:width\" content=\"2560\" \/>\n\t<meta property=\"og:image:height\" content=\"1513\" \/>\n\t<meta property=\"og:image:type\" content=\"image\/jpeg\" \/>\n<meta name=\"author\" content=\"Selina Reichholf\" \/>\n<meta name=\"twitter:card\" content=\"summary_large_image\" \/>\n<meta name=\"twitter:label1\" content=\"Written by\" \/>\n\t<meta name=\"twitter:data1\" content=\"Selina Reichholf\" \/>\n\t<meta name=\"twitter:label2\" content=\"Est. reading time\" \/>\n\t<meta name=\"twitter:data2\" content=\"1 minute\" \/>\n<script type=\"application\/ld+json\" class=\"yoast-schema-graph\">{\"@context\":\"https:\/\/schema.org\",\"@graph\":[{\"@type\":\"Article\",\"@id\":\"https:\/\/www.chg.at\/en\/chg-begruesst-zwei-neue-praktikantinnen-2\/#article\",\"isPartOf\":{\"@id\":\"https:\/\/www.chg.at\/en\/chg-begruesst-zwei-neue-praktikantinnen-2\/\"},\"author\":{\"name\":\"Selina Reichholf\",\"@id\":\"https:\/\/www.chg.at\/en\/#\/schema\/person\/1a03a341ca78135e646a1e10d229c9f5\"},\"headline\":\"CHG begr\u00fc\u00dft zwei neue Praktikant:innen\",\"datePublished\":\"2022-09-08T10:33:07+00:00\",\"dateModified\":\"2024-06-03T10:46:07+00:00\",\"mainEntityOfPage\":{\"@id\":\"https:\/\/www.chg.at\/en\/chg-begruesst-zwei-neue-praktikantinnen-2\/\"},\"wordCount\":212,\"publisher\":{\"@id\":\"https:\/\/www.chg.at\/en\/#organization\"},\"articleSection\":[\"CHG News\",\"Kanzlei\",\"Karriere\"],\"inLanguage\":\"en-US\"},{\"@type\":\"WebPage\",\"@id\":\"https:\/\/www.chg.at\/en\/chg-begruesst-zwei-neue-praktikantinnen-2\/\",\"url\":\"https:\/\/www.chg.at\/en\/chg-begruesst-zwei-neue-praktikantinnen-2\/\",\"name\":\"CHG begr\u00fc\u00dft zwei neue Praktikant:innen\",\"isPartOf\":{\"@id\":\"https:\/\/www.chg.at\/en\/#website\"},\"datePublished\":\"2022-09-08T10:33:07+00:00\",\"dateModified\":\"2024-06-03T10:46:07+00:00\",\"description\":\"CHG begr\u00fc\u00dft im September zwei neue Praktikant:innen.\",\"breadcrumb\":{\"@id\":\"https:\/\/www.chg.at\/en\/chg-begruesst-zwei-neue-praktikantinnen-2\/#breadcrumb\"},\"inLanguage\":\"en-US\",\"potentialAction\":[{\"@type\":\"ReadAction\",\"target\":[\"https:\/\/www.chg.at\/en\/chg-begruesst-zwei-neue-praktikantinnen-2\/\"]}]},{\"@type\":\"BreadcrumbList\",\"@id\":\"https:\/\/www.chg.at\/en\/chg-begruesst-zwei-neue-praktikantinnen-2\/#breadcrumb\",\"itemListElement\":[{\"@type\":\"ListItem\",\"position\":1,\"name\":\"Startseite\",\"item\":\"https:\/\/www.chg.at\/en\/\"},{\"@type\":\"ListItem\",\"position\":2,\"name\":\"CHG begr\u00fc\u00dft zwei neue Praktikant:innen\"}]},{\"@type\":\"WebSite\",\"@id\":\"https:\/\/www.chg.at\/en\/#website\",\"url\":\"https:\/\/www.chg.at\/en\/\",\"name\":\"CHG Czernich Rechtsanw\u00e4lte \u2013 Wir bewegen Wirtschaft\",\"description\":\"Wir sorgen f\u00fcr Klarheit, wenn es rechtlich kompliziert wird. In jeder Phase Ihrer Unternehmungen. Sie ergreifen die Chancen. Wir verwandeln Risiken in L\u00f6sungen.\",\"publisher\":{\"@id\":\"https:\/\/www.chg.at\/en\/#organization\"},\"potentialAction\":[{\"@type\":\"SearchAction\",\"target\":{\"@type\":\"EntryPoint\",\"urlTemplate\":\"https:\/\/www.chg.at\/en\/?s={search_term_string}\"},\"query-input\":\"required name=search_term_string\"}],\"inLanguage\":\"en-US\"},{\"@type\":\"Organization\",\"@id\":\"https:\/\/www.chg.at\/en\/#organization\",\"name\":\"CHG Czernich Rechtsanw\u00e4lte\",\"url\":\"https:\/\/www.chg.at\/en\/\",\"sameAs\":[\"https:\/\/www.linkedin.com\/company\/12773263\/admin\/dashboard\/\"],\"logo\":{\"@type\":\"ImageObject\",\"inLanguage\":\"en-US\",\"@id\":\"https:\/\/www.chg.at\/en\/#\/schema\/logo\/image\/\",\"url\":\"https:\/\/www.chg.at\/wp-content\/uploads\/2016\/08\/CHG_logo_250_1.png\",\"contentUrl\":\"https:\/\/www.chg.at\/wp-content\/uploads\/2016\/08\/CHG_logo_250_1.png\",\"width\":250,\"height\":33,\"caption\":\"CHG Czernich Rechtsanw\u00e4lte\"},\"image\":{\"@id\":\"https:\/\/www.chg.at\/en\/#\/schema\/logo\/image\/\"}},{\"@type\":\"Person\",\"@id\":\"https:\/\/www.chg.at\/en\/#\/schema\/person\/1a03a341ca78135e646a1e10d229c9f5\",\"name\":\"Selina Reichholf\"}]}<\/script>\n<!-- \/ Yoast SEO plugin. -->","yoast_head_json":{"title":"CHG begr\u00fc\u00dft zwei neue Praktikant:innen","description":"CHG begr\u00fc\u00dft im September zwei neue Praktikant:innen.","robots":{"index":"index","follow":"follow","max-snippet":"max-snippet:-1","max-image-preview":"max-image-preview:large","max-video-preview":"max-video-preview:-1"},"canonical":"https:\/\/www.chg.at\/en\/chg-begruesst-zwei-neue-praktikantinnen-2\/","og_locale":"en_US","og_type":"article","og_title":"CHG","og_description":"CHG","og_url":"https:\/\/www.chg.at\/en\/chg-begruesst-zwei-neue-praktikantinnen-2\/","og_site_name":"CHG Czernich Rechtsanw\u00e4lte \u2013 Wir bewegen Wirtschaft","article_published_time":"2022-09-08T10:33:07+00:00","article_modified_time":"2024-06-03T10:46:07+00:00","og_image":[{"width":2560,"height":1513,"url":"https:\/\/www.chg.at\/wp-content\/uploads\/2022\/09\/Praktikantinnen_September22-neu-scaled.jpg","type":"image\/jpeg"}],"author":"Selina Reichholf","twitter_card":"summary_large_image","twitter_misc":{"Written by":"Selina Reichholf","Est. reading time":"1 minute"},"schema":{"@context":"https:\/\/schema.org","@graph":[{"@type":"Article","@id":"https:\/\/www.chg.at\/en\/chg-begruesst-zwei-neue-praktikantinnen-2\/#article","isPartOf":{"@id":"https:\/\/www.chg.at\/en\/chg-begruesst-zwei-neue-praktikantinnen-2\/"},"author":{"name":"Selina Reichholf","@id":"https:\/\/www.chg.at\/en\/#\/schema\/person\/1a03a341ca78135e646a1e10d229c9f5"},"headline":"CHG begr\u00fc\u00dft zwei neue Praktikant:innen","datePublished":"2022-09-08T10:33:07+00:00","dateModified":"2024-06-03T10:46:07+00:00","mainEntityOfPage":{"@id":"https:\/\/www.chg.at\/en\/chg-begruesst-zwei-neue-praktikantinnen-2\/"},"wordCount":212,"publisher":{"@id":"https:\/\/www.chg.at\/en\/#organization"},"articleSection":["CHG News","Kanzlei","Karriere"],"inLanguage":"en-US"},{"@type":"WebPage","@id":"https:\/\/www.chg.at\/en\/chg-begruesst-zwei-neue-praktikantinnen-2\/","url":"https:\/\/www.chg.at\/en\/chg-begruesst-zwei-neue-praktikantinnen-2\/","name":"CHG begr\u00fc\u00dft zwei neue Praktikant:innen","isPartOf":{"@id":"https:\/\/www.chg.at\/en\/#website"},"datePublished":"2022-09-08T10:33:07+00:00","dateModified":"2024-06-03T10:46:07+00:00","description":"CHG begr\u00fc\u00dft im September zwei neue Praktikant:innen.","breadcrumb":{"@id":"https:\/\/www.chg.at\/en\/chg-begruesst-zwei-neue-praktikantinnen-2\/#breadcrumb"},"inLanguage":"en-US","potentialAction":[{"@type":"ReadAction","target":["https:\/\/www.chg.at\/en\/chg-begruesst-zwei-neue-praktikantinnen-2\/"]}]},{"@type":"BreadcrumbList","@id":"https:\/\/www.chg.at\/en\/chg-begruesst-zwei-neue-praktikantinnen-2\/#breadcrumb","itemListElement":[{"@type":"ListItem","position":1,"name":"Startseite","item":"https:\/\/www.chg.at\/en\/"},{"@type":"ListItem","position":2,"name":"CHG begr\u00fc\u00dft zwei neue Praktikant:innen"}]},{"@type":"WebSite","@id":"https:\/\/www.chg.at\/en\/#website","url":"https:\/\/www.chg.at\/en\/","name":"CHG Czernich Rechtsanw\u00e4lte \u2013 Wir bewegen Wirtschaft","description":"Wir sorgen f\u00fcr Klarheit, wenn es rechtlich kompliziert wird. In jeder Phase Ihrer Unternehmungen. Sie ergreifen die Chancen. Wir verwandeln Risiken in L\u00f6sungen.","publisher":{"@id":"https:\/\/www.chg.at\/en\/#organization"},"potentialAction":[{"@type":"SearchAction","target":{"@type":"EntryPoint","urlTemplate":"https:\/\/www.chg.at\/en\/?s={search_term_string}"},"query-input":"required name=search_term_string"}],"inLanguage":"en-US"},{"@type":"Organization","@id":"https:\/\/www.chg.at\/en\/#organization","name":"CHG Czernich Rechtsanw\u00e4lte","url":"https:\/\/www.chg.at\/en\/","sameAs":["https:\/\/www.linkedin.com\/company\/12773263\/admin\/dashboard\/"],"logo":{"@type":"ImageObject","inLanguage":"en-US","@id":"https:\/\/www.chg.at\/en\/#\/schema\/logo\/image\/","url":"https:\/\/www.chg.at\/wp-content\/uploads\/2016\/08\/CHG_logo_250_1.png","contentUrl":"https:\/\/www.chg.at\/wp-content\/uploads\/2016\/08\/CHG_logo_250_1.png","width":250,"height":33,"caption":"CHG Czernich Rechtsanw\u00e4lte"},"image":{"@id":"https:\/\/www.chg.at\/en\/#\/schema\/logo\/image\/"}},{"@type":"Person","@id":"https:\/\/www.chg.at\/en\/#\/schema\/person\/1a03a341ca78135e646a1e10d229c9f5","name":"Selina Reichholf"}]}},"_links":{"self":[{"href":"https:\/\/www.chg.at\/en\/wp-json\/wp\/v2\/posts\/24880"}],"collection":[{"href":"https:\/\/www.chg.at\/en\/wp-json\/wp\/v2\/posts"}],"about":[{"href":"https:\/\/www.chg.at\/en\/wp-json\/wp\/v2\/types\/post"}],"author":[{"embeddable":true,"href":"https:\/\/www.chg.at\/en\/wp-json\/wp\/v2\/users\/16"}],"replies":[{"embeddable":true,"href":"https:\/\/www.chg.at\/en\/wp-json\/wp\/v2\/comments?post=24880"}],"version-history":[{"count":2,"href":"https:\/\/www.chg.at\/en\/wp-json\/wp\/v2\/posts\/24880\/revisions"}],"predecessor-version":[{"id":24886,"href":"https:\/\/www.chg.at\/en\/wp-json\/wp\/v2\/posts\/24880\/revisions\/24886"}],"wp:featuredmedia":[{"embeddable":true,"href":"https:\/\/www.chg.at\/en\/wp-json\/wp\/v2\/media\/20284"}],"wp:attachment":[{"href":"https:\/\/www.chg.at\/en\/wp-json\/wp\/v2\/media?parent=24880"}],"wp:term":[{"taxonomy":"category","embeddable":true,"href":"https:\/\/www.chg.at\/en\/wp-json\/wp\/v2\/categories?post=24880"},{"taxonomy":"post_tag","embeddable":true,"href":"https:\/\/www.chg.at\/en\/wp-json\/wp\/v2\/tags?post=24880"}],"curies":[{"name":"wp","href":"https:\/\/api.w.org\/{rel}","templated":true}]}}