{"id":24882,"date":"2022-08-09T12:43:34","date_gmt":"2022-08-09T10:43:34","guid":{"rendered":"https:\/\/www.chg.at\/?p=24882"},"modified":"2024-06-03T12:47:27","modified_gmt":"2024-06-03T10:47:27","slug":"chg-begruesst-zwei-neue-rechtsanwaltsanwaerterinnen-2","status":"publish","type":"post","link":"https:\/\/www.chg.at\/en\/chg-begruesst-zwei-neue-rechtsanwaltsanwaerterinnen-2\/","title":{"rendered":"CHG begr\u00fc\u00dft zwei neue Rechtsanwaltsanw\u00e4rterinnen!"},"content":{"rendered":"<style type=\"text\/css\"> \n#cmsmasters_row_69f3f2a5d22540_62014116 .cmsmasters_row_outer_parent { \n\tpadding-top: 30px; \n} \n\n#cmsmasters_row_69f3f2a5d22540_62014116 .cmsmasters_row_outer_parent { \n\tpadding-bottom: 30px; \n} \n\n \n#cmsmasters_divider_69f3f2a5d23dc5_12997062 { \n\tborder-bottom-width:1px; \n\tborder-bottom-style:solid; \n\tpadding-top:50px; \n\tmargin-bottom:50px; \n} \n<\/style><div id=\"cmsmasters_row_69f3f2a5d22540_62014116\" class=\"cmsmasters_row cmsmasters_color_scheme_default cmsmasters_row_top_default cmsmasters_row_bot_default cmsmasters_row_boxed\">\n<div class=\"cmsmasters_row_outer_parent\">\n<div class=\"cmsmasters_row_outer\">\n<div class=\"cmsmasters_row_inner\">\n<div class=\"cmsmasters_row_margin\">\n<div class=\"cmsmasters_column one_first\">\n<div class=\"cmsmasters_text\">\n<h1><span lang=\"DE\" style=\"color: #d43555;\">Welcome on Board: G\u00fclsah Yanik und Tanja Mair: unsere zwei neuen Rechtsanwaltsanw\u00e4rterinnen!<\/span><\/h1>\n<p><strong><a href=\"https:\/\/www.chg.at\/profile\/mag-guelsah-yanik\/\">G\u00fclsah Yanik<\/a>\u00a0<\/strong>freut sich, ihre berufliche Laufbahn als Rechtsanwaltsanw\u00e4rterin bei CHG Czernich Rechtsanw\u00e4lte fortzuf\u00fchren<em>. \u201cNun ist es auch f\u00fcr mich so weit, Theorie mit Praxis zu verkn\u00fcpfen\u201c. In diesem Zusammenhang wird mir meine beruflichen Vorerfahrung bestimmt auch eine gro\u00dfe St\u00fctze sein.\u201c<\/em><\/p>\n<p><strong>\u00a0<\/strong><\/p>\n<p><a href=\"https:\/\/www.chg.at\/profile\/tanja-mair\/\"><strong>Tanja Mair<\/strong><\/a>\u00a0freut sich, ihr bereits angeeignetes Wissen aus ihrer bisherigen Zeit als Rechtsanwaltsanw\u00e4rterin nun bei CHG Czernich Rechtsanw\u00e4lte einzubringen und insbesondere weiter zu vertiefen<em>. \u201eIch bin mir sicher, dass mich hier bei CHG Czernich Rechtsanw\u00e4lte eine \u00fcberaus spannende und lehrreiche Zeit erwartet\u201c.<\/em><\/p>\n<p>&nbsp;<\/p>\n<p>G\u00fclsah und Tanja sind am 1.8.2022 gemeinsam gestartet und haben bereits unser CHG-Onboarding-Programm f\u00fcr Rechtsanwaltsanw\u00e4rter:innen erfolgreich durchlaufen. Wir hei\u00dfen die beiden herzlich bei uns im CHG-Team willkommen und w\u00fcnschen ihnen auch auf diesem Weg einen guten Start.<\/p>\n<\/div>\n\n<div id=\"cmsmasters_divider_69f3f2a5d23dc5_12997062\" class=\"cmsmasters_divider cmsmasters_divider_width_long cmsmasters_divider_pos_center\"><\/div>\n<\/div>\n<\/div>\n<\/div>\n<\/div>\n<\/div>\n<\/div>\n\n","protected":false},"excerpt":{"rendered":"<p>CHG begr\u00fc\u00dft zwei neue Rechtsanwaltsanw\u00e4rterinnen: G\u00fclsah Yanik verst\u00e4rkt die Praxisgruppe Business Law und Tanja Mair wird f\u00fcr die Praxisgruppe Immobilien sowie Business t\u00e4tig sein.<\/p>\n","protected":false},"author":16,"featured_media":20206,"comment_status":"closed","ping_status":"open","sticky":false,"template":"","format":"image","meta":{"inline_featured_image":false},"categories":[8,9,62],"tags":[],"yoast_head":"<!-- This site is optimized with the Yoast SEO plugin v19.8 - https:\/\/yoast.com\/wordpress\/plugins\/seo\/ -->\n<title>CHG begr\u00fc\u00dft zwei neuen Rechtsanwaltsanw\u00e4rterinnen!<\/title>\n<meta name=\"description\" content=\"G\u00fclsah Yanik verst\u00e4rkt die Praxisgruppe Business Law und Tanja Mair wird f\u00fcr die Praxisgruppe Immobilien sowie Business t\u00e4tig sein.\" \/>\n<meta name=\"robots\" content=\"index, follow, max-snippet:-1, max-image-preview:large, max-video-preview:-1\" \/>\n<link rel=\"canonical\" href=\"https:\/\/www.chg.at\/en\/chg-begruesst-zwei-neue-rechtsanwaltsanwaerterinnen-2\/\" \/>\n<meta property=\"og:locale\" content=\"en_US\" \/>\n<meta property=\"og:type\" content=\"article\" \/>\n<meta property=\"og:title\" content=\"CHG\" \/>\n<meta property=\"og:description\" content=\"CHG\" \/>\n<meta property=\"og:url\" content=\"https:\/\/www.chg.at\/en\/chg-begruesst-zwei-neue-rechtsanwaltsanwaerterinnen-2\/\" \/>\n<meta property=\"og:site_name\" content=\"CHG Czernich Rechtsanw\u00e4lte \u2013 Wir bewegen Wirtschaft\" \/>\n<meta property=\"article:published_time\" content=\"2022-08-09T10:43:34+00:00\" \/>\n<meta property=\"article:modified_time\" content=\"2024-06-03T10:47:27+00:00\" \/>\n<meta property=\"og:image\" content=\"https:\/\/www.chg.at\/wp-content\/uploads\/2022\/08\/g\u00fclsah_yanik_tanja_mair_neu-scaled.jpg\" \/>\n\t<meta property=\"og:image:width\" content=\"2560\" \/>\n\t<meta property=\"og:image:height\" content=\"1441\" \/>\n\t<meta property=\"og:image:type\" content=\"image\/jpeg\" \/>\n<meta name=\"author\" content=\"Selina Reichholf\" \/>\n<meta name=\"twitter:card\" content=\"summary_large_image\" \/>\n<meta name=\"twitter:label1\" content=\"Written by\" \/>\n\t<meta name=\"twitter:data1\" content=\"Selina Reichholf\" \/>\n\t<meta name=\"twitter:label2\" content=\"Est. reading time\" \/>\n\t<meta name=\"twitter:data2\" content=\"1 minute\" \/>\n<script type=\"application\/ld+json\" class=\"yoast-schema-graph\">{\"@context\":\"https:\/\/schema.org\",\"@graph\":[{\"@type\":\"Article\",\"@id\":\"https:\/\/www.chg.at\/en\/chg-begruesst-zwei-neue-rechtsanwaltsanwaerterinnen-2\/#article\",\"isPartOf\":{\"@id\":\"https:\/\/www.chg.at\/en\/chg-begruesst-zwei-neue-rechtsanwaltsanwaerterinnen-2\/\"},\"author\":{\"name\":\"Selina Reichholf\",\"@id\":\"https:\/\/www.chg.at\/en\/#\/schema\/person\/1a03a341ca78135e646a1e10d229c9f5\"},\"headline\":\"CHG begr\u00fc\u00dft zwei neue Rechtsanwaltsanw\u00e4rterinnen!\",\"datePublished\":\"2022-08-09T10:43:34+00:00\",\"dateModified\":\"2024-06-03T10:47:27+00:00\",\"mainEntityOfPage\":{\"@id\":\"https:\/\/www.chg.at\/en\/chg-begruesst-zwei-neue-rechtsanwaltsanwaerterinnen-2\/\"},\"wordCount\":210,\"publisher\":{\"@id\":\"https:\/\/www.chg.at\/en\/#organization\"},\"articleSection\":[\"CHG News\",\"Kanzlei\",\"Karriere\"],\"inLanguage\":\"en-US\"},{\"@type\":\"WebPage\",\"@id\":\"https:\/\/www.chg.at\/en\/chg-begruesst-zwei-neue-rechtsanwaltsanwaerterinnen-2\/\",\"url\":\"https:\/\/www.chg.at\/en\/chg-begruesst-zwei-neue-rechtsanwaltsanwaerterinnen-2\/\",\"name\":\"CHG begr\u00fc\u00dft zwei neuen Rechtsanwaltsanw\u00e4rterinnen!\",\"isPartOf\":{\"@id\":\"https:\/\/www.chg.at\/en\/#website\"},\"datePublished\":\"2022-08-09T10:43:34+00:00\",\"dateModified\":\"2024-06-03T10:47:27+00:00\",\"description\":\"G\u00fclsah Yanik verst\u00e4rkt die Praxisgruppe Business Law und Tanja Mair wird f\u00fcr die Praxisgruppe Immobilien sowie Business t\u00e4tig sein.\",\"breadcrumb\":{\"@id\":\"https:\/\/www.chg.at\/en\/chg-begruesst-zwei-neue-rechtsanwaltsanwaerterinnen-2\/#breadcrumb\"},\"inLanguage\":\"en-US\",\"potentialAction\":[{\"@type\":\"ReadAction\",\"target\":[\"https:\/\/www.chg.at\/en\/chg-begruesst-zwei-neue-rechtsanwaltsanwaerterinnen-2\/\"]}]},{\"@type\":\"BreadcrumbList\",\"@id\":\"https:\/\/www.chg.at\/en\/chg-begruesst-zwei-neue-rechtsanwaltsanwaerterinnen-2\/#breadcrumb\",\"itemListElement\":[{\"@type\":\"ListItem\",\"position\":1,\"name\":\"Startseite\",\"item\":\"https:\/\/www.chg.at\/en\/\"},{\"@type\":\"ListItem\",\"position\":2,\"name\":\"CHG begr\u00fc\u00dft zwei neue Rechtsanwaltsanw\u00e4rterinnen!\"}]},{\"@type\":\"WebSite\",\"@id\":\"https:\/\/www.chg.at\/en\/#website\",\"url\":\"https:\/\/www.chg.at\/en\/\",\"name\":\"CHG Czernich Rechtsanw\u00e4lte \u2013 Wir bewegen Wirtschaft\",\"description\":\"Wir sorgen f\u00fcr Klarheit, wenn es rechtlich kompliziert wird. In jeder Phase Ihrer Unternehmungen. Sie ergreifen die Chancen. Wir verwandeln Risiken in L\u00f6sungen.\",\"publisher\":{\"@id\":\"https:\/\/www.chg.at\/en\/#organization\"},\"potentialAction\":[{\"@type\":\"SearchAction\",\"target\":{\"@type\":\"EntryPoint\",\"urlTemplate\":\"https:\/\/www.chg.at\/en\/?s={search_term_string}\"},\"query-input\":\"required name=search_term_string\"}],\"inLanguage\":\"en-US\"},{\"@type\":\"Organization\",\"@id\":\"https:\/\/www.chg.at\/en\/#organization\",\"name\":\"CHG Czernich Rechtsanw\u00e4lte\",\"url\":\"https:\/\/www.chg.at\/en\/\",\"sameAs\":[\"https:\/\/www.linkedin.com\/company\/12773263\/admin\/dashboard\/\"],\"logo\":{\"@type\":\"ImageObject\",\"inLanguage\":\"en-US\",\"@id\":\"https:\/\/www.chg.at\/en\/#\/schema\/logo\/image\/\",\"url\":\"https:\/\/www.chg.at\/wp-content\/uploads\/2016\/08\/CHG_logo_250_1.png\",\"contentUrl\":\"https:\/\/www.chg.at\/wp-content\/uploads\/2016\/08\/CHG_logo_250_1.png\",\"width\":250,\"height\":33,\"caption\":\"CHG Czernich Rechtsanw\u00e4lte\"},\"image\":{\"@id\":\"https:\/\/www.chg.at\/en\/#\/schema\/logo\/image\/\"}},{\"@type\":\"Person\",\"@id\":\"https:\/\/www.chg.at\/en\/#\/schema\/person\/1a03a341ca78135e646a1e10d229c9f5\",\"name\":\"Selina Reichholf\"}]}<\/script>\n<!-- \/ Yoast SEO plugin. -->","yoast_head_json":{"title":"CHG begr\u00fc\u00dft zwei neuen Rechtsanwaltsanw\u00e4rterinnen!","description":"G\u00fclsah Yanik verst\u00e4rkt die Praxisgruppe Business Law und Tanja Mair wird f\u00fcr die Praxisgruppe Immobilien sowie Business t\u00e4tig sein.","robots":{"index":"index","follow":"follow","max-snippet":"max-snippet:-1","max-image-preview":"max-image-preview:large","max-video-preview":"max-video-preview:-1"},"canonical":"https:\/\/www.chg.at\/en\/chg-begruesst-zwei-neue-rechtsanwaltsanwaerterinnen-2\/","og_locale":"en_US","og_type":"article","og_title":"CHG","og_description":"CHG","og_url":"https:\/\/www.chg.at\/en\/chg-begruesst-zwei-neue-rechtsanwaltsanwaerterinnen-2\/","og_site_name":"CHG Czernich Rechtsanw\u00e4lte \u2013 Wir bewegen Wirtschaft","article_published_time":"2022-08-09T10:43:34+00:00","article_modified_time":"2024-06-03T10:47:27+00:00","og_image":[{"width":2560,"height":1441,"url":"https:\/\/www.chg.at\/wp-content\/uploads\/2022\/08\/g\u00fclsah_yanik_tanja_mair_neu-scaled.jpg","type":"image\/jpeg"}],"author":"Selina Reichholf","twitter_card":"summary_large_image","twitter_misc":{"Written by":"Selina Reichholf","Est. reading time":"1 minute"},"schema":{"@context":"https:\/\/schema.org","@graph":[{"@type":"Article","@id":"https:\/\/www.chg.at\/en\/chg-begruesst-zwei-neue-rechtsanwaltsanwaerterinnen-2\/#article","isPartOf":{"@id":"https:\/\/www.chg.at\/en\/chg-begruesst-zwei-neue-rechtsanwaltsanwaerterinnen-2\/"},"author":{"name":"Selina Reichholf","@id":"https:\/\/www.chg.at\/en\/#\/schema\/person\/1a03a341ca78135e646a1e10d229c9f5"},"headline":"CHG begr\u00fc\u00dft zwei neue Rechtsanwaltsanw\u00e4rterinnen!","datePublished":"2022-08-09T10:43:34+00:00","dateModified":"2024-06-03T10:47:27+00:00","mainEntityOfPage":{"@id":"https:\/\/www.chg.at\/en\/chg-begruesst-zwei-neue-rechtsanwaltsanwaerterinnen-2\/"},"wordCount":210,"publisher":{"@id":"https:\/\/www.chg.at\/en\/#organization"},"articleSection":["CHG News","Kanzlei","Karriere"],"inLanguage":"en-US"},{"@type":"WebPage","@id":"https:\/\/www.chg.at\/en\/chg-begruesst-zwei-neue-rechtsanwaltsanwaerterinnen-2\/","url":"https:\/\/www.chg.at\/en\/chg-begruesst-zwei-neue-rechtsanwaltsanwaerterinnen-2\/","name":"CHG begr\u00fc\u00dft zwei neuen Rechtsanwaltsanw\u00e4rterinnen!","isPartOf":{"@id":"https:\/\/www.chg.at\/en\/#website"},"datePublished":"2022-08-09T10:43:34+00:00","dateModified":"2024-06-03T10:47:27+00:00","description":"G\u00fclsah Yanik verst\u00e4rkt die Praxisgruppe Business Law und Tanja Mair wird f\u00fcr die Praxisgruppe Immobilien sowie Business t\u00e4tig sein.","breadcrumb":{"@id":"https:\/\/www.chg.at\/en\/chg-begruesst-zwei-neue-rechtsanwaltsanwaerterinnen-2\/#breadcrumb"},"inLanguage":"en-US","potentialAction":[{"@type":"ReadAction","target":["https:\/\/www.chg.at\/en\/chg-begruesst-zwei-neue-rechtsanwaltsanwaerterinnen-2\/"]}]},{"@type":"BreadcrumbList","@id":"https:\/\/www.chg.at\/en\/chg-begruesst-zwei-neue-rechtsanwaltsanwaerterinnen-2\/#breadcrumb","itemListElement":[{"@type":"ListItem","position":1,"name":"Startseite","item":"https:\/\/www.chg.at\/en\/"},{"@type":"ListItem","position":2,"name":"CHG begr\u00fc\u00dft zwei neue Rechtsanwaltsanw\u00e4rterinnen!"}]},{"@type":"WebSite","@id":"https:\/\/www.chg.at\/en\/#website","url":"https:\/\/www.chg.at\/en\/","name":"CHG Czernich Rechtsanw\u00e4lte \u2013 Wir bewegen Wirtschaft","description":"Wir sorgen f\u00fcr Klarheit, wenn es rechtlich kompliziert wird. In jeder Phase Ihrer Unternehmungen. Sie ergreifen die Chancen. Wir verwandeln Risiken in L\u00f6sungen.","publisher":{"@id":"https:\/\/www.chg.at\/en\/#organization"},"potentialAction":[{"@type":"SearchAction","target":{"@type":"EntryPoint","urlTemplate":"https:\/\/www.chg.at\/en\/?s={search_term_string}"},"query-input":"required name=search_term_string"}],"inLanguage":"en-US"},{"@type":"Organization","@id":"https:\/\/www.chg.at\/en\/#organization","name":"CHG Czernich Rechtsanw\u00e4lte","url":"https:\/\/www.chg.at\/en\/","sameAs":["https:\/\/www.linkedin.com\/company\/12773263\/admin\/dashboard\/"],"logo":{"@type":"ImageObject","inLanguage":"en-US","@id":"https:\/\/www.chg.at\/en\/#\/schema\/logo\/image\/","url":"https:\/\/www.chg.at\/wp-content\/uploads\/2016\/08\/CHG_logo_250_1.png","contentUrl":"https:\/\/www.chg.at\/wp-content\/uploads\/2016\/08\/CHG_logo_250_1.png","width":250,"height":33,"caption":"CHG Czernich Rechtsanw\u00e4lte"},"image":{"@id":"https:\/\/www.chg.at\/en\/#\/schema\/logo\/image\/"}},{"@type":"Person","@id":"https:\/\/www.chg.at\/en\/#\/schema\/person\/1a03a341ca78135e646a1e10d229c9f5","name":"Selina Reichholf"}]}},"_links":{"self":[{"href":"https:\/\/www.chg.at\/en\/wp-json\/wp\/v2\/posts\/24882"}],"collection":[{"href":"https:\/\/www.chg.at\/en\/wp-json\/wp\/v2\/posts"}],"about":[{"href":"https:\/\/www.chg.at\/en\/wp-json\/wp\/v2\/types\/post"}],"author":[{"embeddable":true,"href":"https:\/\/www.chg.at\/en\/wp-json\/wp\/v2\/users\/16"}],"replies":[{"embeddable":true,"href":"https:\/\/www.chg.at\/en\/wp-json\/wp\/v2\/comments?post=24882"}],"version-history":[{"count":4,"href":"https:\/\/www.chg.at\/en\/wp-json\/wp\/v2\/posts\/24882\/revisions"}],"predecessor-version":[{"id":24887,"href":"https:\/\/www.chg.at\/en\/wp-json\/wp\/v2\/posts\/24882\/revisions\/24887"}],"wp:featuredmedia":[{"embeddable":true,"href":"https:\/\/www.chg.at\/en\/wp-json\/wp\/v2\/media\/20206"}],"wp:attachment":[{"href":"https:\/\/www.chg.at\/en\/wp-json\/wp\/v2\/media?parent=24882"}],"wp:term":[{"taxonomy":"category","embeddable":true,"href":"https:\/\/www.chg.at\/en\/wp-json\/wp\/v2\/categories?post=24882"},{"taxonomy":"post_tag","embeddable":true,"href":"https:\/\/www.chg.at\/en\/wp-json\/wp\/v2\/tags?post=24882"}],"curies":[{"name":"wp","href":"https:\/\/api.w.org\/{rel}","templated":true}]}}