{"id":25131,"date":"2024-07-01T17:39:59","date_gmt":"2024-07-01T15:39:59","guid":{"rendered":"https:\/\/www.chg.at\/?p=25131"},"modified":"2024-07-02T12:46:28","modified_gmt":"2024-07-02T10:46:28","slug":"career-day-2024","status":"publish","type":"post","link":"https:\/\/www.chg.at\/en\/career-day-2024\/","title":{"rendered":"Career Day 2024"},"content":{"rendered":"<style type=\"text\/css\"> \n#cmsmasters_row_69f5f9fa214228_42980572 .cmsmasters_row_outer_parent { \n\tpadding-top: 30px; \n} \n\n#cmsmasters_row_69f5f9fa214228_42980572 .cmsmasters_row_outer_parent { \n\tpadding-bottom: 30px; \n} \n\n \n#cmsmasters_divider_69f5f9fa216325_38856420 { \n\tborder-bottom-width:1px; \n\tborder-bottom-style:solid; \n\tpadding-top:50px; \n\tmargin-bottom:50px; \n} \n \n#cmsmasters_row_69f5f9fa216a21_35846470 .cmsmasters_row_outer_parent { \n\tpadding-top: 0px; \n} \n\n#cmsmasters_row_69f5f9fa216a21_35846470 .cmsmasters_row_outer_parent { \n\tpadding-bottom: 50px; \n} \n\n \n#cmsmasters_row_69f5f9fa216f72_16359188 .cmsmasters_row_outer_parent { \n\tpadding-top: 0px; \n} \n\n#cmsmasters_row_69f5f9fa216f72_16359188 .cmsmasters_row_outer_parent { \n\tpadding-bottom: 50px; \n} \n\n<\/style><div id=\"cmsmasters_row_69f5f9fa214228_42980572\" class=\"cmsmasters_row cmsmasters_color_scheme_default cmsmasters_row_top_default cmsmasters_row_bot_default cmsmasters_row_boxed\">\n<div class=\"cmsmasters_row_outer_parent\">\n<div class=\"cmsmasters_row_outer\">\n<div class=\"cmsmasters_row_inner\">\n<div class=\"cmsmasters_row_margin\">\n<div class=\"cmsmasters_column one_first\">\n<div class=\"cmsmasters_text\">\n<h1><span lang=\"DE\" style=\"color: #d43555;\">Full House beim CHG Career Day!<\/span><\/h1>\n<p>Letzten Freitag, den 28. Juni 2024, haben wir wieder unsere T\u00fcren f\u00fcr den CHG Career Day ge\u00f6ffnet. Wir freuen uns, dass so viele der Einladung gefolgt sind und sich mit uns zu verschiedensten Themen wie Karrierechancen und Arbeitsalltag in einer Wirtschaftskanzlei ausgetauscht haben.<br \/>\nEs war ein toller und vor allem spannender Nachmittag!<\/p>\n<p>Ein riesiges Dankesch\u00f6n an alle Teilnehmer:innen, die Referent:innen <a href=\"https:\/\/www.chg.at\/profile\/laura-gleinser\/\">Laura Gleinser<\/a>, <a href=\"https:\/\/www.chg.at\/profile\/daniel-tamerl\/\">Daniel Tamerl<\/a>, <a href=\"https:\/\/www.chg.at\/profile\/verena-haesele\/\">Verena H\u00e4sele<\/a>, <a href=\"https:\/\/www.chg.at\/profile\/niklas-schneider\/\">Niklas Schneider<\/a>, <a href=\"https:\/\/www.chg.at\/profile\/fabienne-schoepf\/\">Fabienne Sch\u00f6pf<\/a> und unser fantastisches Team !<br \/>\nMit Vorfreude blicken wir dem n\u00e4chsten Event mit Euch entgegen!<\/p>\n<p>Um zuk\u00fcnftig keine Events von uns zu verpassen, folgt uns doch gerne auch auf Instagram unter <a href=\"https:\/\/www.instagram.com\/chgrechtsanwaelte?igsh=cGF2dWR0c3M5ZmN2&amp;utm_source=qr\">chgrechtsanwaelte<\/a><\/p>\n<\/div>\n\n<div id=\"cmsmasters_divider_69f5f9fa216325_38856420\" class=\"cmsmasters_divider cmsmasters_divider_width_long cmsmasters_divider_pos_center\"><\/div>\n<\/div>\n<\/div>\n<\/div>\n<\/div>\n<\/div>\n<\/div>\n<div id=\"cmsmasters_row_69f5f9fa216a21_35846470\" class=\"cmsmasters_row cmsmasters_color_scheme_default cmsmasters_row_top_default cmsmasters_row_bot_default cmsmasters_row_boxed\">\n<div class=\"cmsmasters_row_outer_parent\">\n<div class=\"cmsmasters_row_outer\">\n<div class=\"cmsmasters_row_inner\">\n<div class=\"cmsmasters_row_margin\">\n<div class=\"cmsmasters_column one_first\">\n<\/div>\n<\/div>\n<\/div>\n<\/div>\n<\/div>\n<\/div>\n<div id=\"cmsmasters_row_69f5f9fa216f72_16359188\" class=\"cmsmasters_row cmsmasters_color_scheme_default cmsmasters_row_top_default cmsmasters_row_bot_default cmsmasters_row_boxed\">\n<div class=\"cmsmasters_row_outer_parent\">\n<div class=\"cmsmasters_row_outer\">\n<div class=\"cmsmasters_row_inner\">\n<div class=\"cmsmasters_row_margin\">\n<div class=\"cmsmasters_column one_fourth\">\n<div class=\"cmsmasters_img  cmsmasters_image_n\">\n<img src=\"https:\/\/www.chg.at\/wp-content\/uploads\/2024\/07\/Career-Day-Fabienne-scaled.jpg\" \/>\n<\/div>\n<\/div>\n<div class=\"cmsmasters_column one_fourth\">\n<div class=\"cmsmasters_img  cmsmasters_image_n\">\n<img src=\"https:\/\/www.chg.at\/wp-content\/uploads\/2024\/07\/Career-Day-Verena-scaled.jpg\" \/>\n<\/div>\n<\/div>\n<div class=\"cmsmasters_column one_fourth\">\n<div class=\"cmsmasters_img  cmsmasters_image_n\">\n<img src=\"https:\/\/www.chg.at\/wp-content\/uploads\/2024\/07\/Career-Day-Niklas.jpg\" \/>\n<\/div>\n<\/div>\n<div class=\"cmsmasters_column one_fourth\">\n<div class=\"cmsmasters_img  cmsmasters_image_n\">\n<img src=\"https:\/\/www.chg.at\/wp-content\/uploads\/2024\/07\/essen-career-day.jpg\" \/>\n<\/div>\n<\/div>\n<\/div>\n<\/div>\n<\/div>\n<\/div>\n<\/div>\n\n","protected":false},"excerpt":{"rendered":"<p>Der Career Day 2024 war ein voller Erfolg. Spannende Workshops und Vortr\u00e4ge wurden genutzt, um sich miteinander zu vernetzen und auszutauschen.<\/p>\n","protected":false},"author":16,"featured_media":25132,"comment_status":"closed","ping_status":"open","sticky":false,"template":"","format":"image","meta":{"inline_featured_image":false},"categories":[8,9,33],"tags":[],"yoast_head":"<!-- This site is optimized with the Yoast SEO plugin v19.8 - https:\/\/yoast.com\/wordpress\/plugins\/seo\/ -->\n<title>CHG Career Day 2024<\/title>\n<meta name=\"description\" content=\"Gro\u00dfer Andrang am 28.Juni 2024 beim Career Day von CHG. Bei spannenden Workshops wurde sich ausgetauscht und vernetzt.\" \/>\n<meta name=\"robots\" content=\"index, follow, max-snippet:-1, max-image-preview:large, max-video-preview:-1\" \/>\n<link rel=\"canonical\" href=\"https:\/\/www.chg.at\/en\/career-day-2024\/\" \/>\n<meta property=\"og:locale\" content=\"en_US\" \/>\n<meta property=\"og:type\" content=\"article\" \/>\n<meta property=\"og:title\" content=\"CHG\" \/>\n<meta property=\"og:description\" content=\"CHG\" \/>\n<meta property=\"og:url\" content=\"https:\/\/www.chg.at\/en\/career-day-2024\/\" \/>\n<meta property=\"og:site_name\" content=\"CHG Czernich Rechtsanw\u00e4lte \u2013 Wir bewegen Wirtschaft\" \/>\n<meta property=\"article:published_time\" content=\"2024-07-01T15:39:59+00:00\" \/>\n<meta property=\"article:modified_time\" content=\"2024-07-02T10:46:28+00:00\" \/>\n<meta property=\"og:image\" content=\"https:\/\/www.chg.at\/wp-content\/uploads\/2024\/07\/Career-Day-Daniel-und-Laura-scaled-e1719847155529.jpg\" \/>\n\t<meta property=\"og:image:width\" content=\"1920\" \/>\n\t<meta property=\"og:image:height\" content=\"1344\" \/>\n\t<meta property=\"og:image:type\" content=\"image\/jpeg\" \/>\n<meta name=\"author\" content=\"Selina Reichholf\" \/>\n<meta name=\"twitter:card\" content=\"summary_large_image\" \/>\n<meta name=\"twitter:label1\" content=\"Written by\" \/>\n\t<meta name=\"twitter:data1\" content=\"Selina Reichholf\" \/>\n\t<meta name=\"twitter:label2\" content=\"Est. reading time\" \/>\n\t<meta name=\"twitter:data2\" content=\"1 minute\" \/>\n<script type=\"application\/ld+json\" class=\"yoast-schema-graph\">{\"@context\":\"https:\/\/schema.org\",\"@graph\":[{\"@type\":\"Article\",\"@id\":\"https:\/\/www.chg.at\/en\/career-day-2024\/#article\",\"isPartOf\":{\"@id\":\"https:\/\/www.chg.at\/en\/career-day-2024\/\"},\"author\":{\"name\":\"Selina Reichholf\",\"@id\":\"https:\/\/www.chg.at\/en\/#\/schema\/person\/1a03a341ca78135e646a1e10d229c9f5\"},\"headline\":\"Career Day 2024\",\"datePublished\":\"2024-07-01T15:39:59+00:00\",\"dateModified\":\"2024-07-02T10:46:28+00:00\",\"mainEntityOfPage\":{\"@id\":\"https:\/\/www.chg.at\/en\/career-day-2024\/\"},\"wordCount\":368,\"publisher\":{\"@id\":\"https:\/\/www.chg.at\/en\/#organization\"},\"articleSection\":[\"CHG News\",\"Kanzlei\",\"Veranstaltung\"],\"inLanguage\":\"en-US\"},{\"@type\":\"WebPage\",\"@id\":\"https:\/\/www.chg.at\/en\/career-day-2024\/\",\"url\":\"https:\/\/www.chg.at\/en\/career-day-2024\/\",\"name\":\"CHG Career Day 2024\",\"isPartOf\":{\"@id\":\"https:\/\/www.chg.at\/en\/#website\"},\"datePublished\":\"2024-07-01T15:39:59+00:00\",\"dateModified\":\"2024-07-02T10:46:28+00:00\",\"description\":\"Gro\u00dfer Andrang am 28.Juni 2024 beim Career Day von CHG. Bei spannenden Workshops wurde sich ausgetauscht und vernetzt.\",\"breadcrumb\":{\"@id\":\"https:\/\/www.chg.at\/en\/career-day-2024\/#breadcrumb\"},\"inLanguage\":\"en-US\",\"potentialAction\":[{\"@type\":\"ReadAction\",\"target\":[\"https:\/\/www.chg.at\/en\/career-day-2024\/\"]}]},{\"@type\":\"BreadcrumbList\",\"@id\":\"https:\/\/www.chg.at\/en\/career-day-2024\/#breadcrumb\",\"itemListElement\":[{\"@type\":\"ListItem\",\"position\":1,\"name\":\"Startseite\",\"item\":\"https:\/\/www.chg.at\/en\/\"},{\"@type\":\"ListItem\",\"position\":2,\"name\":\"Career Day 2024\"}]},{\"@type\":\"WebSite\",\"@id\":\"https:\/\/www.chg.at\/en\/#website\",\"url\":\"https:\/\/www.chg.at\/en\/\",\"name\":\"CHG Czernich Rechtsanw\u00e4lte \u2013 Wir bewegen Wirtschaft\",\"description\":\"Wir sorgen f\u00fcr Klarheit, wenn es rechtlich kompliziert wird. In jeder Phase Ihrer Unternehmungen. Sie ergreifen die Chancen. Wir verwandeln Risiken in L\u00f6sungen.\",\"publisher\":{\"@id\":\"https:\/\/www.chg.at\/en\/#organization\"},\"potentialAction\":[{\"@type\":\"SearchAction\",\"target\":{\"@type\":\"EntryPoint\",\"urlTemplate\":\"https:\/\/www.chg.at\/en\/?s={search_term_string}\"},\"query-input\":\"required name=search_term_string\"}],\"inLanguage\":\"en-US\"},{\"@type\":\"Organization\",\"@id\":\"https:\/\/www.chg.at\/en\/#organization\",\"name\":\"CHG Czernich Rechtsanw\u00e4lte\",\"url\":\"https:\/\/www.chg.at\/en\/\",\"sameAs\":[\"https:\/\/www.linkedin.com\/company\/12773263\/admin\/dashboard\/\"],\"logo\":{\"@type\":\"ImageObject\",\"inLanguage\":\"en-US\",\"@id\":\"https:\/\/www.chg.at\/en\/#\/schema\/logo\/image\/\",\"url\":\"https:\/\/www.chg.at\/wp-content\/uploads\/2016\/08\/CHG_logo_250_1.png\",\"contentUrl\":\"https:\/\/www.chg.at\/wp-content\/uploads\/2016\/08\/CHG_logo_250_1.png\",\"width\":250,\"height\":33,\"caption\":\"CHG Czernich Rechtsanw\u00e4lte\"},\"image\":{\"@id\":\"https:\/\/www.chg.at\/en\/#\/schema\/logo\/image\/\"}},{\"@type\":\"Person\",\"@id\":\"https:\/\/www.chg.at\/en\/#\/schema\/person\/1a03a341ca78135e646a1e10d229c9f5\",\"name\":\"Selina Reichholf\"}]}<\/script>\n<!-- \/ Yoast SEO plugin. -->","yoast_head_json":{"title":"CHG Career Day 2024","description":"Gro\u00dfer Andrang am 28.Juni 2024 beim Career Day von CHG. Bei spannenden Workshops wurde sich ausgetauscht und vernetzt.","robots":{"index":"index","follow":"follow","max-snippet":"max-snippet:-1","max-image-preview":"max-image-preview:large","max-video-preview":"max-video-preview:-1"},"canonical":"https:\/\/www.chg.at\/en\/career-day-2024\/","og_locale":"en_US","og_type":"article","og_title":"CHG","og_description":"CHG","og_url":"https:\/\/www.chg.at\/en\/career-day-2024\/","og_site_name":"CHG Czernich Rechtsanw\u00e4lte \u2013 Wir bewegen Wirtschaft","article_published_time":"2024-07-01T15:39:59+00:00","article_modified_time":"2024-07-02T10:46:28+00:00","og_image":[{"width":1920,"height":1344,"url":"https:\/\/www.chg.at\/wp-content\/uploads\/2024\/07\/Career-Day-Daniel-und-Laura-scaled-e1719847155529.jpg","type":"image\/jpeg"}],"author":"Selina Reichholf","twitter_card":"summary_large_image","twitter_misc":{"Written by":"Selina Reichholf","Est. reading time":"1 minute"},"schema":{"@context":"https:\/\/schema.org","@graph":[{"@type":"Article","@id":"https:\/\/www.chg.at\/en\/career-day-2024\/#article","isPartOf":{"@id":"https:\/\/www.chg.at\/en\/career-day-2024\/"},"author":{"name":"Selina Reichholf","@id":"https:\/\/www.chg.at\/en\/#\/schema\/person\/1a03a341ca78135e646a1e10d229c9f5"},"headline":"Career Day 2024","datePublished":"2024-07-01T15:39:59+00:00","dateModified":"2024-07-02T10:46:28+00:00","mainEntityOfPage":{"@id":"https:\/\/www.chg.at\/en\/career-day-2024\/"},"wordCount":368,"publisher":{"@id":"https:\/\/www.chg.at\/en\/#organization"},"articleSection":["CHG News","Kanzlei","Veranstaltung"],"inLanguage":"en-US"},{"@type":"WebPage","@id":"https:\/\/www.chg.at\/en\/career-day-2024\/","url":"https:\/\/www.chg.at\/en\/career-day-2024\/","name":"CHG Career Day 2024","isPartOf":{"@id":"https:\/\/www.chg.at\/en\/#website"},"datePublished":"2024-07-01T15:39:59+00:00","dateModified":"2024-07-02T10:46:28+00:00","description":"Gro\u00dfer Andrang am 28.Juni 2024 beim Career Day von CHG. Bei spannenden Workshops wurde sich ausgetauscht und vernetzt.","breadcrumb":{"@id":"https:\/\/www.chg.at\/en\/career-day-2024\/#breadcrumb"},"inLanguage":"en-US","potentialAction":[{"@type":"ReadAction","target":["https:\/\/www.chg.at\/en\/career-day-2024\/"]}]},{"@type":"BreadcrumbList","@id":"https:\/\/www.chg.at\/en\/career-day-2024\/#breadcrumb","itemListElement":[{"@type":"ListItem","position":1,"name":"Startseite","item":"https:\/\/www.chg.at\/en\/"},{"@type":"ListItem","position":2,"name":"Career Day 2024"}]},{"@type":"WebSite","@id":"https:\/\/www.chg.at\/en\/#website","url":"https:\/\/www.chg.at\/en\/","name":"CHG Czernich Rechtsanw\u00e4lte \u2013 Wir bewegen Wirtschaft","description":"Wir sorgen f\u00fcr Klarheit, wenn es rechtlich kompliziert wird. In jeder Phase Ihrer Unternehmungen. Sie ergreifen die Chancen. Wir verwandeln Risiken in L\u00f6sungen.","publisher":{"@id":"https:\/\/www.chg.at\/en\/#organization"},"potentialAction":[{"@type":"SearchAction","target":{"@type":"EntryPoint","urlTemplate":"https:\/\/www.chg.at\/en\/?s={search_term_string}"},"query-input":"required name=search_term_string"}],"inLanguage":"en-US"},{"@type":"Organization","@id":"https:\/\/www.chg.at\/en\/#organization","name":"CHG Czernich Rechtsanw\u00e4lte","url":"https:\/\/www.chg.at\/en\/","sameAs":["https:\/\/www.linkedin.com\/company\/12773263\/admin\/dashboard\/"],"logo":{"@type":"ImageObject","inLanguage":"en-US","@id":"https:\/\/www.chg.at\/en\/#\/schema\/logo\/image\/","url":"https:\/\/www.chg.at\/wp-content\/uploads\/2016\/08\/CHG_logo_250_1.png","contentUrl":"https:\/\/www.chg.at\/wp-content\/uploads\/2016\/08\/CHG_logo_250_1.png","width":250,"height":33,"caption":"CHG Czernich Rechtsanw\u00e4lte"},"image":{"@id":"https:\/\/www.chg.at\/en\/#\/schema\/logo\/image\/"}},{"@type":"Person","@id":"https:\/\/www.chg.at\/en\/#\/schema\/person\/1a03a341ca78135e646a1e10d229c9f5","name":"Selina Reichholf"}]}},"_links":{"self":[{"href":"https:\/\/www.chg.at\/en\/wp-json\/wp\/v2\/posts\/25131"}],"collection":[{"href":"https:\/\/www.chg.at\/en\/wp-json\/wp\/v2\/posts"}],"about":[{"href":"https:\/\/www.chg.at\/en\/wp-json\/wp\/v2\/types\/post"}],"author":[{"embeddable":true,"href":"https:\/\/www.chg.at\/en\/wp-json\/wp\/v2\/users\/16"}],"replies":[{"embeddable":true,"href":"https:\/\/www.chg.at\/en\/wp-json\/wp\/v2\/comments?post=25131"}],"version-history":[{"count":11,"href":"https:\/\/www.chg.at\/en\/wp-json\/wp\/v2\/posts\/25131\/revisions"}],"predecessor-version":[{"id":25159,"href":"https:\/\/www.chg.at\/en\/wp-json\/wp\/v2\/posts\/25131\/revisions\/25159"}],"wp:featuredmedia":[{"embeddable":true,"href":"https:\/\/www.chg.at\/en\/wp-json\/wp\/v2\/media\/25132"}],"wp:attachment":[{"href":"https:\/\/www.chg.at\/en\/wp-json\/wp\/v2\/media?parent=25131"}],"wp:term":[{"taxonomy":"category","embeddable":true,"href":"https:\/\/www.chg.at\/en\/wp-json\/wp\/v2\/categories?post=25131"},{"taxonomy":"post_tag","embeddable":true,"href":"https:\/\/www.chg.at\/en\/wp-json\/wp\/v2\/tags?post=25131"}],"curies":[{"name":"wp","href":"https:\/\/api.w.org\/{rel}","templated":true}]}}