{"id":25202,"date":"2023-10-20T10:44:10","date_gmt":"2023-10-20T08:44:10","guid":{"rendered":"https:\/\/www.chg.at\/?p=25202"},"modified":"2024-07-12T10:51:28","modified_gmt":"2024-07-12T08:51:28","slug":"tagung-zum-thema-nachhaltigkeit","status":"publish","type":"post","link":"https:\/\/www.chg.at\/en\/tagung-zum-thema-nachhaltigkeit\/","title":{"rendered":"Tagung zum Thema Nachhaltigkeit"},"content":{"rendered":"<style type=\"text\/css\"> \n#cmsmasters_row_69f1ab73025ca0_88402233 .cmsmasters_row_outer_parent { \n\tpadding-top: 0px; \n} \n\n#cmsmasters_row_69f1ab73025ca0_88402233 .cmsmasters_row_outer_parent { \n\tpadding-bottom: 50px; \n} \n\n \n#cmsmasters_row_69f1ab73026df7_24170064 .cmsmasters_row_outer_parent { \n\tpadding-top: 0px; \n} \n\n#cmsmasters_row_69f1ab73026df7_24170064 .cmsmasters_row_outer_parent { \n\tpadding-bottom: 50px; \n} \n\n \n#cmsmasters_row_69f1ab7302d847_58556083 .cmsmasters_row_outer_parent { \n\tpadding-top: 0px; \n} \n\n#cmsmasters_row_69f1ab7302d847_58556083 .cmsmasters_row_outer_parent { \n\tpadding-bottom: 50px; \n} \n\n<\/style><div id=\"cmsmasters_row_69f1ab73025ca0_88402233\" class=\"cmsmasters_row cmsmasters_color_scheme_default cmsmasters_row_top_default cmsmasters_row_bot_default cmsmasters_row_boxed\">\n<div class=\"cmsmasters_row_outer_parent\">\n<div class=\"cmsmasters_row_outer\">\n<div class=\"cmsmasters_row_inner\">\n<div class=\"cmsmasters_row_margin\">\n<div class=\"cmsmasters_column one_first\">\n<div class=\"cmsmasters_text\">\n<h1><span style=\"color: #d43555;\">Tagung zum Thema Nachhaltigkeit<\/span><\/h1>\n<p>Im Rahmen der dieses Jahr in Innsbruck stattfindenden 13. Tagung der \u00f6sterreichischen Assistent:innen des \u00d6ffentlichen Rechts (\u00d6AT) moderierte Arnold Autengruber die hochkar\u00e4tig besetzte Podiumsdiskussion zum Generalthema der Tagung: Nachhaltig in die Zukunft \u2013 Das \u00f6ffentliche Recht im Zeichen der Ver\u00e4nderung. Gemeinsam mit Mag.a Ursula Bittner, MBA (Greenpeace), Mag. Gerold D\u00fcnser (Richter am Landesverwaltungsgericht Tirol), Johanna Purin, MSc (Leitung Kompetenzzentrum Nachhaltigkeit, Tirol Werbung) und Em. o. Univ.-Prof. Dr. Karl Weber (Universit\u00e4t Innsbruck) widmete er sich im historischen Madonnensaal der Universit\u00e4t Innsbruck rechtlichen Herausforderungen insbesondere der Energie- und Mobilit\u00e4tswende.<\/p>\n<\/div>\n<\/div>\n<\/div>\n<\/div>\n<\/div>\n<\/div>\n<\/div>\n<div id=\"cmsmasters_row_69f1ab73026df7_24170064\" class=\"cmsmasters_row cmsmasters_color_scheme_default cmsmasters_row_top_default cmsmasters_row_bot_default cmsmasters_row_boxed\">\n<div class=\"cmsmasters_row_outer_parent\">\n<div class=\"cmsmasters_row_outer\">\n<div class=\"cmsmasters_row_inner\">\n<div class=\"cmsmasters_row_margin\">\n<div class=\"cmsmasters_column one_first\">\n<div class=\"aligncenter\">\n<div class=\"cmsmasters_img  cmsmasters_image_c\">\n<img src=\"https:\/\/www.chg.at\/wp-content\/uploads\/2024\/07\/Tagung_Nachhaltigkeit_Bild1-2048x1542-1.jpg\" \/>\n<\/div>\n<\/div>\n<\/div>\n<\/div>\n<\/div>\n<\/div>\n<\/div>\n<\/div>\n<div id=\"cmsmasters_row_69f1ab7302d847_58556083\" class=\"cmsmasters_row cmsmasters_color_scheme_default cmsmasters_row_top_default cmsmasters_row_bot_default cmsmasters_row_boxed\">\n<div class=\"cmsmasters_row_outer_parent\">\n<div class=\"cmsmasters_row_outer\">\n<div class=\"cmsmasters_row_inner\">\n<div class=\"cmsmasters_row_margin\">\n<div class=\"cmsmasters_column one_first\">\n<div class=\"aligncenter\">\n<div class=\"cmsmasters_img  cmsmasters_image_c with_caption\">\n<a href=\"https:\/\/www.chg.at\/profile\/arnold-autengruber\/\"><img src=\"https:\/\/www.chg.at\/wp-content\/uploads\/2023\/11\/CHG-Rechtsanwaelte-Arnold-Autengruber-Portrait.jpg\" \/><\/a>\n<p class=\"cmsmasters_img_caption\">Arnold Autengruber<\/p><\/div>\n<\/div>\n<\/div>\n<\/div>\n<\/div>\n<\/div>\n<\/div>\n<\/div>\n\n","protected":false},"excerpt":{"rendered":"<p>Im Rahmen der dieses Jahr in Innsbruck stattfindenden 13. Tagung der \u00f6sterreichischen Assistent:innen des \u00d6ffentlichen Rechts (\u00d6AT) moderierte Arnold Autengruber die hochkar\u00e4tig besetzte Podiumsdiskussion zum Generalthema der Tagung: Nachhaltig in die Zukunft.<\/p>\n","protected":false},"author":16,"featured_media":25203,"comment_status":"closed","ping_status":"open","sticky":false,"template":"","format":"image","meta":{"inline_featured_image":false},"categories":[8,9],"tags":[],"yoast_head":"<!-- This site is optimized with the Yoast SEO plugin v19.8 - https:\/\/yoast.com\/wordpress\/plugins\/seo\/ -->\n<title>Tagung zum Thema Nachhaltigkeit<\/title>\n<meta name=\"description\" content=\"Im Rahmen der dieses Jahr in Innsbruck stattfindenden 13. Tagung der \u00f6sterreichischen Assistent:innen des \u00d6ffentlichen Rechts (\u00d6AT) moderierte Arnold Autengruber die hochkar\u00e4tig besetzte Podiumsdiskussion zum Generalthema der Tagung: Nachhaltig in die Zukunft.\" \/>\n<meta name=\"robots\" content=\"index, follow, max-snippet:-1, max-image-preview:large, max-video-preview:-1\" \/>\n<link rel=\"canonical\" href=\"https:\/\/www.chg.at\/en\/tagung-zum-thema-nachhaltigkeit\/\" \/>\n<meta property=\"og:locale\" content=\"en_US\" \/>\n<meta property=\"og:type\" content=\"article\" \/>\n<meta property=\"og:title\" content=\"CHG\" \/>\n<meta property=\"og:description\" content=\"CHG\" \/>\n<meta property=\"og:url\" content=\"https:\/\/www.chg.at\/en\/tagung-zum-thema-nachhaltigkeit\/\" \/>\n<meta property=\"og:site_name\" content=\"CHG Czernich Rechtsanw\u00e4lte \u2013 Wir bewegen Wirtschaft\" \/>\n<meta property=\"article:published_time\" content=\"2023-10-20T08:44:10+00:00\" \/>\n<meta property=\"article:modified_time\" content=\"2024-07-12T08:51:28+00:00\" \/>\n<meta property=\"og:image\" content=\"https:\/\/www.chg.at\/wp-content\/uploads\/2024\/07\/Tagung_Nachhaltigkeit_Titelbild-1536x874-1.jpg\" \/>\n\t<meta property=\"og:image:width\" content=\"1536\" \/>\n\t<meta property=\"og:image:height\" content=\"874\" \/>\n\t<meta property=\"og:image:type\" content=\"image\/jpeg\" \/>\n<meta name=\"author\" content=\"Selina Reichholf\" \/>\n<meta name=\"twitter:card\" content=\"summary_large_image\" \/>\n<meta name=\"twitter:label1\" content=\"Written by\" \/>\n\t<meta name=\"twitter:data1\" content=\"Selina Reichholf\" \/>\n\t<meta name=\"twitter:label2\" content=\"Est. reading time\" \/>\n\t<meta name=\"twitter:data2\" content=\"1 minute\" \/>\n<script type=\"application\/ld+json\" class=\"yoast-schema-graph\">{\"@context\":\"https:\/\/schema.org\",\"@graph\":[{\"@type\":\"Article\",\"@id\":\"https:\/\/www.chg.at\/en\/tagung-zum-thema-nachhaltigkeit\/#article\",\"isPartOf\":{\"@id\":\"https:\/\/www.chg.at\/en\/tagung-zum-thema-nachhaltigkeit\/\"},\"author\":{\"name\":\"Selina Reichholf\",\"@id\":\"https:\/\/www.chg.at\/en\/#\/schema\/person\/1a03a341ca78135e646a1e10d229c9f5\"},\"headline\":\"Tagung zum Thema Nachhaltigkeit\",\"datePublished\":\"2023-10-20T08:44:10+00:00\",\"dateModified\":\"2024-07-12T08:51:28+00:00\",\"mainEntityOfPage\":{\"@id\":\"https:\/\/www.chg.at\/en\/tagung-zum-thema-nachhaltigkeit\/\"},\"wordCount\":320,\"publisher\":{\"@id\":\"https:\/\/www.chg.at\/en\/#organization\"},\"articleSection\":[\"CHG News\",\"Kanzlei\"],\"inLanguage\":\"en-US\"},{\"@type\":\"WebPage\",\"@id\":\"https:\/\/www.chg.at\/en\/tagung-zum-thema-nachhaltigkeit\/\",\"url\":\"https:\/\/www.chg.at\/en\/tagung-zum-thema-nachhaltigkeit\/\",\"name\":\"Tagung zum Thema Nachhaltigkeit\",\"isPartOf\":{\"@id\":\"https:\/\/www.chg.at\/en\/#website\"},\"datePublished\":\"2023-10-20T08:44:10+00:00\",\"dateModified\":\"2024-07-12T08:51:28+00:00\",\"description\":\"Im Rahmen der dieses Jahr in Innsbruck stattfindenden 13. Tagung der \u00f6sterreichischen Assistent:innen des \u00d6ffentlichen Rechts (\u00d6AT) moderierte Arnold Autengruber die hochkar\u00e4tig besetzte Podiumsdiskussion zum Generalthema der Tagung: Nachhaltig in die Zukunft.\",\"breadcrumb\":{\"@id\":\"https:\/\/www.chg.at\/en\/tagung-zum-thema-nachhaltigkeit\/#breadcrumb\"},\"inLanguage\":\"en-US\",\"potentialAction\":[{\"@type\":\"ReadAction\",\"target\":[\"https:\/\/www.chg.at\/en\/tagung-zum-thema-nachhaltigkeit\/\"]}]},{\"@type\":\"BreadcrumbList\",\"@id\":\"https:\/\/www.chg.at\/en\/tagung-zum-thema-nachhaltigkeit\/#breadcrumb\",\"itemListElement\":[{\"@type\":\"ListItem\",\"position\":1,\"name\":\"Startseite\",\"item\":\"https:\/\/www.chg.at\/en\/\"},{\"@type\":\"ListItem\",\"position\":2,\"name\":\"Tagung zum Thema Nachhaltigkeit\"}]},{\"@type\":\"WebSite\",\"@id\":\"https:\/\/www.chg.at\/en\/#website\",\"url\":\"https:\/\/www.chg.at\/en\/\",\"name\":\"CHG Czernich Rechtsanw\u00e4lte \u2013 Wir bewegen Wirtschaft\",\"description\":\"Wir sorgen f\u00fcr Klarheit, wenn es rechtlich kompliziert wird. In jeder Phase Ihrer Unternehmungen. Sie ergreifen die Chancen. Wir verwandeln Risiken in L\u00f6sungen.\",\"publisher\":{\"@id\":\"https:\/\/www.chg.at\/en\/#organization\"},\"potentialAction\":[{\"@type\":\"SearchAction\",\"target\":{\"@type\":\"EntryPoint\",\"urlTemplate\":\"https:\/\/www.chg.at\/en\/?s={search_term_string}\"},\"query-input\":\"required name=search_term_string\"}],\"inLanguage\":\"en-US\"},{\"@type\":\"Organization\",\"@id\":\"https:\/\/www.chg.at\/en\/#organization\",\"name\":\"CHG Czernich Rechtsanw\u00e4lte\",\"url\":\"https:\/\/www.chg.at\/en\/\",\"sameAs\":[\"https:\/\/www.linkedin.com\/company\/12773263\/admin\/dashboard\/\"],\"logo\":{\"@type\":\"ImageObject\",\"inLanguage\":\"en-US\",\"@id\":\"https:\/\/www.chg.at\/en\/#\/schema\/logo\/image\/\",\"url\":\"https:\/\/www.chg.at\/wp-content\/uploads\/2016\/08\/CHG_logo_250_1.png\",\"contentUrl\":\"https:\/\/www.chg.at\/wp-content\/uploads\/2016\/08\/CHG_logo_250_1.png\",\"width\":250,\"height\":33,\"caption\":\"CHG Czernich Rechtsanw\u00e4lte\"},\"image\":{\"@id\":\"https:\/\/www.chg.at\/en\/#\/schema\/logo\/image\/\"}},{\"@type\":\"Person\",\"@id\":\"https:\/\/www.chg.at\/en\/#\/schema\/person\/1a03a341ca78135e646a1e10d229c9f5\",\"name\":\"Selina Reichholf\"}]}<\/script>\n<!-- \/ Yoast SEO plugin. -->","yoast_head_json":{"title":"Tagung zum Thema Nachhaltigkeit","description":"Im Rahmen der dieses Jahr in Innsbruck stattfindenden 13. Tagung der \u00f6sterreichischen Assistent:innen des \u00d6ffentlichen Rechts (\u00d6AT) moderierte Arnold Autengruber die hochkar\u00e4tig besetzte Podiumsdiskussion zum Generalthema der Tagung: Nachhaltig in die Zukunft.","robots":{"index":"index","follow":"follow","max-snippet":"max-snippet:-1","max-image-preview":"max-image-preview:large","max-video-preview":"max-video-preview:-1"},"canonical":"https:\/\/www.chg.at\/en\/tagung-zum-thema-nachhaltigkeit\/","og_locale":"en_US","og_type":"article","og_title":"CHG","og_description":"CHG","og_url":"https:\/\/www.chg.at\/en\/tagung-zum-thema-nachhaltigkeit\/","og_site_name":"CHG Czernich Rechtsanw\u00e4lte \u2013 Wir bewegen Wirtschaft","article_published_time":"2023-10-20T08:44:10+00:00","article_modified_time":"2024-07-12T08:51:28+00:00","og_image":[{"width":1536,"height":874,"url":"https:\/\/www.chg.at\/wp-content\/uploads\/2024\/07\/Tagung_Nachhaltigkeit_Titelbild-1536x874-1.jpg","type":"image\/jpeg"}],"author":"Selina Reichholf","twitter_card":"summary_large_image","twitter_misc":{"Written by":"Selina Reichholf","Est. reading time":"1 minute"},"schema":{"@context":"https:\/\/schema.org","@graph":[{"@type":"Article","@id":"https:\/\/www.chg.at\/en\/tagung-zum-thema-nachhaltigkeit\/#article","isPartOf":{"@id":"https:\/\/www.chg.at\/en\/tagung-zum-thema-nachhaltigkeit\/"},"author":{"name":"Selina Reichholf","@id":"https:\/\/www.chg.at\/en\/#\/schema\/person\/1a03a341ca78135e646a1e10d229c9f5"},"headline":"Tagung zum Thema Nachhaltigkeit","datePublished":"2023-10-20T08:44:10+00:00","dateModified":"2024-07-12T08:51:28+00:00","mainEntityOfPage":{"@id":"https:\/\/www.chg.at\/en\/tagung-zum-thema-nachhaltigkeit\/"},"wordCount":320,"publisher":{"@id":"https:\/\/www.chg.at\/en\/#organization"},"articleSection":["CHG News","Kanzlei"],"inLanguage":"en-US"},{"@type":"WebPage","@id":"https:\/\/www.chg.at\/en\/tagung-zum-thema-nachhaltigkeit\/","url":"https:\/\/www.chg.at\/en\/tagung-zum-thema-nachhaltigkeit\/","name":"Tagung zum Thema Nachhaltigkeit","isPartOf":{"@id":"https:\/\/www.chg.at\/en\/#website"},"datePublished":"2023-10-20T08:44:10+00:00","dateModified":"2024-07-12T08:51:28+00:00","description":"Im Rahmen der dieses Jahr in Innsbruck stattfindenden 13. Tagung der \u00f6sterreichischen Assistent:innen des \u00d6ffentlichen Rechts (\u00d6AT) moderierte Arnold Autengruber die hochkar\u00e4tig besetzte Podiumsdiskussion zum Generalthema der Tagung: Nachhaltig in die Zukunft.","breadcrumb":{"@id":"https:\/\/www.chg.at\/en\/tagung-zum-thema-nachhaltigkeit\/#breadcrumb"},"inLanguage":"en-US","potentialAction":[{"@type":"ReadAction","target":["https:\/\/www.chg.at\/en\/tagung-zum-thema-nachhaltigkeit\/"]}]},{"@type":"BreadcrumbList","@id":"https:\/\/www.chg.at\/en\/tagung-zum-thema-nachhaltigkeit\/#breadcrumb","itemListElement":[{"@type":"ListItem","position":1,"name":"Startseite","item":"https:\/\/www.chg.at\/en\/"},{"@type":"ListItem","position":2,"name":"Tagung zum Thema Nachhaltigkeit"}]},{"@type":"WebSite","@id":"https:\/\/www.chg.at\/en\/#website","url":"https:\/\/www.chg.at\/en\/","name":"CHG Czernich Rechtsanw\u00e4lte \u2013 Wir bewegen Wirtschaft","description":"Wir sorgen f\u00fcr Klarheit, wenn es rechtlich kompliziert wird. In jeder Phase Ihrer Unternehmungen. Sie ergreifen die Chancen. Wir verwandeln Risiken in L\u00f6sungen.","publisher":{"@id":"https:\/\/www.chg.at\/en\/#organization"},"potentialAction":[{"@type":"SearchAction","target":{"@type":"EntryPoint","urlTemplate":"https:\/\/www.chg.at\/en\/?s={search_term_string}"},"query-input":"required name=search_term_string"}],"inLanguage":"en-US"},{"@type":"Organization","@id":"https:\/\/www.chg.at\/en\/#organization","name":"CHG Czernich Rechtsanw\u00e4lte","url":"https:\/\/www.chg.at\/en\/","sameAs":["https:\/\/www.linkedin.com\/company\/12773263\/admin\/dashboard\/"],"logo":{"@type":"ImageObject","inLanguage":"en-US","@id":"https:\/\/www.chg.at\/en\/#\/schema\/logo\/image\/","url":"https:\/\/www.chg.at\/wp-content\/uploads\/2016\/08\/CHG_logo_250_1.png","contentUrl":"https:\/\/www.chg.at\/wp-content\/uploads\/2016\/08\/CHG_logo_250_1.png","width":250,"height":33,"caption":"CHG Czernich Rechtsanw\u00e4lte"},"image":{"@id":"https:\/\/www.chg.at\/en\/#\/schema\/logo\/image\/"}},{"@type":"Person","@id":"https:\/\/www.chg.at\/en\/#\/schema\/person\/1a03a341ca78135e646a1e10d229c9f5","name":"Selina Reichholf"}]}},"_links":{"self":[{"href":"https:\/\/www.chg.at\/en\/wp-json\/wp\/v2\/posts\/25202"}],"collection":[{"href":"https:\/\/www.chg.at\/en\/wp-json\/wp\/v2\/posts"}],"about":[{"href":"https:\/\/www.chg.at\/en\/wp-json\/wp\/v2\/types\/post"}],"author":[{"embeddable":true,"href":"https:\/\/www.chg.at\/en\/wp-json\/wp\/v2\/users\/16"}],"replies":[{"embeddable":true,"href":"https:\/\/www.chg.at\/en\/wp-json\/wp\/v2\/comments?post=25202"}],"version-history":[{"count":4,"href":"https:\/\/www.chg.at\/en\/wp-json\/wp\/v2\/posts\/25202\/revisions"}],"predecessor-version":[{"id":25213,"href":"https:\/\/www.chg.at\/en\/wp-json\/wp\/v2\/posts\/25202\/revisions\/25213"}],"wp:featuredmedia":[{"embeddable":true,"href":"https:\/\/www.chg.at\/en\/wp-json\/wp\/v2\/media\/25203"}],"wp:attachment":[{"href":"https:\/\/www.chg.at\/en\/wp-json\/wp\/v2\/media?parent=25202"}],"wp:term":[{"taxonomy":"category","embeddable":true,"href":"https:\/\/www.chg.at\/en\/wp-json\/wp\/v2\/categories?post=25202"},{"taxonomy":"post_tag","embeddable":true,"href":"https:\/\/www.chg.at\/en\/wp-json\/wp\/v2\/tags?post=25202"}],"curies":[{"name":"wp","href":"https:\/\/api.w.org\/{rel}","templated":true}]}}