{"id":25231,"date":"2024-07-17T08:44:30","date_gmt":"2024-07-17T06:44:30","guid":{"rendered":"https:\/\/www.chg.at\/?p=25231"},"modified":"2024-07-17T08:44:30","modified_gmt":"2024-07-17T06:44:30","slug":"die-cofag-wird-abgewickelt-was-nun-auf-unternehmerinnen-zukommt","status":"publish","type":"post","link":"https:\/\/www.chg.at\/en\/die-cofag-wird-abgewickelt-was-nun-auf-unternehmerinnen-zukommt\/","title":{"rendered":"Die COFAG wird abgewickelt: Was nun auf Unternehmer:innen zukommt"},"content":{"rendered":"<style type=\"text\/css\"> \n#cmsmasters_row_69f1ab73ec06e2_72965021 .cmsmasters_row_outer_parent { \n\tpadding-top: 30px; \n} \n\n#cmsmasters_row_69f1ab73ec06e2_72965021 .cmsmasters_row_outer_parent { \n\tpadding-bottom: 30px; \n} \n\n \n#cmsmasters_row_69f1ab73ec3198_86577946 .cmsmasters_row_outer_parent { \n\tpadding-top: 0px; \n} \n\n#cmsmasters_row_69f1ab73ec3198_86577946 .cmsmasters_row_outer_parent { \n\tpadding-bottom: 50px; \n} \n\n<\/style><div id=\"cmsmasters_row_69f1ab73ec06e2_72965021\" class=\"cmsmasters_row cmsmasters_color_scheme_default cmsmasters_row_top_default cmsmasters_row_bot_default cmsmasters_row_boxed\">\n<div class=\"cmsmasters_row_outer_parent\">\n<div class=\"cmsmasters_row_outer\">\n<div class=\"cmsmasters_row_inner\">\n<div class=\"cmsmasters_row_margin\">\n<div class=\"cmsmasters_column one_first\">\n<div class=\"cmsmasters_text\">\n<h1><span lang=\"DE\" style=\"color: #d43555;\">Die COFAG wird abgewickelt: Was nun auf Unternehmer:innen zukommt<\/span><\/h1>\n<p><em>RA Dr. Daniel Tamerl, Mag. <\/em><em>Tim Greber <\/em><\/p>\n<p>Nun ist es soweit. Die COFAG (COVID-19-Finanzierungsgesellschaft des Bundes GmbH) wird aufgel\u00f6st. Nach Ank\u00fcndigung bereits im J\u00e4nner dieses Jahres wurde die Abwicklung und Liquidation der COFAG Anfang Juli im Nationalrat (Beschluss vom 03.07.2024) sowie im Bundesrat (Beschluss vom 10.07.2024) beschlossen. Dazu wurde ein COFAG Sammelgesetz (991\/BNR), das unter anderem die Schaffung des COFAG-Neuordnungs- und Abwicklungsgesetzes (COFAG-NoAG) beinhaltet, erlassen. Das COFAG-NoAG bildet die gesetzliche Grundlage f\u00fcr die Aufl\u00f6sung der COFAG. Deren Abwicklung und endg\u00fcltige Liquidation soll durch die Abbaumanagementgesellschaft des Bundes (ABBAG) erfolgen.<\/p>\n<p>Wir haben die wichtigsten Inhalte des COFAG-NoAG f\u00fcr Sie zusammengefasst:<\/p>\n<p><strong>Gesetzliche Rechtsnachfolge: Bund tritt an Stelle der COFAG <\/strong><\/p>\n<p>Wesentlich ist zun\u00e4chst die in \u00a7 1 COFAG-NoAG paradigmatisch festgelegte \u00dcbertragung der (bisherigen) Aufgaben der COFAG an den Bund. So sind nach \u00a7 1 Abs 2 COFAG-NoAG s\u00e4mtliche der COFAG betreffend Covid-19-F\u00f6rderungen obliegende Aufgaben beginnend ab 01.08.2024 vom Bund wahrzunehmen und durch den Bundesminister f\u00fcr Finanzen zu vollziehen sind. Mit Ablauf des 31.07.2024 enden damit die Befugnisse der COFAG hinsichtlich Garantien, Fixkostenzusch\u00fcsse, den Verlustersatz, den Ausfallsbonus sowie den Lockdown-Umsatzersatz.<\/p>\n<p>Insoweit kommt es zu einer gesetzlichen Rechtsnachfolge. Alle <strong>Rechte und Pflichten der COFAG<\/strong> aus bestehenden F\u00f6rdervertr\u00e4gen gehen gem\u00e4\u00df \u00a7 6 Abs 1 COFAG-NoAG <strong>mit 01.08.2024 auf den Bund \u00fcber<\/strong>. Der Bund tritt somit ex lege in die <strong>F\u00f6rdervertr\u00e4ge<\/strong> (an Stelle der COFAG) ein. Gleiches gilt f\u00fcr s\u00e4mtliche bereits anh\u00e4ngige <strong>gerichtliche Verfahren<\/strong> der COFAG, die Anspr\u00fcche aus F\u00f6rderantr\u00e4gen, F\u00f6rdervertr\u00e4gen oder R\u00fcckforderungen aus diesen zum Gegenstand haben (\u00a7 6 Abs 2 COFAG-NoAG). Mit 01.08.2024 tritt der Bund ferner in alle Verpflichtungen aus den gestellten <strong>F\u00f6rderantr\u00e4gen<\/strong> ein. Klagen sind ab diesem Zeitpunkt somit gegen den Bund zu richten (\u00a7 6 Abs 3 COFAG-NoAG). Ab 01.08.2024 verliert die COFAG vor den ordentlichen Gerichten somit jegliche Aktiv- und Passivlegitimation.<\/p>\n<p>Bis 01.08.2024 noch nicht abgeschlossene F\u00f6rderantr\u00e4ge sind daher k\u00fcnftig vom Bund (durch den Bundesminister f\u00fcr Finanzen) zu bearbeiten. Der Bund erh\u00e4lt dementsprechend die Kompetenz \u00fcber alle F\u00f6rderantr\u00e4ge auf Zuerkennung finanzieller Leistungen zu entscheiden (\u00a7 8 Abs 1 COFAG-NoAG).<\/p>\n<p>Gleicherma\u00dfen bleiben s\u00e4mtliche <strong>Garantien und Haftungen<\/strong>, die die COFAG im Rahmen des Corona-Hilfsfonds im eigenen Namen \u00fcbernommen hat, aufrecht. Der Bund tritt gem\u00e4\u00df \u00a7\u00a011 Abs 2 COFAG-NoAG in die entsprechenden Vertr\u00e4ge mit der \u00d6sterreichischen Kontrollbank AG (OeKB) ein.<\/p>\n<p><strong>R\u00fcckerstattungsanspr\u00fcche gelten k\u00fcnftig als Abgabe nach der Bundesabgabenordnung (BAO) <\/strong><\/p>\n<p>Im Hinblick auf R\u00fcckforderungsanspr\u00fcche hinsichtlich zu Unrecht ausbezahlter finanzieller Leistungen bringt das COFAG-NoAG einen weiteren Paradigmenwechsel im Covid-19-F\u00f6rdersystem. Denn ein von der COFAG behaupteter R\u00fcckforderungsanspruch wird ab 01.08.2024 zu einem <strong>\u00f6ffentlich-rechtlichen R\u00fcckerstattungsanspruch<\/strong> (\u00a7 13 COFAG-NoAG).<\/p>\n<p>R\u00fcckforderungsanspr\u00fcche gelten k\u00fcnftig als Abgabe iSd \u00a7 3 Abs 1 BAO. Vermeintlich zu Unrecht ausbezahlte COVID-19-F\u00f6rderungen werden somit ab 01.08.2024 von den Abgabenbeh\u00f6rden im Wege des Abgabenverfahrens zur\u00fcckgefordert, obwohl diese auf Basis einer privatrechtlichen Vereinbarung (F\u00f6rdervertrag) ausbezahlt wurden. Kommt die zust\u00e4ndige Abgabenbeh\u00f6rde zum Entschluss, die Gew\u00e4hrung einer COVID-19-F\u00f6rderma\u00dfnahme erfolgte zu Unrecht, wird die <strong>R\u00fcckerstattung mit Bescheid<\/strong> <strong>festgesetzt<\/strong> (\u00a7 15 Abs 2 COFAG-NoAG). Dabei kommen die Regelungen der Bundesabgabenordnung (BAO) und die \u00fcbrigen abgabenrechtlichen Vorschriften zur Anwendung. Der R\u00fcckerstattungsbetrag ist nach \u00a7 16 COFAG-NoAG zu verzinsen. F\u00fcr die Erhebung des R\u00fcckerstattungsanspruchs ist jenes <strong>Finanzamt<\/strong> gem\u00e4\u00df \u00a7\u00a017 COFAG-NoAG zust\u00e4ndig, das f\u00fcr die Erhebung der Umsatzsteuer zust\u00e4ndig ist. Die F\u00e4lligkeit des R\u00fcckforderungsanspruches tritt mit Ablauf eines Monates nach Bekanntgabe des Bescheides ein (\u00a7 15 Abs 3 COFAG-NoAG).<\/p>\n<p>Gegen den Abgabenbescheid steht Unternehmer:innen k\u00fcnftig der <strong>Rechtsweg an das Bundesfinanzgericht<\/strong> offen (\u00a7 17 Abs 2 COFAG-NoAG).<\/p>\n<p>Der zivilrechtliche R\u00fcckforderungsanspruch der COFAG aus dem F\u00f6rdervertrag erlischt mit 01.08.2024, soweit ein \u00f6ffentlich-rechtlicher R\u00fcckerstattungsanspruch besteht (\u00a7 18 Abs 2 COFAG-NoAG).<\/p>\n<p><strong>Fazit<\/strong><\/p>\n<p>Das COFAG-Neuordnungs- und Abwicklungsgesetz (COFAG-NuAG) liegt vor und wurde vom Gesetzgeber beschlossen. Es sieht eine Rechtsnachfolge des Bundes f\u00fcr alle Rechte und Pflichten der COFAG betreffend Covid-19-F\u00f6rderungen vor. Der Bundesminister f\u00fcr Finanzen hat die Vollziehung der zuvor der COFAG obliegenden Aufgaben zu \u00fcbernehmen.<\/p>\n<p>W\u00e4hrend f\u00fcr die aktive Geltendmachung und Durchsetzung von Anspr\u00fcchen aus F\u00f6rderantr\u00e4gen bzw. F\u00f6rdervertr\u00e4gen von Unternehmer:innen gegen den Bund weiterhin der streitige Rechtsweg zu beschreiten ist, werden R\u00fcckforderungsanspr\u00fcche des Bundes aufgrund (vermeintlich) zu Unrecht gew\u00e4hrter COVID-19 F\u00f6rderungen in Zukunft von den Abgabenbeh\u00f6rden mittels Bescheids festgesetzt. Dies stellt eine erhebliche \u00c4nderung im bisherigen F\u00f6rdersystem dar. Erachtete die COFAG bis dato eine F\u00f6rderung f\u00fcr zu Unrecht gew\u00e4hrt, konnte diese den zu Unrecht ausbezahlten Betrag n\u00e4mlich auch nur am ordentlichen Rechtsweg zur\u00fcckfordern (bzw. allenfalls mit einem anderen zu gew\u00e4hrenden F\u00f6rderanspruch der Unternehmer:in aufrechnen). Ab 01.08.2024 setzt die Abgabenbeh\u00f6rde die R\u00fcckerstattung nun aber mit Bescheid fest. Vertritt nun die betroffene Unternehmer:in den Standpunkt, die Gew\u00e4hrung der F\u00f6rderung erfolgte sehr wohl zu Recht, muss diese:r ein Rechtsmittel an das Bundesfinanzgericht erheben, um den Abgabenbescheid zu bek\u00e4mpfen. Im Hinblick auf die Rechtsdurchsetzung l\u00e4sst sich ein gewisses Ungleichgewicht wohl nicht leugnen.<\/p>\n<p>Auf Unternehmer:innen mit offenen F\u00f6rderantr\u00e4gen oder bereits angedrohten R\u00fcckforderungen kommen somit gro\u00dfe Herausforderungen zu. Gerne unterst\u00fctzen wir Sie bei f\u00f6rderrechtlichen Fragestellungen im Zusammenhang mit Covid-19, insbesondere bei der aktiven Durchsetzung von Anspr\u00fcchen aus den F\u00f6rdervertr\u00e4gen gegen die COFAG bzw. den Bund sowie bei der Abwehr vermeintlicher R\u00fcckforderungsanspr\u00fcche. Unser Team steht Ihnen gerne zur Seite.<\/p>\n<p>&nbsp;<\/p>\n<p>Kontakt:<\/p>\n<p>RA Dr. Daniel Tamerl: <a href=\"mailto:tamerl@chg.at\">tamerl@chg.at<\/a><\/p>\n<p>Leiter der Praxisgruppe Banking &amp; Finance<\/p>\n<p>CHG Czernich Haidlen Gast &amp; Partner Rechtsanw\u00e4lte<\/p>\n<p>Bozner Platz 4 \u2013 6020 Innsbruck<\/p>\n<p>Tel.: 0512-567373 Fax: 0512-567373 -15<br \/>\n<a href=\"mailto:office@chg.at\">office@chg.at<\/a> <a href=\"http:\/\/www.chg.at\">www.chg.at<\/a><\/p>\n<p>&nbsp;<\/p>\n<\/div>\n<\/div>\n<\/div>\n<\/div>\n<\/div>\n<\/div>\n<\/div>\n<div id=\"cmsmasters_row_69f1ab73ec3198_86577946\" class=\"cmsmasters_row cmsmasters_color_scheme_default cmsmasters_row_top_default cmsmasters_row_bot_default cmsmasters_row_boxed\">\n<div class=\"cmsmasters_row_outer_parent\">\n<div class=\"cmsmasters_row_outer\">\n<div class=\"cmsmasters_row_inner\">\n<div class=\"cmsmasters_row_margin\">\n<div class=\"cmsmasters_column one_half\">\n<div class=\"cmsmasters_img  cmsmasters_image_n with_caption\">\n<a href=\"https:\/\/www.chg.at\/profile\/daniel-tamerl\/\"><img src=\"https:\/\/www.chg.at\/wp-content\/uploads\/2023\/11\/CHG-Rechtsanwaelte-Daniel-Tamerl-Portrait.jpg\" \/><\/a>\n<p class=\"cmsmasters_img_caption\">Daniel Tamerl<\/p><\/div>\n<\/div>\n<div class=\"cmsmasters_column one_half\">\n<div class=\"cmsmasters_img  cmsmasters_image_n with_caption\">\n<a href=\"https:\/\/www.chg.at\/profile\/tim-greber\/\"><img src=\"https:\/\/www.chg.at\/wp-content\/uploads\/2024\/03\/CHG-Rechtsanwaelte-Tim-Greber-Portrait-m.jpg\" alt=\"CHG Rechtsanw\u00e4lte - Tim Greber\" \/><\/a>\n<p class=\"cmsmasters_img_caption\">Tim Greber<\/p><\/div>\n<\/div>\n<\/div>\n<\/div>\n<\/div>\n<\/div>\n<\/div>\n\n","protected":false},"excerpt":{"rendered":"<p>Daniel Tamerl und Paralegal Tim Greber haben die wichtigsten Inhalte des COFAG-NoAG zusammengefasst.<\/p>\n","protected":false},"author":16,"featured_media":25234,"comment_status":"closed","ping_status":"open","sticky":false,"template":"","format":"image","meta":{"inline_featured_image":false},"categories":[108,8,9],"tags":[],"yoast_head":"<!-- This site is optimized with the Yoast SEO plugin v19.8 - https:\/\/yoast.com\/wordpress\/plugins\/seo\/ -->\n<title>Die COFAG wird abgewickelt: Was nun auf Unternehmer:innen zukommt &ndash; CHG Czernich Rechtsanw\u00e4lte \u2013 Wir bewegen Wirtschaft<\/title>\n<meta name=\"description\" content=\"Daniel Tamerl und Paralegal Tim Greber haben die wichtigsten Inhalte des COFAG-NoAG zusammengefasst.\" \/>\n<meta name=\"robots\" content=\"index, follow, max-snippet:-1, max-image-preview:large, max-video-preview:-1\" \/>\n<link rel=\"canonical\" href=\"https:\/\/www.chg.at\/en\/die-cofag-wird-abgewickelt-was-nun-auf-unternehmerinnen-zukommt\/\" \/>\n<meta property=\"og:locale\" content=\"en_US\" \/>\n<meta property=\"og:type\" content=\"article\" \/>\n<meta property=\"og:title\" content=\"CHG\" \/>\n<meta property=\"og:description\" content=\"CHG\" \/>\n<meta property=\"og:url\" content=\"https:\/\/www.chg.at\/en\/die-cofag-wird-abgewickelt-was-nun-auf-unternehmerinnen-zukommt\/\" \/>\n<meta property=\"og:site_name\" content=\"CHG Czernich Rechtsanw\u00e4lte \u2013 Wir bewegen Wirtschaft\" \/>\n<meta property=\"article:published_time\" content=\"2024-07-17T06:44:30+00:00\" \/>\n<meta property=\"og:image\" content=\"https:\/\/www.chg.at\/wp-content\/uploads\/2024\/07\/tingey-injury-law-firm-DZpc4UY8ZtY-unsplash-scaled-e1721198542799.jpg\" \/>\n\t<meta property=\"og:image:width\" content=\"2560\" \/>\n\t<meta property=\"og:image:height\" content=\"1510\" \/>\n\t<meta property=\"og:image:type\" content=\"image\/jpeg\" \/>\n<meta name=\"author\" content=\"Selina Reichholf\" \/>\n<meta name=\"twitter:card\" content=\"summary_large_image\" \/>\n<meta name=\"twitter:label1\" content=\"Written by\" \/>\n\t<meta name=\"twitter:data1\" content=\"Selina Reichholf\" \/>\n\t<meta name=\"twitter:label2\" content=\"Est. reading time\" \/>\n\t<meta name=\"twitter:data2\" content=\"5 minutes\" \/>\n<script type=\"application\/ld+json\" class=\"yoast-schema-graph\">{\"@context\":\"https:\/\/schema.org\",\"@graph\":[{\"@type\":\"Article\",\"@id\":\"https:\/\/www.chg.at\/en\/die-cofag-wird-abgewickelt-was-nun-auf-unternehmerinnen-zukommt\/#article\",\"isPartOf\":{\"@id\":\"https:\/\/www.chg.at\/en\/die-cofag-wird-abgewickelt-was-nun-auf-unternehmerinnen-zukommt\/\"},\"author\":{\"name\":\"Selina Reichholf\",\"@id\":\"https:\/\/www.chg.at\/en\/#\/schema\/person\/1a03a341ca78135e646a1e10d229c9f5\"},\"headline\":\"Die COFAG wird abgewickelt: Was nun auf Unternehmer:innen zukommt\",\"datePublished\":\"2024-07-17T06:44:30+00:00\",\"dateModified\":\"2024-07-17T06:44:30+00:00\",\"mainEntityOfPage\":{\"@id\":\"https:\/\/www.chg.at\/en\/die-cofag-wird-abgewickelt-was-nun-auf-unternehmerinnen-zukommt\/\"},\"wordCount\":1095,\"publisher\":{\"@id\":\"https:\/\/www.chg.at\/en\/#organization\"},\"articleSection\":[\"Banking &amp; Finance\",\"CHG News\",\"Kanzlei\"],\"inLanguage\":\"en-US\"},{\"@type\":\"WebPage\",\"@id\":\"https:\/\/www.chg.at\/en\/die-cofag-wird-abgewickelt-was-nun-auf-unternehmerinnen-zukommt\/\",\"url\":\"https:\/\/www.chg.at\/en\/die-cofag-wird-abgewickelt-was-nun-auf-unternehmerinnen-zukommt\/\",\"name\":\"Die COFAG wird abgewickelt: Was nun auf Unternehmer:innen zukommt &ndash; CHG Czernich Rechtsanw\u00e4lte \u2013 Wir bewegen Wirtschaft\",\"isPartOf\":{\"@id\":\"https:\/\/www.chg.at\/en\/#website\"},\"datePublished\":\"2024-07-17T06:44:30+00:00\",\"dateModified\":\"2024-07-17T06:44:30+00:00\",\"description\":\"Daniel Tamerl und Paralegal Tim Greber haben die wichtigsten Inhalte des COFAG-NoAG zusammengefasst.\",\"breadcrumb\":{\"@id\":\"https:\/\/www.chg.at\/en\/die-cofag-wird-abgewickelt-was-nun-auf-unternehmerinnen-zukommt\/#breadcrumb\"},\"inLanguage\":\"en-US\",\"potentialAction\":[{\"@type\":\"ReadAction\",\"target\":[\"https:\/\/www.chg.at\/en\/die-cofag-wird-abgewickelt-was-nun-auf-unternehmerinnen-zukommt\/\"]}]},{\"@type\":\"BreadcrumbList\",\"@id\":\"https:\/\/www.chg.at\/en\/die-cofag-wird-abgewickelt-was-nun-auf-unternehmerinnen-zukommt\/#breadcrumb\",\"itemListElement\":[{\"@type\":\"ListItem\",\"position\":1,\"name\":\"Startseite\",\"item\":\"https:\/\/www.chg.at\/en\/\"},{\"@type\":\"ListItem\",\"position\":2,\"name\":\"Die COFAG wird abgewickelt: Was nun auf Unternehmer:innen zukommt\"}]},{\"@type\":\"WebSite\",\"@id\":\"https:\/\/www.chg.at\/en\/#website\",\"url\":\"https:\/\/www.chg.at\/en\/\",\"name\":\"CHG Czernich Rechtsanw\u00e4lte \u2013 Wir bewegen Wirtschaft\",\"description\":\"Wir sorgen f\u00fcr Klarheit, wenn es rechtlich kompliziert wird. In jeder Phase Ihrer Unternehmungen. Sie ergreifen die Chancen. Wir verwandeln Risiken in L\u00f6sungen.\",\"publisher\":{\"@id\":\"https:\/\/www.chg.at\/en\/#organization\"},\"potentialAction\":[{\"@type\":\"SearchAction\",\"target\":{\"@type\":\"EntryPoint\",\"urlTemplate\":\"https:\/\/www.chg.at\/en\/?s={search_term_string}\"},\"query-input\":\"required name=search_term_string\"}],\"inLanguage\":\"en-US\"},{\"@type\":\"Organization\",\"@id\":\"https:\/\/www.chg.at\/en\/#organization\",\"name\":\"CHG Czernich Rechtsanw\u00e4lte\",\"url\":\"https:\/\/www.chg.at\/en\/\",\"sameAs\":[\"https:\/\/www.linkedin.com\/company\/12773263\/admin\/dashboard\/\"],\"logo\":{\"@type\":\"ImageObject\",\"inLanguage\":\"en-US\",\"@id\":\"https:\/\/www.chg.at\/en\/#\/schema\/logo\/image\/\",\"url\":\"https:\/\/www.chg.at\/wp-content\/uploads\/2016\/08\/CHG_logo_250_1.png\",\"contentUrl\":\"https:\/\/www.chg.at\/wp-content\/uploads\/2016\/08\/CHG_logo_250_1.png\",\"width\":250,\"height\":33,\"caption\":\"CHG Czernich Rechtsanw\u00e4lte\"},\"image\":{\"@id\":\"https:\/\/www.chg.at\/en\/#\/schema\/logo\/image\/\"}},{\"@type\":\"Person\",\"@id\":\"https:\/\/www.chg.at\/en\/#\/schema\/person\/1a03a341ca78135e646a1e10d229c9f5\",\"name\":\"Selina Reichholf\"}]}<\/script>\n<!-- \/ Yoast SEO plugin. -->","yoast_head_json":{"title":"Die COFAG wird abgewickelt: Was nun auf Unternehmer:innen zukommt &ndash; CHG Czernich Rechtsanw\u00e4lte \u2013 Wir bewegen Wirtschaft","description":"Daniel Tamerl und Paralegal Tim Greber haben die wichtigsten Inhalte des COFAG-NoAG zusammengefasst.","robots":{"index":"index","follow":"follow","max-snippet":"max-snippet:-1","max-image-preview":"max-image-preview:large","max-video-preview":"max-video-preview:-1"},"canonical":"https:\/\/www.chg.at\/en\/die-cofag-wird-abgewickelt-was-nun-auf-unternehmerinnen-zukommt\/","og_locale":"en_US","og_type":"article","og_title":"CHG","og_description":"CHG","og_url":"https:\/\/www.chg.at\/en\/die-cofag-wird-abgewickelt-was-nun-auf-unternehmerinnen-zukommt\/","og_site_name":"CHG Czernich Rechtsanw\u00e4lte \u2013 Wir bewegen Wirtschaft","article_published_time":"2024-07-17T06:44:30+00:00","og_image":[{"width":2560,"height":1510,"url":"https:\/\/www.chg.at\/wp-content\/uploads\/2024\/07\/tingey-injury-law-firm-DZpc4UY8ZtY-unsplash-scaled-e1721198542799.jpg","type":"image\/jpeg"}],"author":"Selina Reichholf","twitter_card":"summary_large_image","twitter_misc":{"Written by":"Selina Reichholf","Est. reading time":"5 minutes"},"schema":{"@context":"https:\/\/schema.org","@graph":[{"@type":"Article","@id":"https:\/\/www.chg.at\/en\/die-cofag-wird-abgewickelt-was-nun-auf-unternehmerinnen-zukommt\/#article","isPartOf":{"@id":"https:\/\/www.chg.at\/en\/die-cofag-wird-abgewickelt-was-nun-auf-unternehmerinnen-zukommt\/"},"author":{"name":"Selina Reichholf","@id":"https:\/\/www.chg.at\/en\/#\/schema\/person\/1a03a341ca78135e646a1e10d229c9f5"},"headline":"Die COFAG wird abgewickelt: Was nun auf Unternehmer:innen zukommt","datePublished":"2024-07-17T06:44:30+00:00","dateModified":"2024-07-17T06:44:30+00:00","mainEntityOfPage":{"@id":"https:\/\/www.chg.at\/en\/die-cofag-wird-abgewickelt-was-nun-auf-unternehmerinnen-zukommt\/"},"wordCount":1095,"publisher":{"@id":"https:\/\/www.chg.at\/en\/#organization"},"articleSection":["Banking &amp; Finance","CHG News","Kanzlei"],"inLanguage":"en-US"},{"@type":"WebPage","@id":"https:\/\/www.chg.at\/en\/die-cofag-wird-abgewickelt-was-nun-auf-unternehmerinnen-zukommt\/","url":"https:\/\/www.chg.at\/en\/die-cofag-wird-abgewickelt-was-nun-auf-unternehmerinnen-zukommt\/","name":"Die COFAG wird abgewickelt: Was nun auf Unternehmer:innen zukommt &ndash; CHG Czernich Rechtsanw\u00e4lte \u2013 Wir bewegen Wirtschaft","isPartOf":{"@id":"https:\/\/www.chg.at\/en\/#website"},"datePublished":"2024-07-17T06:44:30+00:00","dateModified":"2024-07-17T06:44:30+00:00","description":"Daniel Tamerl und Paralegal Tim Greber haben die wichtigsten Inhalte des COFAG-NoAG zusammengefasst.","breadcrumb":{"@id":"https:\/\/www.chg.at\/en\/die-cofag-wird-abgewickelt-was-nun-auf-unternehmerinnen-zukommt\/#breadcrumb"},"inLanguage":"en-US","potentialAction":[{"@type":"ReadAction","target":["https:\/\/www.chg.at\/en\/die-cofag-wird-abgewickelt-was-nun-auf-unternehmerinnen-zukommt\/"]}]},{"@type":"BreadcrumbList","@id":"https:\/\/www.chg.at\/en\/die-cofag-wird-abgewickelt-was-nun-auf-unternehmerinnen-zukommt\/#breadcrumb","itemListElement":[{"@type":"ListItem","position":1,"name":"Startseite","item":"https:\/\/www.chg.at\/en\/"},{"@type":"ListItem","position":2,"name":"Die COFAG wird abgewickelt: Was nun auf Unternehmer:innen zukommt"}]},{"@type":"WebSite","@id":"https:\/\/www.chg.at\/en\/#website","url":"https:\/\/www.chg.at\/en\/","name":"CHG Czernich Rechtsanw\u00e4lte \u2013 Wir bewegen Wirtschaft","description":"Wir sorgen f\u00fcr Klarheit, wenn es rechtlich kompliziert wird. In jeder Phase Ihrer Unternehmungen. Sie ergreifen die Chancen. Wir verwandeln Risiken in L\u00f6sungen.","publisher":{"@id":"https:\/\/www.chg.at\/en\/#organization"},"potentialAction":[{"@type":"SearchAction","target":{"@type":"EntryPoint","urlTemplate":"https:\/\/www.chg.at\/en\/?s={search_term_string}"},"query-input":"required name=search_term_string"}],"inLanguage":"en-US"},{"@type":"Organization","@id":"https:\/\/www.chg.at\/en\/#organization","name":"CHG Czernich Rechtsanw\u00e4lte","url":"https:\/\/www.chg.at\/en\/","sameAs":["https:\/\/www.linkedin.com\/company\/12773263\/admin\/dashboard\/"],"logo":{"@type":"ImageObject","inLanguage":"en-US","@id":"https:\/\/www.chg.at\/en\/#\/schema\/logo\/image\/","url":"https:\/\/www.chg.at\/wp-content\/uploads\/2016\/08\/CHG_logo_250_1.png","contentUrl":"https:\/\/www.chg.at\/wp-content\/uploads\/2016\/08\/CHG_logo_250_1.png","width":250,"height":33,"caption":"CHG Czernich Rechtsanw\u00e4lte"},"image":{"@id":"https:\/\/www.chg.at\/en\/#\/schema\/logo\/image\/"}},{"@type":"Person","@id":"https:\/\/www.chg.at\/en\/#\/schema\/person\/1a03a341ca78135e646a1e10d229c9f5","name":"Selina Reichholf"}]}},"_links":{"self":[{"href":"https:\/\/www.chg.at\/en\/wp-json\/wp\/v2\/posts\/25231"}],"collection":[{"href":"https:\/\/www.chg.at\/en\/wp-json\/wp\/v2\/posts"}],"about":[{"href":"https:\/\/www.chg.at\/en\/wp-json\/wp\/v2\/types\/post"}],"author":[{"embeddable":true,"href":"https:\/\/www.chg.at\/en\/wp-json\/wp\/v2\/users\/16"}],"replies":[{"embeddable":true,"href":"https:\/\/www.chg.at\/en\/wp-json\/wp\/v2\/comments?post=25231"}],"version-history":[{"count":1,"href":"https:\/\/www.chg.at\/en\/wp-json\/wp\/v2\/posts\/25231\/revisions"}],"predecessor-version":[{"id":25236,"href":"https:\/\/www.chg.at\/en\/wp-json\/wp\/v2\/posts\/25231\/revisions\/25236"}],"wp:featuredmedia":[{"embeddable":true,"href":"https:\/\/www.chg.at\/en\/wp-json\/wp\/v2\/media\/25234"}],"wp:attachment":[{"href":"https:\/\/www.chg.at\/en\/wp-json\/wp\/v2\/media?parent=25231"}],"wp:term":[{"taxonomy":"category","embeddable":true,"href":"https:\/\/www.chg.at\/en\/wp-json\/wp\/v2\/categories?post=25231"},{"taxonomy":"post_tag","embeddable":true,"href":"https:\/\/www.chg.at\/en\/wp-json\/wp\/v2\/tags?post=25231"}],"curies":[{"name":"wp","href":"https:\/\/api.w.org\/{rel}","templated":true}]}}