{"id":25284,"date":"2023-05-11T17:03:56","date_gmt":"2023-05-11T15:03:56","guid":{"rendered":"https:\/\/www.chg.at\/?p=25284"},"modified":"2024-07-17T17:04:22","modified_gmt":"2024-07-17T15:04:22","slug":"chg-team-beim-moot-court-arbeitsrecht","status":"publish","type":"post","link":"https:\/\/www.chg.at\/en\/chg-team-beim-moot-court-arbeitsrecht\/","title":{"rendered":"CHG-Team beim Moot Court Arbeitsrecht"},"content":{"rendered":"<style type=\"text\/css\"> \n#cmsmasters_row_69f3d6d72c5db2_68794874 .cmsmasters_row_outer_parent { \n\tpadding-top: 30px; \n} \n\n#cmsmasters_row_69f3d6d72c5db2_68794874 .cmsmasters_row_outer_parent { \n\tpadding-bottom: 30px; \n} \n\n<\/style><div id=\"cmsmasters_row_69f3d6d72c5db2_68794874\" class=\"cmsmasters_row cmsmasters_color_scheme_default cmsmasters_row_top_default cmsmasters_row_bot_default cmsmasters_row_boxed\">\n<div class=\"cmsmasters_row_outer_parent\">\n<div class=\"cmsmasters_row_outer\">\n<div class=\"cmsmasters_row_inner\">\n<div class=\"cmsmasters_row_margin\">\n<div class=\"cmsmasters_column one_first\">\n<div class=\"cmsmasters_text\">\n<h1><span lang=\"DE\" style=\"color: #d43555;\">CHG-Team beim Moot Court Arbeitsrecht<\/span><\/h1>\n<p>Die Rechtswissenschaftliche Universit\u00e4t veranstaltete heuer wieder einen Moot Court im Arbeitsrecht. In diesem Prozessspiel standen sich Studierende in Zweier- oder Dreierteams als Verfahrensparteien gegen\u00fcber und erstellten Revisionsschriften bzw. Revisionsbeantwortungen.<\/p>\n<p>Am 3. Mai 2023 fand die Schlussverhandlung im Schwurgerichtssaal vor dem mit MMMag. Alexandra Unger, Assoz. Prof. PD Mag. Dr. Florian Burger und RA Dr. Peter Walln\u00f6fer, LL.M., besetzten Richter-Senat statt. Die Studierenden pr\u00e4sentierten dort ihre Standpunkte und stellten sich den kritischen Fragen des Senats.<\/p>\n<p>&nbsp;<\/p>\n<p>Das von <a href=\"https:\/\/www.chg.at\/profile\/dr-marlene-wachter\/\">Marlene Wachter<\/a> betreute Team bestehend aus Laura Fessler und Michaela Friedl konnte den Senat mit ihrer Argumentation \u00fcberzeugen und das Verfahren f\u00fcr sich entscheiden. Wir gratulieren den beiden sowie dem Siegerteam und allen weiteren Teilnehmer:innen und freuen uns \u00fcber die hervorragenden Leistungen und das Engagement der jungen Kolleg:innen. Macht weiter so!<\/p>\n<\/div>\n<\/div>\n<\/div>\n<\/div>\n<\/div>\n<\/div>\n<\/div>\n\n","protected":false},"excerpt":{"rendered":"<p>Die Rechtswissenschaftliche Universit\u00e4t veranstaltete heuer wieder einen Moot Court im Arbeitsrecht, bei dem Marlene Wachter mit zwei Studierenden teilnahm.<\/p>\n","protected":false},"author":16,"featured_media":25285,"comment_status":"closed","ping_status":"open","sticky":false,"template":"","format":"image","meta":{"inline_featured_image":false},"categories":[8,9,62,33],"tags":[],"yoast_head":"<!-- This site is optimized with the Yoast SEO plugin v19.8 - https:\/\/yoast.com\/wordpress\/plugins\/seo\/ -->\n<title>Sieg beim Moot Court Vergaberecht<\/title>\n<meta name=\"description\" content=\"Die Rechtswissenschaftliche Universit\u00e4t veranstaltete heuer wieder einen Moot Court im Arbeitsrecht, bei dem Marlene Wachter mit zwei Studierenden teilnahm.\" \/>\n<meta name=\"robots\" content=\"index, follow, max-snippet:-1, max-image-preview:large, max-video-preview:-1\" \/>\n<link rel=\"canonical\" href=\"https:\/\/www.chg.at\/en\/chg-team-beim-moot-court-arbeitsrecht\/\" \/>\n<meta property=\"og:locale\" content=\"en_US\" \/>\n<meta property=\"og:type\" content=\"article\" \/>\n<meta property=\"og:title\" content=\"CHG\" \/>\n<meta property=\"og:description\" content=\"CHG\" \/>\n<meta property=\"og:url\" content=\"https:\/\/www.chg.at\/en\/chg-team-beim-moot-court-arbeitsrecht\/\" \/>\n<meta property=\"og:site_name\" content=\"CHG Czernich Rechtsanw\u00e4lte \u2013 Wir bewegen Wirtschaft\" \/>\n<meta property=\"article:published_time\" content=\"2023-05-11T15:03:56+00:00\" \/>\n<meta property=\"article:modified_time\" content=\"2024-07-17T15:04:22+00:00\" \/>\n<meta property=\"og:image\" content=\"https:\/\/www.chg.at\/wp-content\/uploads\/2024\/07\/20.png\" \/>\n\t<meta property=\"og:image:width\" content=\"328\" \/>\n\t<meta property=\"og:image:height\" content=\"296\" \/>\n\t<meta property=\"og:image:type\" content=\"image\/png\" \/>\n<meta name=\"author\" content=\"Selina Reichholf\" \/>\n<meta name=\"twitter:card\" content=\"summary_large_image\" \/>\n<meta name=\"twitter:label1\" content=\"Written by\" \/>\n\t<meta name=\"twitter:data1\" content=\"Selina Reichholf\" \/>\n\t<meta name=\"twitter:label2\" content=\"Est. reading time\" \/>\n\t<meta name=\"twitter:data2\" content=\"1 minute\" \/>\n<script type=\"application\/ld+json\" class=\"yoast-schema-graph\">{\"@context\":\"https:\/\/schema.org\",\"@graph\":[{\"@type\":\"Article\",\"@id\":\"https:\/\/www.chg.at\/en\/chg-team-beim-moot-court-arbeitsrecht\/#article\",\"isPartOf\":{\"@id\":\"https:\/\/www.chg.at\/en\/chg-team-beim-moot-court-arbeitsrecht\/\"},\"author\":{\"name\":\"Selina Reichholf\",\"@id\":\"https:\/\/www.chg.at\/en\/#\/schema\/person\/1a03a341ca78135e646a1e10d229c9f5\"},\"headline\":\"CHG-Team beim Moot Court Arbeitsrecht\",\"datePublished\":\"2023-05-11T15:03:56+00:00\",\"dateModified\":\"2024-07-17T15:04:22+00:00\",\"mainEntityOfPage\":{\"@id\":\"https:\/\/www.chg.at\/en\/chg-team-beim-moot-court-arbeitsrecht\/\"},\"wordCount\":180,\"publisher\":{\"@id\":\"https:\/\/www.chg.at\/en\/#organization\"},\"articleSection\":[\"CHG News\",\"Kanzlei\",\"Karriere\",\"Veranstaltung\"],\"inLanguage\":\"en-US\"},{\"@type\":\"WebPage\",\"@id\":\"https:\/\/www.chg.at\/en\/chg-team-beim-moot-court-arbeitsrecht\/\",\"url\":\"https:\/\/www.chg.at\/en\/chg-team-beim-moot-court-arbeitsrecht\/\",\"name\":\"Sieg beim Moot Court Vergaberecht\",\"isPartOf\":{\"@id\":\"https:\/\/www.chg.at\/en\/#website\"},\"datePublished\":\"2023-05-11T15:03:56+00:00\",\"dateModified\":\"2024-07-17T15:04:22+00:00\",\"description\":\"Die Rechtswissenschaftliche Universit\u00e4t veranstaltete heuer wieder einen Moot Court im Arbeitsrecht, bei dem Marlene Wachter mit zwei Studierenden teilnahm.\",\"breadcrumb\":{\"@id\":\"https:\/\/www.chg.at\/en\/chg-team-beim-moot-court-arbeitsrecht\/#breadcrumb\"},\"inLanguage\":\"en-US\",\"potentialAction\":[{\"@type\":\"ReadAction\",\"target\":[\"https:\/\/www.chg.at\/en\/chg-team-beim-moot-court-arbeitsrecht\/\"]}]},{\"@type\":\"BreadcrumbList\",\"@id\":\"https:\/\/www.chg.at\/en\/chg-team-beim-moot-court-arbeitsrecht\/#breadcrumb\",\"itemListElement\":[{\"@type\":\"ListItem\",\"position\":1,\"name\":\"Startseite\",\"item\":\"https:\/\/www.chg.at\/en\/\"},{\"@type\":\"ListItem\",\"position\":2,\"name\":\"CHG-Team beim Moot Court Arbeitsrecht\"}]},{\"@type\":\"WebSite\",\"@id\":\"https:\/\/www.chg.at\/en\/#website\",\"url\":\"https:\/\/www.chg.at\/en\/\",\"name\":\"CHG Czernich Rechtsanw\u00e4lte \u2013 Wir bewegen Wirtschaft\",\"description\":\"Wir sorgen f\u00fcr Klarheit, wenn es rechtlich kompliziert wird. In jeder Phase Ihrer Unternehmungen. Sie ergreifen die Chancen. Wir verwandeln Risiken in L\u00f6sungen.\",\"publisher\":{\"@id\":\"https:\/\/www.chg.at\/en\/#organization\"},\"potentialAction\":[{\"@type\":\"SearchAction\",\"target\":{\"@type\":\"EntryPoint\",\"urlTemplate\":\"https:\/\/www.chg.at\/en\/?s={search_term_string}\"},\"query-input\":\"required name=search_term_string\"}],\"inLanguage\":\"en-US\"},{\"@type\":\"Organization\",\"@id\":\"https:\/\/www.chg.at\/en\/#organization\",\"name\":\"CHG Czernich Rechtsanw\u00e4lte\",\"url\":\"https:\/\/www.chg.at\/en\/\",\"sameAs\":[\"https:\/\/www.linkedin.com\/company\/12773263\/admin\/dashboard\/\"],\"logo\":{\"@type\":\"ImageObject\",\"inLanguage\":\"en-US\",\"@id\":\"https:\/\/www.chg.at\/en\/#\/schema\/logo\/image\/\",\"url\":\"https:\/\/www.chg.at\/wp-content\/uploads\/2016\/08\/CHG_logo_250_1.png\",\"contentUrl\":\"https:\/\/www.chg.at\/wp-content\/uploads\/2016\/08\/CHG_logo_250_1.png\",\"width\":250,\"height\":33,\"caption\":\"CHG Czernich Rechtsanw\u00e4lte\"},\"image\":{\"@id\":\"https:\/\/www.chg.at\/en\/#\/schema\/logo\/image\/\"}},{\"@type\":\"Person\",\"@id\":\"https:\/\/www.chg.at\/en\/#\/schema\/person\/1a03a341ca78135e646a1e10d229c9f5\",\"name\":\"Selina Reichholf\"}]}<\/script>\n<!-- \/ Yoast SEO plugin. -->","yoast_head_json":{"title":"Sieg beim Moot Court Vergaberecht","description":"Die Rechtswissenschaftliche Universit\u00e4t veranstaltete heuer wieder einen Moot Court im Arbeitsrecht, bei dem Marlene Wachter mit zwei Studierenden teilnahm.","robots":{"index":"index","follow":"follow","max-snippet":"max-snippet:-1","max-image-preview":"max-image-preview:large","max-video-preview":"max-video-preview:-1"},"canonical":"https:\/\/www.chg.at\/en\/chg-team-beim-moot-court-arbeitsrecht\/","og_locale":"en_US","og_type":"article","og_title":"CHG","og_description":"CHG","og_url":"https:\/\/www.chg.at\/en\/chg-team-beim-moot-court-arbeitsrecht\/","og_site_name":"CHG Czernich Rechtsanw\u00e4lte \u2013 Wir bewegen Wirtschaft","article_published_time":"2023-05-11T15:03:56+00:00","article_modified_time":"2024-07-17T15:04:22+00:00","og_image":[{"width":328,"height":296,"url":"https:\/\/www.chg.at\/wp-content\/uploads\/2024\/07\/20.png","type":"image\/png"}],"author":"Selina Reichholf","twitter_card":"summary_large_image","twitter_misc":{"Written by":"Selina Reichholf","Est. reading time":"1 minute"},"schema":{"@context":"https:\/\/schema.org","@graph":[{"@type":"Article","@id":"https:\/\/www.chg.at\/en\/chg-team-beim-moot-court-arbeitsrecht\/#article","isPartOf":{"@id":"https:\/\/www.chg.at\/en\/chg-team-beim-moot-court-arbeitsrecht\/"},"author":{"name":"Selina Reichholf","@id":"https:\/\/www.chg.at\/en\/#\/schema\/person\/1a03a341ca78135e646a1e10d229c9f5"},"headline":"CHG-Team beim Moot Court Arbeitsrecht","datePublished":"2023-05-11T15:03:56+00:00","dateModified":"2024-07-17T15:04:22+00:00","mainEntityOfPage":{"@id":"https:\/\/www.chg.at\/en\/chg-team-beim-moot-court-arbeitsrecht\/"},"wordCount":180,"publisher":{"@id":"https:\/\/www.chg.at\/en\/#organization"},"articleSection":["CHG News","Kanzlei","Karriere","Veranstaltung"],"inLanguage":"en-US"},{"@type":"WebPage","@id":"https:\/\/www.chg.at\/en\/chg-team-beim-moot-court-arbeitsrecht\/","url":"https:\/\/www.chg.at\/en\/chg-team-beim-moot-court-arbeitsrecht\/","name":"Sieg beim Moot Court Vergaberecht","isPartOf":{"@id":"https:\/\/www.chg.at\/en\/#website"},"datePublished":"2023-05-11T15:03:56+00:00","dateModified":"2024-07-17T15:04:22+00:00","description":"Die Rechtswissenschaftliche Universit\u00e4t veranstaltete heuer wieder einen Moot Court im Arbeitsrecht, bei dem Marlene Wachter mit zwei Studierenden teilnahm.","breadcrumb":{"@id":"https:\/\/www.chg.at\/en\/chg-team-beim-moot-court-arbeitsrecht\/#breadcrumb"},"inLanguage":"en-US","potentialAction":[{"@type":"ReadAction","target":["https:\/\/www.chg.at\/en\/chg-team-beim-moot-court-arbeitsrecht\/"]}]},{"@type":"BreadcrumbList","@id":"https:\/\/www.chg.at\/en\/chg-team-beim-moot-court-arbeitsrecht\/#breadcrumb","itemListElement":[{"@type":"ListItem","position":1,"name":"Startseite","item":"https:\/\/www.chg.at\/en\/"},{"@type":"ListItem","position":2,"name":"CHG-Team beim Moot Court Arbeitsrecht"}]},{"@type":"WebSite","@id":"https:\/\/www.chg.at\/en\/#website","url":"https:\/\/www.chg.at\/en\/","name":"CHG Czernich Rechtsanw\u00e4lte \u2013 Wir bewegen Wirtschaft","description":"Wir sorgen f\u00fcr Klarheit, wenn es rechtlich kompliziert wird. In jeder Phase Ihrer Unternehmungen. Sie ergreifen die Chancen. Wir verwandeln Risiken in L\u00f6sungen.","publisher":{"@id":"https:\/\/www.chg.at\/en\/#organization"},"potentialAction":[{"@type":"SearchAction","target":{"@type":"EntryPoint","urlTemplate":"https:\/\/www.chg.at\/en\/?s={search_term_string}"},"query-input":"required name=search_term_string"}],"inLanguage":"en-US"},{"@type":"Organization","@id":"https:\/\/www.chg.at\/en\/#organization","name":"CHG Czernich Rechtsanw\u00e4lte","url":"https:\/\/www.chg.at\/en\/","sameAs":["https:\/\/www.linkedin.com\/company\/12773263\/admin\/dashboard\/"],"logo":{"@type":"ImageObject","inLanguage":"en-US","@id":"https:\/\/www.chg.at\/en\/#\/schema\/logo\/image\/","url":"https:\/\/www.chg.at\/wp-content\/uploads\/2016\/08\/CHG_logo_250_1.png","contentUrl":"https:\/\/www.chg.at\/wp-content\/uploads\/2016\/08\/CHG_logo_250_1.png","width":250,"height":33,"caption":"CHG Czernich Rechtsanw\u00e4lte"},"image":{"@id":"https:\/\/www.chg.at\/en\/#\/schema\/logo\/image\/"}},{"@type":"Person","@id":"https:\/\/www.chg.at\/en\/#\/schema\/person\/1a03a341ca78135e646a1e10d229c9f5","name":"Selina Reichholf"}]}},"_links":{"self":[{"href":"https:\/\/www.chg.at\/en\/wp-json\/wp\/v2\/posts\/25284"}],"collection":[{"href":"https:\/\/www.chg.at\/en\/wp-json\/wp\/v2\/posts"}],"about":[{"href":"https:\/\/www.chg.at\/en\/wp-json\/wp\/v2\/types\/post"}],"author":[{"embeddable":true,"href":"https:\/\/www.chg.at\/en\/wp-json\/wp\/v2\/users\/16"}],"replies":[{"embeddable":true,"href":"https:\/\/www.chg.at\/en\/wp-json\/wp\/v2\/comments?post=25284"}],"version-history":[{"count":2,"href":"https:\/\/www.chg.at\/en\/wp-json\/wp\/v2\/posts\/25284\/revisions"}],"predecessor-version":[{"id":25288,"href":"https:\/\/www.chg.at\/en\/wp-json\/wp\/v2\/posts\/25284\/revisions\/25288"}],"wp:featuredmedia":[{"embeddable":true,"href":"https:\/\/www.chg.at\/en\/wp-json\/wp\/v2\/media\/25285"}],"wp:attachment":[{"href":"https:\/\/www.chg.at\/en\/wp-json\/wp\/v2\/media?parent=25284"}],"wp:term":[{"taxonomy":"category","embeddable":true,"href":"https:\/\/www.chg.at\/en\/wp-json\/wp\/v2\/categories?post=25284"},{"taxonomy":"post_tag","embeddable":true,"href":"https:\/\/www.chg.at\/en\/wp-json\/wp\/v2\/tags?post=25284"}],"curies":[{"name":"wp","href":"https:\/\/api.w.org\/{rel}","templated":true}]}}