{"id":25648,"date":"2023-05-02T08:23:14","date_gmt":"2023-05-02T06:23:14","guid":{"rendered":"https:\/\/www.chg.at\/?p=25648"},"modified":"2024-09-23T08:23:59","modified_gmt":"2024-09-23T06:23:59","slug":"wettbewerbsrecht-am-punkt-2","status":"publish","type":"post","link":"https:\/\/www.chg.at\/en\/wettbewerbsrecht-am-punkt-2\/","title":{"rendered":"Wettbewerbsrecht am Punkt"},"content":{"rendered":"<style type=\"text\/css\"> \n#cmsmasters_row_69f1b7ebccda04_63808755 .cmsmasters_row_outer_parent { \n\tpadding-top: 30px; \n} \n\n#cmsmasters_row_69f1b7ebccda04_63808755 .cmsmasters_row_outer_parent { \n\tpadding-bottom: 30px; \n} \n\n<\/style><div id=\"cmsmasters_row_69f1b7ebccda04_63808755\" class=\"cmsmasters_row cmsmasters_color_scheme_default cmsmasters_row_top_default cmsmasters_row_bot_default cmsmasters_row_boxed\">\n<div class=\"cmsmasters_row_outer_parent\">\n<div class=\"cmsmasters_row_outer\">\n<div class=\"cmsmasters_row_inner\">\n<div class=\"cmsmasters_row_margin\">\n<div class=\"cmsmasters_column one_first\">\n<div class=\"cmsmasters_text\">\n<h1><span lang=\"DE\" style=\"color: #d43555;\">Wettbewerbsrecht am Punkt<br \/>\n<\/span><\/h1>\n<p>Am 20. April fiel der Startschuss f\u00fcr die neue CHG-Veranstaltungsreie &#8220;Wettbewerbsrecht am Punkt&#8221;. Zahlreiche Teilnehmer:innen h\u00f6rten den Vortr\u00e4gen von Sophie Tkalec und Mario Kathrein gespannt zu.<\/p>\n<p>Nachdem Florian M\u00fcller in das Thema einf\u00fchrte, gab Sophie Tkalec einen \u00dcberlick \u00fcber das Wettbewerbsrecht allgemein.<\/p>\n<p>Mario Kathrein beleuchtete im Rahmen seines Vortrags die Hintergr\u00fcnde der UWG-Novelle 2022 sowohl auf europ\u00e4ischer als auch nationaler Ebene und die damit einhergehenden Auswirkungen f\u00fcr die Praxis. Dabei wurde insbesondere der Fokus darauf gelegt, welche Anspr\u00fcche konkret Verbraucher gegen\u00fcber Unternehmen geltend machen k\u00f6nnen. Zudem wurden auch weitere geplante Gesetzesvorhaben in Hinblick auf den kollektiven Rechtsschutz diskutiert.<\/p>\n<p>&nbsp;<\/p>\n<p>&nbsp;<\/p>\n<p>Wir bedanken uns bei allen Teilnehmer:innen f\u00fcr ihr Kommen.<\/p>\n<\/div>\n<\/div>\n<\/div>\n<\/div>\n<\/div>\n<\/div>\n<\/div>\n\n","protected":false},"excerpt":{"rendered":"<p>Zahlreiche Teilnehmer:innen h\u00f6rten den Vortr\u00e4gen von Sophie Tkalec und Mario Kathrein im Rahmen der Veranstaltung &#8220;Wettbewerbsrecht am Punkt&#8221; gespannt zu.<\/p>\n","protected":false},"author":16,"featured_media":25651,"comment_status":"closed","ping_status":"open","sticky":false,"template":"","format":"image","meta":{"inline_featured_image":false},"categories":[8,9,33],"tags":[],"yoast_head":"<!-- This site is optimized with the Yoast SEO plugin v19.8 - https:\/\/yoast.com\/wordpress\/plugins\/seo\/ -->\n<title>Wettbewerbsrecht am Punkt &ndash; CHG Czernich Rechtsanw\u00e4lte \u2013 Wir bewegen Wirtschaft<\/title>\n<meta name=\"description\" content=\"Zahlreiche Teilnehmer:innen h\u00f6rten den Vortr\u00e4gen von Sophie Tkalec und Mario Kathrein im Rahmen der Veranstaltung &quot;Wettbewerbsrecht am Punkt&quot; gespannt zu.\" \/>\n<meta name=\"robots\" content=\"index, follow, max-snippet:-1, max-image-preview:large, max-video-preview:-1\" \/>\n<link rel=\"canonical\" href=\"https:\/\/www.chg.at\/en\/wettbewerbsrecht-am-punkt-2\/\" \/>\n<meta property=\"og:locale\" content=\"en_US\" \/>\n<meta property=\"og:type\" content=\"article\" \/>\n<meta property=\"og:title\" content=\"CHG\" \/>\n<meta property=\"og:description\" content=\"CHG\" \/>\n<meta property=\"og:url\" content=\"https:\/\/www.chg.at\/en\/wettbewerbsrecht-am-punkt-2\/\" \/>\n<meta property=\"og:site_name\" content=\"CHG Czernich Rechtsanw\u00e4lte \u2013 Wir bewegen Wirtschaft\" \/>\n<meta property=\"article:published_time\" content=\"2023-05-02T06:23:14+00:00\" \/>\n<meta property=\"article:modified_time\" content=\"2024-09-23T06:23:59+00:00\" \/>\n<meta property=\"og:image\" content=\"https:\/\/www.chg.at\/wp-content\/uploads\/2024\/09\/Beitragsbild-WRP.jpg\" \/>\n\t<meta property=\"og:image:width\" content=\"605\" \/>\n\t<meta property=\"og:image:height\" content=\"286\" \/>\n\t<meta property=\"og:image:type\" content=\"image\/jpeg\" \/>\n<meta name=\"author\" content=\"Selina Reichholf\" \/>\n<meta name=\"twitter:card\" content=\"summary_large_image\" \/>\n<meta name=\"twitter:label1\" content=\"Written by\" \/>\n\t<meta name=\"twitter:data1\" content=\"Selina Reichholf\" \/>\n\t<meta name=\"twitter:label2\" content=\"Est. reading time\" \/>\n\t<meta name=\"twitter:data2\" content=\"1 minute\" \/>\n<script type=\"application\/ld+json\" class=\"yoast-schema-graph\">{\"@context\":\"https:\/\/schema.org\",\"@graph\":[{\"@type\":\"Article\",\"@id\":\"https:\/\/www.chg.at\/en\/wettbewerbsrecht-am-punkt-2\/#article\",\"isPartOf\":{\"@id\":\"https:\/\/www.chg.at\/en\/wettbewerbsrecht-am-punkt-2\/\"},\"author\":{\"name\":\"Selina Reichholf\",\"@id\":\"https:\/\/www.chg.at\/en\/#\/schema\/person\/1a03a341ca78135e646a1e10d229c9f5\"},\"headline\":\"Wettbewerbsrecht am Punkt\",\"datePublished\":\"2023-05-02T06:23:14+00:00\",\"dateModified\":\"2024-09-23T06:23:59+00:00\",\"mainEntityOfPage\":{\"@id\":\"https:\/\/www.chg.at\/en\/wettbewerbsrecht-am-punkt-2\/\"},\"wordCount\":163,\"publisher\":{\"@id\":\"https:\/\/www.chg.at\/en\/#organization\"},\"articleSection\":[\"CHG News\",\"Kanzlei\",\"Veranstaltung\"],\"inLanguage\":\"en-US\"},{\"@type\":\"WebPage\",\"@id\":\"https:\/\/www.chg.at\/en\/wettbewerbsrecht-am-punkt-2\/\",\"url\":\"https:\/\/www.chg.at\/en\/wettbewerbsrecht-am-punkt-2\/\",\"name\":\"Wettbewerbsrecht am Punkt &ndash; CHG Czernich Rechtsanw\u00e4lte \u2013 Wir bewegen Wirtschaft\",\"isPartOf\":{\"@id\":\"https:\/\/www.chg.at\/en\/#website\"},\"datePublished\":\"2023-05-02T06:23:14+00:00\",\"dateModified\":\"2024-09-23T06:23:59+00:00\",\"description\":\"Zahlreiche Teilnehmer:innen h\u00f6rten den Vortr\u00e4gen von Sophie Tkalec und Mario Kathrein im Rahmen der Veranstaltung \\\"Wettbewerbsrecht am Punkt\\\" gespannt zu.\",\"breadcrumb\":{\"@id\":\"https:\/\/www.chg.at\/en\/wettbewerbsrecht-am-punkt-2\/#breadcrumb\"},\"inLanguage\":\"en-US\",\"potentialAction\":[{\"@type\":\"ReadAction\",\"target\":[\"https:\/\/www.chg.at\/en\/wettbewerbsrecht-am-punkt-2\/\"]}]},{\"@type\":\"BreadcrumbList\",\"@id\":\"https:\/\/www.chg.at\/en\/wettbewerbsrecht-am-punkt-2\/#breadcrumb\",\"itemListElement\":[{\"@type\":\"ListItem\",\"position\":1,\"name\":\"Startseite\",\"item\":\"https:\/\/www.chg.at\/en\/\"},{\"@type\":\"ListItem\",\"position\":2,\"name\":\"Wettbewerbsrecht am Punkt\"}]},{\"@type\":\"WebSite\",\"@id\":\"https:\/\/www.chg.at\/en\/#website\",\"url\":\"https:\/\/www.chg.at\/en\/\",\"name\":\"CHG Czernich Rechtsanw\u00e4lte \u2013 Wir bewegen Wirtschaft\",\"description\":\"Wir sorgen f\u00fcr Klarheit, wenn es rechtlich kompliziert wird. In jeder Phase Ihrer Unternehmungen. Sie ergreifen die Chancen. Wir verwandeln Risiken in L\u00f6sungen.\",\"publisher\":{\"@id\":\"https:\/\/www.chg.at\/en\/#organization\"},\"potentialAction\":[{\"@type\":\"SearchAction\",\"target\":{\"@type\":\"EntryPoint\",\"urlTemplate\":\"https:\/\/www.chg.at\/en\/?s={search_term_string}\"},\"query-input\":\"required name=search_term_string\"}],\"inLanguage\":\"en-US\"},{\"@type\":\"Organization\",\"@id\":\"https:\/\/www.chg.at\/en\/#organization\",\"name\":\"CHG Czernich Rechtsanw\u00e4lte\",\"url\":\"https:\/\/www.chg.at\/en\/\",\"sameAs\":[\"https:\/\/www.linkedin.com\/company\/12773263\/admin\/dashboard\/\"],\"logo\":{\"@type\":\"ImageObject\",\"inLanguage\":\"en-US\",\"@id\":\"https:\/\/www.chg.at\/en\/#\/schema\/logo\/image\/\",\"url\":\"https:\/\/www.chg.at\/wp-content\/uploads\/2016\/08\/CHG_logo_250_1.png\",\"contentUrl\":\"https:\/\/www.chg.at\/wp-content\/uploads\/2016\/08\/CHG_logo_250_1.png\",\"width\":250,\"height\":33,\"caption\":\"CHG Czernich Rechtsanw\u00e4lte\"},\"image\":{\"@id\":\"https:\/\/www.chg.at\/en\/#\/schema\/logo\/image\/\"}},{\"@type\":\"Person\",\"@id\":\"https:\/\/www.chg.at\/en\/#\/schema\/person\/1a03a341ca78135e646a1e10d229c9f5\",\"name\":\"Selina Reichholf\"}]}<\/script>\n<!-- \/ Yoast SEO plugin. -->","yoast_head_json":{"title":"Wettbewerbsrecht am Punkt &ndash; CHG Czernich Rechtsanw\u00e4lte \u2013 Wir bewegen Wirtschaft","description":"Zahlreiche Teilnehmer:innen h\u00f6rten den Vortr\u00e4gen von Sophie Tkalec und Mario Kathrein im Rahmen der Veranstaltung \"Wettbewerbsrecht am Punkt\" gespannt zu.","robots":{"index":"index","follow":"follow","max-snippet":"max-snippet:-1","max-image-preview":"max-image-preview:large","max-video-preview":"max-video-preview:-1"},"canonical":"https:\/\/www.chg.at\/en\/wettbewerbsrecht-am-punkt-2\/","og_locale":"en_US","og_type":"article","og_title":"CHG","og_description":"CHG","og_url":"https:\/\/www.chg.at\/en\/wettbewerbsrecht-am-punkt-2\/","og_site_name":"CHG Czernich Rechtsanw\u00e4lte \u2013 Wir bewegen Wirtschaft","article_published_time":"2023-05-02T06:23:14+00:00","article_modified_time":"2024-09-23T06:23:59+00:00","og_image":[{"width":605,"height":286,"url":"https:\/\/www.chg.at\/wp-content\/uploads\/2024\/09\/Beitragsbild-WRP.jpg","type":"image\/jpeg"}],"author":"Selina Reichholf","twitter_card":"summary_large_image","twitter_misc":{"Written by":"Selina Reichholf","Est. reading time":"1 minute"},"schema":{"@context":"https:\/\/schema.org","@graph":[{"@type":"Article","@id":"https:\/\/www.chg.at\/en\/wettbewerbsrecht-am-punkt-2\/#article","isPartOf":{"@id":"https:\/\/www.chg.at\/en\/wettbewerbsrecht-am-punkt-2\/"},"author":{"name":"Selina Reichholf","@id":"https:\/\/www.chg.at\/en\/#\/schema\/person\/1a03a341ca78135e646a1e10d229c9f5"},"headline":"Wettbewerbsrecht am Punkt","datePublished":"2023-05-02T06:23:14+00:00","dateModified":"2024-09-23T06:23:59+00:00","mainEntityOfPage":{"@id":"https:\/\/www.chg.at\/en\/wettbewerbsrecht-am-punkt-2\/"},"wordCount":163,"publisher":{"@id":"https:\/\/www.chg.at\/en\/#organization"},"articleSection":["CHG News","Kanzlei","Veranstaltung"],"inLanguage":"en-US"},{"@type":"WebPage","@id":"https:\/\/www.chg.at\/en\/wettbewerbsrecht-am-punkt-2\/","url":"https:\/\/www.chg.at\/en\/wettbewerbsrecht-am-punkt-2\/","name":"Wettbewerbsrecht am Punkt &ndash; CHG Czernich Rechtsanw\u00e4lte \u2013 Wir bewegen Wirtschaft","isPartOf":{"@id":"https:\/\/www.chg.at\/en\/#website"},"datePublished":"2023-05-02T06:23:14+00:00","dateModified":"2024-09-23T06:23:59+00:00","description":"Zahlreiche Teilnehmer:innen h\u00f6rten den Vortr\u00e4gen von Sophie Tkalec und Mario Kathrein im Rahmen der Veranstaltung \"Wettbewerbsrecht am Punkt\" gespannt zu.","breadcrumb":{"@id":"https:\/\/www.chg.at\/en\/wettbewerbsrecht-am-punkt-2\/#breadcrumb"},"inLanguage":"en-US","potentialAction":[{"@type":"ReadAction","target":["https:\/\/www.chg.at\/en\/wettbewerbsrecht-am-punkt-2\/"]}]},{"@type":"BreadcrumbList","@id":"https:\/\/www.chg.at\/en\/wettbewerbsrecht-am-punkt-2\/#breadcrumb","itemListElement":[{"@type":"ListItem","position":1,"name":"Startseite","item":"https:\/\/www.chg.at\/en\/"},{"@type":"ListItem","position":2,"name":"Wettbewerbsrecht am Punkt"}]},{"@type":"WebSite","@id":"https:\/\/www.chg.at\/en\/#website","url":"https:\/\/www.chg.at\/en\/","name":"CHG Czernich Rechtsanw\u00e4lte \u2013 Wir bewegen Wirtschaft","description":"Wir sorgen f\u00fcr Klarheit, wenn es rechtlich kompliziert wird. In jeder Phase Ihrer Unternehmungen. Sie ergreifen die Chancen. Wir verwandeln Risiken in L\u00f6sungen.","publisher":{"@id":"https:\/\/www.chg.at\/en\/#organization"},"potentialAction":[{"@type":"SearchAction","target":{"@type":"EntryPoint","urlTemplate":"https:\/\/www.chg.at\/en\/?s={search_term_string}"},"query-input":"required name=search_term_string"}],"inLanguage":"en-US"},{"@type":"Organization","@id":"https:\/\/www.chg.at\/en\/#organization","name":"CHG Czernich Rechtsanw\u00e4lte","url":"https:\/\/www.chg.at\/en\/","sameAs":["https:\/\/www.linkedin.com\/company\/12773263\/admin\/dashboard\/"],"logo":{"@type":"ImageObject","inLanguage":"en-US","@id":"https:\/\/www.chg.at\/en\/#\/schema\/logo\/image\/","url":"https:\/\/www.chg.at\/wp-content\/uploads\/2016\/08\/CHG_logo_250_1.png","contentUrl":"https:\/\/www.chg.at\/wp-content\/uploads\/2016\/08\/CHG_logo_250_1.png","width":250,"height":33,"caption":"CHG Czernich Rechtsanw\u00e4lte"},"image":{"@id":"https:\/\/www.chg.at\/en\/#\/schema\/logo\/image\/"}},{"@type":"Person","@id":"https:\/\/www.chg.at\/en\/#\/schema\/person\/1a03a341ca78135e646a1e10d229c9f5","name":"Selina Reichholf"}]}},"_links":{"self":[{"href":"https:\/\/www.chg.at\/en\/wp-json\/wp\/v2\/posts\/25648"}],"collection":[{"href":"https:\/\/www.chg.at\/en\/wp-json\/wp\/v2\/posts"}],"about":[{"href":"https:\/\/www.chg.at\/en\/wp-json\/wp\/v2\/types\/post"}],"author":[{"embeddable":true,"href":"https:\/\/www.chg.at\/en\/wp-json\/wp\/v2\/users\/16"}],"replies":[{"embeddable":true,"href":"https:\/\/www.chg.at\/en\/wp-json\/wp\/v2\/comments?post=25648"}],"version-history":[{"count":2,"href":"https:\/\/www.chg.at\/en\/wp-json\/wp\/v2\/posts\/25648\/revisions"}],"predecessor-version":[{"id":25654,"href":"https:\/\/www.chg.at\/en\/wp-json\/wp\/v2\/posts\/25648\/revisions\/25654"}],"wp:featuredmedia":[{"embeddable":true,"href":"https:\/\/www.chg.at\/en\/wp-json\/wp\/v2\/media\/25651"}],"wp:attachment":[{"href":"https:\/\/www.chg.at\/en\/wp-json\/wp\/v2\/media?parent=25648"}],"wp:term":[{"taxonomy":"category","embeddable":true,"href":"https:\/\/www.chg.at\/en\/wp-json\/wp\/v2\/categories?post=25648"},{"taxonomy":"post_tag","embeddable":true,"href":"https:\/\/www.chg.at\/en\/wp-json\/wp\/v2\/tags?post=25648"}],"curies":[{"name":"wp","href":"https:\/\/api.w.org\/{rel}","templated":true}]}}