{"id":25655,"date":"2023-05-02T08:39:18","date_gmt":"2023-05-02T06:39:18","guid":{"rendered":"https:\/\/www.chg.at\/?p=25655"},"modified":"2024-09-23T08:40:14","modified_gmt":"2024-09-23T06:40:14","slug":"chg-verteidigt-spitzenplatz-beim-trend-anwaltsranking","status":"publish","type":"post","link":"https:\/\/www.chg.at\/en\/chg-verteidigt-spitzenplatz-beim-trend-anwaltsranking\/","title":{"rendered":"CHG verteidigt Spitzenplatz beim TREND Anwaltsranking"},"content":{"rendered":"<style type=\"text\/css\"> \n#cmsmasters_row_69f1b7c9c28f74_64055354 .cmsmasters_row_outer_parent { \n\tpadding-top: 30px; \n} \n\n#cmsmasters_row_69f1b7c9c28f74_64055354 .cmsmasters_row_outer_parent { \n\tpadding-bottom: 30px; \n} \n\n<\/style><div id=\"cmsmasters_row_69f1b7c9c28f74_64055354\" class=\"cmsmasters_row cmsmasters_color_scheme_default cmsmasters_row_top_default cmsmasters_row_bot_default cmsmasters_row_boxed\">\n<div class=\"cmsmasters_row_outer_parent\">\n<div class=\"cmsmasters_row_outer\">\n<div class=\"cmsmasters_row_inner\">\n<div class=\"cmsmasters_row_margin\">\n<div class=\"cmsmasters_column one_first\">\n<div class=\"cmsmasters_text\">\n<h1><span lang=\"DE\" style=\"color: #d43555;\">CHG verteidigt Spitzenplatz beim TREND Anwaltsranking<br \/>\n<\/span><\/h1>\n<h3><span style=\"color: #d43555;\">Wir wurden auch 2023 zur besten Anwaltskanzlei au\u00dferhalb Wiens gew\u00e4hlt<br \/>\n<\/span><\/h3>\n<p>Das TREND Magazin listet unsere Kanzlei im gr\u00f6\u00dften und renommiertesten Anwaltsranking \u00d6sterreichs zum <strong>vierten Mal<\/strong> in Folge auf <strong>Platz 1 <\/strong>in der Kategorie &#8220;Die besten Soziet\u00e4ten in den Bundesl\u00e4ndern&#8221;.<\/p>\n<p>CHG-Gr\u00fcnder Dietmar Czernich zeigt sich erfreut: &#8220;Wir freuen uns sehr \u00fcber unseren Erfolg und sehen ihn als Anerkennung f\u00fcr unsere t\u00e4gliche Arbeit. Jeder einzelne unserer Mitarbeiter hat zu diesem sch\u00f6nen Erfolg beigetragen. Wir m\u00f6chten uns daher herzlich bei allen Mitarbeiter:innen f\u00fcr ihren Einsatz und ihr Engagement bedanken. Ohne sie w\u00e4re dieser Erfolg nicht m\u00f6glich gewesen.&#8221;<\/p>\n<p>Wir bedanken uns bei allen, die uns zu unserer hervorragenden Platzierung verholfen haben und gratulieren allen anderen Kanzleien und Rechtsanw\u00e4lt:innen herzlichst zu ihren Platzierungen und Erfolgen.<\/p>\n<\/div>\n<\/div>\n<\/div>\n<\/div>\n<\/div>\n<\/div>\n<\/div>\n\n","protected":false},"excerpt":{"rendered":"<p>CHG Czernich Rechtsanw\u00e4lte erreichte auch 2023 den ersten Platz beim TREND Anwaltsranking als die beste Kanzlei au\u00dferhalb Wiens.<\/p>\n","protected":false},"author":16,"featured_media":25658,"comment_status":"closed","ping_status":"open","sticky":false,"template":"","format":"image","meta":{"inline_featured_image":false},"categories":[8,9],"tags":[],"yoast_head":"<!-- This site is optimized with the Yoast SEO plugin v19.8 - https:\/\/yoast.com\/wordpress\/plugins\/seo\/ -->\n<title>CHG verteidigt Spitzenplatz beim TREND Anwaltsranking &ndash; CHG Czernich Rechtsanw\u00e4lte \u2013 Wir bewegen Wirtschaft<\/title>\n<meta name=\"description\" content=\"CHG Czernich Rechtsanw\u00e4lte erreichte auch 2023 den ersten Platz beim TREND Anwaltsranking als die beste Kanzlei au\u00dferhalb Wiens.\" \/>\n<meta name=\"robots\" content=\"index, follow, max-snippet:-1, max-image-preview:large, max-video-preview:-1\" \/>\n<link rel=\"canonical\" href=\"https:\/\/www.chg.at\/en\/chg-verteidigt-spitzenplatz-beim-trend-anwaltsranking\/\" \/>\n<meta property=\"og:locale\" content=\"en_US\" \/>\n<meta property=\"og:type\" content=\"article\" \/>\n<meta property=\"og:title\" content=\"CHG\" \/>\n<meta property=\"og:description\" content=\"CHG\" \/>\n<meta property=\"og:url\" content=\"https:\/\/www.chg.at\/en\/chg-verteidigt-spitzenplatz-beim-trend-anwaltsranking\/\" \/>\n<meta property=\"og:site_name\" content=\"CHG Czernich Rechtsanw\u00e4lte \u2013 Wir bewegen Wirtschaft\" \/>\n<meta property=\"article:published_time\" content=\"2023-05-02T06:39:18+00:00\" \/>\n<meta property=\"article:modified_time\" content=\"2024-09-23T06:40:14+00:00\" \/>\n<meta property=\"og:image\" content=\"https:\/\/www.chg.at\/wp-content\/uploads\/2024\/09\/Trend-Ranking2023-Beitragsbild.png\" \/>\n\t<meta property=\"og:image:width\" content=\"464\" \/>\n\t<meta property=\"og:image:height\" content=\"255\" \/>\n\t<meta property=\"og:image:type\" content=\"image\/png\" \/>\n<meta name=\"author\" content=\"Selina Reichholf\" \/>\n<meta name=\"twitter:card\" content=\"summary_large_image\" \/>\n<meta name=\"twitter:label1\" content=\"Written by\" \/>\n\t<meta name=\"twitter:data1\" content=\"Selina Reichholf\" \/>\n\t<meta name=\"twitter:label2\" content=\"Est. reading time\" \/>\n\t<meta name=\"twitter:data2\" content=\"1 minute\" \/>\n<script type=\"application\/ld+json\" class=\"yoast-schema-graph\">{\"@context\":\"https:\/\/schema.org\",\"@graph\":[{\"@type\":\"Article\",\"@id\":\"https:\/\/www.chg.at\/en\/chg-verteidigt-spitzenplatz-beim-trend-anwaltsranking\/#article\",\"isPartOf\":{\"@id\":\"https:\/\/www.chg.at\/en\/chg-verteidigt-spitzenplatz-beim-trend-anwaltsranking\/\"},\"author\":{\"name\":\"Selina Reichholf\",\"@id\":\"https:\/\/www.chg.at\/en\/#\/schema\/person\/1a03a341ca78135e646a1e10d229c9f5\"},\"headline\":\"CHG verteidigt Spitzenplatz beim TREND Anwaltsranking\",\"datePublished\":\"2023-05-02T06:39:18+00:00\",\"dateModified\":\"2024-09-23T06:40:14+00:00\",\"mainEntityOfPage\":{\"@id\":\"https:\/\/www.chg.at\/en\/chg-verteidigt-spitzenplatz-beim-trend-anwaltsranking\/\"},\"wordCount\":182,\"publisher\":{\"@id\":\"https:\/\/www.chg.at\/en\/#organization\"},\"articleSection\":[\"CHG News\",\"Kanzlei\"],\"inLanguage\":\"en-US\"},{\"@type\":\"WebPage\",\"@id\":\"https:\/\/www.chg.at\/en\/chg-verteidigt-spitzenplatz-beim-trend-anwaltsranking\/\",\"url\":\"https:\/\/www.chg.at\/en\/chg-verteidigt-spitzenplatz-beim-trend-anwaltsranking\/\",\"name\":\"CHG verteidigt Spitzenplatz beim TREND Anwaltsranking &ndash; CHG Czernich Rechtsanw\u00e4lte \u2013 Wir bewegen Wirtschaft\",\"isPartOf\":{\"@id\":\"https:\/\/www.chg.at\/en\/#website\"},\"datePublished\":\"2023-05-02T06:39:18+00:00\",\"dateModified\":\"2024-09-23T06:40:14+00:00\",\"description\":\"CHG Czernich Rechtsanw\u00e4lte erreichte auch 2023 den ersten Platz beim TREND Anwaltsranking als die beste Kanzlei au\u00dferhalb Wiens.\",\"breadcrumb\":{\"@id\":\"https:\/\/www.chg.at\/en\/chg-verteidigt-spitzenplatz-beim-trend-anwaltsranking\/#breadcrumb\"},\"inLanguage\":\"en-US\",\"potentialAction\":[{\"@type\":\"ReadAction\",\"target\":[\"https:\/\/www.chg.at\/en\/chg-verteidigt-spitzenplatz-beim-trend-anwaltsranking\/\"]}]},{\"@type\":\"BreadcrumbList\",\"@id\":\"https:\/\/www.chg.at\/en\/chg-verteidigt-spitzenplatz-beim-trend-anwaltsranking\/#breadcrumb\",\"itemListElement\":[{\"@type\":\"ListItem\",\"position\":1,\"name\":\"Startseite\",\"item\":\"https:\/\/www.chg.at\/en\/\"},{\"@type\":\"ListItem\",\"position\":2,\"name\":\"CHG verteidigt Spitzenplatz beim TREND Anwaltsranking\"}]},{\"@type\":\"WebSite\",\"@id\":\"https:\/\/www.chg.at\/en\/#website\",\"url\":\"https:\/\/www.chg.at\/en\/\",\"name\":\"CHG Czernich Rechtsanw\u00e4lte \u2013 Wir bewegen Wirtschaft\",\"description\":\"Wir sorgen f\u00fcr Klarheit, wenn es rechtlich kompliziert wird. In jeder Phase Ihrer Unternehmungen. Sie ergreifen die Chancen. Wir verwandeln Risiken in L\u00f6sungen.\",\"publisher\":{\"@id\":\"https:\/\/www.chg.at\/en\/#organization\"},\"potentialAction\":[{\"@type\":\"SearchAction\",\"target\":{\"@type\":\"EntryPoint\",\"urlTemplate\":\"https:\/\/www.chg.at\/en\/?s={search_term_string}\"},\"query-input\":\"required name=search_term_string\"}],\"inLanguage\":\"en-US\"},{\"@type\":\"Organization\",\"@id\":\"https:\/\/www.chg.at\/en\/#organization\",\"name\":\"CHG Czernich Rechtsanw\u00e4lte\",\"url\":\"https:\/\/www.chg.at\/en\/\",\"sameAs\":[\"https:\/\/www.linkedin.com\/company\/12773263\/admin\/dashboard\/\"],\"logo\":{\"@type\":\"ImageObject\",\"inLanguage\":\"en-US\",\"@id\":\"https:\/\/www.chg.at\/en\/#\/schema\/logo\/image\/\",\"url\":\"https:\/\/www.chg.at\/wp-content\/uploads\/2016\/08\/CHG_logo_250_1.png\",\"contentUrl\":\"https:\/\/www.chg.at\/wp-content\/uploads\/2016\/08\/CHG_logo_250_1.png\",\"width\":250,\"height\":33,\"caption\":\"CHG Czernich Rechtsanw\u00e4lte\"},\"image\":{\"@id\":\"https:\/\/www.chg.at\/en\/#\/schema\/logo\/image\/\"}},{\"@type\":\"Person\",\"@id\":\"https:\/\/www.chg.at\/en\/#\/schema\/person\/1a03a341ca78135e646a1e10d229c9f5\",\"name\":\"Selina Reichholf\"}]}<\/script>\n<!-- \/ Yoast SEO plugin. -->","yoast_head_json":{"title":"CHG verteidigt Spitzenplatz beim TREND Anwaltsranking &ndash; CHG Czernich Rechtsanw\u00e4lte \u2013 Wir bewegen Wirtschaft","description":"CHG Czernich Rechtsanw\u00e4lte erreichte auch 2023 den ersten Platz beim TREND Anwaltsranking als die beste Kanzlei au\u00dferhalb Wiens.","robots":{"index":"index","follow":"follow","max-snippet":"max-snippet:-1","max-image-preview":"max-image-preview:large","max-video-preview":"max-video-preview:-1"},"canonical":"https:\/\/www.chg.at\/en\/chg-verteidigt-spitzenplatz-beim-trend-anwaltsranking\/","og_locale":"en_US","og_type":"article","og_title":"CHG","og_description":"CHG","og_url":"https:\/\/www.chg.at\/en\/chg-verteidigt-spitzenplatz-beim-trend-anwaltsranking\/","og_site_name":"CHG Czernich Rechtsanw\u00e4lte \u2013 Wir bewegen Wirtschaft","article_published_time":"2023-05-02T06:39:18+00:00","article_modified_time":"2024-09-23T06:40:14+00:00","og_image":[{"width":464,"height":255,"url":"https:\/\/www.chg.at\/wp-content\/uploads\/2024\/09\/Trend-Ranking2023-Beitragsbild.png","type":"image\/png"}],"author":"Selina Reichholf","twitter_card":"summary_large_image","twitter_misc":{"Written by":"Selina Reichholf","Est. reading time":"1 minute"},"schema":{"@context":"https:\/\/schema.org","@graph":[{"@type":"Article","@id":"https:\/\/www.chg.at\/en\/chg-verteidigt-spitzenplatz-beim-trend-anwaltsranking\/#article","isPartOf":{"@id":"https:\/\/www.chg.at\/en\/chg-verteidigt-spitzenplatz-beim-trend-anwaltsranking\/"},"author":{"name":"Selina Reichholf","@id":"https:\/\/www.chg.at\/en\/#\/schema\/person\/1a03a341ca78135e646a1e10d229c9f5"},"headline":"CHG verteidigt Spitzenplatz beim TREND Anwaltsranking","datePublished":"2023-05-02T06:39:18+00:00","dateModified":"2024-09-23T06:40:14+00:00","mainEntityOfPage":{"@id":"https:\/\/www.chg.at\/en\/chg-verteidigt-spitzenplatz-beim-trend-anwaltsranking\/"},"wordCount":182,"publisher":{"@id":"https:\/\/www.chg.at\/en\/#organization"},"articleSection":["CHG News","Kanzlei"],"inLanguage":"en-US"},{"@type":"WebPage","@id":"https:\/\/www.chg.at\/en\/chg-verteidigt-spitzenplatz-beim-trend-anwaltsranking\/","url":"https:\/\/www.chg.at\/en\/chg-verteidigt-spitzenplatz-beim-trend-anwaltsranking\/","name":"CHG verteidigt Spitzenplatz beim TREND Anwaltsranking &ndash; CHG Czernich Rechtsanw\u00e4lte \u2013 Wir bewegen Wirtschaft","isPartOf":{"@id":"https:\/\/www.chg.at\/en\/#website"},"datePublished":"2023-05-02T06:39:18+00:00","dateModified":"2024-09-23T06:40:14+00:00","description":"CHG Czernich Rechtsanw\u00e4lte erreichte auch 2023 den ersten Platz beim TREND Anwaltsranking als die beste Kanzlei au\u00dferhalb Wiens.","breadcrumb":{"@id":"https:\/\/www.chg.at\/en\/chg-verteidigt-spitzenplatz-beim-trend-anwaltsranking\/#breadcrumb"},"inLanguage":"en-US","potentialAction":[{"@type":"ReadAction","target":["https:\/\/www.chg.at\/en\/chg-verteidigt-spitzenplatz-beim-trend-anwaltsranking\/"]}]},{"@type":"BreadcrumbList","@id":"https:\/\/www.chg.at\/en\/chg-verteidigt-spitzenplatz-beim-trend-anwaltsranking\/#breadcrumb","itemListElement":[{"@type":"ListItem","position":1,"name":"Startseite","item":"https:\/\/www.chg.at\/en\/"},{"@type":"ListItem","position":2,"name":"CHG verteidigt Spitzenplatz beim TREND Anwaltsranking"}]},{"@type":"WebSite","@id":"https:\/\/www.chg.at\/en\/#website","url":"https:\/\/www.chg.at\/en\/","name":"CHG Czernich Rechtsanw\u00e4lte \u2013 Wir bewegen Wirtschaft","description":"Wir sorgen f\u00fcr Klarheit, wenn es rechtlich kompliziert wird. In jeder Phase Ihrer Unternehmungen. Sie ergreifen die Chancen. Wir verwandeln Risiken in L\u00f6sungen.","publisher":{"@id":"https:\/\/www.chg.at\/en\/#organization"},"potentialAction":[{"@type":"SearchAction","target":{"@type":"EntryPoint","urlTemplate":"https:\/\/www.chg.at\/en\/?s={search_term_string}"},"query-input":"required name=search_term_string"}],"inLanguage":"en-US"},{"@type":"Organization","@id":"https:\/\/www.chg.at\/en\/#organization","name":"CHG Czernich Rechtsanw\u00e4lte","url":"https:\/\/www.chg.at\/en\/","sameAs":["https:\/\/www.linkedin.com\/company\/12773263\/admin\/dashboard\/"],"logo":{"@type":"ImageObject","inLanguage":"en-US","@id":"https:\/\/www.chg.at\/en\/#\/schema\/logo\/image\/","url":"https:\/\/www.chg.at\/wp-content\/uploads\/2016\/08\/CHG_logo_250_1.png","contentUrl":"https:\/\/www.chg.at\/wp-content\/uploads\/2016\/08\/CHG_logo_250_1.png","width":250,"height":33,"caption":"CHG Czernich Rechtsanw\u00e4lte"},"image":{"@id":"https:\/\/www.chg.at\/en\/#\/schema\/logo\/image\/"}},{"@type":"Person","@id":"https:\/\/www.chg.at\/en\/#\/schema\/person\/1a03a341ca78135e646a1e10d229c9f5","name":"Selina Reichholf"}]}},"_links":{"self":[{"href":"https:\/\/www.chg.at\/en\/wp-json\/wp\/v2\/posts\/25655"}],"collection":[{"href":"https:\/\/www.chg.at\/en\/wp-json\/wp\/v2\/posts"}],"about":[{"href":"https:\/\/www.chg.at\/en\/wp-json\/wp\/v2\/types\/post"}],"author":[{"embeddable":true,"href":"https:\/\/www.chg.at\/en\/wp-json\/wp\/v2\/users\/16"}],"replies":[{"embeddable":true,"href":"https:\/\/www.chg.at\/en\/wp-json\/wp\/v2\/comments?post=25655"}],"version-history":[{"count":2,"href":"https:\/\/www.chg.at\/en\/wp-json\/wp\/v2\/posts\/25655\/revisions"}],"predecessor-version":[{"id":25657,"href":"https:\/\/www.chg.at\/en\/wp-json\/wp\/v2\/posts\/25655\/revisions\/25657"}],"wp:featuredmedia":[{"embeddable":true,"href":"https:\/\/www.chg.at\/en\/wp-json\/wp\/v2\/media\/25658"}],"wp:attachment":[{"href":"https:\/\/www.chg.at\/en\/wp-json\/wp\/v2\/media?parent=25655"}],"wp:term":[{"taxonomy":"category","embeddable":true,"href":"https:\/\/www.chg.at\/en\/wp-json\/wp\/v2\/categories?post=25655"},{"taxonomy":"post_tag","embeddable":true,"href":"https:\/\/www.chg.at\/en\/wp-json\/wp\/v2\/tags?post=25655"}],"curies":[{"name":"wp","href":"https:\/\/api.w.org\/{rel}","templated":true}]}}