{"id":25769,"date":"2022-10-28T09:28:24","date_gmt":"2022-10-28T07:28:24","guid":{"rendered":"https:\/\/www.chg.at\/?p=25769"},"modified":"2024-09-27T09:29:15","modified_gmt":"2024-09-27T07:29:15","slug":"chg-war-bei-den-diesjaehrigen-juve-awards-in-frankfurt-mit-dabei","status":"publish","type":"post","link":"https:\/\/www.chg.at\/en\/chg-war-bei-den-diesjaehrigen-juve-awards-in-frankfurt-mit-dabei\/","title":{"rendered":"CHG war bei den diesj\u00e4hrigen Juve-Awards in Frankfurt mit dabei"},"content":{"rendered":"<style type=\"text\/css\"> \n#cmsmasters_row_69f2af34719d26_42004967 .cmsmasters_row_outer_parent { \n\tpadding-top: 30px; \n} \n\n#cmsmasters_row_69f2af34719d26_42004967 .cmsmasters_row_outer_parent { \n\tpadding-bottom: 30px; \n} \n\n \n#cmsmasters_row_69f2af3471b412_07280628 .cmsmasters_row_outer_parent { \n\tpadding-top: 0px; \n} \n\n#cmsmasters_row_69f2af3471b412_07280628 .cmsmasters_row_outer_parent { \n\tpadding-bottom: 50px; \n} \n\n \n#cmsmasters_divider_69f2af3471c027_62669137 { \n\tborder-bottom-width:1px; \n\tborder-bottom-style:solid; \n\tpadding-top:50px; \n\tmargin-bottom:50px; \n} \n \n#cmsmasters_row_69f2af3471c376_79015041 .cmsmasters_row_outer_parent { \n\tpadding-top: 0px; \n} \n\n#cmsmasters_row_69f2af3471c376_79015041 .cmsmasters_row_outer_parent { \n\tpadding-bottom: 50px; \n} \n\n<\/style><div id=\"cmsmasters_row_69f2af34719d26_42004967\" class=\"cmsmasters_row cmsmasters_color_scheme_default cmsmasters_row_top_default cmsmasters_row_bot_default cmsmasters_row_boxed\">\n<div class=\"cmsmasters_row_outer_parent\">\n<div class=\"cmsmasters_row_outer\">\n<div class=\"cmsmasters_row_inner\">\n<div class=\"cmsmasters_row_margin\">\n<div class=\"cmsmasters_column one_first\">\n<div class=\"cmsmasters_text\">\n<h1><span lang=\"DE\" style=\"color: #d43555;\">Prestigetr\u00e4chtige JUVE Awards: CHG Rechtsanw\u00e4lte unter den f\u00fcnf besten Anwaltskanzleien \u00d6sterreichs<br \/>\n<\/span><\/h1>\n<p><strong>Am 27. Oktober 2022 fand im gro\u00dfen Saal der Alten Oper in Frankfurt am Main die Verleihung der prestigetr\u00e4chtigen JUVE Awards statt. Bei der Preisverleihung in Frankfurt kam die Elite der Wirtschaftsanw\u00e4lte aus Deutschland und \u00d6sterreich zusammen. Als erste Kanzlei West\u00f6sterreichs war auch unsere Kanzlei neben den weiteren Top-Kanzleien KPMG Law -Buchberger Ettmayer, Eisenberger + Herzog, FSM und Sch\u00f6nherr f\u00fcr den Titel der \u00f6sterreichischen Kanzlei des Jahres nominiert.<\/strong><\/p>\n<p>&nbsp;<\/p>\n<p>Ein Teil unseres CHG-Teams war beim glamour\u00f6sen Event in Frankfurt dabei, w\u00e4hrend die restlichen Kolleg:innen in Innsbruck der Liveschaltung folgten und fest die Daumen dr\u00fccken. Wir gratulieren dem Sieger KPMG Law &#8211; Buchberger Ettmayer Rechtsanw\u00e4lte und haben gleichzeitig nach diesem besonderen Abend viel Motivation f\u00fcr die Zukunft gesch\u00f6pft.<\/p>\n<p>Kanzleigr\u00fcnder <strong>Dietmar Czernich<\/strong> zeigt sich \u201e\u00fcberw\u00e4ltigt von diesem Erfolg und dem Grad der Anerkennung, den unsere solide und juristisch hochwertige Arbeit in den Augen der Fachjury gefunden hat. Wir sehen die JUVE Awards als klares Signal an den Markt, dass rechtliche Exzellenz und nicht billige Selbstdarstellung z\u00e4hlt.\u201c<\/p>\n<\/div>\n<\/div>\n<\/div>\n<\/div>\n<\/div>\n<\/div>\n<\/div>\n<div id=\"cmsmasters_row_69f2af3471b412_07280628\" class=\"cmsmasters_row cmsmasters_color_scheme_default cmsmasters_row_top_default cmsmasters_row_bot_default cmsmasters_row_boxed\">\n<div class=\"cmsmasters_row_outer_parent\">\n<div class=\"cmsmasters_row_outer\">\n<div class=\"cmsmasters_row_inner\">\n<div class=\"cmsmasters_row_margin\">\n<div class=\"cmsmasters_column one_first\">\n\n<div id=\"cmsmasters_divider_69f2af3471c027_62669137\" class=\"cmsmasters_divider cmsmasters_divider_width_long cmsmasters_divider_pos_center\"><\/div>\n<\/div>\n<\/div>\n<\/div>\n<\/div>\n<\/div>\n<\/div>\n<div id=\"cmsmasters_row_69f2af3471c376_79015041\" class=\"cmsmasters_row cmsmasters_color_scheme_default cmsmasters_row_top_default cmsmasters_row_bot_default cmsmasters_row_boxed\">\n<div class=\"cmsmasters_row_outer_parent\">\n<div class=\"cmsmasters_row_outer\">\n<div class=\"cmsmasters_row_inner\">\n<div class=\"cmsmasters_row_margin\">\n<div class=\"cmsmasters_column one_first\">\n<p><script type=\"text\/javascript\">jQuery(document).ready(function () { jQuery(\"#cmsmasters_hover_slider_69f2af3471daa7_43673761\").cmsmastersHoverSlider( { sliderBlock : \"#cmsmasters_hover_slider_69f2af3471daa7_43673761\", sliderItems : \".cmsmasters_hover_slider_items\", thumbWidth : \"100\", thumbHeight : \"60\", activeSlide : 1, pauseTime : 5000, pauseOnHover : true } );} );<\/script><div id=\"cmsmasters_hover_slider_69f2af3471daa7_43673761\" class=\"cmsmasters_hover_slider\">\n<ul class=\"cmsmasters_hover_slider_items\">\n<li><figure class=\"cmsmasters_hover_slider_full_img\"><img width=\"761\" height=\"366\" src=\"https:\/\/www.chg.at\/wp-content\/uploads\/2024\/09\/Team.png\" class=\"attachment-post-thumbnail size-post-thumbnail\" alt=\"\" loading=\"lazy\" \/><\/figure><\/li><li><figure class=\"cmsmasters_hover_slider_full_img\"><img width=\"751\" height=\"359\" src=\"https:\/\/www.chg.at\/wp-content\/uploads\/2024\/09\/Team-2.png\" class=\"attachment-post-thumbnail size-post-thumbnail\" alt=\"\" loading=\"lazy\" \/><\/figure><\/li><\/ul>\n<\/div>\n<\/div>\n<\/div>\n<\/div>\n<\/div>\n<\/div>\n<\/div>\n\n","protected":false},"excerpt":{"rendered":"<p>Als erste Kanzlei West\u00f6sterreichs war CHG Rechtsanw\u00e4lte neben weiteren Top-Kanzleien f\u00fcr den Titel der \u00f6sterreichischen Kanzlei des Jahres nominiert.<\/p>\n","protected":false},"author":16,"featured_media":25775,"comment_status":"closed","ping_status":"open","sticky":false,"template":"","format":"image","meta":{"inline_featured_image":false},"categories":[8,33],"tags":[],"yoast_head":"<!-- This site is optimized with the Yoast SEO plugin v19.8 - https:\/\/yoast.com\/wordpress\/plugins\/seo\/ -->\n<title>CHG war bei den diesj\u00e4hrigen Juve-Awards in Frankfurt mit dabei &ndash; CHG Czernich Rechtsanw\u00e4lte \u2013 Wir bewegen Wirtschaft<\/title>\n<meta name=\"description\" content=\"Als erste Kanzlei West\u00f6sterreichs war CHG Rechtsanw\u00e4lte neben weiteren Top-Kanzleien f\u00fcr den Titel der \u00f6sterreichischen Kanzlei des Jahres nominiert.\" \/>\n<meta name=\"robots\" content=\"index, follow, max-snippet:-1, max-image-preview:large, max-video-preview:-1\" \/>\n<link rel=\"canonical\" href=\"https:\/\/www.chg.at\/en\/chg-war-bei-den-diesjaehrigen-juve-awards-in-frankfurt-mit-dabei\/\" \/>\n<meta property=\"og:locale\" content=\"en_US\" \/>\n<meta property=\"og:type\" content=\"article\" \/>\n<meta property=\"og:title\" content=\"CHG\" \/>\n<meta property=\"og:description\" content=\"CHG\" \/>\n<meta property=\"og:url\" content=\"https:\/\/www.chg.at\/en\/chg-war-bei-den-diesjaehrigen-juve-awards-in-frankfurt-mit-dabei\/\" \/>\n<meta property=\"og:site_name\" content=\"CHG Czernich Rechtsanw\u00e4lte \u2013 Wir bewegen Wirtschaft\" \/>\n<meta property=\"article:published_time\" content=\"2022-10-28T07:28:24+00:00\" \/>\n<meta property=\"article:modified_time\" content=\"2024-09-27T07:29:15+00:00\" \/>\n<meta property=\"og:image\" content=\"https:\/\/www.chg.at\/wp-content\/uploads\/2024\/09\/Team-3.png\" \/>\n\t<meta property=\"og:image:width\" content=\"704\" \/>\n\t<meta property=\"og:image:height\" content=\"405\" \/>\n\t<meta property=\"og:image:type\" content=\"image\/png\" \/>\n<meta name=\"author\" content=\"Selina Reichholf\" \/>\n<meta name=\"twitter:card\" content=\"summary_large_image\" \/>\n<meta name=\"twitter:label1\" content=\"Written by\" \/>\n\t<meta name=\"twitter:data1\" content=\"Selina Reichholf\" \/>\n\t<meta name=\"twitter:label2\" content=\"Est. reading time\" \/>\n\t<meta name=\"twitter:data2\" content=\"2 minutes\" \/>\n<script type=\"application\/ld+json\" class=\"yoast-schema-graph\">{\"@context\":\"https:\/\/schema.org\",\"@graph\":[{\"@type\":\"Article\",\"@id\":\"https:\/\/www.chg.at\/en\/chg-war-bei-den-diesjaehrigen-juve-awards-in-frankfurt-mit-dabei\/#article\",\"isPartOf\":{\"@id\":\"https:\/\/www.chg.at\/en\/chg-war-bei-den-diesjaehrigen-juve-awards-in-frankfurt-mit-dabei\/\"},\"author\":{\"name\":\"Selina Reichholf\",\"@id\":\"https:\/\/www.chg.at\/en\/#\/schema\/person\/1a03a341ca78135e646a1e10d229c9f5\"},\"headline\":\"CHG war bei den diesj\u00e4hrigen Juve-Awards in Frankfurt mit dabei\",\"datePublished\":\"2022-10-28T07:28:24+00:00\",\"dateModified\":\"2024-09-27T07:29:15+00:00\",\"mainEntityOfPage\":{\"@id\":\"https:\/\/www.chg.at\/en\/chg-war-bei-den-diesjaehrigen-juve-awards-in-frankfurt-mit-dabei\/\"},\"wordCount\":391,\"publisher\":{\"@id\":\"https:\/\/www.chg.at\/en\/#organization\"},\"articleSection\":[\"CHG News\",\"Veranstaltung\"],\"inLanguage\":\"en-US\"},{\"@type\":\"WebPage\",\"@id\":\"https:\/\/www.chg.at\/en\/chg-war-bei-den-diesjaehrigen-juve-awards-in-frankfurt-mit-dabei\/\",\"url\":\"https:\/\/www.chg.at\/en\/chg-war-bei-den-diesjaehrigen-juve-awards-in-frankfurt-mit-dabei\/\",\"name\":\"CHG war bei den diesj\u00e4hrigen Juve-Awards in Frankfurt mit dabei &ndash; CHG Czernich Rechtsanw\u00e4lte \u2013 Wir bewegen Wirtschaft\",\"isPartOf\":{\"@id\":\"https:\/\/www.chg.at\/en\/#website\"},\"datePublished\":\"2022-10-28T07:28:24+00:00\",\"dateModified\":\"2024-09-27T07:29:15+00:00\",\"description\":\"Als erste Kanzlei West\u00f6sterreichs war CHG Rechtsanw\u00e4lte neben weiteren Top-Kanzleien f\u00fcr den Titel der \u00f6sterreichischen Kanzlei des Jahres nominiert.\",\"breadcrumb\":{\"@id\":\"https:\/\/www.chg.at\/en\/chg-war-bei-den-diesjaehrigen-juve-awards-in-frankfurt-mit-dabei\/#breadcrumb\"},\"inLanguage\":\"en-US\",\"potentialAction\":[{\"@type\":\"ReadAction\",\"target\":[\"https:\/\/www.chg.at\/en\/chg-war-bei-den-diesjaehrigen-juve-awards-in-frankfurt-mit-dabei\/\"]}]},{\"@type\":\"BreadcrumbList\",\"@id\":\"https:\/\/www.chg.at\/en\/chg-war-bei-den-diesjaehrigen-juve-awards-in-frankfurt-mit-dabei\/#breadcrumb\",\"itemListElement\":[{\"@type\":\"ListItem\",\"position\":1,\"name\":\"Startseite\",\"item\":\"https:\/\/www.chg.at\/en\/\"},{\"@type\":\"ListItem\",\"position\":2,\"name\":\"CHG war bei den diesj\u00e4hrigen Juve-Awards in Frankfurt mit dabei\"}]},{\"@type\":\"WebSite\",\"@id\":\"https:\/\/www.chg.at\/en\/#website\",\"url\":\"https:\/\/www.chg.at\/en\/\",\"name\":\"CHG Czernich Rechtsanw\u00e4lte \u2013 Wir bewegen Wirtschaft\",\"description\":\"Wir sorgen f\u00fcr Klarheit, wenn es rechtlich kompliziert wird. In jeder Phase Ihrer Unternehmungen. Sie ergreifen die Chancen. Wir verwandeln Risiken in L\u00f6sungen.\",\"publisher\":{\"@id\":\"https:\/\/www.chg.at\/en\/#organization\"},\"potentialAction\":[{\"@type\":\"SearchAction\",\"target\":{\"@type\":\"EntryPoint\",\"urlTemplate\":\"https:\/\/www.chg.at\/en\/?s={search_term_string}\"},\"query-input\":\"required name=search_term_string\"}],\"inLanguage\":\"en-US\"},{\"@type\":\"Organization\",\"@id\":\"https:\/\/www.chg.at\/en\/#organization\",\"name\":\"CHG Czernich Rechtsanw\u00e4lte\",\"url\":\"https:\/\/www.chg.at\/en\/\",\"sameAs\":[\"https:\/\/www.linkedin.com\/company\/12773263\/admin\/dashboard\/\"],\"logo\":{\"@type\":\"ImageObject\",\"inLanguage\":\"en-US\",\"@id\":\"https:\/\/www.chg.at\/en\/#\/schema\/logo\/image\/\",\"url\":\"https:\/\/www.chg.at\/wp-content\/uploads\/2016\/08\/CHG_logo_250_1.png\",\"contentUrl\":\"https:\/\/www.chg.at\/wp-content\/uploads\/2016\/08\/CHG_logo_250_1.png\",\"width\":250,\"height\":33,\"caption\":\"CHG Czernich Rechtsanw\u00e4lte\"},\"image\":{\"@id\":\"https:\/\/www.chg.at\/en\/#\/schema\/logo\/image\/\"}},{\"@type\":\"Person\",\"@id\":\"https:\/\/www.chg.at\/en\/#\/schema\/person\/1a03a341ca78135e646a1e10d229c9f5\",\"name\":\"Selina Reichholf\"}]}<\/script>\n<!-- \/ Yoast SEO plugin. -->","yoast_head_json":{"title":"CHG war bei den diesj\u00e4hrigen Juve-Awards in Frankfurt mit dabei &ndash; CHG Czernich Rechtsanw\u00e4lte \u2013 Wir bewegen Wirtschaft","description":"Als erste Kanzlei West\u00f6sterreichs war CHG Rechtsanw\u00e4lte neben weiteren Top-Kanzleien f\u00fcr den Titel der \u00f6sterreichischen Kanzlei des Jahres nominiert.","robots":{"index":"index","follow":"follow","max-snippet":"max-snippet:-1","max-image-preview":"max-image-preview:large","max-video-preview":"max-video-preview:-1"},"canonical":"https:\/\/www.chg.at\/en\/chg-war-bei-den-diesjaehrigen-juve-awards-in-frankfurt-mit-dabei\/","og_locale":"en_US","og_type":"article","og_title":"CHG","og_description":"CHG","og_url":"https:\/\/www.chg.at\/en\/chg-war-bei-den-diesjaehrigen-juve-awards-in-frankfurt-mit-dabei\/","og_site_name":"CHG Czernich Rechtsanw\u00e4lte \u2013 Wir bewegen Wirtschaft","article_published_time":"2022-10-28T07:28:24+00:00","article_modified_time":"2024-09-27T07:29:15+00:00","og_image":[{"width":704,"height":405,"url":"https:\/\/www.chg.at\/wp-content\/uploads\/2024\/09\/Team-3.png","type":"image\/png"}],"author":"Selina Reichholf","twitter_card":"summary_large_image","twitter_misc":{"Written by":"Selina Reichholf","Est. reading time":"2 minutes"},"schema":{"@context":"https:\/\/schema.org","@graph":[{"@type":"Article","@id":"https:\/\/www.chg.at\/en\/chg-war-bei-den-diesjaehrigen-juve-awards-in-frankfurt-mit-dabei\/#article","isPartOf":{"@id":"https:\/\/www.chg.at\/en\/chg-war-bei-den-diesjaehrigen-juve-awards-in-frankfurt-mit-dabei\/"},"author":{"name":"Selina Reichholf","@id":"https:\/\/www.chg.at\/en\/#\/schema\/person\/1a03a341ca78135e646a1e10d229c9f5"},"headline":"CHG war bei den diesj\u00e4hrigen Juve-Awards in Frankfurt mit dabei","datePublished":"2022-10-28T07:28:24+00:00","dateModified":"2024-09-27T07:29:15+00:00","mainEntityOfPage":{"@id":"https:\/\/www.chg.at\/en\/chg-war-bei-den-diesjaehrigen-juve-awards-in-frankfurt-mit-dabei\/"},"wordCount":391,"publisher":{"@id":"https:\/\/www.chg.at\/en\/#organization"},"articleSection":["CHG News","Veranstaltung"],"inLanguage":"en-US"},{"@type":"WebPage","@id":"https:\/\/www.chg.at\/en\/chg-war-bei-den-diesjaehrigen-juve-awards-in-frankfurt-mit-dabei\/","url":"https:\/\/www.chg.at\/en\/chg-war-bei-den-diesjaehrigen-juve-awards-in-frankfurt-mit-dabei\/","name":"CHG war bei den diesj\u00e4hrigen Juve-Awards in Frankfurt mit dabei &ndash; CHG Czernich Rechtsanw\u00e4lte \u2013 Wir bewegen Wirtschaft","isPartOf":{"@id":"https:\/\/www.chg.at\/en\/#website"},"datePublished":"2022-10-28T07:28:24+00:00","dateModified":"2024-09-27T07:29:15+00:00","description":"Als erste Kanzlei West\u00f6sterreichs war CHG Rechtsanw\u00e4lte neben weiteren Top-Kanzleien f\u00fcr den Titel der \u00f6sterreichischen Kanzlei des Jahres nominiert.","breadcrumb":{"@id":"https:\/\/www.chg.at\/en\/chg-war-bei-den-diesjaehrigen-juve-awards-in-frankfurt-mit-dabei\/#breadcrumb"},"inLanguage":"en-US","potentialAction":[{"@type":"ReadAction","target":["https:\/\/www.chg.at\/en\/chg-war-bei-den-diesjaehrigen-juve-awards-in-frankfurt-mit-dabei\/"]}]},{"@type":"BreadcrumbList","@id":"https:\/\/www.chg.at\/en\/chg-war-bei-den-diesjaehrigen-juve-awards-in-frankfurt-mit-dabei\/#breadcrumb","itemListElement":[{"@type":"ListItem","position":1,"name":"Startseite","item":"https:\/\/www.chg.at\/en\/"},{"@type":"ListItem","position":2,"name":"CHG war bei den diesj\u00e4hrigen Juve-Awards in Frankfurt mit dabei"}]},{"@type":"WebSite","@id":"https:\/\/www.chg.at\/en\/#website","url":"https:\/\/www.chg.at\/en\/","name":"CHG Czernich Rechtsanw\u00e4lte \u2013 Wir bewegen Wirtschaft","description":"Wir sorgen f\u00fcr Klarheit, wenn es rechtlich kompliziert wird. In jeder Phase Ihrer Unternehmungen. Sie ergreifen die Chancen. Wir verwandeln Risiken in L\u00f6sungen.","publisher":{"@id":"https:\/\/www.chg.at\/en\/#organization"},"potentialAction":[{"@type":"SearchAction","target":{"@type":"EntryPoint","urlTemplate":"https:\/\/www.chg.at\/en\/?s={search_term_string}"},"query-input":"required name=search_term_string"}],"inLanguage":"en-US"},{"@type":"Organization","@id":"https:\/\/www.chg.at\/en\/#organization","name":"CHG Czernich Rechtsanw\u00e4lte","url":"https:\/\/www.chg.at\/en\/","sameAs":["https:\/\/www.linkedin.com\/company\/12773263\/admin\/dashboard\/"],"logo":{"@type":"ImageObject","inLanguage":"en-US","@id":"https:\/\/www.chg.at\/en\/#\/schema\/logo\/image\/","url":"https:\/\/www.chg.at\/wp-content\/uploads\/2016\/08\/CHG_logo_250_1.png","contentUrl":"https:\/\/www.chg.at\/wp-content\/uploads\/2016\/08\/CHG_logo_250_1.png","width":250,"height":33,"caption":"CHG Czernich Rechtsanw\u00e4lte"},"image":{"@id":"https:\/\/www.chg.at\/en\/#\/schema\/logo\/image\/"}},{"@type":"Person","@id":"https:\/\/www.chg.at\/en\/#\/schema\/person\/1a03a341ca78135e646a1e10d229c9f5","name":"Selina Reichholf"}]}},"_links":{"self":[{"href":"https:\/\/www.chg.at\/en\/wp-json\/wp\/v2\/posts\/25769"}],"collection":[{"href":"https:\/\/www.chg.at\/en\/wp-json\/wp\/v2\/posts"}],"about":[{"href":"https:\/\/www.chg.at\/en\/wp-json\/wp\/v2\/types\/post"}],"author":[{"embeddable":true,"href":"https:\/\/www.chg.at\/en\/wp-json\/wp\/v2\/users\/16"}],"replies":[{"embeddable":true,"href":"https:\/\/www.chg.at\/en\/wp-json\/wp\/v2\/comments?post=25769"}],"version-history":[{"count":2,"href":"https:\/\/www.chg.at\/en\/wp-json\/wp\/v2\/posts\/25769\/revisions"}],"predecessor-version":[{"id":25777,"href":"https:\/\/www.chg.at\/en\/wp-json\/wp\/v2\/posts\/25769\/revisions\/25777"}],"wp:featuredmedia":[{"embeddable":true,"href":"https:\/\/www.chg.at\/en\/wp-json\/wp\/v2\/media\/25775"}],"wp:attachment":[{"href":"https:\/\/www.chg.at\/en\/wp-json\/wp\/v2\/media?parent=25769"}],"wp:term":[{"taxonomy":"category","embeddable":true,"href":"https:\/\/www.chg.at\/en\/wp-json\/wp\/v2\/categories?post=25769"},{"taxonomy":"post_tag","embeddable":true,"href":"https:\/\/www.chg.at\/en\/wp-json\/wp\/v2\/tags?post=25769"}],"curies":[{"name":"wp","href":"https:\/\/api.w.org\/{rel}","templated":true}]}}