{"id":25778,"date":"2022-10-20T09:37:30","date_gmt":"2022-10-20T07:37:30","guid":{"rendered":"https:\/\/www.chg.at\/?p=25778"},"modified":"2024-09-27T09:38:12","modified_gmt":"2024-09-27T07:38:12","slug":"effort-sharing-im-energierecht","status":"publish","type":"post","link":"https:\/\/www.chg.at\/en\/effort-sharing-im-energierecht\/","title":{"rendered":"Effort Sharing im Energierecht"},"content":{"rendered":"<style type=\"text\/css\"> \n#cmsmasters_row_69f5c95620ac59_92300430 .cmsmasters_row_outer_parent { \n\tpadding-top: 30px; \n} \n\n#cmsmasters_row_69f5c95620ac59_92300430 .cmsmasters_row_outer_parent { \n\tpadding-bottom: 30px; \n} \n\n \n#cmsmasters_row_69f5c95620c8b5_14774564 .cmsmasters_row_outer_parent { \n\tpadding-top: 0px; \n} \n\n#cmsmasters_row_69f5c95620c8b5_14774564 .cmsmasters_row_outer_parent { \n\tpadding-bottom: 50px; \n} \n\n \n#cmsmasters_row_69f5c95620cf18_29042382 .cmsmasters_row_outer_parent { \n\tpadding-top: 0px; \n} \n\n#cmsmasters_row_69f5c95620cf18_29042382 .cmsmasters_row_outer_parent { \n\tpadding-bottom: 50px; \n} \n\n \n#cmsmasters_divider_69f5c95620e592_01121405 { \n\tborder-bottom-width:1px; \n\tborder-bottom-style:solid; \n\tpadding-top:50px; \n\tmargin-bottom:50px; \n} \n<\/style><div id=\"cmsmasters_row_69f5c95620ac59_92300430\" class=\"cmsmasters_row cmsmasters_color_scheme_default cmsmasters_row_top_default cmsmasters_row_bot_default cmsmasters_row_boxed\">\n<div class=\"cmsmasters_row_outer_parent\">\n<div class=\"cmsmasters_row_outer\">\n<div class=\"cmsmasters_row_inner\">\n<div class=\"cmsmasters_row_margin\">\n<div class=\"cmsmasters_column one_first\">\n<div class=\"cmsmasters_text\">\n<h1><span lang=\"DE\" style=\"color: #d43555;\">CHG-Anwalt trug im Rahmen der Webinarreihe &#8220;Recht f\u00fcr die Energiewirtschaft&#8221; vor<\/span><\/h1>\n<p>CO2-Budgets und damit verbundene Kosten spielen f\u00fcr den Staat und Unternehmen im Angesicht des Klimawandels eine immer gr\u00f6\u00dfere Rolle. V\u00f6lker- und europarechtliche Vorgaben setzen hier kontinuierlich ambitioniertere Reduktionsziele f\u00fcr Treibhausgasemissionen. Der europ\u00e4ische Green Deal und das &#8220;Fit for 55&#8221;-Paket der Europ\u00e4ischen Kommission beschleunigen die diesbez\u00fcglichen Umsetzungsprozesse.<\/p>\n<p>&nbsp;<\/p>\n<p>CHG-Partner <a href=\"https:\/\/www.chg.at\/profile\/arnold-autengruber\/\">Arnold Autengruber<\/a> widmete sich am 14.10.2022 in seinem Vortrag f\u00fcr die imh-Webinarreihe &#8220;Recht f\u00fcr die Energiewirtschaft&#8221; in Wien den rechtlichen Fragestellungen rund um Effort Sharing sowie Lastenteilung und (damit in Zusammenhang stehend) dem Emissionshandelssystem der EU. Die Vorgaben der Lastenteilungsverordnung [Verordnung (EU) 2018\/842] beinhalten Treibhausgas-Emissionsreduktionsziele f\u00fcr den Stra\u00dfenverkehr, die Geb\u00e4udebeheizung , die Landwirtschaft, kleine Industrieanlagen und die Abfallwirtschaft. Daneben besteht im Bereich gro\u00dfer Anlagen und energieintensiver Industrie der ebenfalls behandelte EU-Emissionszertifikatehandel. Die unionsrechtlichen Verpflichtungen schlagen sich in einer Vielzahl nationaler Gesetze nieder und haben gro\u00dfe Bedeutung f\u00fcr die heimische Wirtschaft. Die Kosten f\u00fcr das Emittieren von CO2 und sonstigen klimasch\u00e4dlichen Treibhausgasen steigen schlie\u00dflich kontinuierlich und werden damit zu einem wichtigen Faktor f\u00fcr Wirtschaftstreibende, aber auch Privatpersonen.<\/p>\n<p>&nbsp;<\/p>\n<p><span style=\"color: black;\">Vielen Dank an die online zugeschalteten Teilnehmer:innen<\/span> f\u00fcr einen spannenden Webinar-Vormittag!<\/p>\n<p>&nbsp;<\/p>\n<\/div>\n<\/div>\n<\/div>\n<\/div>\n<\/div>\n<\/div>\n<\/div>\n<div id=\"cmsmasters_row_69f5c95620c8b5_14774564\" class=\"cmsmasters_row cmsmasters_color_scheme_default cmsmasters_row_top_default cmsmasters_row_bot_default cmsmasters_row_boxed\">\n<div class=\"cmsmasters_row_outer_parent\">\n<div class=\"cmsmasters_row_outer\">\n<div class=\"cmsmasters_row_inner\">\n<div class=\"cmsmasters_row_margin\">\n<div class=\"cmsmasters_column one_first\">\n<\/div>\n<\/div>\n<\/div>\n<\/div>\n<\/div>\n<\/div>\n<div id=\"cmsmasters_row_69f5c95620cf18_29042382\" class=\"cmsmasters_row cmsmasters_color_scheme_default cmsmasters_row_top_default cmsmasters_row_bot_default cmsmasters_row_boxed\">\n<div class=\"cmsmasters_row_outer_parent\">\n<div class=\"cmsmasters_row_outer\">\n<div class=\"cmsmasters_row_inner\">\n<div class=\"cmsmasters_row_margin\">\n<div class=\"cmsmasters_column one_first\">\n\n<div id=\"cmsmasters_divider_69f5c95620e592_01121405\" class=\"cmsmasters_divider cmsmasters_divider_width_long cmsmasters_divider_pos_center\"><\/div>\n<div class=\"cmsmasters_img  cmsmasters_image_n with_caption\">\n<a href=\"https:\/\/www.chg.at\/profile\/arnold-autengruber\/\"><img src=\"https:\/\/www.chg.at\/wp-content\/uploads\/2023\/11\/CHG-Rechtsanwaelte-Arnold-Autengruber-Profilfoto.jpg\" \/><\/a>\n<p class=\"cmsmasters_img_caption\">Arnold Autengruber<\/p><\/div>\n<\/div>\n<\/div>\n<\/div>\n<\/div>\n<\/div>\n<\/div>\n\n","protected":false},"excerpt":{"rendered":"<p>CHG-Partner Arnold Autengruber widmete sich am 14.10.2022 in seinem Vortrag f\u00fcr die imh-Webinarreihe &#8220;Recht f\u00fcr die Energiewirtschaft&#8221; in Wien den rechtlichen Fragestellungen rund um Effort Sharing sowie Lastenteilung und (damit in Zusammenhang stehend) dem Emissionshandelssystem der EU.<\/p>\n","protected":false},"author":16,"featured_media":25781,"comment_status":"closed","ping_status":"open","sticky":false,"template":"","format":"image","meta":{"inline_featured_image":false},"categories":[8,33],"tags":[],"yoast_head":"<!-- This site is optimized with the Yoast SEO plugin v19.8 - https:\/\/yoast.com\/wordpress\/plugins\/seo\/ -->\n<title>Effort Sharing im Energierecht &ndash; CHG Czernich Rechtsanw\u00e4lte \u2013 Wir bewegen Wirtschaft<\/title>\n<meta name=\"description\" content=\"CHG-Partner Arnold Autengruber widmete sich am 14.10.2022 in seinem Vortrag f\u00fcr die imh-Webinarreihe &quot;Recht f\u00fcr die Energiewirtschaft&quot; in Wien den rechtlichen Fragestellungen rund um Effort Sharing sowie Lastenteilung und (damit in Zusammenhang stehend) dem Emissionshandelssystem der EU.\" \/>\n<meta name=\"robots\" content=\"index, follow, max-snippet:-1, max-image-preview:large, max-video-preview:-1\" \/>\n<link rel=\"canonical\" href=\"https:\/\/www.chg.at\/en\/effort-sharing-im-energierecht\/\" \/>\n<meta property=\"og:locale\" content=\"en_US\" \/>\n<meta property=\"og:type\" content=\"article\" \/>\n<meta property=\"og:title\" content=\"CHG\" \/>\n<meta property=\"og:description\" content=\"CHG\" \/>\n<meta property=\"og:url\" content=\"https:\/\/www.chg.at\/en\/effort-sharing-im-energierecht\/\" \/>\n<meta property=\"og:site_name\" content=\"CHG Czernich Rechtsanw\u00e4lte \u2013 Wir bewegen Wirtschaft\" \/>\n<meta property=\"article:published_time\" content=\"2022-10-20T07:37:30+00:00\" \/>\n<meta property=\"article:modified_time\" content=\"2024-09-27T07:38:12+00:00\" \/>\n<meta property=\"og:image\" content=\"https:\/\/www.chg.at\/wp-content\/uploads\/2024\/09\/Screenshot-2024-09-27-093658.png\" \/>\n\t<meta property=\"og:image:width\" content=\"806\" \/>\n\t<meta property=\"og:image:height\" content=\"553\" \/>\n\t<meta property=\"og:image:type\" content=\"image\/png\" \/>\n<meta name=\"author\" content=\"Selina Reichholf\" \/>\n<meta name=\"twitter:card\" content=\"summary_large_image\" \/>\n<meta name=\"twitter:label1\" content=\"Written by\" \/>\n\t<meta name=\"twitter:data1\" content=\"Selina Reichholf\" \/>\n\t<meta name=\"twitter:label2\" content=\"Est. reading time\" \/>\n\t<meta name=\"twitter:data2\" content=\"2 minutes\" \/>\n<script type=\"application\/ld+json\" class=\"yoast-schema-graph\">{\"@context\":\"https:\/\/schema.org\",\"@graph\":[{\"@type\":\"Article\",\"@id\":\"https:\/\/www.chg.at\/en\/effort-sharing-im-energierecht\/#article\",\"isPartOf\":{\"@id\":\"https:\/\/www.chg.at\/en\/effort-sharing-im-energierecht\/\"},\"author\":{\"name\":\"Selina Reichholf\",\"@id\":\"https:\/\/www.chg.at\/en\/#\/schema\/person\/1a03a341ca78135e646a1e10d229c9f5\"},\"headline\":\"Effort Sharing im Energierecht\",\"datePublished\":\"2022-10-20T07:37:30+00:00\",\"dateModified\":\"2024-09-27T07:38:12+00:00\",\"mainEntityOfPage\":{\"@id\":\"https:\/\/www.chg.at\/en\/effort-sharing-im-energierecht\/\"},\"wordCount\":402,\"publisher\":{\"@id\":\"https:\/\/www.chg.at\/en\/#organization\"},\"articleSection\":[\"CHG News\",\"Veranstaltung\"],\"inLanguage\":\"en-US\"},{\"@type\":\"WebPage\",\"@id\":\"https:\/\/www.chg.at\/en\/effort-sharing-im-energierecht\/\",\"url\":\"https:\/\/www.chg.at\/en\/effort-sharing-im-energierecht\/\",\"name\":\"Effort Sharing im Energierecht &ndash; CHG Czernich Rechtsanw\u00e4lte \u2013 Wir bewegen Wirtschaft\",\"isPartOf\":{\"@id\":\"https:\/\/www.chg.at\/en\/#website\"},\"datePublished\":\"2022-10-20T07:37:30+00:00\",\"dateModified\":\"2024-09-27T07:38:12+00:00\",\"description\":\"CHG-Partner Arnold Autengruber widmete sich am 14.10.2022 in seinem Vortrag f\u00fcr die imh-Webinarreihe \\\"Recht f\u00fcr die Energiewirtschaft\\\" in Wien den rechtlichen Fragestellungen rund um Effort Sharing sowie Lastenteilung und (damit in Zusammenhang stehend) dem Emissionshandelssystem der EU.\",\"breadcrumb\":{\"@id\":\"https:\/\/www.chg.at\/en\/effort-sharing-im-energierecht\/#breadcrumb\"},\"inLanguage\":\"en-US\",\"potentialAction\":[{\"@type\":\"ReadAction\",\"target\":[\"https:\/\/www.chg.at\/en\/effort-sharing-im-energierecht\/\"]}]},{\"@type\":\"BreadcrumbList\",\"@id\":\"https:\/\/www.chg.at\/en\/effort-sharing-im-energierecht\/#breadcrumb\",\"itemListElement\":[{\"@type\":\"ListItem\",\"position\":1,\"name\":\"Startseite\",\"item\":\"https:\/\/www.chg.at\/en\/\"},{\"@type\":\"ListItem\",\"position\":2,\"name\":\"Effort Sharing im Energierecht\"}]},{\"@type\":\"WebSite\",\"@id\":\"https:\/\/www.chg.at\/en\/#website\",\"url\":\"https:\/\/www.chg.at\/en\/\",\"name\":\"CHG Czernich Rechtsanw\u00e4lte \u2013 Wir bewegen Wirtschaft\",\"description\":\"Wir sorgen f\u00fcr Klarheit, wenn es rechtlich kompliziert wird. In jeder Phase Ihrer Unternehmungen. Sie ergreifen die Chancen. Wir verwandeln Risiken in L\u00f6sungen.\",\"publisher\":{\"@id\":\"https:\/\/www.chg.at\/en\/#organization\"},\"potentialAction\":[{\"@type\":\"SearchAction\",\"target\":{\"@type\":\"EntryPoint\",\"urlTemplate\":\"https:\/\/www.chg.at\/en\/?s={search_term_string}\"},\"query-input\":\"required name=search_term_string\"}],\"inLanguage\":\"en-US\"},{\"@type\":\"Organization\",\"@id\":\"https:\/\/www.chg.at\/en\/#organization\",\"name\":\"CHG Czernich Rechtsanw\u00e4lte\",\"url\":\"https:\/\/www.chg.at\/en\/\",\"sameAs\":[\"https:\/\/www.linkedin.com\/company\/12773263\/admin\/dashboard\/\"],\"logo\":{\"@type\":\"ImageObject\",\"inLanguage\":\"en-US\",\"@id\":\"https:\/\/www.chg.at\/en\/#\/schema\/logo\/image\/\",\"url\":\"https:\/\/www.chg.at\/wp-content\/uploads\/2016\/08\/CHG_logo_250_1.png\",\"contentUrl\":\"https:\/\/www.chg.at\/wp-content\/uploads\/2016\/08\/CHG_logo_250_1.png\",\"width\":250,\"height\":33,\"caption\":\"CHG Czernich Rechtsanw\u00e4lte\"},\"image\":{\"@id\":\"https:\/\/www.chg.at\/en\/#\/schema\/logo\/image\/\"}},{\"@type\":\"Person\",\"@id\":\"https:\/\/www.chg.at\/en\/#\/schema\/person\/1a03a341ca78135e646a1e10d229c9f5\",\"name\":\"Selina Reichholf\"}]}<\/script>\n<!-- \/ Yoast SEO plugin. -->","yoast_head_json":{"title":"Effort Sharing im Energierecht &ndash; CHG Czernich Rechtsanw\u00e4lte \u2013 Wir bewegen Wirtschaft","description":"CHG-Partner Arnold Autengruber widmete sich am 14.10.2022 in seinem Vortrag f\u00fcr die imh-Webinarreihe \"Recht f\u00fcr die Energiewirtschaft\" in Wien den rechtlichen Fragestellungen rund um Effort Sharing sowie Lastenteilung und (damit in Zusammenhang stehend) dem Emissionshandelssystem der EU.","robots":{"index":"index","follow":"follow","max-snippet":"max-snippet:-1","max-image-preview":"max-image-preview:large","max-video-preview":"max-video-preview:-1"},"canonical":"https:\/\/www.chg.at\/en\/effort-sharing-im-energierecht\/","og_locale":"en_US","og_type":"article","og_title":"CHG","og_description":"CHG","og_url":"https:\/\/www.chg.at\/en\/effort-sharing-im-energierecht\/","og_site_name":"CHG Czernich Rechtsanw\u00e4lte \u2013 Wir bewegen Wirtschaft","article_published_time":"2022-10-20T07:37:30+00:00","article_modified_time":"2024-09-27T07:38:12+00:00","og_image":[{"width":806,"height":553,"url":"https:\/\/www.chg.at\/wp-content\/uploads\/2024\/09\/Screenshot-2024-09-27-093658.png","type":"image\/png"}],"author":"Selina Reichholf","twitter_card":"summary_large_image","twitter_misc":{"Written by":"Selina Reichholf","Est. reading time":"2 minutes"},"schema":{"@context":"https:\/\/schema.org","@graph":[{"@type":"Article","@id":"https:\/\/www.chg.at\/en\/effort-sharing-im-energierecht\/#article","isPartOf":{"@id":"https:\/\/www.chg.at\/en\/effort-sharing-im-energierecht\/"},"author":{"name":"Selina Reichholf","@id":"https:\/\/www.chg.at\/en\/#\/schema\/person\/1a03a341ca78135e646a1e10d229c9f5"},"headline":"Effort Sharing im Energierecht","datePublished":"2022-10-20T07:37:30+00:00","dateModified":"2024-09-27T07:38:12+00:00","mainEntityOfPage":{"@id":"https:\/\/www.chg.at\/en\/effort-sharing-im-energierecht\/"},"wordCount":402,"publisher":{"@id":"https:\/\/www.chg.at\/en\/#organization"},"articleSection":["CHG News","Veranstaltung"],"inLanguage":"en-US"},{"@type":"WebPage","@id":"https:\/\/www.chg.at\/en\/effort-sharing-im-energierecht\/","url":"https:\/\/www.chg.at\/en\/effort-sharing-im-energierecht\/","name":"Effort Sharing im Energierecht &ndash; CHG Czernich Rechtsanw\u00e4lte \u2013 Wir bewegen Wirtschaft","isPartOf":{"@id":"https:\/\/www.chg.at\/en\/#website"},"datePublished":"2022-10-20T07:37:30+00:00","dateModified":"2024-09-27T07:38:12+00:00","description":"CHG-Partner Arnold Autengruber widmete sich am 14.10.2022 in seinem Vortrag f\u00fcr die imh-Webinarreihe \"Recht f\u00fcr die Energiewirtschaft\" in Wien den rechtlichen Fragestellungen rund um Effort Sharing sowie Lastenteilung und (damit in Zusammenhang stehend) dem Emissionshandelssystem der EU.","breadcrumb":{"@id":"https:\/\/www.chg.at\/en\/effort-sharing-im-energierecht\/#breadcrumb"},"inLanguage":"en-US","potentialAction":[{"@type":"ReadAction","target":["https:\/\/www.chg.at\/en\/effort-sharing-im-energierecht\/"]}]},{"@type":"BreadcrumbList","@id":"https:\/\/www.chg.at\/en\/effort-sharing-im-energierecht\/#breadcrumb","itemListElement":[{"@type":"ListItem","position":1,"name":"Startseite","item":"https:\/\/www.chg.at\/en\/"},{"@type":"ListItem","position":2,"name":"Effort Sharing im Energierecht"}]},{"@type":"WebSite","@id":"https:\/\/www.chg.at\/en\/#website","url":"https:\/\/www.chg.at\/en\/","name":"CHG Czernich Rechtsanw\u00e4lte \u2013 Wir bewegen Wirtschaft","description":"Wir sorgen f\u00fcr Klarheit, wenn es rechtlich kompliziert wird. In jeder Phase Ihrer Unternehmungen. Sie ergreifen die Chancen. Wir verwandeln Risiken in L\u00f6sungen.","publisher":{"@id":"https:\/\/www.chg.at\/en\/#organization"},"potentialAction":[{"@type":"SearchAction","target":{"@type":"EntryPoint","urlTemplate":"https:\/\/www.chg.at\/en\/?s={search_term_string}"},"query-input":"required name=search_term_string"}],"inLanguage":"en-US"},{"@type":"Organization","@id":"https:\/\/www.chg.at\/en\/#organization","name":"CHG Czernich Rechtsanw\u00e4lte","url":"https:\/\/www.chg.at\/en\/","sameAs":["https:\/\/www.linkedin.com\/company\/12773263\/admin\/dashboard\/"],"logo":{"@type":"ImageObject","inLanguage":"en-US","@id":"https:\/\/www.chg.at\/en\/#\/schema\/logo\/image\/","url":"https:\/\/www.chg.at\/wp-content\/uploads\/2016\/08\/CHG_logo_250_1.png","contentUrl":"https:\/\/www.chg.at\/wp-content\/uploads\/2016\/08\/CHG_logo_250_1.png","width":250,"height":33,"caption":"CHG Czernich Rechtsanw\u00e4lte"},"image":{"@id":"https:\/\/www.chg.at\/en\/#\/schema\/logo\/image\/"}},{"@type":"Person","@id":"https:\/\/www.chg.at\/en\/#\/schema\/person\/1a03a341ca78135e646a1e10d229c9f5","name":"Selina Reichholf"}]}},"_links":{"self":[{"href":"https:\/\/www.chg.at\/en\/wp-json\/wp\/v2\/posts\/25778"}],"collection":[{"href":"https:\/\/www.chg.at\/en\/wp-json\/wp\/v2\/posts"}],"about":[{"href":"https:\/\/www.chg.at\/en\/wp-json\/wp\/v2\/types\/post"}],"author":[{"embeddable":true,"href":"https:\/\/www.chg.at\/en\/wp-json\/wp\/v2\/users\/16"}],"replies":[{"embeddable":true,"href":"https:\/\/www.chg.at\/en\/wp-json\/wp\/v2\/comments?post=25778"}],"version-history":[{"count":2,"href":"https:\/\/www.chg.at\/en\/wp-json\/wp\/v2\/posts\/25778\/revisions"}],"predecessor-version":[{"id":25780,"href":"https:\/\/www.chg.at\/en\/wp-json\/wp\/v2\/posts\/25778\/revisions\/25780"}],"wp:featuredmedia":[{"embeddable":true,"href":"https:\/\/www.chg.at\/en\/wp-json\/wp\/v2\/media\/25781"}],"wp:attachment":[{"href":"https:\/\/www.chg.at\/en\/wp-json\/wp\/v2\/media?parent=25778"}],"wp:term":[{"taxonomy":"category","embeddable":true,"href":"https:\/\/www.chg.at\/en\/wp-json\/wp\/v2\/categories?post=25778"},{"taxonomy":"post_tag","embeddable":true,"href":"https:\/\/www.chg.at\/en\/wp-json\/wp\/v2\/tags?post=25778"}],"curies":[{"name":"wp","href":"https:\/\/api.w.org\/{rel}","templated":true}]}}