{"id":25783,"date":"2022-10-19T09:53:07","date_gmt":"2022-10-19T07:53:07","guid":{"rendered":"https:\/\/www.chg.at\/?p=25783"},"modified":"2024-09-27T09:53:42","modified_gmt":"2024-09-27T07:53:42","slug":"neue-mobilitaetsformen-im-fokus","status":"publish","type":"post","link":"https:\/\/www.chg.at\/en\/neue-mobilitaetsformen-im-fokus\/","title":{"rendered":"Neue Mobilit\u00e4tsformen im Fokus"},"content":{"rendered":"<style type=\"text\/css\"> \n#cmsmasters_row_69f2b0e1c28c55_59879487 .cmsmasters_row_outer_parent { \n\tpadding-top: 30px; \n} \n\n#cmsmasters_row_69f2b0e1c28c55_59879487 .cmsmasters_row_outer_parent { \n\tpadding-bottom: 30px; \n} \n\n \n#cmsmasters_row_69f2b0e1c2a3d0_29551702 .cmsmasters_row_outer_parent { \n\tpadding-top: 0px; \n} \n\n#cmsmasters_row_69f2b0e1c2a3d0_29551702 .cmsmasters_row_outer_parent { \n\tpadding-bottom: 50px; \n} \n\n \n#cmsmasters_divider_69f2b0e1c2af62_97342155 { \n\tborder-bottom-width:1px; \n\tborder-bottom-style:solid; \n\tpadding-top:50px; \n\tmargin-bottom:50px; \n} \n \n#cmsmasters_divider_69f2b0e1c308f8_92683098 { \n\tborder-bottom-width:1px; \n\tborder-bottom-style:solid; \n\tpadding-top:50px; \n\tmargin-bottom:50px; \n} \n \n#cmsmasters_row_69f2b0e1c340e1_70673282 .cmsmasters_row_outer_parent { \n\tpadding-top: 0px; \n} \n\n#cmsmasters_row_69f2b0e1c340e1_70673282 .cmsmasters_row_outer_parent { \n\tpadding-bottom: 50px; \n} \n\n \n#cmsmasters_divider_69f2b0e1c34da8_93294037 { \n\tborder-bottom-width:1px; \n\tborder-bottom-style:solid; \n\tpadding-top:50px; \n\tmargin-bottom:50px; \n} \n<\/style><div id=\"cmsmasters_row_69f2b0e1c28c55_59879487\" class=\"cmsmasters_row cmsmasters_color_scheme_default cmsmasters_row_top_default cmsmasters_row_bot_default cmsmasters_row_boxed\">\n<div class=\"cmsmasters_row_outer_parent\">\n<div class=\"cmsmasters_row_outer\">\n<div class=\"cmsmasters_row_inner\">\n<div class=\"cmsmasters_row_margin\">\n<div class=\"cmsmasters_column one_first\">\n<div class=\"cmsmasters_text\">\n<h1><span lang=\"DE\" style=\"color: #d43555;\">CHG-Anw\u00e4lte trugen bei Tagung zu Mobilit\u00e4tswende vor<\/span><\/h1>\n<p>Der Klimawandel erfordert es insbesondere auch im Verkehrssektor schnell und entschlossen zu handeln und neue Formen der Mobilit\u00e4t umzusetzen. Durch immer schnelleren technologischen Fortschritt scheinen die diesbez\u00fcglichen M\u00f6glichkeiten schier uferlos. Vielfach nicht mehr zeitgem\u00e4\u00dfe Gesetze und Verordnungen erschweren den Aufgabentr\u00e4gern (insbesondere L\u00e4nder und Gemeinden, aber auch Verkehrsverb\u00fcnde) jedoch die rechtssichere Umsetzung.<\/p>\n<p>&nbsp;<\/p>\n<p>Unter diesem Eindruck trugen bei der gemeinsam mit der Universit\u00e4t Innsbruck ausgerichteten Tagung \u201eMobilit\u00e4tswende \u2013 Verkehre unter dem Einfluss von Nachhaltigkeit und Digitalisierung\u201c gleich drei CHG-Anw\u00e4lte vor und befassten sich mit dem Generalthema aus verschiedenen Blickwinkeln.<\/p>\n<p>&nbsp;<\/p>\n<p><a href=\"https:\/\/www.chg.at\/profile\/laura-gleinser\/\">Laura Gleinser<\/a> und <a href=\"https:\/\/www.chg.at\/profile\/guenther-gast\/\">G\u00fcnther Gast<\/a> behandelten das neue Stra\u00dfenfahrzeug-Beschaffungsgesetz (SFBG), das im Rahmen von Vergabevorg\u00e4ngen insbesondere verpflichtende Quoten sauberer Stra\u00dfenfahrzeuge f\u00fcr \u00f6ffentliche Auftraggeber vorsieht.<\/p>\n<p>&nbsp;<\/p>\n<p><a href=\"https:\/\/www.chg.at\/profile\/arnold-autengruber\/\">Arnold Autengruber<\/a> widmete sich in zwei Vortr\u00e4gen zun\u00e4chst den verkehrsgewerberechtlichen Rahmenbedingungen von bedarfsorientierten Verkehren (Micro-\u00d6V) und in weiterer Folge mit (vor allem beihilfe- und vergaberechtlichen) Fragen die in Zusammenhang mit der Beschaffung von neuartigen Verkehrsformen im \u00d6ffentlichen Personennah- und Regionalverkehr (\u00d6PNV) stehen. Es gibt dabei nicht nur um Grundlagenarbeit, sondern vor allem auch praktische Umsetzungshinweise.<\/p>\n<p>&nbsp;<\/p>\n<p>Die Vortragsunterlagen werden in einem Tagungsband ver\u00f6ffentlicht.<\/p>\n<p>Wir danken allen Teilnehmer:innen f\u00fcr den interessanten Austausch im Rahmen der Tagung! Bei Interesse, \u00fcber k\u00fcnftige Veranstaltungen von CHG informiert zu werden, schreiben Sie bitte eine E-Mail an\u00a0<a href=\"mailto:office@chg.at\">office@chg.at<\/a>\u00a0.<\/p>\n<\/div>\n<\/div>\n<\/div>\n<\/div>\n<\/div>\n<\/div>\n<\/div>\n<div id=\"cmsmasters_row_69f2b0e1c2a3d0_29551702\" class=\"cmsmasters_row cmsmasters_color_scheme_default cmsmasters_row_top_default cmsmasters_row_bot_default cmsmasters_row_boxed\">\n<div class=\"cmsmasters_row_outer_parent\">\n<div class=\"cmsmasters_row_outer\">\n<div class=\"cmsmasters_row_inner\">\n<div class=\"cmsmasters_row_margin\">\n<div class=\"cmsmasters_column one_half\">\n\n<div id=\"cmsmasters_divider_69f2b0e1c2af62_97342155\" class=\"cmsmasters_divider cmsmasters_divider_width_long cmsmasters_divider_pos_center\"><\/div>\n<div class=\"cmsmasters_img  cmsmasters_image_n with_caption\">\n<a href=\"https:\/\/www.chg.at\/profile\/arnold-autengruber\/\"><img src=\"https:\/\/www.chg.at\/wp-content\/uploads\/2023\/11\/CHG-Rechtsanwaelte-Arnold-Autengruber-Profilfoto.jpg\" \/><\/a>\n<p class=\"cmsmasters_img_caption\">Arnold Autengruber<\/p><\/div>\n<\/div>\n<div class=\"cmsmasters_column one_half\">\n\n<div id=\"cmsmasters_divider_69f2b0e1c308f8_92683098\" class=\"cmsmasters_divider cmsmasters_divider_width_long cmsmasters_divider_pos_center\"><\/div>\n<div class=\"cmsmasters_img  cmsmasters_image_n with_caption\">\n<a href=\"https:\/\/www.chg.at\/profile\/guenther-gast\/\"><img src=\"https:\/\/www.chg.at\/wp-content\/uploads\/2023\/11\/CHG-Rechtsanwaelte-Guenther-Gast-Profilfoto.jpg\" \/><\/a>\n<p class=\"cmsmasters_img_caption\">G\u00fcnther Gast<\/p><\/div>\n<\/div>\n<\/div>\n<\/div>\n<\/div>\n<\/div>\n<\/div>\n<div id=\"cmsmasters_row_69f2b0e1c340e1_70673282\" class=\"cmsmasters_row cmsmasters_color_scheme_default cmsmasters_row_top_default cmsmasters_row_bot_default cmsmasters_row_boxed\">\n<div class=\"cmsmasters_row_outer_parent\">\n<div class=\"cmsmasters_row_outer\">\n<div class=\"cmsmasters_row_inner\">\n<div class=\"cmsmasters_row_margin\">\n<div class=\"cmsmasters_column one_half\">\n\n<div id=\"cmsmasters_divider_69f2b0e1c34da8_93294037\" class=\"cmsmasters_divider cmsmasters_divider_width_long cmsmasters_divider_pos_center\"><\/div>\n<div class=\"cmsmasters_img  cmsmasters_image_n with_caption\">\n<a href=\"https:\/\/www.chg.at\/profile\/laura-gleinser\/\"><img src=\"https:\/\/www.chg.at\/wp-content\/uploads\/2022\/11\/CHG-Rechtsanwaelte-Laura-Gleinser-Profilfoto.jpg\" \/><\/a>\n<p class=\"cmsmasters_img_caption\">Laura Gleinser<\/p><\/div>\n<\/div>\n<div class=\"cmsmasters_column one_half\">\n<\/div>\n<\/div>\n<\/div>\n<\/div>\n<\/div>\n<\/div>\n\n","protected":false},"excerpt":{"rendered":"<p>Dr. Laura Gleinser, Dr. G\u00fcnther Gast und Dr. Arnold Autengruber trugen bei der gemeinsam mit der Universit\u00e4t Innsbruck ausgerichteten Tagung \u201eMobilit\u00e4tswende \u2013 Verkehre unter dem Einfluss von Nachhaltigkeit und Digitalisierung\u201c vor.<\/p>\n","protected":false},"author":16,"featured_media":25787,"comment_status":"closed","ping_status":"open","sticky":false,"template":"","format":"image","meta":{"inline_featured_image":false},"categories":[8,33],"tags":[],"yoast_head":"<!-- This site is optimized with the Yoast SEO plugin v19.8 - https:\/\/yoast.com\/wordpress\/plugins\/seo\/ -->\n<title>Neue Mobilit\u00e4tsformen im Fokus &ndash; CHG Czernich Rechtsanw\u00e4lte \u2013 Wir bewegen Wirtschaft<\/title>\n<meta name=\"description\" content=\"Dr. Laura Gleinser, Dr. G\u00fcnther Gast und Dr. Arnold Autengruber trugen bei der gemeinsam mit der Universit\u00e4t Innsbruck ausgerichteten Tagung \u201eMobilit\u00e4tswende \u2013 Verkehre unter dem Einfluss von Nachhaltigkeit und Digitalisierung\u201c vor.\" \/>\n<meta name=\"robots\" content=\"index, follow, max-snippet:-1, max-image-preview:large, max-video-preview:-1\" \/>\n<link rel=\"canonical\" href=\"https:\/\/www.chg.at\/en\/neue-mobilitaetsformen-im-fokus\/\" \/>\n<meta property=\"og:locale\" content=\"en_US\" \/>\n<meta property=\"og:type\" content=\"article\" \/>\n<meta property=\"og:title\" content=\"CHG\" \/>\n<meta property=\"og:description\" content=\"CHG\" \/>\n<meta property=\"og:url\" content=\"https:\/\/www.chg.at\/en\/neue-mobilitaetsformen-im-fokus\/\" \/>\n<meta property=\"og:site_name\" content=\"CHG Czernich Rechtsanw\u00e4lte \u2013 Wir bewegen Wirtschaft\" \/>\n<meta property=\"article:published_time\" content=\"2022-10-19T07:53:07+00:00\" \/>\n<meta property=\"article:modified_time\" content=\"2024-09-27T07:53:42+00:00\" \/>\n<meta property=\"og:image\" content=\"https:\/\/www.chg.at\/wp-content\/uploads\/2024\/09\/Tagung.png\" \/>\n\t<meta property=\"og:image:width\" content=\"802\" \/>\n\t<meta property=\"og:image:height\" content=\"588\" \/>\n\t<meta property=\"og:image:type\" content=\"image\/png\" \/>\n<meta name=\"author\" content=\"Selina Reichholf\" \/>\n<meta name=\"twitter:card\" content=\"summary_large_image\" \/>\n<meta name=\"twitter:label1\" content=\"Written by\" \/>\n\t<meta name=\"twitter:data1\" content=\"Selina Reichholf\" \/>\n\t<meta name=\"twitter:label2\" content=\"Est. reading time\" \/>\n\t<meta name=\"twitter:data2\" content=\"2 minutes\" \/>\n<script type=\"application\/ld+json\" class=\"yoast-schema-graph\">{\"@context\":\"https:\/\/schema.org\",\"@graph\":[{\"@type\":\"Article\",\"@id\":\"https:\/\/www.chg.at\/en\/neue-mobilitaetsformen-im-fokus\/#article\",\"isPartOf\":{\"@id\":\"https:\/\/www.chg.at\/en\/neue-mobilitaetsformen-im-fokus\/\"},\"author\":{\"name\":\"Selina Reichholf\",\"@id\":\"https:\/\/www.chg.at\/en\/#\/schema\/person\/1a03a341ca78135e646a1e10d229c9f5\"},\"headline\":\"Neue Mobilit\u00e4tsformen im Fokus\",\"datePublished\":\"2022-10-19T07:53:07+00:00\",\"dateModified\":\"2024-09-27T07:53:42+00:00\",\"mainEntityOfPage\":{\"@id\":\"https:\/\/www.chg.at\/en\/neue-mobilitaetsformen-im-fokus\/\"},\"wordCount\":526,\"publisher\":{\"@id\":\"https:\/\/www.chg.at\/en\/#organization\"},\"articleSection\":[\"CHG News\",\"Veranstaltung\"],\"inLanguage\":\"en-US\"},{\"@type\":\"WebPage\",\"@id\":\"https:\/\/www.chg.at\/en\/neue-mobilitaetsformen-im-fokus\/\",\"url\":\"https:\/\/www.chg.at\/en\/neue-mobilitaetsformen-im-fokus\/\",\"name\":\"Neue Mobilit\u00e4tsformen im Fokus &ndash; CHG Czernich Rechtsanw\u00e4lte \u2013 Wir bewegen Wirtschaft\",\"isPartOf\":{\"@id\":\"https:\/\/www.chg.at\/en\/#website\"},\"datePublished\":\"2022-10-19T07:53:07+00:00\",\"dateModified\":\"2024-09-27T07:53:42+00:00\",\"description\":\"Dr. Laura Gleinser, Dr. G\u00fcnther Gast und Dr. Arnold Autengruber trugen bei der gemeinsam mit der Universit\u00e4t Innsbruck ausgerichteten Tagung \u201eMobilit\u00e4tswende \u2013 Verkehre unter dem Einfluss von Nachhaltigkeit und Digitalisierung\u201c vor.\",\"breadcrumb\":{\"@id\":\"https:\/\/www.chg.at\/en\/neue-mobilitaetsformen-im-fokus\/#breadcrumb\"},\"inLanguage\":\"en-US\",\"potentialAction\":[{\"@type\":\"ReadAction\",\"target\":[\"https:\/\/www.chg.at\/en\/neue-mobilitaetsformen-im-fokus\/\"]}]},{\"@type\":\"BreadcrumbList\",\"@id\":\"https:\/\/www.chg.at\/en\/neue-mobilitaetsformen-im-fokus\/#breadcrumb\",\"itemListElement\":[{\"@type\":\"ListItem\",\"position\":1,\"name\":\"Startseite\",\"item\":\"https:\/\/www.chg.at\/en\/\"},{\"@type\":\"ListItem\",\"position\":2,\"name\":\"Neue Mobilit\u00e4tsformen im Fokus\"}]},{\"@type\":\"WebSite\",\"@id\":\"https:\/\/www.chg.at\/en\/#website\",\"url\":\"https:\/\/www.chg.at\/en\/\",\"name\":\"CHG Czernich Rechtsanw\u00e4lte \u2013 Wir bewegen Wirtschaft\",\"description\":\"Wir sorgen f\u00fcr Klarheit, wenn es rechtlich kompliziert wird. In jeder Phase Ihrer Unternehmungen. Sie ergreifen die Chancen. Wir verwandeln Risiken in L\u00f6sungen.\",\"publisher\":{\"@id\":\"https:\/\/www.chg.at\/en\/#organization\"},\"potentialAction\":[{\"@type\":\"SearchAction\",\"target\":{\"@type\":\"EntryPoint\",\"urlTemplate\":\"https:\/\/www.chg.at\/en\/?s={search_term_string}\"},\"query-input\":\"required name=search_term_string\"}],\"inLanguage\":\"en-US\"},{\"@type\":\"Organization\",\"@id\":\"https:\/\/www.chg.at\/en\/#organization\",\"name\":\"CHG Czernich Rechtsanw\u00e4lte\",\"url\":\"https:\/\/www.chg.at\/en\/\",\"sameAs\":[\"https:\/\/www.linkedin.com\/company\/12773263\/admin\/dashboard\/\"],\"logo\":{\"@type\":\"ImageObject\",\"inLanguage\":\"en-US\",\"@id\":\"https:\/\/www.chg.at\/en\/#\/schema\/logo\/image\/\",\"url\":\"https:\/\/www.chg.at\/wp-content\/uploads\/2016\/08\/CHG_logo_250_1.png\",\"contentUrl\":\"https:\/\/www.chg.at\/wp-content\/uploads\/2016\/08\/CHG_logo_250_1.png\",\"width\":250,\"height\":33,\"caption\":\"CHG Czernich Rechtsanw\u00e4lte\"},\"image\":{\"@id\":\"https:\/\/www.chg.at\/en\/#\/schema\/logo\/image\/\"}},{\"@type\":\"Person\",\"@id\":\"https:\/\/www.chg.at\/en\/#\/schema\/person\/1a03a341ca78135e646a1e10d229c9f5\",\"name\":\"Selina Reichholf\"}]}<\/script>\n<!-- \/ Yoast SEO plugin. -->","yoast_head_json":{"title":"Neue Mobilit\u00e4tsformen im Fokus &ndash; CHG Czernich Rechtsanw\u00e4lte \u2013 Wir bewegen Wirtschaft","description":"Dr. Laura Gleinser, Dr. G\u00fcnther Gast und Dr. Arnold Autengruber trugen bei der gemeinsam mit der Universit\u00e4t Innsbruck ausgerichteten Tagung \u201eMobilit\u00e4tswende \u2013 Verkehre unter dem Einfluss von Nachhaltigkeit und Digitalisierung\u201c vor.","robots":{"index":"index","follow":"follow","max-snippet":"max-snippet:-1","max-image-preview":"max-image-preview:large","max-video-preview":"max-video-preview:-1"},"canonical":"https:\/\/www.chg.at\/en\/neue-mobilitaetsformen-im-fokus\/","og_locale":"en_US","og_type":"article","og_title":"CHG","og_description":"CHG","og_url":"https:\/\/www.chg.at\/en\/neue-mobilitaetsformen-im-fokus\/","og_site_name":"CHG Czernich Rechtsanw\u00e4lte \u2013 Wir bewegen Wirtschaft","article_published_time":"2022-10-19T07:53:07+00:00","article_modified_time":"2024-09-27T07:53:42+00:00","og_image":[{"width":802,"height":588,"url":"https:\/\/www.chg.at\/wp-content\/uploads\/2024\/09\/Tagung.png","type":"image\/png"}],"author":"Selina Reichholf","twitter_card":"summary_large_image","twitter_misc":{"Written by":"Selina Reichholf","Est. reading time":"2 minutes"},"schema":{"@context":"https:\/\/schema.org","@graph":[{"@type":"Article","@id":"https:\/\/www.chg.at\/en\/neue-mobilitaetsformen-im-fokus\/#article","isPartOf":{"@id":"https:\/\/www.chg.at\/en\/neue-mobilitaetsformen-im-fokus\/"},"author":{"name":"Selina Reichholf","@id":"https:\/\/www.chg.at\/en\/#\/schema\/person\/1a03a341ca78135e646a1e10d229c9f5"},"headline":"Neue Mobilit\u00e4tsformen im Fokus","datePublished":"2022-10-19T07:53:07+00:00","dateModified":"2024-09-27T07:53:42+00:00","mainEntityOfPage":{"@id":"https:\/\/www.chg.at\/en\/neue-mobilitaetsformen-im-fokus\/"},"wordCount":526,"publisher":{"@id":"https:\/\/www.chg.at\/en\/#organization"},"articleSection":["CHG News","Veranstaltung"],"inLanguage":"en-US"},{"@type":"WebPage","@id":"https:\/\/www.chg.at\/en\/neue-mobilitaetsformen-im-fokus\/","url":"https:\/\/www.chg.at\/en\/neue-mobilitaetsformen-im-fokus\/","name":"Neue Mobilit\u00e4tsformen im Fokus &ndash; CHG Czernich Rechtsanw\u00e4lte \u2013 Wir bewegen Wirtschaft","isPartOf":{"@id":"https:\/\/www.chg.at\/en\/#website"},"datePublished":"2022-10-19T07:53:07+00:00","dateModified":"2024-09-27T07:53:42+00:00","description":"Dr. Laura Gleinser, Dr. G\u00fcnther Gast und Dr. Arnold Autengruber trugen bei der gemeinsam mit der Universit\u00e4t Innsbruck ausgerichteten Tagung \u201eMobilit\u00e4tswende \u2013 Verkehre unter dem Einfluss von Nachhaltigkeit und Digitalisierung\u201c vor.","breadcrumb":{"@id":"https:\/\/www.chg.at\/en\/neue-mobilitaetsformen-im-fokus\/#breadcrumb"},"inLanguage":"en-US","potentialAction":[{"@type":"ReadAction","target":["https:\/\/www.chg.at\/en\/neue-mobilitaetsformen-im-fokus\/"]}]},{"@type":"BreadcrumbList","@id":"https:\/\/www.chg.at\/en\/neue-mobilitaetsformen-im-fokus\/#breadcrumb","itemListElement":[{"@type":"ListItem","position":1,"name":"Startseite","item":"https:\/\/www.chg.at\/en\/"},{"@type":"ListItem","position":2,"name":"Neue Mobilit\u00e4tsformen im Fokus"}]},{"@type":"WebSite","@id":"https:\/\/www.chg.at\/en\/#website","url":"https:\/\/www.chg.at\/en\/","name":"CHG Czernich Rechtsanw\u00e4lte \u2013 Wir bewegen Wirtschaft","description":"Wir sorgen f\u00fcr Klarheit, wenn es rechtlich kompliziert wird. In jeder Phase Ihrer Unternehmungen. Sie ergreifen die Chancen. Wir verwandeln Risiken in L\u00f6sungen.","publisher":{"@id":"https:\/\/www.chg.at\/en\/#organization"},"potentialAction":[{"@type":"SearchAction","target":{"@type":"EntryPoint","urlTemplate":"https:\/\/www.chg.at\/en\/?s={search_term_string}"},"query-input":"required name=search_term_string"}],"inLanguage":"en-US"},{"@type":"Organization","@id":"https:\/\/www.chg.at\/en\/#organization","name":"CHG Czernich Rechtsanw\u00e4lte","url":"https:\/\/www.chg.at\/en\/","sameAs":["https:\/\/www.linkedin.com\/company\/12773263\/admin\/dashboard\/"],"logo":{"@type":"ImageObject","inLanguage":"en-US","@id":"https:\/\/www.chg.at\/en\/#\/schema\/logo\/image\/","url":"https:\/\/www.chg.at\/wp-content\/uploads\/2016\/08\/CHG_logo_250_1.png","contentUrl":"https:\/\/www.chg.at\/wp-content\/uploads\/2016\/08\/CHG_logo_250_1.png","width":250,"height":33,"caption":"CHG Czernich Rechtsanw\u00e4lte"},"image":{"@id":"https:\/\/www.chg.at\/en\/#\/schema\/logo\/image\/"}},{"@type":"Person","@id":"https:\/\/www.chg.at\/en\/#\/schema\/person\/1a03a341ca78135e646a1e10d229c9f5","name":"Selina Reichholf"}]}},"_links":{"self":[{"href":"https:\/\/www.chg.at\/en\/wp-json\/wp\/v2\/posts\/25783"}],"collection":[{"href":"https:\/\/www.chg.at\/en\/wp-json\/wp\/v2\/posts"}],"about":[{"href":"https:\/\/www.chg.at\/en\/wp-json\/wp\/v2\/types\/post"}],"author":[{"embeddable":true,"href":"https:\/\/www.chg.at\/en\/wp-json\/wp\/v2\/users\/16"}],"replies":[{"embeddable":true,"href":"https:\/\/www.chg.at\/en\/wp-json\/wp\/v2\/comments?post=25783"}],"version-history":[{"count":5,"href":"https:\/\/www.chg.at\/en\/wp-json\/wp\/v2\/posts\/25783\/revisions"}],"predecessor-version":[{"id":25790,"href":"https:\/\/www.chg.at\/en\/wp-json\/wp\/v2\/posts\/25783\/revisions\/25790"}],"wp:featuredmedia":[{"embeddable":true,"href":"https:\/\/www.chg.at\/en\/wp-json\/wp\/v2\/media\/25787"}],"wp:attachment":[{"href":"https:\/\/www.chg.at\/en\/wp-json\/wp\/v2\/media?parent=25783"}],"wp:term":[{"taxonomy":"category","embeddable":true,"href":"https:\/\/www.chg.at\/en\/wp-json\/wp\/v2\/categories?post=25783"},{"taxonomy":"post_tag","embeddable":true,"href":"https:\/\/www.chg.at\/en\/wp-json\/wp\/v2\/tags?post=25783"}],"curies":[{"name":"wp","href":"https:\/\/api.w.org\/{rel}","templated":true}]}}