{"id":25791,"date":"2022-10-07T10:03:56","date_gmt":"2022-10-07T08:03:56","guid":{"rendered":"https:\/\/www.chg.at\/?p=25791"},"modified":"2024-09-27T10:04:47","modified_gmt":"2024-09-27T08:04:47","slug":"arbeitsrecht-fuer-arbeitgeber","status":"publish","type":"post","link":"https:\/\/www.chg.at\/en\/arbeitsrecht-fuer-arbeitgeber\/","title":{"rendered":"Arbeitsrecht f\u00fcr Arbeitgeber"},"content":{"rendered":"<style type=\"text\/css\"> \n#cmsmasters_row_69f2af347321c4_10858646 .cmsmasters_row_outer_parent { \n\tpadding-top: 30px; \n} \n\n#cmsmasters_row_69f2af347321c4_10858646 .cmsmasters_row_outer_parent { \n\tpadding-bottom: 30px; \n} \n\n \n#cmsmasters_row_69f2af34736278_33230908 .cmsmasters_row_outer_parent { \n\tpadding-top: 0px; \n} \n\n#cmsmasters_row_69f2af34736278_33230908 .cmsmasters_row_outer_parent { \n\tpadding-bottom: 50px; \n} \n\n \n#cmsmasters_divider_69f2af34738026_00795272 { \n\tborder-bottom-width:1px; \n\tborder-bottom-style:solid; \n\tpadding-top:50px; \n\tmargin-bottom:50px; \n} \n \n#cmsmasters_row_69f2af34738870_72137561 .cmsmasters_row_outer_parent { \n\tpadding-top: 0px; \n} \n\n#cmsmasters_row_69f2af34738870_72137561 .cmsmasters_row_outer_parent { \n\tpadding-bottom: 50px; \n} \n\n<\/style><div id=\"cmsmasters_row_69f2af347321c4_10858646\" class=\"cmsmasters_row cmsmasters_color_scheme_default cmsmasters_row_top_default cmsmasters_row_bot_default cmsmasters_row_boxed\">\n<div class=\"cmsmasters_row_outer_parent\">\n<div class=\"cmsmasters_row_outer\">\n<div class=\"cmsmasters_row_inner\">\n<div class=\"cmsmasters_row_margin\">\n<div class=\"cmsmasters_column one_first\">\n<div class=\"cmsmasters_text\">\n<h1><span lang=\"DE\" style=\"color: #d43555;\">Arbeitsrecht f\u00fcr Arbeitgeber<br \/>\n<\/span><\/h1>\n<h3><strong>Mitarbeiterbindung und Mitarbeitermotivation<\/strong><\/h3>\n<p>Im Rahmen unserer Vortragsreihe Arbeitsrecht f\u00fcr Arbeitgeber fand am 6. Oktober 2022 eine Veranstaltung zum Thema Mitarbeiterbindung und Mitarbeitermotivation statt.<\/p>\n<p>Nach einer Einf\u00fchrung von G\u00fcnther Gast, Senior-Partner bei CHG, referierte CHG-Rechtsanwaltsanw\u00e4rter Julian Pranger \u00fcber arbeitsrechtliche Gestaltungsm\u00f6glichkeiten zur rechtlichen und faktischen Bindung von Mitarbeitern. CHG-Partnerin Marlene Wachter zeigte anschlie\u00dfend M\u00f6glichkeiten zur Mitarbeitermotivation auf, erl\u00e4uterte die rechtlichen Rahmenbedingungen und lieferte Praxistipps f\u00fcr die Umsetzung.<\/p>\n<p>Wir danken allen Teilnehmer:innen f\u00fcr den interessanten Austausch w\u00e4hrend des Vortrags und beim anschlie\u00dfenden gem\u00fctlichen Umtrunk! Bei Interesse, \u00fcber k\u00fcnftige Vortr\u00e4ge im Rahmen dieses Veranstaltungsreihe informiert zu werden, schreiben Sie bitte eine E-Mail an\u00a0<a href=\"mailto:office@chg.at\">office@chg.at<\/a>\u00a0.<\/p>\n<p>&nbsp;<\/p>\n<p>Foto (v.l.n.r.): RA Mag. Florian M\u00fcller (Leiter der Praxis Group Business bei CHG), RA Dr. Marlene Wachter und RAA Mag. Julian Pranger.<\/p>\n<\/div>\n<\/div>\n<\/div>\n<\/div>\n<\/div>\n<\/div>\n<\/div>\n<div id=\"cmsmasters_row_69f2af34736278_33230908\" class=\"cmsmasters_row cmsmasters_color_scheme_default cmsmasters_row_top_default cmsmasters_row_bot_default cmsmasters_row_boxed\">\n<div class=\"cmsmasters_row_outer_parent\">\n<div class=\"cmsmasters_row_outer\">\n<div class=\"cmsmasters_row_inner\">\n<div class=\"cmsmasters_row_margin\">\n<div class=\"cmsmasters_column one_first\">\n\n<div id=\"cmsmasters_divider_69f2af34738026_00795272\" class=\"cmsmasters_divider cmsmasters_divider_width_long cmsmasters_divider_pos_center\"><\/div>\n<\/div>\n<\/div>\n<\/div>\n<\/div>\n<\/div>\n<\/div>\n<div id=\"cmsmasters_row_69f2af34738870_72137561\" class=\"cmsmasters_row cmsmasters_color_scheme_default cmsmasters_row_top_default cmsmasters_row_bot_default cmsmasters_row_boxed\">\n<div class=\"cmsmasters_row_outer_parent\">\n<div class=\"cmsmasters_row_outer\">\n<div class=\"cmsmasters_row_inner\">\n<div class=\"cmsmasters_row_margin\">\n<div class=\"cmsmasters_column one_half\">\n<div class=\"cmsmasters_img  cmsmasters_image_n with_caption\">\n<a href=\"https:\/\/www.chg.at\/profile\/dr-marlene-wachter\/\"><img src=\"https:\/\/www.chg.at\/wp-content\/uploads\/2023\/11\/CHG-Rechtsanwaelte-Marlene-Wachter-1-Profilfoto.jpg\" \/><\/a>\n<p class=\"cmsmasters_img_caption\">Marlene Wachter<\/p><\/div>\n<\/div>\n<div class=\"cmsmasters_column one_half\">\n<\/div>\n<\/div>\n<\/div>\n<\/div>\n<\/div>\n<\/div>\n\n","protected":false},"excerpt":{"rendered":"<p>Im Rahmen unserer Vortragsreihe Arbeitsrecht f\u00fcr Arbeitgeber fand am 6. Oktober 2022 eine Veranstaltung zum Thema Mitarbeiterbindung und Mitarbeitermotivation statt.<\/p>\n","protected":false},"author":16,"featured_media":25792,"comment_status":"closed","ping_status":"open","sticky":false,"template":"","format":"image","meta":{"inline_featured_image":false},"categories":[8,33],"tags":[],"yoast_head":"<!-- This site is optimized with the Yoast SEO plugin v19.8 - https:\/\/yoast.com\/wordpress\/plugins\/seo\/ -->\n<title>Arbeitsrecht f\u00fcr Arbeitgeber &ndash; CHG Czernich Rechtsanw\u00e4lte \u2013 Wir bewegen Wirtschaft<\/title>\n<meta name=\"description\" content=\"Im Rahmen unserer Vortragsreihe Arbeitsrecht f\u00fcr Arbeitgeber fand am 6. Oktober 2022 eine Veranstaltung zum Thema Mitarbeiterbindung und Mitarbeitermotivation statt.\" \/>\n<meta name=\"robots\" content=\"index, follow, max-snippet:-1, max-image-preview:large, max-video-preview:-1\" \/>\n<link rel=\"canonical\" href=\"https:\/\/www.chg.at\/en\/arbeitsrecht-fuer-arbeitgeber\/\" \/>\n<meta property=\"og:locale\" content=\"en_US\" \/>\n<meta property=\"og:type\" content=\"article\" \/>\n<meta property=\"og:title\" content=\"CHG\" \/>\n<meta property=\"og:description\" content=\"CHG\" \/>\n<meta property=\"og:url\" content=\"https:\/\/www.chg.at\/en\/arbeitsrecht-fuer-arbeitgeber\/\" \/>\n<meta property=\"og:site_name\" content=\"CHG Czernich Rechtsanw\u00e4lte \u2013 Wir bewegen Wirtschaft\" \/>\n<meta property=\"article:published_time\" content=\"2022-10-07T08:03:56+00:00\" \/>\n<meta property=\"article:modified_time\" content=\"2024-09-27T08:04:47+00:00\" \/>\n<meta property=\"og:image\" content=\"https:\/\/www.chg.at\/wp-content\/uploads\/2024\/09\/Screenshot-2024-09-27-100311.png\" \/>\n\t<meta property=\"og:image:width\" content=\"802\" \/>\n\t<meta property=\"og:image:height\" content=\"599\" \/>\n\t<meta property=\"og:image:type\" content=\"image\/png\" \/>\n<meta name=\"author\" content=\"Selina Reichholf\" \/>\n<meta name=\"twitter:card\" content=\"summary_large_image\" \/>\n<meta name=\"twitter:label1\" content=\"Written by\" \/>\n\t<meta name=\"twitter:data1\" content=\"Selina Reichholf\" \/>\n\t<meta name=\"twitter:label2\" content=\"Est. reading time\" \/>\n\t<meta name=\"twitter:data2\" content=\"1 minute\" \/>\n<script type=\"application\/ld+json\" class=\"yoast-schema-graph\">{\"@context\":\"https:\/\/schema.org\",\"@graph\":[{\"@type\":\"Article\",\"@id\":\"https:\/\/www.chg.at\/en\/arbeitsrecht-fuer-arbeitgeber\/#article\",\"isPartOf\":{\"@id\":\"https:\/\/www.chg.at\/en\/arbeitsrecht-fuer-arbeitgeber\/\"},\"author\":{\"name\":\"Selina Reichholf\",\"@id\":\"https:\/\/www.chg.at\/en\/#\/schema\/person\/1a03a341ca78135e646a1e10d229c9f5\"},\"headline\":\"Arbeitsrecht f\u00fcr Arbeitgeber\",\"datePublished\":\"2022-10-07T08:03:56+00:00\",\"dateModified\":\"2024-09-27T08:04:47+00:00\",\"mainEntityOfPage\":{\"@id\":\"https:\/\/www.chg.at\/en\/arbeitsrecht-fuer-arbeitgeber\/\"},\"wordCount\":348,\"publisher\":{\"@id\":\"https:\/\/www.chg.at\/en\/#organization\"},\"articleSection\":[\"CHG News\",\"Veranstaltung\"],\"inLanguage\":\"en-US\"},{\"@type\":\"WebPage\",\"@id\":\"https:\/\/www.chg.at\/en\/arbeitsrecht-fuer-arbeitgeber\/\",\"url\":\"https:\/\/www.chg.at\/en\/arbeitsrecht-fuer-arbeitgeber\/\",\"name\":\"Arbeitsrecht f\u00fcr Arbeitgeber &ndash; CHG Czernich Rechtsanw\u00e4lte \u2013 Wir bewegen Wirtschaft\",\"isPartOf\":{\"@id\":\"https:\/\/www.chg.at\/en\/#website\"},\"datePublished\":\"2022-10-07T08:03:56+00:00\",\"dateModified\":\"2024-09-27T08:04:47+00:00\",\"description\":\"Im Rahmen unserer Vortragsreihe Arbeitsrecht f\u00fcr Arbeitgeber fand am 6. Oktober 2022 eine Veranstaltung zum Thema Mitarbeiterbindung und Mitarbeitermotivation statt.\",\"breadcrumb\":{\"@id\":\"https:\/\/www.chg.at\/en\/arbeitsrecht-fuer-arbeitgeber\/#breadcrumb\"},\"inLanguage\":\"en-US\",\"potentialAction\":[{\"@type\":\"ReadAction\",\"target\":[\"https:\/\/www.chg.at\/en\/arbeitsrecht-fuer-arbeitgeber\/\"]}]},{\"@type\":\"BreadcrumbList\",\"@id\":\"https:\/\/www.chg.at\/en\/arbeitsrecht-fuer-arbeitgeber\/#breadcrumb\",\"itemListElement\":[{\"@type\":\"ListItem\",\"position\":1,\"name\":\"Startseite\",\"item\":\"https:\/\/www.chg.at\/en\/\"},{\"@type\":\"ListItem\",\"position\":2,\"name\":\"Arbeitsrecht f\u00fcr Arbeitgeber\"}]},{\"@type\":\"WebSite\",\"@id\":\"https:\/\/www.chg.at\/en\/#website\",\"url\":\"https:\/\/www.chg.at\/en\/\",\"name\":\"CHG Czernich Rechtsanw\u00e4lte \u2013 Wir bewegen Wirtschaft\",\"description\":\"Wir sorgen f\u00fcr Klarheit, wenn es rechtlich kompliziert wird. In jeder Phase Ihrer Unternehmungen. Sie ergreifen die Chancen. Wir verwandeln Risiken in L\u00f6sungen.\",\"publisher\":{\"@id\":\"https:\/\/www.chg.at\/en\/#organization\"},\"potentialAction\":[{\"@type\":\"SearchAction\",\"target\":{\"@type\":\"EntryPoint\",\"urlTemplate\":\"https:\/\/www.chg.at\/en\/?s={search_term_string}\"},\"query-input\":\"required name=search_term_string\"}],\"inLanguage\":\"en-US\"},{\"@type\":\"Organization\",\"@id\":\"https:\/\/www.chg.at\/en\/#organization\",\"name\":\"CHG Czernich Rechtsanw\u00e4lte\",\"url\":\"https:\/\/www.chg.at\/en\/\",\"sameAs\":[\"https:\/\/www.linkedin.com\/company\/12773263\/admin\/dashboard\/\"],\"logo\":{\"@type\":\"ImageObject\",\"inLanguage\":\"en-US\",\"@id\":\"https:\/\/www.chg.at\/en\/#\/schema\/logo\/image\/\",\"url\":\"https:\/\/www.chg.at\/wp-content\/uploads\/2016\/08\/CHG_logo_250_1.png\",\"contentUrl\":\"https:\/\/www.chg.at\/wp-content\/uploads\/2016\/08\/CHG_logo_250_1.png\",\"width\":250,\"height\":33,\"caption\":\"CHG Czernich Rechtsanw\u00e4lte\"},\"image\":{\"@id\":\"https:\/\/www.chg.at\/en\/#\/schema\/logo\/image\/\"}},{\"@type\":\"Person\",\"@id\":\"https:\/\/www.chg.at\/en\/#\/schema\/person\/1a03a341ca78135e646a1e10d229c9f5\",\"name\":\"Selina Reichholf\"}]}<\/script>\n<!-- \/ Yoast SEO plugin. -->","yoast_head_json":{"title":"Arbeitsrecht f\u00fcr Arbeitgeber &ndash; CHG Czernich Rechtsanw\u00e4lte \u2013 Wir bewegen Wirtschaft","description":"Im Rahmen unserer Vortragsreihe Arbeitsrecht f\u00fcr Arbeitgeber fand am 6. Oktober 2022 eine Veranstaltung zum Thema Mitarbeiterbindung und Mitarbeitermotivation statt.","robots":{"index":"index","follow":"follow","max-snippet":"max-snippet:-1","max-image-preview":"max-image-preview:large","max-video-preview":"max-video-preview:-1"},"canonical":"https:\/\/www.chg.at\/en\/arbeitsrecht-fuer-arbeitgeber\/","og_locale":"en_US","og_type":"article","og_title":"CHG","og_description":"CHG","og_url":"https:\/\/www.chg.at\/en\/arbeitsrecht-fuer-arbeitgeber\/","og_site_name":"CHG Czernich Rechtsanw\u00e4lte \u2013 Wir bewegen Wirtschaft","article_published_time":"2022-10-07T08:03:56+00:00","article_modified_time":"2024-09-27T08:04:47+00:00","og_image":[{"width":802,"height":599,"url":"https:\/\/www.chg.at\/wp-content\/uploads\/2024\/09\/Screenshot-2024-09-27-100311.png","type":"image\/png"}],"author":"Selina Reichholf","twitter_card":"summary_large_image","twitter_misc":{"Written by":"Selina Reichholf","Est. reading time":"1 minute"},"schema":{"@context":"https:\/\/schema.org","@graph":[{"@type":"Article","@id":"https:\/\/www.chg.at\/en\/arbeitsrecht-fuer-arbeitgeber\/#article","isPartOf":{"@id":"https:\/\/www.chg.at\/en\/arbeitsrecht-fuer-arbeitgeber\/"},"author":{"name":"Selina Reichholf","@id":"https:\/\/www.chg.at\/en\/#\/schema\/person\/1a03a341ca78135e646a1e10d229c9f5"},"headline":"Arbeitsrecht f\u00fcr Arbeitgeber","datePublished":"2022-10-07T08:03:56+00:00","dateModified":"2024-09-27T08:04:47+00:00","mainEntityOfPage":{"@id":"https:\/\/www.chg.at\/en\/arbeitsrecht-fuer-arbeitgeber\/"},"wordCount":348,"publisher":{"@id":"https:\/\/www.chg.at\/en\/#organization"},"articleSection":["CHG News","Veranstaltung"],"inLanguage":"en-US"},{"@type":"WebPage","@id":"https:\/\/www.chg.at\/en\/arbeitsrecht-fuer-arbeitgeber\/","url":"https:\/\/www.chg.at\/en\/arbeitsrecht-fuer-arbeitgeber\/","name":"Arbeitsrecht f\u00fcr Arbeitgeber &ndash; CHG Czernich Rechtsanw\u00e4lte \u2013 Wir bewegen Wirtschaft","isPartOf":{"@id":"https:\/\/www.chg.at\/en\/#website"},"datePublished":"2022-10-07T08:03:56+00:00","dateModified":"2024-09-27T08:04:47+00:00","description":"Im Rahmen unserer Vortragsreihe Arbeitsrecht f\u00fcr Arbeitgeber fand am 6. Oktober 2022 eine Veranstaltung zum Thema Mitarbeiterbindung und Mitarbeitermotivation statt.","breadcrumb":{"@id":"https:\/\/www.chg.at\/en\/arbeitsrecht-fuer-arbeitgeber\/#breadcrumb"},"inLanguage":"en-US","potentialAction":[{"@type":"ReadAction","target":["https:\/\/www.chg.at\/en\/arbeitsrecht-fuer-arbeitgeber\/"]}]},{"@type":"BreadcrumbList","@id":"https:\/\/www.chg.at\/en\/arbeitsrecht-fuer-arbeitgeber\/#breadcrumb","itemListElement":[{"@type":"ListItem","position":1,"name":"Startseite","item":"https:\/\/www.chg.at\/en\/"},{"@type":"ListItem","position":2,"name":"Arbeitsrecht f\u00fcr Arbeitgeber"}]},{"@type":"WebSite","@id":"https:\/\/www.chg.at\/en\/#website","url":"https:\/\/www.chg.at\/en\/","name":"CHG Czernich Rechtsanw\u00e4lte \u2013 Wir bewegen Wirtschaft","description":"Wir sorgen f\u00fcr Klarheit, wenn es rechtlich kompliziert wird. In jeder Phase Ihrer Unternehmungen. Sie ergreifen die Chancen. Wir verwandeln Risiken in L\u00f6sungen.","publisher":{"@id":"https:\/\/www.chg.at\/en\/#organization"},"potentialAction":[{"@type":"SearchAction","target":{"@type":"EntryPoint","urlTemplate":"https:\/\/www.chg.at\/en\/?s={search_term_string}"},"query-input":"required name=search_term_string"}],"inLanguage":"en-US"},{"@type":"Organization","@id":"https:\/\/www.chg.at\/en\/#organization","name":"CHG Czernich Rechtsanw\u00e4lte","url":"https:\/\/www.chg.at\/en\/","sameAs":["https:\/\/www.linkedin.com\/company\/12773263\/admin\/dashboard\/"],"logo":{"@type":"ImageObject","inLanguage":"en-US","@id":"https:\/\/www.chg.at\/en\/#\/schema\/logo\/image\/","url":"https:\/\/www.chg.at\/wp-content\/uploads\/2016\/08\/CHG_logo_250_1.png","contentUrl":"https:\/\/www.chg.at\/wp-content\/uploads\/2016\/08\/CHG_logo_250_1.png","width":250,"height":33,"caption":"CHG Czernich Rechtsanw\u00e4lte"},"image":{"@id":"https:\/\/www.chg.at\/en\/#\/schema\/logo\/image\/"}},{"@type":"Person","@id":"https:\/\/www.chg.at\/en\/#\/schema\/person\/1a03a341ca78135e646a1e10d229c9f5","name":"Selina Reichholf"}]}},"_links":{"self":[{"href":"https:\/\/www.chg.at\/en\/wp-json\/wp\/v2\/posts\/25791"}],"collection":[{"href":"https:\/\/www.chg.at\/en\/wp-json\/wp\/v2\/posts"}],"about":[{"href":"https:\/\/www.chg.at\/en\/wp-json\/wp\/v2\/types\/post"}],"author":[{"embeddable":true,"href":"https:\/\/www.chg.at\/en\/wp-json\/wp\/v2\/users\/16"}],"replies":[{"embeddable":true,"href":"https:\/\/www.chg.at\/en\/wp-json\/wp\/v2\/comments?post=25791"}],"version-history":[{"count":1,"href":"https:\/\/www.chg.at\/en\/wp-json\/wp\/v2\/posts\/25791\/revisions"}],"predecessor-version":[{"id":25794,"href":"https:\/\/www.chg.at\/en\/wp-json\/wp\/v2\/posts\/25791\/revisions\/25794"}],"wp:featuredmedia":[{"embeddable":true,"href":"https:\/\/www.chg.at\/en\/wp-json\/wp\/v2\/media\/25792"}],"wp:attachment":[{"href":"https:\/\/www.chg.at\/en\/wp-json\/wp\/v2\/media?parent=25791"}],"wp:term":[{"taxonomy":"category","embeddable":true,"href":"https:\/\/www.chg.at\/en\/wp-json\/wp\/v2\/categories?post=25791"},{"taxonomy":"post_tag","embeddable":true,"href":"https:\/\/www.chg.at\/en\/wp-json\/wp\/v2\/tags?post=25791"}],"curies":[{"name":"wp","href":"https:\/\/api.w.org\/{rel}","templated":true}]}}