{"id":25824,"date":"2024-10-07T09:25:27","date_gmt":"2024-10-07T07:25:27","guid":{"rendered":"https:\/\/www.chg.at\/?p=25824"},"modified":"2025-09-01T17:52:11","modified_gmt":"2025-09-01T15:52:11","slug":"einheimischentarife-aus-rechtlicher-sicht","status":"publish","type":"post","link":"https:\/\/www.chg.at\/en\/einheimischentarife-aus-rechtlicher-sicht\/","title":{"rendered":"Einheimischentarife aus rechtlicher Sicht"},"content":{"rendered":"<style type=\"text\/css\"> \n#cmsmasters_row_69ed9b67cae3c3_50401371 .cmsmasters_row_outer_parent { \n\tpadding-top: 30px; \n} \n\n#cmsmasters_row_69ed9b67cae3c3_50401371 .cmsmasters_row_outer_parent { \n\tpadding-bottom: 30px; \n} \n\n \n#cmsmasters_divider_69ed9b67cafe97_72300876 { \n\tborder-bottom-width:1px; \n\tborder-bottom-style:solid; \n\tpadding-top:50px; \n\tmargin-bottom:50px; \n} \n \n#cmsmasters_row_69ed9b67cb0295_87275484 .cmsmasters_row_outer_parent { \n\tpadding-top: 0px; \n} \n\n#cmsmasters_row_69ed9b67cb0295_87275484 .cmsmasters_row_outer_parent { \n\tpadding-bottom: 50px; \n} \n\n\n#cmsmasters_button_69ed9b67cb1173_14984968 { \n\ttext-align:center; \n} \n\n#cmsmasters_button_69ed9b67cb1173_14984968 .cmsmasters_button:before { \n\tmargin-right:.5em; \n\tmargin-left:0; \n\tvertical-align:baseline; \n} \n\n#cmsmasters_button_69ed9b67cb1173_14984968 .cmsmasters_button { \n\tfont-weight:normal; \n\tfont-style:normal; \n\tborder-style:solid; \n} \n#cmsmasters_button_69ed9b67cb1173_14984968 .cmsmasters_button:hover { \n} \n<\/style><div id=\"cmsmasters_row_69ed9b67cae3c3_50401371\" class=\"cmsmasters_row cmsmasters_color_scheme_default cmsmasters_row_top_default cmsmasters_row_bot_default cmsmasters_row_boxed\">\n<div class=\"cmsmasters_row_outer_parent\">\n<div class=\"cmsmasters_row_outer\">\n<div class=\"cmsmasters_row_inner\">\n<div class=\"cmsmasters_row_margin\">\n<div class=\"cmsmasters_column one_first\">\n<div class=\"cmsmasters_text\">\n<h1><span lang=\"DE\" style=\"color: #d43555;\">Gro\u00dfer Andrang bei der Veranstaltung &#8220;Einhemischentarife aus rechtlicher Sicht&#8221;\u00a0<\/span><\/h1>\n<p>Von Schwimmb\u00e4dern \u00fcber Museen bis hin zu Skiliften und sonstiger Sport- und Freizeitinfrastruktur: in vielen Bereichen finden sich Verg\u00fcnstigungen f\u00fcr Einheimische. Aufgrund der aktuellen Diskussion zu diesem Thema stellten <a href=\"https:\/\/www.chg.at\/profile\/arnold-autengruber\/\">Arnold Autengruber<\/a> und <a href=\"https:\/\/www.chg.at\/profile\/guenther-gast\/\">G\u00fcnther Gast<\/a> die rechtlichen Rahmenbedingungen von den europarechtlichen Grundlagen wie den Grundfreiheiten, der Dienstleistungsrichtlinie und der Geoblocking-Verordnung bis hin zu den nationalen Gesetzen (insbesondere das Dienstleistungsgesetz, aber auch das Gleichbehandlungsgesetz und das UWG) dar.<\/p>\n<p>Wir freuen uns \u00fcber die zahlreiche Teilnahme und die anregenden Diskussionen mit allen Beteiligten.<\/p>\n<p>Lesen Sie in dem Artikel &#8220;Rettung der Einheimischen-Tarife \u00fcber Vereine? F\u00fcr Innsbrucker Anw\u00e4lte der einzige Weg&#8221; der Tiroler Tagezeitung mehr \u00fcber unsere Diskussion.<\/p>\n<h1 data-cy=\"headline\"><\/h1>\n<\/div>\n\n<div id=\"cmsmasters_divider_69ed9b67cafe97_72300876\" class=\"cmsmasters_divider cmsmasters_divider_width_long cmsmasters_divider_pos_center\"><\/div>\n<\/div>\n<\/div>\n<\/div>\n<\/div>\n<\/div>\n<\/div>\n<div id=\"cmsmasters_row_69ed9b67cb0295_87275484\" class=\"cmsmasters_row cmsmasters_color_scheme_default cmsmasters_row_top_default cmsmasters_row_bot_default cmsmasters_row_boxed\">\n<div class=\"cmsmasters_row_outer_parent\">\n<div class=\"cmsmasters_row_outer\">\n<div class=\"cmsmasters_row_inner\">\n<div class=\"cmsmasters_row_margin\">\n<div class=\"cmsmasters_column one_half\">\n\n<div id=\"cmsmasters_button_69ed9b67cb1173_14984968\" class=\"button_wrap\"><a href=\"https:\/\/www.tt.com\/artikel\/30892960\/rettung-der-einheimischen-tarife-ueber-vereine-fuer-innsbrucker-anwaelte-der-einzige-weg\" class=\"ripple cmsmasters_button\"><span>Hier kommen Sie zu dem News-Artikel<\/span><\/a><\/div>\n<\/div>\n<div class=\"cmsmasters_column one_half\">\n<\/div>\n<\/div>\n<\/div>\n<\/div>\n<\/div>\n<\/div>\n\n","protected":false},"excerpt":{"rendered":"<p>Von erm\u00e4\u00dfigten Eintritten in Schwimmb\u00e4der und Museen bis hin zu verg\u00fcnstigten Skip\u00e4ssen \u2013 Einheimische profitieren in vielen Bereichen von Verg\u00fcnstigungen. Am 01.10.2024 widmeten sich daher Arnold Autengruber und G\u00fcnther Gast in einem Impulsvortrag den rechtlichen Herausforderungen in Zusammenhang mit Einheimischentarifen.<\/p>\n","protected":false},"author":16,"featured_media":25827,"comment_status":"closed","ping_status":"open","sticky":false,"template":"","format":"image","meta":{"inline_featured_image":false},"categories":[8,9,33],"tags":[],"yoast_head":"<!-- This site is optimized with the Yoast SEO plugin v19.8 - https:\/\/yoast.com\/wordpress\/plugins\/seo\/ -->\n<title>Einheimischentarife aus rechtlicher Sicht - CHG Czernich Rechtsanw\u00e4lte \u2013 Wir bewegen Wirtschaft<\/title>\n<meta name=\"description\" content=\"Am 01.10.2024 widmeten sich CHG- Anw\u00e4lte Arnold Autengruber und G\u00fcnther Gast in einem Impulsvortrag den rechtlichen Herausforderungen in Zusammenhang mit Einheimischentarifen.\" \/>\n<meta name=\"robots\" content=\"index, follow, max-snippet:-1, max-image-preview:large, max-video-preview:-1\" \/>\n<link rel=\"canonical\" href=\"https:\/\/www.chg.at\/en\/einheimischentarife-aus-rechtlicher-sicht\/\" \/>\n<meta property=\"og:locale\" content=\"en_US\" \/>\n<meta property=\"og:type\" content=\"article\" \/>\n<meta property=\"og:title\" content=\"CHG\" \/>\n<meta property=\"og:description\" content=\"CHG\" \/>\n<meta property=\"og:url\" content=\"https:\/\/www.chg.at\/en\/einheimischentarife-aus-rechtlicher-sicht\/\" \/>\n<meta property=\"og:site_name\" content=\"CHG Czernich Rechtsanw\u00e4lte \u2013 Wir bewegen Wirtschaft\" \/>\n<meta property=\"article:published_time\" content=\"2024-10-07T07:25:27+00:00\" \/>\n<meta property=\"article:modified_time\" content=\"2025-09-01T15:52:11+00:00\" \/>\n<meta property=\"og:image\" content=\"https:\/\/www.chg.at\/wp-content\/uploads\/2024\/10\/1727882619672-1-1-e1728284597144.jpg\" \/>\n\t<meta property=\"og:image:width\" content=\"2016\" \/>\n\t<meta property=\"og:image:height\" content=\"1093\" \/>\n\t<meta property=\"og:image:type\" content=\"image\/jpeg\" \/>\n<meta name=\"author\" content=\"Selina Reichholf\" \/>\n<meta name=\"twitter:card\" content=\"summary_large_image\" \/>\n<meta name=\"twitter:label1\" content=\"Written by\" \/>\n\t<meta name=\"twitter:data1\" content=\"Selina Reichholf\" \/>\n\t<meta name=\"twitter:label2\" content=\"Est. reading time\" \/>\n\t<meta name=\"twitter:data2\" content=\"1 minute\" \/>\n<script type=\"application\/ld+json\" class=\"yoast-schema-graph\">{\"@context\":\"https:\/\/schema.org\",\"@graph\":[{\"@type\":\"Article\",\"@id\":\"https:\/\/www.chg.at\/en\/einheimischentarife-aus-rechtlicher-sicht\/#article\",\"isPartOf\":{\"@id\":\"https:\/\/www.chg.at\/en\/einheimischentarife-aus-rechtlicher-sicht\/\"},\"author\":{\"name\":\"Selina Reichholf\",\"@id\":\"https:\/\/www.chg.at\/en\/#\/schema\/person\/1a03a341ca78135e646a1e10d229c9f5\"},\"headline\":\"Einheimischentarife aus rechtlicher Sicht\",\"datePublished\":\"2024-10-07T07:25:27+00:00\",\"dateModified\":\"2025-09-01T15:52:11+00:00\",\"mainEntityOfPage\":{\"@id\":\"https:\/\/www.chg.at\/en\/einheimischentarife-aus-rechtlicher-sicht\/\"},\"wordCount\":276,\"publisher\":{\"@id\":\"https:\/\/www.chg.at\/en\/#organization\"},\"articleSection\":[\"CHG News\",\"Kanzlei\",\"Veranstaltung\"],\"inLanguage\":\"en-US\"},{\"@type\":\"WebPage\",\"@id\":\"https:\/\/www.chg.at\/en\/einheimischentarife-aus-rechtlicher-sicht\/\",\"url\":\"https:\/\/www.chg.at\/en\/einheimischentarife-aus-rechtlicher-sicht\/\",\"name\":\"Einheimischentarife aus rechtlicher Sicht - CHG Czernich Rechtsanw\u00e4lte \u2013 Wir bewegen Wirtschaft\",\"isPartOf\":{\"@id\":\"https:\/\/www.chg.at\/en\/#website\"},\"datePublished\":\"2024-10-07T07:25:27+00:00\",\"dateModified\":\"2025-09-01T15:52:11+00:00\",\"description\":\"Am 01.10.2024 widmeten sich CHG- Anw\u00e4lte Arnold Autengruber und G\u00fcnther Gast in einem Impulsvortrag den rechtlichen Herausforderungen in Zusammenhang mit Einheimischentarifen.\",\"breadcrumb\":{\"@id\":\"https:\/\/www.chg.at\/en\/einheimischentarife-aus-rechtlicher-sicht\/#breadcrumb\"},\"inLanguage\":\"en-US\",\"potentialAction\":[{\"@type\":\"ReadAction\",\"target\":[\"https:\/\/www.chg.at\/en\/einheimischentarife-aus-rechtlicher-sicht\/\"]}]},{\"@type\":\"BreadcrumbList\",\"@id\":\"https:\/\/www.chg.at\/en\/einheimischentarife-aus-rechtlicher-sicht\/#breadcrumb\",\"itemListElement\":[{\"@type\":\"ListItem\",\"position\":1,\"name\":\"Startseite\",\"item\":\"https:\/\/www.chg.at\/en\/\"},{\"@type\":\"ListItem\",\"position\":2,\"name\":\"Einheimischentarife aus rechtlicher Sicht\"}]},{\"@type\":\"WebSite\",\"@id\":\"https:\/\/www.chg.at\/en\/#website\",\"url\":\"https:\/\/www.chg.at\/en\/\",\"name\":\"CHG Czernich Rechtsanw\u00e4lte \u2013 Wir bewegen Wirtschaft\",\"description\":\"Wir sorgen f\u00fcr Klarheit, wenn es rechtlich kompliziert wird. In jeder Phase Ihrer Unternehmungen. Sie ergreifen die Chancen. Wir verwandeln Risiken in L\u00f6sungen.\",\"publisher\":{\"@id\":\"https:\/\/www.chg.at\/en\/#organization\"},\"potentialAction\":[{\"@type\":\"SearchAction\",\"target\":{\"@type\":\"EntryPoint\",\"urlTemplate\":\"https:\/\/www.chg.at\/en\/?s={search_term_string}\"},\"query-input\":\"required name=search_term_string\"}],\"inLanguage\":\"en-US\"},{\"@type\":\"Organization\",\"@id\":\"https:\/\/www.chg.at\/en\/#organization\",\"name\":\"CHG Czernich Rechtsanw\u00e4lte\",\"url\":\"https:\/\/www.chg.at\/en\/\",\"sameAs\":[\"https:\/\/www.linkedin.com\/company\/12773263\/admin\/dashboard\/\"],\"logo\":{\"@type\":\"ImageObject\",\"inLanguage\":\"en-US\",\"@id\":\"https:\/\/www.chg.at\/en\/#\/schema\/logo\/image\/\",\"url\":\"https:\/\/www.chg.at\/wp-content\/uploads\/2016\/08\/CHG_logo_250_1.png\",\"contentUrl\":\"https:\/\/www.chg.at\/wp-content\/uploads\/2016\/08\/CHG_logo_250_1.png\",\"width\":250,\"height\":33,\"caption\":\"CHG Czernich Rechtsanw\u00e4lte\"},\"image\":{\"@id\":\"https:\/\/www.chg.at\/en\/#\/schema\/logo\/image\/\"}},{\"@type\":\"Person\",\"@id\":\"https:\/\/www.chg.at\/en\/#\/schema\/person\/1a03a341ca78135e646a1e10d229c9f5\",\"name\":\"Selina Reichholf\"}]}<\/script>\n<!-- \/ Yoast SEO plugin. -->","yoast_head_json":{"title":"Einheimischentarife aus rechtlicher Sicht - CHG Czernich Rechtsanw\u00e4lte \u2013 Wir bewegen Wirtschaft","description":"Am 01.10.2024 widmeten sich CHG- Anw\u00e4lte Arnold Autengruber und G\u00fcnther Gast in einem Impulsvortrag den rechtlichen Herausforderungen in Zusammenhang mit Einheimischentarifen.","robots":{"index":"index","follow":"follow","max-snippet":"max-snippet:-1","max-image-preview":"max-image-preview:large","max-video-preview":"max-video-preview:-1"},"canonical":"https:\/\/www.chg.at\/en\/einheimischentarife-aus-rechtlicher-sicht\/","og_locale":"en_US","og_type":"article","og_title":"CHG","og_description":"CHG","og_url":"https:\/\/www.chg.at\/en\/einheimischentarife-aus-rechtlicher-sicht\/","og_site_name":"CHG Czernich Rechtsanw\u00e4lte \u2013 Wir bewegen Wirtschaft","article_published_time":"2024-10-07T07:25:27+00:00","article_modified_time":"2025-09-01T15:52:11+00:00","og_image":[{"width":2016,"height":1093,"url":"https:\/\/www.chg.at\/wp-content\/uploads\/2024\/10\/1727882619672-1-1-e1728284597144.jpg","type":"image\/jpeg"}],"author":"Selina Reichholf","twitter_card":"summary_large_image","twitter_misc":{"Written by":"Selina Reichholf","Est. reading time":"1 minute"},"schema":{"@context":"https:\/\/schema.org","@graph":[{"@type":"Article","@id":"https:\/\/www.chg.at\/en\/einheimischentarife-aus-rechtlicher-sicht\/#article","isPartOf":{"@id":"https:\/\/www.chg.at\/en\/einheimischentarife-aus-rechtlicher-sicht\/"},"author":{"name":"Selina Reichholf","@id":"https:\/\/www.chg.at\/en\/#\/schema\/person\/1a03a341ca78135e646a1e10d229c9f5"},"headline":"Einheimischentarife aus rechtlicher Sicht","datePublished":"2024-10-07T07:25:27+00:00","dateModified":"2025-09-01T15:52:11+00:00","mainEntityOfPage":{"@id":"https:\/\/www.chg.at\/en\/einheimischentarife-aus-rechtlicher-sicht\/"},"wordCount":276,"publisher":{"@id":"https:\/\/www.chg.at\/en\/#organization"},"articleSection":["CHG News","Kanzlei","Veranstaltung"],"inLanguage":"en-US"},{"@type":"WebPage","@id":"https:\/\/www.chg.at\/en\/einheimischentarife-aus-rechtlicher-sicht\/","url":"https:\/\/www.chg.at\/en\/einheimischentarife-aus-rechtlicher-sicht\/","name":"Einheimischentarife aus rechtlicher Sicht - CHG Czernich Rechtsanw\u00e4lte \u2013 Wir bewegen Wirtschaft","isPartOf":{"@id":"https:\/\/www.chg.at\/en\/#website"},"datePublished":"2024-10-07T07:25:27+00:00","dateModified":"2025-09-01T15:52:11+00:00","description":"Am 01.10.2024 widmeten sich CHG- Anw\u00e4lte Arnold Autengruber und G\u00fcnther Gast in einem Impulsvortrag den rechtlichen Herausforderungen in Zusammenhang mit Einheimischentarifen.","breadcrumb":{"@id":"https:\/\/www.chg.at\/en\/einheimischentarife-aus-rechtlicher-sicht\/#breadcrumb"},"inLanguage":"en-US","potentialAction":[{"@type":"ReadAction","target":["https:\/\/www.chg.at\/en\/einheimischentarife-aus-rechtlicher-sicht\/"]}]},{"@type":"BreadcrumbList","@id":"https:\/\/www.chg.at\/en\/einheimischentarife-aus-rechtlicher-sicht\/#breadcrumb","itemListElement":[{"@type":"ListItem","position":1,"name":"Startseite","item":"https:\/\/www.chg.at\/en\/"},{"@type":"ListItem","position":2,"name":"Einheimischentarife aus rechtlicher Sicht"}]},{"@type":"WebSite","@id":"https:\/\/www.chg.at\/en\/#website","url":"https:\/\/www.chg.at\/en\/","name":"CHG Czernich Rechtsanw\u00e4lte \u2013 Wir bewegen Wirtschaft","description":"Wir sorgen f\u00fcr Klarheit, wenn es rechtlich kompliziert wird. In jeder Phase Ihrer Unternehmungen. Sie ergreifen die Chancen. Wir verwandeln Risiken in L\u00f6sungen.","publisher":{"@id":"https:\/\/www.chg.at\/en\/#organization"},"potentialAction":[{"@type":"SearchAction","target":{"@type":"EntryPoint","urlTemplate":"https:\/\/www.chg.at\/en\/?s={search_term_string}"},"query-input":"required name=search_term_string"}],"inLanguage":"en-US"},{"@type":"Organization","@id":"https:\/\/www.chg.at\/en\/#organization","name":"CHG Czernich Rechtsanw\u00e4lte","url":"https:\/\/www.chg.at\/en\/","sameAs":["https:\/\/www.linkedin.com\/company\/12773263\/admin\/dashboard\/"],"logo":{"@type":"ImageObject","inLanguage":"en-US","@id":"https:\/\/www.chg.at\/en\/#\/schema\/logo\/image\/","url":"https:\/\/www.chg.at\/wp-content\/uploads\/2016\/08\/CHG_logo_250_1.png","contentUrl":"https:\/\/www.chg.at\/wp-content\/uploads\/2016\/08\/CHG_logo_250_1.png","width":250,"height":33,"caption":"CHG Czernich Rechtsanw\u00e4lte"},"image":{"@id":"https:\/\/www.chg.at\/en\/#\/schema\/logo\/image\/"}},{"@type":"Person","@id":"https:\/\/www.chg.at\/en\/#\/schema\/person\/1a03a341ca78135e646a1e10d229c9f5","name":"Selina Reichholf"}]}},"_links":{"self":[{"href":"https:\/\/www.chg.at\/en\/wp-json\/wp\/v2\/posts\/25824"}],"collection":[{"href":"https:\/\/www.chg.at\/en\/wp-json\/wp\/v2\/posts"}],"about":[{"href":"https:\/\/www.chg.at\/en\/wp-json\/wp\/v2\/types\/post"}],"author":[{"embeddable":true,"href":"https:\/\/www.chg.at\/en\/wp-json\/wp\/v2\/users\/16"}],"replies":[{"embeddable":true,"href":"https:\/\/www.chg.at\/en\/wp-json\/wp\/v2\/comments?post=25824"}],"version-history":[{"count":9,"href":"https:\/\/www.chg.at\/en\/wp-json\/wp\/v2\/posts\/25824\/revisions"}],"predecessor-version":[{"id":27175,"href":"https:\/\/www.chg.at\/en\/wp-json\/wp\/v2\/posts\/25824\/revisions\/27175"}],"wp:featuredmedia":[{"embeddable":true,"href":"https:\/\/www.chg.at\/en\/wp-json\/wp\/v2\/media\/25827"}],"wp:attachment":[{"href":"https:\/\/www.chg.at\/en\/wp-json\/wp\/v2\/media?parent=25824"}],"wp:term":[{"taxonomy":"category","embeddable":true,"href":"https:\/\/www.chg.at\/en\/wp-json\/wp\/v2\/categories?post=25824"},{"taxonomy":"post_tag","embeddable":true,"href":"https:\/\/www.chg.at\/en\/wp-json\/wp\/v2\/tags?post=25824"}],"curies":[{"name":"wp","href":"https:\/\/api.w.org\/{rel}","templated":true}]}}