{"id":25858,"date":"2024-10-21T08:31:32","date_gmt":"2024-10-21T06:31:32","guid":{"rendered":"https:\/\/www.chg.at\/?p=25858"},"modified":"2024-10-21T08:31:32","modified_gmt":"2024-10-21T06:31:32","slug":"empfang-der-rechtsreferendare-des-landgerichtes-ellwangen","status":"publish","type":"post","link":"https:\/\/www.chg.at\/en\/empfang-der-rechtsreferendare-des-landgerichtes-ellwangen\/","title":{"rendered":"Empfang der Rechtsreferendare des Landgerichtes Ellwangen"},"content":{"rendered":"<style type=\"text\/css\"> \n#cmsmasters_row_69f1ab747a0ef2_94495520 .cmsmasters_row_outer_parent { \n\tpadding-top: 30px; \n} \n\n#cmsmasters_row_69f1ab747a0ef2_94495520 .cmsmasters_row_outer_parent { \n\tpadding-bottom: 30px; \n} \n\n<\/style><div id=\"cmsmasters_row_69f1ab747a0ef2_94495520\" class=\"cmsmasters_row cmsmasters_color_scheme_default cmsmasters_row_top_default cmsmasters_row_bot_default cmsmasters_row_boxed\">\n<div class=\"cmsmasters_row_outer_parent\">\n<div class=\"cmsmasters_row_outer\">\n<div class=\"cmsmasters_row_inner\">\n<div class=\"cmsmasters_row_margin\">\n<div class=\"cmsmasters_column one_first\">\n<div class=\"cmsmasters_text\">\n<h1><span lang=\"DE\" style=\"color: #d43555;\">Empfang der Rechtsreferendare des Landgerichtes Ellwangen<\/span><\/h1>\n<p>Am 17.10.2024 empfingen <a href=\"https:\/\/www.chg.at\/profile\/dietmar-czernich\/\">Dietmar Czernich<\/a>, Honorarkonsul der Bundesrepublik Deutschland, und <a href=\"https:\/\/www.chg.at\/profile\/daniel-tamerl\/\">Daniel Tamerl<\/a> eine zehnk\u00f6pfige Abordnung von Rechtsreferendaren des Landgerichtes Ellwangen, die sich auf einer Studienreise in \u00d6sterreich befanden. Unsere G\u00e4ste besuchten uns im CHG Meeting Center, wo wir ihnen einen kleinen Einblick in die Arbeit als Rechtsanw\u00e4lt:in in \u00d6sterreich gaben. Dabei tauschten wir uns insbesondere \u00fcber die Organisation einer Kanzlei mit Standorten in verschiedenen L\u00e4ndern, den Umgang mit grenz\u00fcberschreitenden Sachverhalten, den Unterschieden in den Rechtsordnungen von \u00d6sterreich und Deutschland sowie \u00fcber die T\u00e4tigkeit als Honorarkonsul der Bundesrepublik Deutschland aus.<\/p>\n<p>Herzlichen Dank f\u00fcr den Besuch und den spannenden Austausch und weiterhin alles Gute im Rechtsreferendariat!<\/p>\n<\/div>\n<\/div>\n<\/div>\n<\/div>\n<\/div>\n<\/div>\n<\/div>\n\n","protected":false},"excerpt":{"rendered":"<p>Wir freuen uns, dass die Rechtsreferendare des Landesgericht Ellwangen einen Stopp Ihrer Studienreise bei uns im CHG Meeting Center gemacht haben.<\/p>\n","protected":false},"author":16,"featured_media":25860,"comment_status":"closed","ping_status":"open","sticky":false,"template":"","format":"image","meta":{"inline_featured_image":false},"categories":[8,9],"tags":[],"yoast_head":"<!-- This site is optimized with the Yoast SEO plugin v19.8 - https:\/\/yoast.com\/wordpress\/plugins\/seo\/ -->\n<title>Empfang der Rechtsreferendare des Landgerichtes Ellwangen<\/title>\n<meta name=\"description\" content=\"Wir freuen uns, dass die Rechtsreferendare des Landesgericht Ellwangen einen Stopp Ihrer Studienreise bei uns im CHG Meeting Center gemacht haben.\" \/>\n<meta name=\"robots\" content=\"index, follow, max-snippet:-1, max-image-preview:large, max-video-preview:-1\" \/>\n<link rel=\"canonical\" href=\"https:\/\/www.chg.at\/en\/empfang-der-rechtsreferendare-des-landgerichtes-ellwangen\/\" \/>\n<meta property=\"og:locale\" content=\"en_US\" \/>\n<meta property=\"og:type\" content=\"article\" \/>\n<meta property=\"og:title\" content=\"CHG\" \/>\n<meta property=\"og:description\" content=\"CHG\" \/>\n<meta property=\"og:url\" content=\"https:\/\/www.chg.at\/en\/empfang-der-rechtsreferendare-des-landgerichtes-ellwangen\/\" \/>\n<meta property=\"og:site_name\" content=\"CHG Czernich Rechtsanw\u00e4lte \u2013 Wir bewegen Wirtschaft\" \/>\n<meta property=\"article:published_time\" content=\"2024-10-21T06:31:32+00:00\" \/>\n<meta property=\"og:image\" content=\"https:\/\/www.chg.at\/wp-content\/uploads\/2024\/10\/Empfang-Ellwang-scaled-e1729491981276.jpg\" \/>\n\t<meta property=\"og:image:width\" content=\"1920\" \/>\n\t<meta property=\"og:image:height\" content=\"998\" \/>\n\t<meta property=\"og:image:type\" content=\"image\/jpeg\" \/>\n<meta name=\"author\" content=\"Selina Reichholf\" \/>\n<meta name=\"twitter:card\" content=\"summary_large_image\" \/>\n<meta name=\"twitter:label1\" content=\"Written by\" \/>\n\t<meta name=\"twitter:data1\" content=\"Selina Reichholf\" \/>\n\t<meta name=\"twitter:label2\" content=\"Est. reading time\" \/>\n\t<meta name=\"twitter:data2\" content=\"1 minute\" \/>\n<script type=\"application\/ld+json\" class=\"yoast-schema-graph\">{\"@context\":\"https:\/\/schema.org\",\"@graph\":[{\"@type\":\"Article\",\"@id\":\"https:\/\/www.chg.at\/en\/empfang-der-rechtsreferendare-des-landgerichtes-ellwangen\/#article\",\"isPartOf\":{\"@id\":\"https:\/\/www.chg.at\/en\/empfang-der-rechtsreferendare-des-landgerichtes-ellwangen\/\"},\"author\":{\"name\":\"Selina Reichholf\",\"@id\":\"https:\/\/www.chg.at\/en\/#\/schema\/person\/1a03a341ca78135e646a1e10d229c9f5\"},\"headline\":\"Empfang der Rechtsreferendare des Landgerichtes Ellwangen\",\"datePublished\":\"2024-10-21T06:31:32+00:00\",\"dateModified\":\"2024-10-21T06:31:32+00:00\",\"mainEntityOfPage\":{\"@id\":\"https:\/\/www.chg.at\/en\/empfang-der-rechtsreferendare-des-landgerichtes-ellwangen\/\"},\"wordCount\":159,\"publisher\":{\"@id\":\"https:\/\/www.chg.at\/en\/#organization\"},\"articleSection\":[\"CHG News\",\"Kanzlei\"],\"inLanguage\":\"en-US\"},{\"@type\":\"WebPage\",\"@id\":\"https:\/\/www.chg.at\/en\/empfang-der-rechtsreferendare-des-landgerichtes-ellwangen\/\",\"url\":\"https:\/\/www.chg.at\/en\/empfang-der-rechtsreferendare-des-landgerichtes-ellwangen\/\",\"name\":\"Empfang der Rechtsreferendare des Landgerichtes Ellwangen\",\"isPartOf\":{\"@id\":\"https:\/\/www.chg.at\/en\/#website\"},\"datePublished\":\"2024-10-21T06:31:32+00:00\",\"dateModified\":\"2024-10-21T06:31:32+00:00\",\"description\":\"Wir freuen uns, dass die Rechtsreferendare des Landesgericht Ellwangen einen Stopp Ihrer Studienreise bei uns im CHG Meeting Center gemacht haben.\",\"breadcrumb\":{\"@id\":\"https:\/\/www.chg.at\/en\/empfang-der-rechtsreferendare-des-landgerichtes-ellwangen\/#breadcrumb\"},\"inLanguage\":\"en-US\",\"potentialAction\":[{\"@type\":\"ReadAction\",\"target\":[\"https:\/\/www.chg.at\/en\/empfang-der-rechtsreferendare-des-landgerichtes-ellwangen\/\"]}]},{\"@type\":\"BreadcrumbList\",\"@id\":\"https:\/\/www.chg.at\/en\/empfang-der-rechtsreferendare-des-landgerichtes-ellwangen\/#breadcrumb\",\"itemListElement\":[{\"@type\":\"ListItem\",\"position\":1,\"name\":\"Startseite\",\"item\":\"https:\/\/www.chg.at\/en\/\"},{\"@type\":\"ListItem\",\"position\":2,\"name\":\"Empfang der Rechtsreferendare des Landgerichtes Ellwangen\"}]},{\"@type\":\"WebSite\",\"@id\":\"https:\/\/www.chg.at\/en\/#website\",\"url\":\"https:\/\/www.chg.at\/en\/\",\"name\":\"CHG Czernich Rechtsanw\u00e4lte \u2013 Wir bewegen Wirtschaft\",\"description\":\"Wir sorgen f\u00fcr Klarheit, wenn es rechtlich kompliziert wird. In jeder Phase Ihrer Unternehmungen. Sie ergreifen die Chancen. Wir verwandeln Risiken in L\u00f6sungen.\",\"publisher\":{\"@id\":\"https:\/\/www.chg.at\/en\/#organization\"},\"potentialAction\":[{\"@type\":\"SearchAction\",\"target\":{\"@type\":\"EntryPoint\",\"urlTemplate\":\"https:\/\/www.chg.at\/en\/?s={search_term_string}\"},\"query-input\":\"required name=search_term_string\"}],\"inLanguage\":\"en-US\"},{\"@type\":\"Organization\",\"@id\":\"https:\/\/www.chg.at\/en\/#organization\",\"name\":\"CHG Czernich Rechtsanw\u00e4lte\",\"url\":\"https:\/\/www.chg.at\/en\/\",\"sameAs\":[\"https:\/\/www.linkedin.com\/company\/12773263\/admin\/dashboard\/\"],\"logo\":{\"@type\":\"ImageObject\",\"inLanguage\":\"en-US\",\"@id\":\"https:\/\/www.chg.at\/en\/#\/schema\/logo\/image\/\",\"url\":\"https:\/\/www.chg.at\/wp-content\/uploads\/2016\/08\/CHG_logo_250_1.png\",\"contentUrl\":\"https:\/\/www.chg.at\/wp-content\/uploads\/2016\/08\/CHG_logo_250_1.png\",\"width\":250,\"height\":33,\"caption\":\"CHG Czernich Rechtsanw\u00e4lte\"},\"image\":{\"@id\":\"https:\/\/www.chg.at\/en\/#\/schema\/logo\/image\/\"}},{\"@type\":\"Person\",\"@id\":\"https:\/\/www.chg.at\/en\/#\/schema\/person\/1a03a341ca78135e646a1e10d229c9f5\",\"name\":\"Selina Reichholf\"}]}<\/script>\n<!-- \/ Yoast SEO plugin. -->","yoast_head_json":{"title":"Empfang der Rechtsreferendare des Landgerichtes Ellwangen","description":"Wir freuen uns, dass die Rechtsreferendare des Landesgericht Ellwangen einen Stopp Ihrer Studienreise bei uns im CHG Meeting Center gemacht haben.","robots":{"index":"index","follow":"follow","max-snippet":"max-snippet:-1","max-image-preview":"max-image-preview:large","max-video-preview":"max-video-preview:-1"},"canonical":"https:\/\/www.chg.at\/en\/empfang-der-rechtsreferendare-des-landgerichtes-ellwangen\/","og_locale":"en_US","og_type":"article","og_title":"CHG","og_description":"CHG","og_url":"https:\/\/www.chg.at\/en\/empfang-der-rechtsreferendare-des-landgerichtes-ellwangen\/","og_site_name":"CHG Czernich Rechtsanw\u00e4lte \u2013 Wir bewegen Wirtschaft","article_published_time":"2024-10-21T06:31:32+00:00","og_image":[{"width":1920,"height":998,"url":"https:\/\/www.chg.at\/wp-content\/uploads\/2024\/10\/Empfang-Ellwang-scaled-e1729491981276.jpg","type":"image\/jpeg"}],"author":"Selina Reichholf","twitter_card":"summary_large_image","twitter_misc":{"Written by":"Selina Reichholf","Est. reading time":"1 minute"},"schema":{"@context":"https:\/\/schema.org","@graph":[{"@type":"Article","@id":"https:\/\/www.chg.at\/en\/empfang-der-rechtsreferendare-des-landgerichtes-ellwangen\/#article","isPartOf":{"@id":"https:\/\/www.chg.at\/en\/empfang-der-rechtsreferendare-des-landgerichtes-ellwangen\/"},"author":{"name":"Selina Reichholf","@id":"https:\/\/www.chg.at\/en\/#\/schema\/person\/1a03a341ca78135e646a1e10d229c9f5"},"headline":"Empfang der Rechtsreferendare des Landgerichtes Ellwangen","datePublished":"2024-10-21T06:31:32+00:00","dateModified":"2024-10-21T06:31:32+00:00","mainEntityOfPage":{"@id":"https:\/\/www.chg.at\/en\/empfang-der-rechtsreferendare-des-landgerichtes-ellwangen\/"},"wordCount":159,"publisher":{"@id":"https:\/\/www.chg.at\/en\/#organization"},"articleSection":["CHG News","Kanzlei"],"inLanguage":"en-US"},{"@type":"WebPage","@id":"https:\/\/www.chg.at\/en\/empfang-der-rechtsreferendare-des-landgerichtes-ellwangen\/","url":"https:\/\/www.chg.at\/en\/empfang-der-rechtsreferendare-des-landgerichtes-ellwangen\/","name":"Empfang der Rechtsreferendare des Landgerichtes Ellwangen","isPartOf":{"@id":"https:\/\/www.chg.at\/en\/#website"},"datePublished":"2024-10-21T06:31:32+00:00","dateModified":"2024-10-21T06:31:32+00:00","description":"Wir freuen uns, dass die Rechtsreferendare des Landesgericht Ellwangen einen Stopp Ihrer Studienreise bei uns im CHG Meeting Center gemacht haben.","breadcrumb":{"@id":"https:\/\/www.chg.at\/en\/empfang-der-rechtsreferendare-des-landgerichtes-ellwangen\/#breadcrumb"},"inLanguage":"en-US","potentialAction":[{"@type":"ReadAction","target":["https:\/\/www.chg.at\/en\/empfang-der-rechtsreferendare-des-landgerichtes-ellwangen\/"]}]},{"@type":"BreadcrumbList","@id":"https:\/\/www.chg.at\/en\/empfang-der-rechtsreferendare-des-landgerichtes-ellwangen\/#breadcrumb","itemListElement":[{"@type":"ListItem","position":1,"name":"Startseite","item":"https:\/\/www.chg.at\/en\/"},{"@type":"ListItem","position":2,"name":"Empfang der Rechtsreferendare des Landgerichtes Ellwangen"}]},{"@type":"WebSite","@id":"https:\/\/www.chg.at\/en\/#website","url":"https:\/\/www.chg.at\/en\/","name":"CHG Czernich Rechtsanw\u00e4lte \u2013 Wir bewegen Wirtschaft","description":"Wir sorgen f\u00fcr Klarheit, wenn es rechtlich kompliziert wird. In jeder Phase Ihrer Unternehmungen. Sie ergreifen die Chancen. Wir verwandeln Risiken in L\u00f6sungen.","publisher":{"@id":"https:\/\/www.chg.at\/en\/#organization"},"potentialAction":[{"@type":"SearchAction","target":{"@type":"EntryPoint","urlTemplate":"https:\/\/www.chg.at\/en\/?s={search_term_string}"},"query-input":"required name=search_term_string"}],"inLanguage":"en-US"},{"@type":"Organization","@id":"https:\/\/www.chg.at\/en\/#organization","name":"CHG Czernich Rechtsanw\u00e4lte","url":"https:\/\/www.chg.at\/en\/","sameAs":["https:\/\/www.linkedin.com\/company\/12773263\/admin\/dashboard\/"],"logo":{"@type":"ImageObject","inLanguage":"en-US","@id":"https:\/\/www.chg.at\/en\/#\/schema\/logo\/image\/","url":"https:\/\/www.chg.at\/wp-content\/uploads\/2016\/08\/CHG_logo_250_1.png","contentUrl":"https:\/\/www.chg.at\/wp-content\/uploads\/2016\/08\/CHG_logo_250_1.png","width":250,"height":33,"caption":"CHG Czernich Rechtsanw\u00e4lte"},"image":{"@id":"https:\/\/www.chg.at\/en\/#\/schema\/logo\/image\/"}},{"@type":"Person","@id":"https:\/\/www.chg.at\/en\/#\/schema\/person\/1a03a341ca78135e646a1e10d229c9f5","name":"Selina Reichholf"}]}},"_links":{"self":[{"href":"https:\/\/www.chg.at\/en\/wp-json\/wp\/v2\/posts\/25858"}],"collection":[{"href":"https:\/\/www.chg.at\/en\/wp-json\/wp\/v2\/posts"}],"about":[{"href":"https:\/\/www.chg.at\/en\/wp-json\/wp\/v2\/types\/post"}],"author":[{"embeddable":true,"href":"https:\/\/www.chg.at\/en\/wp-json\/wp\/v2\/users\/16"}],"replies":[{"embeddable":true,"href":"https:\/\/www.chg.at\/en\/wp-json\/wp\/v2\/comments?post=25858"}],"version-history":[{"count":1,"href":"https:\/\/www.chg.at\/en\/wp-json\/wp\/v2\/posts\/25858\/revisions"}],"predecessor-version":[{"id":25859,"href":"https:\/\/www.chg.at\/en\/wp-json\/wp\/v2\/posts\/25858\/revisions\/25859"}],"wp:featuredmedia":[{"embeddable":true,"href":"https:\/\/www.chg.at\/en\/wp-json\/wp\/v2\/media\/25860"}],"wp:attachment":[{"href":"https:\/\/www.chg.at\/en\/wp-json\/wp\/v2\/media?parent=25858"}],"wp:term":[{"taxonomy":"category","embeddable":true,"href":"https:\/\/www.chg.at\/en\/wp-json\/wp\/v2\/categories?post=25858"},{"taxonomy":"post_tag","embeddable":true,"href":"https:\/\/www.chg.at\/en\/wp-json\/wp\/v2\/tags?post=25858"}],"curies":[{"name":"wp","href":"https:\/\/api.w.org\/{rel}","templated":true}]}}