{"id":26031,"date":"2025-01-06T13:17:09","date_gmt":"2025-01-06T12:17:09","guid":{"rendered":"https:\/\/www.chg.at\/?p=26031"},"modified":"2024-12-30T13:37:24","modified_gmt":"2024-12-30T12:37:24","slug":"laura-gleinser-wird-zur-equity-partnerin-ernannt","status":"publish","type":"post","link":"https:\/\/www.chg.at\/en\/laura-gleinser-wird-zur-equity-partnerin-ernannt\/","title":{"rendered":"Laura Gleinser wird zur Equity Partnerin ernannt"},"content":{"rendered":"<style type=\"text\/css\"> \n#cmsmasters_row_69f19eb41ed5f4_14078379 .cmsmasters_row_outer_parent { \n\tpadding-top: 30px; \n} \n\n#cmsmasters_row_69f19eb41ed5f4_14078379 .cmsmasters_row_outer_parent { \n\tpadding-bottom: 30px; \n} \n\n<\/style><div id=\"cmsmasters_row_69f19eb41ed5f4_14078379\" class=\"cmsmasters_row cmsmasters_color_scheme_default cmsmasters_row_top_default cmsmasters_row_bot_default cmsmasters_row_boxed\">\n<div class=\"cmsmasters_row_outer_parent\">\n<div class=\"cmsmasters_row_outer\">\n<div class=\"cmsmasters_row_inner\">\n<div class=\"cmsmasters_row_margin\">\n<div class=\"cmsmasters_column one_first\">\n<div class=\"cmsmasters_text\">\n<h1><span lang=\"DE\" style=\"color: #d43555;\">Laura Gleinser wird zur Equity Partnerin ernannt<\/span><\/h1>\n<p>Wir freuen uns, bekannt zu geben, dass <a href=\"https:\/\/www.chg.at\/profile\/laura-gleinser\/\">Laura Gleinser<\/a> mit Wirkung zum 1. Januar 2025 zur Equity Partnerin ernannt wird. Laura ist eine herausragende Expertin f\u00fcr \u00f6ffentliches Wirtschaftsrecht und Vergaberecht und hat in den letzten Jahren zahlreiche komplexe Vergabeverfahren erfolgreich begleitet. Ihre umfassende Expertise in internationalen Vertragsverhandlungen und bei der Umsetzung nationaler und grenz\u00fcberschreitender Transaktionen macht sie zu einer wertvollen Bereicherung f\u00fcr unsere Kanzlei und unsere Mandant:innen. Neben ihrer T\u00e4tigkeit bei CHG Czernich Rechtsanw\u00e4lte ist Laura auch als externe Lehrbeauftragte an der Universit\u00e4t Innsbruck aktiv und tr\u00e4gt regelm\u00e4\u00dfig zu aktuellen vergaberechtlichen Themen vor.<\/p>\n<p>\u201eMit Laura Gleinser gewinnen wir nicht nur eine herausragende Juristin, sondern auch eine strategisch denkende Pers\u00f6nlichkeit f\u00fcr die Partnerschaft. Ihre Expertise und ihr Engagement sind eine Bereicherung f\u00fcr unsere Kanzlei und unsere Mandant:innen\u201c, so <a href=\"https:\/\/www.chg.at\/profile\/dietmar-czernich\/\">Dietmar Czernich<\/a>, Managing Partner.<\/p>\n<p>Mit dieser Ernennung setzen wir ein starkes Zeichen f\u00fcr die Karrierem\u00f6glichkeiten von Frauen in der Rechtsberatungsbranche und unterstreichen unser Ziel, den h\u00f6chsten Qualit\u00e4tsstandard in der juristischen Beratung zu gew\u00e4hrleisten.<\/p>\n<p>Herzlichen Gl\u00fcckwunsch, Laura!<\/p>\n<p>&nbsp;<\/p>\n<\/div>\n<\/div>\n<\/div>\n<\/div>\n<\/div>\n<\/div>\n<\/div>\n\n","protected":false},"excerpt":{"rendered":"<p>Wir freuen uns, bekannt zu geben, dass Laura Gleinser, als  Expertin f\u00fcr \u00f6ffentliches Wirtschaftsrecht und Vergaberecht, mit Wirkung zum 1. Januar 2025 zur Equity Partnerin bei CHG ernannt wird. <\/p>\n","protected":false},"author":16,"featured_media":26034,"comment_status":"closed","ping_status":"open","sticky":false,"template":"","format":"image","meta":{"inline_featured_image":false},"categories":[8,9],"tags":[],"yoast_head":"<!-- This site is optimized with the Yoast SEO plugin v19.8 - https:\/\/yoast.com\/wordpress\/plugins\/seo\/ -->\n<title>Laura Gleinser wird zur Equity Partnerin ernannt - CHG Czernich Rechtsanw\u00e4lte \u2013 Wir bewegen Wirtschaft<\/title>\n<meta name=\"description\" content=\"Wir freuen uns, bekannt zu geben, dass Laura Gleinser, als Expertin f\u00fcr \u00f6ffentliches Wirtschaftsrecht und Vergaberecht, mit Wirkung zum 1. Januar 2025 zur Equity Partnerin bei CHG ernannt wird.\" \/>\n<meta name=\"robots\" content=\"index, follow, max-snippet:-1, max-image-preview:large, max-video-preview:-1\" \/>\n<link rel=\"canonical\" href=\"https:\/\/www.chg.at\/en\/laura-gleinser-wird-zur-equity-partnerin-ernannt\/\" \/>\n<meta property=\"og:locale\" content=\"en_US\" \/>\n<meta property=\"og:type\" content=\"article\" \/>\n<meta property=\"og:title\" content=\"CHG\" \/>\n<meta property=\"og:description\" content=\"CHG\" \/>\n<meta property=\"og:url\" content=\"https:\/\/www.chg.at\/en\/laura-gleinser-wird-zur-equity-partnerin-ernannt\/\" \/>\n<meta property=\"og:site_name\" content=\"CHG Czernich Rechtsanw\u00e4lte \u2013 Wir bewegen Wirtschaft\" \/>\n<meta property=\"article:published_time\" content=\"2025-01-06T12:17:09+00:00\" \/>\n<meta property=\"article:modified_time\" content=\"2024-12-30T12:37:24+00:00\" \/>\n<meta property=\"og:image\" content=\"https:\/\/www.chg.at\/wp-content\/uploads\/2024\/12\/Laura-Gleinser-CHG-scaled-e1735561067423.jpeg\" \/>\n\t<meta property=\"og:image:width\" content=\"1707\" \/>\n\t<meta property=\"og:image:height\" content=\"1122\" \/>\n\t<meta property=\"og:image:type\" content=\"image\/jpeg\" \/>\n<meta name=\"author\" content=\"Selina Reichholf\" \/>\n<meta name=\"twitter:card\" content=\"summary_large_image\" \/>\n<meta name=\"twitter:label1\" content=\"Written by\" \/>\n\t<meta name=\"twitter:data1\" content=\"Selina Reichholf\" \/>\n\t<meta name=\"twitter:label2\" content=\"Est. reading time\" \/>\n\t<meta name=\"twitter:data2\" content=\"2 minutes\" \/>\n<script type=\"application\/ld+json\" class=\"yoast-schema-graph\">{\"@context\":\"https:\/\/schema.org\",\"@graph\":[{\"@type\":\"Article\",\"@id\":\"https:\/\/www.chg.at\/en\/laura-gleinser-wird-zur-equity-partnerin-ernannt\/#article\",\"isPartOf\":{\"@id\":\"https:\/\/www.chg.at\/en\/laura-gleinser-wird-zur-equity-partnerin-ernannt\/\"},\"author\":{\"name\":\"Selina Reichholf\",\"@id\":\"https:\/\/www.chg.at\/en\/#\/schema\/person\/1a03a341ca78135e646a1e10d229c9f5\"},\"headline\":\"Laura Gleinser wird zur Equity Partnerin ernannt\",\"datePublished\":\"2025-01-06T12:17:09+00:00\",\"dateModified\":\"2024-12-30T12:37:24+00:00\",\"mainEntityOfPage\":{\"@id\":\"https:\/\/www.chg.at\/en\/laura-gleinser-wird-zur-equity-partnerin-ernannt\/\"},\"wordCount\":231,\"publisher\":{\"@id\":\"https:\/\/www.chg.at\/en\/#organization\"},\"articleSection\":[\"CHG News\",\"Kanzlei\"],\"inLanguage\":\"en-US\"},{\"@type\":\"WebPage\",\"@id\":\"https:\/\/www.chg.at\/en\/laura-gleinser-wird-zur-equity-partnerin-ernannt\/\",\"url\":\"https:\/\/www.chg.at\/en\/laura-gleinser-wird-zur-equity-partnerin-ernannt\/\",\"name\":\"Laura Gleinser wird zur Equity Partnerin ernannt - CHG Czernich Rechtsanw\u00e4lte \u2013 Wir bewegen Wirtschaft\",\"isPartOf\":{\"@id\":\"https:\/\/www.chg.at\/en\/#website\"},\"datePublished\":\"2025-01-06T12:17:09+00:00\",\"dateModified\":\"2024-12-30T12:37:24+00:00\",\"description\":\"Wir freuen uns, bekannt zu geben, dass Laura Gleinser, als Expertin f\u00fcr \u00f6ffentliches Wirtschaftsrecht und Vergaberecht, mit Wirkung zum 1. Januar 2025 zur Equity Partnerin bei CHG ernannt wird.\",\"breadcrumb\":{\"@id\":\"https:\/\/www.chg.at\/en\/laura-gleinser-wird-zur-equity-partnerin-ernannt\/#breadcrumb\"},\"inLanguage\":\"en-US\",\"potentialAction\":[{\"@type\":\"ReadAction\",\"target\":[\"https:\/\/www.chg.at\/en\/laura-gleinser-wird-zur-equity-partnerin-ernannt\/\"]}]},{\"@type\":\"BreadcrumbList\",\"@id\":\"https:\/\/www.chg.at\/en\/laura-gleinser-wird-zur-equity-partnerin-ernannt\/#breadcrumb\",\"itemListElement\":[{\"@type\":\"ListItem\",\"position\":1,\"name\":\"Startseite\",\"item\":\"https:\/\/www.chg.at\/en\/\"},{\"@type\":\"ListItem\",\"position\":2,\"name\":\"Laura Gleinser wird zur Equity Partnerin ernannt\"}]},{\"@type\":\"WebSite\",\"@id\":\"https:\/\/www.chg.at\/en\/#website\",\"url\":\"https:\/\/www.chg.at\/en\/\",\"name\":\"CHG Czernich Rechtsanw\u00e4lte \u2013 Wir bewegen Wirtschaft\",\"description\":\"Wir sorgen f\u00fcr Klarheit, wenn es rechtlich kompliziert wird. In jeder Phase Ihrer Unternehmungen. Sie ergreifen die Chancen. Wir verwandeln Risiken in L\u00f6sungen.\",\"publisher\":{\"@id\":\"https:\/\/www.chg.at\/en\/#organization\"},\"potentialAction\":[{\"@type\":\"SearchAction\",\"target\":{\"@type\":\"EntryPoint\",\"urlTemplate\":\"https:\/\/www.chg.at\/en\/?s={search_term_string}\"},\"query-input\":\"required name=search_term_string\"}],\"inLanguage\":\"en-US\"},{\"@type\":\"Organization\",\"@id\":\"https:\/\/www.chg.at\/en\/#organization\",\"name\":\"CHG Czernich Rechtsanw\u00e4lte\",\"url\":\"https:\/\/www.chg.at\/en\/\",\"sameAs\":[\"https:\/\/www.linkedin.com\/company\/12773263\/admin\/dashboard\/\"],\"logo\":{\"@type\":\"ImageObject\",\"inLanguage\":\"en-US\",\"@id\":\"https:\/\/www.chg.at\/en\/#\/schema\/logo\/image\/\",\"url\":\"https:\/\/www.chg.at\/wp-content\/uploads\/2016\/08\/CHG_logo_250_1.png\",\"contentUrl\":\"https:\/\/www.chg.at\/wp-content\/uploads\/2016\/08\/CHG_logo_250_1.png\",\"width\":250,\"height\":33,\"caption\":\"CHG Czernich Rechtsanw\u00e4lte\"},\"image\":{\"@id\":\"https:\/\/www.chg.at\/en\/#\/schema\/logo\/image\/\"}},{\"@type\":\"Person\",\"@id\":\"https:\/\/www.chg.at\/en\/#\/schema\/person\/1a03a341ca78135e646a1e10d229c9f5\",\"name\":\"Selina Reichholf\"}]}<\/script>\n<!-- \/ Yoast SEO plugin. -->","yoast_head_json":{"title":"Laura Gleinser wird zur Equity Partnerin ernannt - CHG Czernich Rechtsanw\u00e4lte \u2013 Wir bewegen Wirtschaft","description":"Wir freuen uns, bekannt zu geben, dass Laura Gleinser, als Expertin f\u00fcr \u00f6ffentliches Wirtschaftsrecht und Vergaberecht, mit Wirkung zum 1. Januar 2025 zur Equity Partnerin bei CHG ernannt wird.","robots":{"index":"index","follow":"follow","max-snippet":"max-snippet:-1","max-image-preview":"max-image-preview:large","max-video-preview":"max-video-preview:-1"},"canonical":"https:\/\/www.chg.at\/en\/laura-gleinser-wird-zur-equity-partnerin-ernannt\/","og_locale":"en_US","og_type":"article","og_title":"CHG","og_description":"CHG","og_url":"https:\/\/www.chg.at\/en\/laura-gleinser-wird-zur-equity-partnerin-ernannt\/","og_site_name":"CHG Czernich Rechtsanw\u00e4lte \u2013 Wir bewegen Wirtschaft","article_published_time":"2025-01-06T12:17:09+00:00","article_modified_time":"2024-12-30T12:37:24+00:00","og_image":[{"width":1707,"height":1122,"url":"https:\/\/www.chg.at\/wp-content\/uploads\/2024\/12\/Laura-Gleinser-CHG-scaled-e1735561067423.jpeg","type":"image\/jpeg"}],"author":"Selina Reichholf","twitter_card":"summary_large_image","twitter_misc":{"Written by":"Selina Reichholf","Est. reading time":"2 minutes"},"schema":{"@context":"https:\/\/schema.org","@graph":[{"@type":"Article","@id":"https:\/\/www.chg.at\/en\/laura-gleinser-wird-zur-equity-partnerin-ernannt\/#article","isPartOf":{"@id":"https:\/\/www.chg.at\/en\/laura-gleinser-wird-zur-equity-partnerin-ernannt\/"},"author":{"name":"Selina Reichholf","@id":"https:\/\/www.chg.at\/en\/#\/schema\/person\/1a03a341ca78135e646a1e10d229c9f5"},"headline":"Laura Gleinser wird zur Equity Partnerin ernannt","datePublished":"2025-01-06T12:17:09+00:00","dateModified":"2024-12-30T12:37:24+00:00","mainEntityOfPage":{"@id":"https:\/\/www.chg.at\/en\/laura-gleinser-wird-zur-equity-partnerin-ernannt\/"},"wordCount":231,"publisher":{"@id":"https:\/\/www.chg.at\/en\/#organization"},"articleSection":["CHG News","Kanzlei"],"inLanguage":"en-US"},{"@type":"WebPage","@id":"https:\/\/www.chg.at\/en\/laura-gleinser-wird-zur-equity-partnerin-ernannt\/","url":"https:\/\/www.chg.at\/en\/laura-gleinser-wird-zur-equity-partnerin-ernannt\/","name":"Laura Gleinser wird zur Equity Partnerin ernannt - CHG Czernich Rechtsanw\u00e4lte \u2013 Wir bewegen Wirtschaft","isPartOf":{"@id":"https:\/\/www.chg.at\/en\/#website"},"datePublished":"2025-01-06T12:17:09+00:00","dateModified":"2024-12-30T12:37:24+00:00","description":"Wir freuen uns, bekannt zu geben, dass Laura Gleinser, als Expertin f\u00fcr \u00f6ffentliches Wirtschaftsrecht und Vergaberecht, mit Wirkung zum 1. Januar 2025 zur Equity Partnerin bei CHG ernannt wird.","breadcrumb":{"@id":"https:\/\/www.chg.at\/en\/laura-gleinser-wird-zur-equity-partnerin-ernannt\/#breadcrumb"},"inLanguage":"en-US","potentialAction":[{"@type":"ReadAction","target":["https:\/\/www.chg.at\/en\/laura-gleinser-wird-zur-equity-partnerin-ernannt\/"]}]},{"@type":"BreadcrumbList","@id":"https:\/\/www.chg.at\/en\/laura-gleinser-wird-zur-equity-partnerin-ernannt\/#breadcrumb","itemListElement":[{"@type":"ListItem","position":1,"name":"Startseite","item":"https:\/\/www.chg.at\/en\/"},{"@type":"ListItem","position":2,"name":"Laura Gleinser wird zur Equity Partnerin ernannt"}]},{"@type":"WebSite","@id":"https:\/\/www.chg.at\/en\/#website","url":"https:\/\/www.chg.at\/en\/","name":"CHG Czernich Rechtsanw\u00e4lte \u2013 Wir bewegen Wirtschaft","description":"Wir sorgen f\u00fcr Klarheit, wenn es rechtlich kompliziert wird. In jeder Phase Ihrer Unternehmungen. Sie ergreifen die Chancen. Wir verwandeln Risiken in L\u00f6sungen.","publisher":{"@id":"https:\/\/www.chg.at\/en\/#organization"},"potentialAction":[{"@type":"SearchAction","target":{"@type":"EntryPoint","urlTemplate":"https:\/\/www.chg.at\/en\/?s={search_term_string}"},"query-input":"required name=search_term_string"}],"inLanguage":"en-US"},{"@type":"Organization","@id":"https:\/\/www.chg.at\/en\/#organization","name":"CHG Czernich Rechtsanw\u00e4lte","url":"https:\/\/www.chg.at\/en\/","sameAs":["https:\/\/www.linkedin.com\/company\/12773263\/admin\/dashboard\/"],"logo":{"@type":"ImageObject","inLanguage":"en-US","@id":"https:\/\/www.chg.at\/en\/#\/schema\/logo\/image\/","url":"https:\/\/www.chg.at\/wp-content\/uploads\/2016\/08\/CHG_logo_250_1.png","contentUrl":"https:\/\/www.chg.at\/wp-content\/uploads\/2016\/08\/CHG_logo_250_1.png","width":250,"height":33,"caption":"CHG Czernich Rechtsanw\u00e4lte"},"image":{"@id":"https:\/\/www.chg.at\/en\/#\/schema\/logo\/image\/"}},{"@type":"Person","@id":"https:\/\/www.chg.at\/en\/#\/schema\/person\/1a03a341ca78135e646a1e10d229c9f5","name":"Selina Reichholf"}]}},"_links":{"self":[{"href":"https:\/\/www.chg.at\/en\/wp-json\/wp\/v2\/posts\/26031"}],"collection":[{"href":"https:\/\/www.chg.at\/en\/wp-json\/wp\/v2\/posts"}],"about":[{"href":"https:\/\/www.chg.at\/en\/wp-json\/wp\/v2\/types\/post"}],"author":[{"embeddable":true,"href":"https:\/\/www.chg.at\/en\/wp-json\/wp\/v2\/users\/16"}],"replies":[{"embeddable":true,"href":"https:\/\/www.chg.at\/en\/wp-json\/wp\/v2\/comments?post=26031"}],"version-history":[{"count":5,"href":"https:\/\/www.chg.at\/en\/wp-json\/wp\/v2\/posts\/26031\/revisions"}],"predecessor-version":[{"id":26038,"href":"https:\/\/www.chg.at\/en\/wp-json\/wp\/v2\/posts\/26031\/revisions\/26038"}],"wp:featuredmedia":[{"embeddable":true,"href":"https:\/\/www.chg.at\/en\/wp-json\/wp\/v2\/media\/26034"}],"wp:attachment":[{"href":"https:\/\/www.chg.at\/en\/wp-json\/wp\/v2\/media?parent=26031"}],"wp:term":[{"taxonomy":"category","embeddable":true,"href":"https:\/\/www.chg.at\/en\/wp-json\/wp\/v2\/categories?post=26031"},{"taxonomy":"post_tag","embeddable":true,"href":"https:\/\/www.chg.at\/en\/wp-json\/wp\/v2\/tags?post=26031"}],"curies":[{"name":"wp","href":"https:\/\/api.w.org\/{rel}","templated":true}]}}