{"id":26129,"date":"2025-01-21T14:35:27","date_gmt":"2025-01-21T13:35:27","guid":{"rendered":"https:\/\/www.chg.at\/?p=26129"},"modified":"2025-01-21T14:35:27","modified_gmt":"2025-01-21T13:35:27","slug":"chg-beim-5-immobilienstammtisch-2025-ein-voller-erfolg","status":"publish","type":"post","link":"https:\/\/www.chg.at\/en\/chg-beim-5-immobilienstammtisch-2025-ein-voller-erfolg\/","title":{"rendered":"CHG beim 5. Immobilienstammtisch 2025: Ein voller Erfolg!"},"content":{"rendered":"<style type=\"text\/css\"> \n#cmsmasters_row_69f19e964bb435_62277443 .cmsmasters_row_outer_parent { \n\tpadding-top: 30px; \n} \n\n#cmsmasters_row_69f19e964bb435_62277443 .cmsmasters_row_outer_parent { \n\tpadding-bottom: 30px; \n} \n\n \n#cmsmasters_row_69f19e964bc795_28378764 .cmsmasters_row_outer_parent { \n\tpadding-top: 0px; \n} \n\n#cmsmasters_row_69f19e964bc795_28378764 .cmsmasters_row_outer_parent { \n\tpadding-bottom: 50px; \n} \n\n<\/style><div id=\"cmsmasters_row_69f19e964bb435_62277443\" class=\"cmsmasters_row cmsmasters_color_scheme_default cmsmasters_row_top_default cmsmasters_row_bot_default cmsmasters_row_boxed\">\n<div class=\"cmsmasters_row_outer_parent\">\n<div class=\"cmsmasters_row_outer\">\n<div class=\"cmsmasters_row_inner\">\n<div class=\"cmsmasters_row_margin\">\n<div class=\"cmsmasters_column one_first\">\n<div class=\"cmsmasters_text\">\n<h1><span lang=\"DE\" style=\"color: #d43555;\">CHG beim 5. Immobilienstammtisch 2025: Ein voller Erfolg!<\/span><\/h1>\n<p>Das Who-is-Who der Tiroler Immobilienszene kam letzten Donnerstag zu einem Halb-Tages-Symposium im Festsaal der Wirtschaftskammer zusammen, der f\u00f6rmlich aus allen N\u00e4hten platzte. Der gro\u00dfe Andrang zeigte das enorme Interesse an den aktuellen Entwicklungen im Immobiliensektor. Auch ein Team von CHG Rechtsanw\u00e4lten z\u00e4hlte zu den Vortragenden, n\u00e4mlich Roland Wegleiter und Mario Kathrein. Sie gaben Einblicke in brandaktuelle Themen wie in die Wohnbedarfsstudie Tirol 2024 2033 des Landes und den aktuellen Gesetzesentw\u00fcrfen zu den Themen Leerstand, Freizeitwohnsitze und Raumordnungsvertr\u00e4ge.<\/p>\n<p>Das abwechslungsreiche Programm beleuchtete die j\u00fcngsten Entwicklungen und k\u00fcnftigen Trends aus unterschiedlichen Perspektiven.<\/p>\n<p>Die Veranstaltung, gepaart mit spannenden Vortr\u00e4gen und lebhaften Podiumsdiskussionen, wurde garniert mit Top-Kulinarik samt Weinbegleitung, und wertvollen Impulsen f\u00fcr die Zukunft der Branche.<\/p>\n<p>Wir bedanken uns bei allen Teilnehmer:innen und freuen uns, dass unsere Praxisgruppe Immobilienrecht Teil dieser erfolgreichen Veranstaltung sein konnte. Unser herzlicher Dank gilt insbesondere auch den Gebr\u00fcdern Philipp und Nikolaus Resl, die diese tolle Veranstaltung ins Leben riefen und gekonnt durch das Programm f\u00fchrten.<\/p>\n<\/div>\n<\/div>\n<\/div>\n<\/div>\n<\/div>\n<\/div>\n<\/div>\n<div id=\"cmsmasters_row_69f19e964bc795_28378764\" class=\"cmsmasters_row cmsmasters_color_scheme_default cmsmasters_row_top_default cmsmasters_row_bot_default cmsmasters_row_boxed\">\n<div class=\"cmsmasters_row_outer_parent\">\n<div class=\"cmsmasters_row_outer\">\n<div class=\"cmsmasters_row_inner\">\n<div class=\"cmsmasters_row_margin\">\n<div class=\"cmsmasters_column one_half\">\n<div class=\"cmsmasters_img  cmsmasters_image_n with_caption\">\n<a href=\"https:\/\/www.chg.at\/profile\/dr-roland-wegleiter\/\"><img src=\"https:\/\/www.chg.at\/wp-content\/uploads\/2023\/11\/CHG-Rechtsanwaelte-Roland-M.-Wegleiter-Portrait.jpg\" \/><\/a>\n<p class=\"cmsmasters_img_caption\">Roland Wegleiter<\/p><\/div>\n<\/div>\n<div class=\"cmsmasters_column one_half\">\n<div class=\"cmsmasters_img  cmsmasters_image_n with_caption\">\n<a href=\"https:\/\/www.chg.at\/profile\/mario-kathrein\/\"><img src=\"https:\/\/www.chg.at\/wp-content\/uploads\/2023\/11\/CHG-Rechtsanwaelte-Mario-Kathrein-Portrait.jpg\" \/><\/a>\n<p class=\"cmsmasters_img_caption\">Mario Kathrein<\/p><\/div>\n<\/div>\n<\/div>\n<\/div>\n<\/div>\n<\/div>\n<\/div>\n\n","protected":false},"excerpt":{"rendered":"<p>Roland Wegleiter und Mario Kathrein waren Teil des 5. Immobilienstammtischen 2025 und hielten einen Vortrag zu der Wohnbedarfsstudie Tirol 2024 2033 und den aktuellen Gesetzesentw\u00fcrfen zu Themen wie Leerstand, Freizeitwohnsitze und Raumordnungsvertr\u00e4ge.<\/p>\n","protected":false},"author":16,"featured_media":26132,"comment_status":"closed","ping_status":"open","sticky":false,"template":"","format":"image","meta":{"inline_featured_image":false},"categories":[8,100,9],"tags":[],"yoast_head":"<!-- This site is optimized with the Yoast SEO plugin v19.8 - https:\/\/yoast.com\/wordpress\/plugins\/seo\/ -->\n<title>CHG beim 5. Immobilienstammtisch 2025: Ein voller Erfolg! - CHG Czernich Rechtsanw\u00e4lte \u2013 Wir bewegen Wirtschaft<\/title>\n<meta name=\"description\" content=\"Roland Wegleiter und Mario Kathrein waren Teil des 5. Immobilienstammtischen 2025\" \/>\n<meta name=\"robots\" content=\"index, follow, max-snippet:-1, max-image-preview:large, max-video-preview:-1\" \/>\n<link rel=\"canonical\" href=\"https:\/\/www.chg.at\/en\/chg-beim-5-immobilienstammtisch-2025-ein-voller-erfolg\/\" \/>\n<meta property=\"og:locale\" content=\"en_US\" \/>\n<meta property=\"og:type\" content=\"article\" \/>\n<meta property=\"og:title\" content=\"CHG\" \/>\n<meta property=\"og:description\" content=\"CHG\" \/>\n<meta property=\"og:url\" content=\"https:\/\/www.chg.at\/en\/chg-beim-5-immobilienstammtisch-2025-ein-voller-erfolg\/\" \/>\n<meta property=\"og:site_name\" content=\"CHG Czernich Rechtsanw\u00e4lte \u2013 Wir bewegen Wirtschaft\" \/>\n<meta property=\"article:published_time\" content=\"2025-01-21T13:35:27+00:00\" \/>\n<meta property=\"og:image\" content=\"https:\/\/www.chg.at\/wp-content\/uploads\/2025\/01\/impressionen-2025-73-e1737466383382.jpg\" \/>\n\t<meta property=\"og:image:width\" content=\"1920\" \/>\n\t<meta property=\"og:image:height\" content=\"1022\" \/>\n\t<meta property=\"og:image:type\" content=\"image\/jpeg\" \/>\n<meta name=\"author\" content=\"Selina Reichholf\" \/>\n<meta name=\"twitter:card\" content=\"summary_large_image\" \/>\n<meta name=\"twitter:label1\" content=\"Written by\" \/>\n\t<meta name=\"twitter:data1\" content=\"Selina Reichholf\" \/>\n\t<meta name=\"twitter:label2\" content=\"Est. reading time\" \/>\n\t<meta name=\"twitter:data2\" content=\"2 minutes\" \/>\n<script type=\"application\/ld+json\" class=\"yoast-schema-graph\">{\"@context\":\"https:\/\/schema.org\",\"@graph\":[{\"@type\":\"Article\",\"@id\":\"https:\/\/www.chg.at\/en\/chg-beim-5-immobilienstammtisch-2025-ein-voller-erfolg\/#article\",\"isPartOf\":{\"@id\":\"https:\/\/www.chg.at\/en\/chg-beim-5-immobilienstammtisch-2025-ein-voller-erfolg\/\"},\"author\":{\"name\":\"Selina Reichholf\",\"@id\":\"https:\/\/www.chg.at\/en\/#\/schema\/person\/1a03a341ca78135e646a1e10d229c9f5\"},\"headline\":\"CHG beim 5. Immobilienstammtisch 2025: Ein voller Erfolg!\",\"datePublished\":\"2025-01-21T13:35:27+00:00\",\"dateModified\":\"2025-01-21T13:35:27+00:00\",\"mainEntityOfPage\":{\"@id\":\"https:\/\/www.chg.at\/en\/chg-beim-5-immobilienstammtisch-2025-ein-voller-erfolg\/\"},\"wordCount\":336,\"publisher\":{\"@id\":\"https:\/\/www.chg.at\/en\/#organization\"},\"articleSection\":[\"CHG News\",\"Immobilienrecht\",\"Kanzlei\"],\"inLanguage\":\"en-US\"},{\"@type\":\"WebPage\",\"@id\":\"https:\/\/www.chg.at\/en\/chg-beim-5-immobilienstammtisch-2025-ein-voller-erfolg\/\",\"url\":\"https:\/\/www.chg.at\/en\/chg-beim-5-immobilienstammtisch-2025-ein-voller-erfolg\/\",\"name\":\"CHG beim 5. Immobilienstammtisch 2025: Ein voller Erfolg! - CHG Czernich Rechtsanw\u00e4lte \u2013 Wir bewegen Wirtschaft\",\"isPartOf\":{\"@id\":\"https:\/\/www.chg.at\/en\/#website\"},\"datePublished\":\"2025-01-21T13:35:27+00:00\",\"dateModified\":\"2025-01-21T13:35:27+00:00\",\"description\":\"Roland Wegleiter und Mario Kathrein waren Teil des 5. Immobilienstammtischen 2025\",\"breadcrumb\":{\"@id\":\"https:\/\/www.chg.at\/en\/chg-beim-5-immobilienstammtisch-2025-ein-voller-erfolg\/#breadcrumb\"},\"inLanguage\":\"en-US\",\"potentialAction\":[{\"@type\":\"ReadAction\",\"target\":[\"https:\/\/www.chg.at\/en\/chg-beim-5-immobilienstammtisch-2025-ein-voller-erfolg\/\"]}]},{\"@type\":\"BreadcrumbList\",\"@id\":\"https:\/\/www.chg.at\/en\/chg-beim-5-immobilienstammtisch-2025-ein-voller-erfolg\/#breadcrumb\",\"itemListElement\":[{\"@type\":\"ListItem\",\"position\":1,\"name\":\"Startseite\",\"item\":\"https:\/\/www.chg.at\/en\/\"},{\"@type\":\"ListItem\",\"position\":2,\"name\":\"CHG beim 5. Immobilienstammtisch 2025: Ein voller Erfolg!\"}]},{\"@type\":\"WebSite\",\"@id\":\"https:\/\/www.chg.at\/en\/#website\",\"url\":\"https:\/\/www.chg.at\/en\/\",\"name\":\"CHG Czernich Rechtsanw\u00e4lte \u2013 Wir bewegen Wirtschaft\",\"description\":\"Wir sorgen f\u00fcr Klarheit, wenn es rechtlich kompliziert wird. In jeder Phase Ihrer Unternehmungen. Sie ergreifen die Chancen. Wir verwandeln Risiken in L\u00f6sungen.\",\"publisher\":{\"@id\":\"https:\/\/www.chg.at\/en\/#organization\"},\"potentialAction\":[{\"@type\":\"SearchAction\",\"target\":{\"@type\":\"EntryPoint\",\"urlTemplate\":\"https:\/\/www.chg.at\/en\/?s={search_term_string}\"},\"query-input\":\"required name=search_term_string\"}],\"inLanguage\":\"en-US\"},{\"@type\":\"Organization\",\"@id\":\"https:\/\/www.chg.at\/en\/#organization\",\"name\":\"CHG Czernich Rechtsanw\u00e4lte\",\"url\":\"https:\/\/www.chg.at\/en\/\",\"sameAs\":[\"https:\/\/www.linkedin.com\/company\/12773263\/admin\/dashboard\/\"],\"logo\":{\"@type\":\"ImageObject\",\"inLanguage\":\"en-US\",\"@id\":\"https:\/\/www.chg.at\/en\/#\/schema\/logo\/image\/\",\"url\":\"https:\/\/www.chg.at\/wp-content\/uploads\/2016\/08\/CHG_logo_250_1.png\",\"contentUrl\":\"https:\/\/www.chg.at\/wp-content\/uploads\/2016\/08\/CHG_logo_250_1.png\",\"width\":250,\"height\":33,\"caption\":\"CHG Czernich Rechtsanw\u00e4lte\"},\"image\":{\"@id\":\"https:\/\/www.chg.at\/en\/#\/schema\/logo\/image\/\"}},{\"@type\":\"Person\",\"@id\":\"https:\/\/www.chg.at\/en\/#\/schema\/person\/1a03a341ca78135e646a1e10d229c9f5\",\"name\":\"Selina Reichholf\"}]}<\/script>\n<!-- \/ Yoast SEO plugin. -->","yoast_head_json":{"title":"CHG beim 5. Immobilienstammtisch 2025: Ein voller Erfolg! - CHG Czernich Rechtsanw\u00e4lte \u2013 Wir bewegen Wirtschaft","description":"Roland Wegleiter und Mario Kathrein waren Teil des 5. Immobilienstammtischen 2025","robots":{"index":"index","follow":"follow","max-snippet":"max-snippet:-1","max-image-preview":"max-image-preview:large","max-video-preview":"max-video-preview:-1"},"canonical":"https:\/\/www.chg.at\/en\/chg-beim-5-immobilienstammtisch-2025-ein-voller-erfolg\/","og_locale":"en_US","og_type":"article","og_title":"CHG","og_description":"CHG","og_url":"https:\/\/www.chg.at\/en\/chg-beim-5-immobilienstammtisch-2025-ein-voller-erfolg\/","og_site_name":"CHG Czernich Rechtsanw\u00e4lte \u2013 Wir bewegen Wirtschaft","article_published_time":"2025-01-21T13:35:27+00:00","og_image":[{"width":1920,"height":1022,"url":"https:\/\/www.chg.at\/wp-content\/uploads\/2025\/01\/impressionen-2025-73-e1737466383382.jpg","type":"image\/jpeg"}],"author":"Selina Reichholf","twitter_card":"summary_large_image","twitter_misc":{"Written by":"Selina Reichholf","Est. reading time":"2 minutes"},"schema":{"@context":"https:\/\/schema.org","@graph":[{"@type":"Article","@id":"https:\/\/www.chg.at\/en\/chg-beim-5-immobilienstammtisch-2025-ein-voller-erfolg\/#article","isPartOf":{"@id":"https:\/\/www.chg.at\/en\/chg-beim-5-immobilienstammtisch-2025-ein-voller-erfolg\/"},"author":{"name":"Selina Reichholf","@id":"https:\/\/www.chg.at\/en\/#\/schema\/person\/1a03a341ca78135e646a1e10d229c9f5"},"headline":"CHG beim 5. Immobilienstammtisch 2025: Ein voller Erfolg!","datePublished":"2025-01-21T13:35:27+00:00","dateModified":"2025-01-21T13:35:27+00:00","mainEntityOfPage":{"@id":"https:\/\/www.chg.at\/en\/chg-beim-5-immobilienstammtisch-2025-ein-voller-erfolg\/"},"wordCount":336,"publisher":{"@id":"https:\/\/www.chg.at\/en\/#organization"},"articleSection":["CHG News","Immobilienrecht","Kanzlei"],"inLanguage":"en-US"},{"@type":"WebPage","@id":"https:\/\/www.chg.at\/en\/chg-beim-5-immobilienstammtisch-2025-ein-voller-erfolg\/","url":"https:\/\/www.chg.at\/en\/chg-beim-5-immobilienstammtisch-2025-ein-voller-erfolg\/","name":"CHG beim 5. Immobilienstammtisch 2025: Ein voller Erfolg! - CHG Czernich Rechtsanw\u00e4lte \u2013 Wir bewegen Wirtschaft","isPartOf":{"@id":"https:\/\/www.chg.at\/en\/#website"},"datePublished":"2025-01-21T13:35:27+00:00","dateModified":"2025-01-21T13:35:27+00:00","description":"Roland Wegleiter und Mario Kathrein waren Teil des 5. Immobilienstammtischen 2025","breadcrumb":{"@id":"https:\/\/www.chg.at\/en\/chg-beim-5-immobilienstammtisch-2025-ein-voller-erfolg\/#breadcrumb"},"inLanguage":"en-US","potentialAction":[{"@type":"ReadAction","target":["https:\/\/www.chg.at\/en\/chg-beim-5-immobilienstammtisch-2025-ein-voller-erfolg\/"]}]},{"@type":"BreadcrumbList","@id":"https:\/\/www.chg.at\/en\/chg-beim-5-immobilienstammtisch-2025-ein-voller-erfolg\/#breadcrumb","itemListElement":[{"@type":"ListItem","position":1,"name":"Startseite","item":"https:\/\/www.chg.at\/en\/"},{"@type":"ListItem","position":2,"name":"CHG beim 5. Immobilienstammtisch 2025: Ein voller Erfolg!"}]},{"@type":"WebSite","@id":"https:\/\/www.chg.at\/en\/#website","url":"https:\/\/www.chg.at\/en\/","name":"CHG Czernich Rechtsanw\u00e4lte \u2013 Wir bewegen Wirtschaft","description":"Wir sorgen f\u00fcr Klarheit, wenn es rechtlich kompliziert wird. In jeder Phase Ihrer Unternehmungen. Sie ergreifen die Chancen. Wir verwandeln Risiken in L\u00f6sungen.","publisher":{"@id":"https:\/\/www.chg.at\/en\/#organization"},"potentialAction":[{"@type":"SearchAction","target":{"@type":"EntryPoint","urlTemplate":"https:\/\/www.chg.at\/en\/?s={search_term_string}"},"query-input":"required name=search_term_string"}],"inLanguage":"en-US"},{"@type":"Organization","@id":"https:\/\/www.chg.at\/en\/#organization","name":"CHG Czernich Rechtsanw\u00e4lte","url":"https:\/\/www.chg.at\/en\/","sameAs":["https:\/\/www.linkedin.com\/company\/12773263\/admin\/dashboard\/"],"logo":{"@type":"ImageObject","inLanguage":"en-US","@id":"https:\/\/www.chg.at\/en\/#\/schema\/logo\/image\/","url":"https:\/\/www.chg.at\/wp-content\/uploads\/2016\/08\/CHG_logo_250_1.png","contentUrl":"https:\/\/www.chg.at\/wp-content\/uploads\/2016\/08\/CHG_logo_250_1.png","width":250,"height":33,"caption":"CHG Czernich Rechtsanw\u00e4lte"},"image":{"@id":"https:\/\/www.chg.at\/en\/#\/schema\/logo\/image\/"}},{"@type":"Person","@id":"https:\/\/www.chg.at\/en\/#\/schema\/person\/1a03a341ca78135e646a1e10d229c9f5","name":"Selina Reichholf"}]}},"_links":{"self":[{"href":"https:\/\/www.chg.at\/en\/wp-json\/wp\/v2\/posts\/26129"}],"collection":[{"href":"https:\/\/www.chg.at\/en\/wp-json\/wp\/v2\/posts"}],"about":[{"href":"https:\/\/www.chg.at\/en\/wp-json\/wp\/v2\/types\/post"}],"author":[{"embeddable":true,"href":"https:\/\/www.chg.at\/en\/wp-json\/wp\/v2\/users\/16"}],"replies":[{"embeddable":true,"href":"https:\/\/www.chg.at\/en\/wp-json\/wp\/v2\/comments?post=26129"}],"version-history":[{"count":3,"href":"https:\/\/www.chg.at\/en\/wp-json\/wp\/v2\/posts\/26129\/revisions"}],"predecessor-version":[{"id":26134,"href":"https:\/\/www.chg.at\/en\/wp-json\/wp\/v2\/posts\/26129\/revisions\/26134"}],"wp:featuredmedia":[{"embeddable":true,"href":"https:\/\/www.chg.at\/en\/wp-json\/wp\/v2\/media\/26132"}],"wp:attachment":[{"href":"https:\/\/www.chg.at\/en\/wp-json\/wp\/v2\/media?parent=26129"}],"wp:term":[{"taxonomy":"category","embeddable":true,"href":"https:\/\/www.chg.at\/en\/wp-json\/wp\/v2\/categories?post=26129"},{"taxonomy":"post_tag","embeddable":true,"href":"https:\/\/www.chg.at\/en\/wp-json\/wp\/v2\/tags?post=26129"}],"curies":[{"name":"wp","href":"https:\/\/api.w.org\/{rel}","templated":true}]}}