{"id":26816,"date":"2025-07-01T13:23:07","date_gmt":"2025-07-01T11:23:07","guid":{"rendered":"https:\/\/www.chg.at\/?p=26816"},"modified":"2025-07-01T13:31:28","modified_gmt":"2025-07-01T11:31:28","slug":"chg-praxisgruppe-immobilienrecht-zu-besuch-bei-riederbau","status":"publish","type":"post","link":"https:\/\/www.chg.at\/en\/chg-praxisgruppe-immobilienrecht-zu-besuch-bei-riederbau\/","title":{"rendered":"CHG Praxisgruppe Immobilienrecht zu Besuch bei RIEDERBAU"},"content":{"rendered":"<style type=\"text\/css\"> \n#cmsmasters_row_69f1921fd79bc2_45979148 .cmsmasters_row_outer_parent { \n\tpadding-top: 30px; \n} \n\n#cmsmasters_row_69f1921fd79bc2_45979148 .cmsmasters_row_outer_parent { \n\tpadding-bottom: 30px; \n} \n\n \n#cmsmasters_row_69f1921fd7b1e6_86163238 .cmsmasters_row_outer_parent { \n\tpadding-top: 0px; \n} \n\n#cmsmasters_row_69f1921fd7b1e6_86163238 .cmsmasters_row_outer_parent { \n\tpadding-bottom: 50px; \n} \n\n<\/style><div id=\"cmsmasters_row_69f1921fd79bc2_45979148\" class=\"cmsmasters_row cmsmasters_color_scheme_default cmsmasters_row_top_default cmsmasters_row_bot_default cmsmasters_row_boxed\">\n<div class=\"cmsmasters_row_outer_parent\">\n<div class=\"cmsmasters_row_outer\">\n<div class=\"cmsmasters_row_inner\">\n<div class=\"cmsmasters_row_margin\">\n<div class=\"cmsmasters_column one_first\">\n<div class=\"cmsmasters_text\">\n<h1><span lang=\"DE\" style=\"color: #d43555;\">CHG Praxisgruppe Immobilienrecht zu Besuch bei RIEDERBAU<\/span><\/h1>\n<p>Auf Einladung der Firma RIEDERBAU machte sich eine CHG-Delegation der <a href=\"https:\/\/www.chg.at\/praxisgruppe-immobilienrecht\/\">Praxisgruppe Immobilienrecht<\/a> am 26.06.2025 auf den Weg zu einer Betriebsbesichtigung nach Kufstein. Wir durften spannende Einblicke in die Arbeit von RIEDERBAU gewinnen \u2013 ein Totalunternehmen, das eindrucksvoll zeigt, wie Digitalisierung, Nachhaltigkeit und innovative Bauweisen Hand in Hand gehen.<\/p>\n<p>Der Nachmittag begann am Standort Kufstein-Schwoich mit einem informativen Vortrag \u00fcber die Gesch\u00e4ftsfelder und die Arbeitsweise der Firma RIEDERBAU. Besonders beeindruckt hat die konsequente Umsetzung umfassender digitaler Planung im Bauhandwerk, der besondere Fokus auf Nachhaltigkeit und die Vorteile der Bauform in Holz- bzw. Hybridbauweise. Anschlie\u00dfend ging es weiter nach St. Jakob in Haus, wo wir den Standort RIEDERBAU-Holztechnik besichtigten, an dem unter anderem einzelne individuelle Fassaden-, Dach- und Wandelemente aus Holz in standardisierter Fertigung vorgefertigt werden.<\/p>\n<p>Ein herzlicher Dank gilt Herrn Bmst. DI Anton Rieder, Firma RIEDERBAU f\u00fcr die Einladung, die spannenden Einblicke und die Gastfreundschaft. Ein besonderer Dank gilt Ing. Lukas Hechenblaickner f\u00fcr die Begleitung und die Gestaltung unseres Besuchs!<\/p>\n<p>Nach der Betriebsbesichtigung fand zum Ausklang ein gem\u00fctliches Beisammensein an unserem CHG-Standort in St. Johann \u2013 wo unserer Partnerin Marlene Wachter zu uns stie\u00df \u2013 und anschlie\u00dfend im Wirtshaus in Oberndorf statt.<\/p>\n<p>F\u00fcr unsere Praxisgruppe Immobilienrecht war diese Besichtigung besonders wertvoll: Sie hat unser Verst\u00e4ndnis f\u00fcr technische Abl\u00e4ufe, baurechtliche Herausforderungen und die Komplexit\u00e4t moderner Bauprojekte noch einmal vertieft. Dieses Wissen k\u00f6nnen wir direkt in die Beratung unserer Mandant:innen einflie\u00dfen lassen.<\/p>\n<\/div>\n<\/div>\n<\/div>\n<\/div>\n<\/div>\n<\/div>\n<\/div>\n<div id=\"cmsmasters_row_69f1921fd7b1e6_86163238\" class=\"cmsmasters_row cmsmasters_color_scheme_default cmsmasters_row_top_default cmsmasters_row_bot_default cmsmasters_row_boxed\">\n<div class=\"cmsmasters_row_outer_parent\">\n<div class=\"cmsmasters_row_outer\">\n<div class=\"cmsmasters_row_inner\">\n<div class=\"cmsmasters_row_margin\">\n<div class=\"cmsmasters_column one_half\">\n<div class=\"aligncenter\">\n<div class=\"cmsmasters_img  cmsmasters_image_c\">\n<img src=\"https:\/\/www.chg.at\/wp-content\/uploads\/2025\/07\/2.jpeg\" \/>\n<\/div>\n<\/div>\n<\/div>\n<div class=\"cmsmasters_column one_half\">\n<div class=\"cmsmasters_img  cmsmasters_image_n\">\n<img src=\"https:\/\/www.chg.at\/wp-content\/uploads\/2025\/07\/6.jpeg\" \/>\n<\/div>\n<\/div>\n<\/div>\n<\/div>\n<\/div>\n<\/div>\n<\/div>\n\n","protected":false},"excerpt":{"rendered":"<p>Die Praxisgruppe Immobilienrecht erhielt bei einem Besuch der Firma RIEDERBAU u.a. spannende Einblicke in die baurechtlichen Herausforderungen moderner Bauprojekte und konnte ihr Verst\u00e4ndnis f\u00fcr deren Komplexit\u00e4t vertiefen.<\/p>\n","protected":false},"author":16,"featured_media":26817,"comment_status":"closed","ping_status":"open","sticky":false,"template":"","format":"gallery","meta":{"inline_featured_image":false},"categories":[8,100,9],"tags":[],"yoast_head":"<!-- This site is optimized with the Yoast SEO plugin v19.8 - https:\/\/yoast.com\/wordpress\/plugins\/seo\/ -->\n<title>CHG Praxisgruppe Immobilienrecht zu Besuch bei RIEDERBAU - CHG Czernich Rechtsanw\u00e4lte \u2013 Wir bewegen Wirtschaft<\/title>\n<meta name=\"description\" content=\"Die Praxisgruppe Immobilienrecht erhielt bei einem Besuch der Firma RIEDERBAU spannende Einblicke in die baurechtlichen Herausforderungen moderner Bauprojekte.\" \/>\n<meta name=\"robots\" content=\"index, follow, max-snippet:-1, max-image-preview:large, max-video-preview:-1\" \/>\n<link rel=\"canonical\" href=\"https:\/\/www.chg.at\/en\/chg-praxisgruppe-immobilienrecht-zu-besuch-bei-riederbau\/\" \/>\n<meta property=\"og:locale\" content=\"en_US\" \/>\n<meta property=\"og:type\" content=\"article\" \/>\n<meta property=\"og:title\" content=\"CHG\" \/>\n<meta property=\"og:description\" content=\"CHG\" \/>\n<meta property=\"og:url\" content=\"https:\/\/www.chg.at\/en\/chg-praxisgruppe-immobilienrecht-zu-besuch-bei-riederbau\/\" \/>\n<meta property=\"og:site_name\" content=\"CHG Czernich Rechtsanw\u00e4lte \u2013 Wir bewegen Wirtschaft\" \/>\n<meta property=\"article:published_time\" content=\"2025-07-01T11:23:07+00:00\" \/>\n<meta property=\"article:modified_time\" content=\"2025-07-01T11:31:28+00:00\" \/>\n<meta property=\"og:image\" content=\"https:\/\/www.chg.at\/wp-content\/uploads\/2025\/07\/1-scaled-e1751368118887.jpeg\" \/>\n\t<meta property=\"og:image:width\" content=\"2560\" \/>\n\t<meta property=\"og:image:height\" content=\"1548\" \/>\n\t<meta property=\"og:image:type\" content=\"image\/jpeg\" \/>\n<meta name=\"author\" content=\"Selina Reichholf\" \/>\n<meta name=\"twitter:card\" content=\"summary_large_image\" \/>\n<meta name=\"twitter:label1\" content=\"Written by\" \/>\n\t<meta name=\"twitter:data1\" content=\"Selina Reichholf\" \/>\n\t<meta name=\"twitter:label2\" content=\"Est. reading time\" \/>\n\t<meta name=\"twitter:data2\" content=\"2 minutes\" \/>\n<script type=\"application\/ld+json\" class=\"yoast-schema-graph\">{\"@context\":\"https:\/\/schema.org\",\"@graph\":[{\"@type\":\"Article\",\"@id\":\"https:\/\/www.chg.at\/en\/chg-praxisgruppe-immobilienrecht-zu-besuch-bei-riederbau\/#article\",\"isPartOf\":{\"@id\":\"https:\/\/www.chg.at\/en\/chg-praxisgruppe-immobilienrecht-zu-besuch-bei-riederbau\/\"},\"author\":{\"name\":\"Selina Reichholf\",\"@id\":\"https:\/\/www.chg.at\/en\/#\/schema\/person\/1a03a341ca78135e646a1e10d229c9f5\"},\"headline\":\"CHG Praxisgruppe Immobilienrecht zu Besuch bei RIEDERBAU\",\"datePublished\":\"2025-07-01T11:23:07+00:00\",\"dateModified\":\"2025-07-01T11:31:28+00:00\",\"mainEntityOfPage\":{\"@id\":\"https:\/\/www.chg.at\/en\/chg-praxisgruppe-immobilienrecht-zu-besuch-bei-riederbau\/\"},\"wordCount\":384,\"publisher\":{\"@id\":\"https:\/\/www.chg.at\/en\/#organization\"},\"articleSection\":[\"CHG News\",\"Immobilienrecht\",\"Kanzlei\"],\"inLanguage\":\"en-US\"},{\"@type\":\"WebPage\",\"@id\":\"https:\/\/www.chg.at\/en\/chg-praxisgruppe-immobilienrecht-zu-besuch-bei-riederbau\/\",\"url\":\"https:\/\/www.chg.at\/en\/chg-praxisgruppe-immobilienrecht-zu-besuch-bei-riederbau\/\",\"name\":\"CHG Praxisgruppe Immobilienrecht zu Besuch bei RIEDERBAU - CHG Czernich Rechtsanw\u00e4lte \u2013 Wir bewegen Wirtschaft\",\"isPartOf\":{\"@id\":\"https:\/\/www.chg.at\/en\/#website\"},\"datePublished\":\"2025-07-01T11:23:07+00:00\",\"dateModified\":\"2025-07-01T11:31:28+00:00\",\"description\":\"Die Praxisgruppe Immobilienrecht erhielt bei einem Besuch der Firma RIEDERBAU spannende Einblicke in die baurechtlichen Herausforderungen moderner Bauprojekte.\",\"breadcrumb\":{\"@id\":\"https:\/\/www.chg.at\/en\/chg-praxisgruppe-immobilienrecht-zu-besuch-bei-riederbau\/#breadcrumb\"},\"inLanguage\":\"en-US\",\"potentialAction\":[{\"@type\":\"ReadAction\",\"target\":[\"https:\/\/www.chg.at\/en\/chg-praxisgruppe-immobilienrecht-zu-besuch-bei-riederbau\/\"]}]},{\"@type\":\"BreadcrumbList\",\"@id\":\"https:\/\/www.chg.at\/en\/chg-praxisgruppe-immobilienrecht-zu-besuch-bei-riederbau\/#breadcrumb\",\"itemListElement\":[{\"@type\":\"ListItem\",\"position\":1,\"name\":\"Startseite\",\"item\":\"https:\/\/www.chg.at\/en\/\"},{\"@type\":\"ListItem\",\"position\":2,\"name\":\"CHG Praxisgruppe Immobilienrecht zu Besuch bei RIEDERBAU\"}]},{\"@type\":\"WebSite\",\"@id\":\"https:\/\/www.chg.at\/en\/#website\",\"url\":\"https:\/\/www.chg.at\/en\/\",\"name\":\"CHG Czernich Rechtsanw\u00e4lte \u2013 Wir bewegen Wirtschaft\",\"description\":\"Wir sorgen f\u00fcr Klarheit, wenn es rechtlich kompliziert wird. In jeder Phase Ihrer Unternehmungen. Sie ergreifen die Chancen. Wir verwandeln Risiken in L\u00f6sungen.\",\"publisher\":{\"@id\":\"https:\/\/www.chg.at\/en\/#organization\"},\"potentialAction\":[{\"@type\":\"SearchAction\",\"target\":{\"@type\":\"EntryPoint\",\"urlTemplate\":\"https:\/\/www.chg.at\/en\/?s={search_term_string}\"},\"query-input\":\"required name=search_term_string\"}],\"inLanguage\":\"en-US\"},{\"@type\":\"Organization\",\"@id\":\"https:\/\/www.chg.at\/en\/#organization\",\"name\":\"CHG Czernich Rechtsanw\u00e4lte\",\"url\":\"https:\/\/www.chg.at\/en\/\",\"sameAs\":[\"https:\/\/www.linkedin.com\/company\/12773263\/admin\/dashboard\/\"],\"logo\":{\"@type\":\"ImageObject\",\"inLanguage\":\"en-US\",\"@id\":\"https:\/\/www.chg.at\/en\/#\/schema\/logo\/image\/\",\"url\":\"https:\/\/www.chg.at\/wp-content\/uploads\/2016\/08\/CHG_logo_250_1.png\",\"contentUrl\":\"https:\/\/www.chg.at\/wp-content\/uploads\/2016\/08\/CHG_logo_250_1.png\",\"width\":250,\"height\":33,\"caption\":\"CHG Czernich Rechtsanw\u00e4lte\"},\"image\":{\"@id\":\"https:\/\/www.chg.at\/en\/#\/schema\/logo\/image\/\"}},{\"@type\":\"Person\",\"@id\":\"https:\/\/www.chg.at\/en\/#\/schema\/person\/1a03a341ca78135e646a1e10d229c9f5\",\"name\":\"Selina Reichholf\"}]}<\/script>\n<!-- \/ Yoast SEO plugin. -->","yoast_head_json":{"title":"CHG Praxisgruppe Immobilienrecht zu Besuch bei RIEDERBAU - CHG Czernich Rechtsanw\u00e4lte \u2013 Wir bewegen Wirtschaft","description":"Die Praxisgruppe Immobilienrecht erhielt bei einem Besuch der Firma RIEDERBAU spannende Einblicke in die baurechtlichen Herausforderungen moderner Bauprojekte.","robots":{"index":"index","follow":"follow","max-snippet":"max-snippet:-1","max-image-preview":"max-image-preview:large","max-video-preview":"max-video-preview:-1"},"canonical":"https:\/\/www.chg.at\/en\/chg-praxisgruppe-immobilienrecht-zu-besuch-bei-riederbau\/","og_locale":"en_US","og_type":"article","og_title":"CHG","og_description":"CHG","og_url":"https:\/\/www.chg.at\/en\/chg-praxisgruppe-immobilienrecht-zu-besuch-bei-riederbau\/","og_site_name":"CHG Czernich Rechtsanw\u00e4lte \u2013 Wir bewegen Wirtschaft","article_published_time":"2025-07-01T11:23:07+00:00","article_modified_time":"2025-07-01T11:31:28+00:00","og_image":[{"width":2560,"height":1548,"url":"https:\/\/www.chg.at\/wp-content\/uploads\/2025\/07\/1-scaled-e1751368118887.jpeg","type":"image\/jpeg"}],"author":"Selina Reichholf","twitter_card":"summary_large_image","twitter_misc":{"Written by":"Selina Reichholf","Est. reading time":"2 minutes"},"schema":{"@context":"https:\/\/schema.org","@graph":[{"@type":"Article","@id":"https:\/\/www.chg.at\/en\/chg-praxisgruppe-immobilienrecht-zu-besuch-bei-riederbau\/#article","isPartOf":{"@id":"https:\/\/www.chg.at\/en\/chg-praxisgruppe-immobilienrecht-zu-besuch-bei-riederbau\/"},"author":{"name":"Selina Reichholf","@id":"https:\/\/www.chg.at\/en\/#\/schema\/person\/1a03a341ca78135e646a1e10d229c9f5"},"headline":"CHG Praxisgruppe Immobilienrecht zu Besuch bei RIEDERBAU","datePublished":"2025-07-01T11:23:07+00:00","dateModified":"2025-07-01T11:31:28+00:00","mainEntityOfPage":{"@id":"https:\/\/www.chg.at\/en\/chg-praxisgruppe-immobilienrecht-zu-besuch-bei-riederbau\/"},"wordCount":384,"publisher":{"@id":"https:\/\/www.chg.at\/en\/#organization"},"articleSection":["CHG News","Immobilienrecht","Kanzlei"],"inLanguage":"en-US"},{"@type":"WebPage","@id":"https:\/\/www.chg.at\/en\/chg-praxisgruppe-immobilienrecht-zu-besuch-bei-riederbau\/","url":"https:\/\/www.chg.at\/en\/chg-praxisgruppe-immobilienrecht-zu-besuch-bei-riederbau\/","name":"CHG Praxisgruppe Immobilienrecht zu Besuch bei RIEDERBAU - CHG Czernich Rechtsanw\u00e4lte \u2013 Wir bewegen Wirtschaft","isPartOf":{"@id":"https:\/\/www.chg.at\/en\/#website"},"datePublished":"2025-07-01T11:23:07+00:00","dateModified":"2025-07-01T11:31:28+00:00","description":"Die Praxisgruppe Immobilienrecht erhielt bei einem Besuch der Firma RIEDERBAU spannende Einblicke in die baurechtlichen Herausforderungen moderner Bauprojekte.","breadcrumb":{"@id":"https:\/\/www.chg.at\/en\/chg-praxisgruppe-immobilienrecht-zu-besuch-bei-riederbau\/#breadcrumb"},"inLanguage":"en-US","potentialAction":[{"@type":"ReadAction","target":["https:\/\/www.chg.at\/en\/chg-praxisgruppe-immobilienrecht-zu-besuch-bei-riederbau\/"]}]},{"@type":"BreadcrumbList","@id":"https:\/\/www.chg.at\/en\/chg-praxisgruppe-immobilienrecht-zu-besuch-bei-riederbau\/#breadcrumb","itemListElement":[{"@type":"ListItem","position":1,"name":"Startseite","item":"https:\/\/www.chg.at\/en\/"},{"@type":"ListItem","position":2,"name":"CHG Praxisgruppe Immobilienrecht zu Besuch bei RIEDERBAU"}]},{"@type":"WebSite","@id":"https:\/\/www.chg.at\/en\/#website","url":"https:\/\/www.chg.at\/en\/","name":"CHG Czernich Rechtsanw\u00e4lte \u2013 Wir bewegen Wirtschaft","description":"Wir sorgen f\u00fcr Klarheit, wenn es rechtlich kompliziert wird. In jeder Phase Ihrer Unternehmungen. Sie ergreifen die Chancen. Wir verwandeln Risiken in L\u00f6sungen.","publisher":{"@id":"https:\/\/www.chg.at\/en\/#organization"},"potentialAction":[{"@type":"SearchAction","target":{"@type":"EntryPoint","urlTemplate":"https:\/\/www.chg.at\/en\/?s={search_term_string}"},"query-input":"required name=search_term_string"}],"inLanguage":"en-US"},{"@type":"Organization","@id":"https:\/\/www.chg.at\/en\/#organization","name":"CHG Czernich Rechtsanw\u00e4lte","url":"https:\/\/www.chg.at\/en\/","sameAs":["https:\/\/www.linkedin.com\/company\/12773263\/admin\/dashboard\/"],"logo":{"@type":"ImageObject","inLanguage":"en-US","@id":"https:\/\/www.chg.at\/en\/#\/schema\/logo\/image\/","url":"https:\/\/www.chg.at\/wp-content\/uploads\/2016\/08\/CHG_logo_250_1.png","contentUrl":"https:\/\/www.chg.at\/wp-content\/uploads\/2016\/08\/CHG_logo_250_1.png","width":250,"height":33,"caption":"CHG Czernich Rechtsanw\u00e4lte"},"image":{"@id":"https:\/\/www.chg.at\/en\/#\/schema\/logo\/image\/"}},{"@type":"Person","@id":"https:\/\/www.chg.at\/en\/#\/schema\/person\/1a03a341ca78135e646a1e10d229c9f5","name":"Selina Reichholf"}]}},"_links":{"self":[{"href":"https:\/\/www.chg.at\/en\/wp-json\/wp\/v2\/posts\/26816"}],"collection":[{"href":"https:\/\/www.chg.at\/en\/wp-json\/wp\/v2\/posts"}],"about":[{"href":"https:\/\/www.chg.at\/en\/wp-json\/wp\/v2\/types\/post"}],"author":[{"embeddable":true,"href":"https:\/\/www.chg.at\/en\/wp-json\/wp\/v2\/users\/16"}],"replies":[{"embeddable":true,"href":"https:\/\/www.chg.at\/en\/wp-json\/wp\/v2\/comments?post=26816"}],"version-history":[{"count":10,"href":"https:\/\/www.chg.at\/en\/wp-json\/wp\/v2\/posts\/26816\/revisions"}],"predecessor-version":[{"id":26841,"href":"https:\/\/www.chg.at\/en\/wp-json\/wp\/v2\/posts\/26816\/revisions\/26841"}],"wp:featuredmedia":[{"embeddable":true,"href":"https:\/\/www.chg.at\/en\/wp-json\/wp\/v2\/media\/26817"}],"wp:attachment":[{"href":"https:\/\/www.chg.at\/en\/wp-json\/wp\/v2\/media?parent=26816"}],"wp:term":[{"taxonomy":"category","embeddable":true,"href":"https:\/\/www.chg.at\/en\/wp-json\/wp\/v2\/categories?post=26816"},{"taxonomy":"post_tag","embeddable":true,"href":"https:\/\/www.chg.at\/en\/wp-json\/wp\/v2\/tags?post=26816"}],"curies":[{"name":"wp","href":"https:\/\/api.w.org\/{rel}","templated":true}]}}